{"id":131855,"date":"2024-04-09T07:30:20","date_gmt":"2024-04-09T06:30:20","guid":{"rendered":"https:\/\/www.copealcoy.es\/?p=131855"},"modified":"2024-04-09T08:37:25","modified_gmt":"2024-04-09T07:37:25","slug":"informativo-matinal-martes-9-de-abril-2024-0720h","status":"publish","type":"post","link":"https:\/\/www.copealcoy.es\/es\/informativo-matinal-martes-9-de-abril-2024-0720h\/","title":{"rendered":"Informativo matinal martes 9 de abril 2024 (07:20h)"},"content":{"rendered":"<p><iframe loading=\"lazy\" title=\"Informatiu Matinal Dimarts 9 D&#039;Abril 2024 (07:24h)\" width=\"100%\" height=\"120\" src=\"https:\/\/www.mixcloud.com\/widget\/iframe\/?feed=https%3A%2F%2Fwww.mixcloud.com%2FCOPEAlcoy%2Finformatiu-matinal-dimarts-9-dabril-2024-0724h%2F&amp;hide_cover=1\" frameborder=\"0\"><\/iframe><\/p>\n<p style=\"text-align: justify;\">Empezamos el martes y hoy hemos destacado que <strong>el comercio de Alcoy tambi\u00e9n afronta con optimismo las Fiestas de Moros y Cristianos<\/strong>. Adem\u00e1s hemos contado que <strong>las reservas h\u00eddricas en El Molinar son correctas<\/strong> en estos momentos pese al contexto de sequ\u00eda. Tambi\u00e9n te hemos vuelto a recordar que <strong>Alcoy habilita de nuevo un autob\u00fas lanzadera<\/strong> para el D\u00eda de Las Entradas.<\/p>\n<p style=\"text-align: justify;\">El<strong><a href=\"https:\/\/www.alcoi.org\/es\/portal\/index.html\" target=\"_blank\" rel=\"noopener\">\u00a0<span style=\"color: #0000ff;\">Ayuntamiento de Alcoy<\/span><\/a><\/strong>\u00a0ha anunciado\u00a0<strong>la puesta en marcha de dos l\u00edneas de autob\u00fas lanzadera<\/strong>\u00a0<strong>para el s\u00e1bado 20 de abril<\/strong>, con el fin de facilitar la movilidad durante las fiestas de Moros y Cristianos. Estas l\u00edneas\u00a0<strong>conectar\u00e1n las entradas norte y sur con el barrio del Viaducto<\/strong>, con frecuencias de 15 y 30 minutos respectivamente, y ser\u00e1n de nuevo un servicio esencial para llegar al Centro de cara a disfrutar del esperado acto de las Entradas de los bandos de la cruz y de la media luna.<\/p>\n<p style=\"text-align: justify;\">Este servicio\u00a0<strong>comenzar\u00e1 a las 8 de la ma\u00f1ana<\/strong>, con\u00a0<strong>el \u00faltimo autob\u00fas saliendo a las 23:00 horas<\/strong>. Adem\u00e1s, se aumentar\u00e1 el n\u00famero de plazas de aparcamiento en \u00e1reas cercanas a los accesos. Los veh\u00edculos\u00a0<strong>que accedan por la autov\u00eda A-7<\/strong>\u00a0ser\u00e1n desviados hacia la carretera de la Font Roja, donde podr\u00e1n estacionar en zonas habilitadas y hacer uso de una de las dos l\u00edneas de autob\u00fas lanzadera. Los aparcamientos se han habilitado en las calles de los pol\u00edgonos industriales de Cotes Altes y Cotes Baixes, Pl. Al-Azraq, as\u00ed como en la calle Tirant Lo Blanc y plaza Al-Azraq. En cuanto a\u00a0<strong>los veh\u00edculos que accedan por la entrada norte,<\/strong>\u00a0se dirigir\u00e1n hacia los aparcamientos habilitados en esa zona, desde donde podr\u00e1n hacer uso de la segunda l\u00ednea lanzadera. El circuito de esta segunda l\u00ednea de autob\u00fas lanzadera har\u00e1 las siguientes paradas: Alcalde Francesc Boronat (Hospital), Alcalde Francesc Boronat (CEIP Miguel Hern\u00e1ndez), Rotonda Recinto Ferial (delante de la farmacia), Escultor Ridaura, Mestre Laporta (Aulas Verdes), Juan Gil Albert, 46 (estaci\u00f3n de autobuses), Valencia. 4 (Lidl), Pol\u00edgono Industrial Cotes Baixes, calle B (Seat) y Pol\u00edgono Industrial Cotes Baixes, Calle B (Mirasierra). Para la vuelta, las paradas ser\u00e1n: Pol\u00edgono Industrial Cotes Baixes, calle B (Mirasierra), Avda. Hispanidad. 64 (Domti), Avda. Hispanidad. 39 (Bar Las Ca\u00f1as), Ingeniero Colomina Radu\u00e1n. 6, y Alcalde Francesc Boronat (Hospital).<\/p>\n<p style=\"text-align: justify;\">El concejal de Movilidad y Fiestas,\u00a0<strong>Jordi Mart\u00ednez<\/strong>, destac\u00f3 que este servicio se ha ido mejorando para adaptarse a las necesidades y evitar los atascos en las entradas a la ciudad. Con estas medidas, el Ayuntamiento busca facilitar el acceso a la ciudad durante las celebraciones anuales. Apuntar que\u00a0<strong>el precio del billete<\/strong>\u00a0ser\u00e1 de 0,50 \u20ac para todos los usuarios, excepto ni\u00f1os hasta 4 a\u00f1os y pensionistas, para quienes el viaje ser\u00e1 gratuito.<\/p>\n","protected":false},"excerpt":{"rendered":"<p>Empezamos el martes y hoy hemos destacado que el comercio de Alcoy tambi\u00e9n afronta con optimismo las Fiestas de Moros&#8230;<\/p>\n","protected":false},"author":1,"featured_media":110612,"comment_status":"open","ping_status":"open","sticky":false,"template":"","format":"standard","meta":{"footnotes":""},"categories":[6909,89,91,75],"tags":[],"class_list":["post-131855","post","type-post","status-publish","format-standard","has-post-thumbnail","hentry","category-actualidad","category-audiosdelosprogramas","category-informativos","category-noticias"],"yoast_head":"<!-- This site is optimized with the Yoast SEO plugin v27.3 - https:\/\/yoast.com\/product\/yoast-seo-wordpress\/ -->\n<title>Informativo matinal martes 9 de abril 2024 (07:20h) - COPE Alcoy<\/title>\n<meta name=\"robots\" content=\"index, follow, max-snippet:-1, max-image-preview:large, max-video-preview:-1\" \/>\n<link rel=\"canonical\" href=\"https:\/\/www.copealcoy.es\/es\/informativo-matinal-martes-9-de-abril-2024-0720h\/\" \/>\n<meta property=\"og:locale\" content=\"es_ES\" \/>\n<meta property=\"og:type\" content=\"article\" \/>\n<meta property=\"og:title\" content=\"Informativo matinal martes 9 de abril 2024 (07:20h) - COPE Alcoy\" \/>\n<meta property=\"og:description\" content=\"Empezamos el martes y hoy hemos destacado que el comercio de Alcoy tambi\u00e9n afronta con optimismo las Fiestas de Moros...\" \/>\n<meta property=\"og:url\" content=\"https:\/\/www.copealcoy.es\/es\/informativo-matinal-martes-9-de-abril-2024-0720h\/\" \/>\n<meta property=\"og:site_name\" content=\"COPE Alcoy\" \/>\n<meta property=\"article:published_time\" content=\"2024-04-09T06:30:20+00:00\" \/>\n<meta property=\"article:modified_time\" content=\"2024-04-09T07:37:25+00:00\" \/>\n<meta property=\"og:image\" content=\"https:\/\/www.copealcoy.es\/wp-content\/uploads\/2023\/02\/Herrera-en-COPE-Alcoy-4.png\" \/>\n\t<meta property=\"og:image:width\" content=\"357\" \/>\n\t<meta property=\"og:image:height\" content=\"290\" \/>\n\t<meta property=\"og:image:type\" content=\"image\/png\" \/>\n<meta name=\"author\" content=\"Cope Alcoy\" \/>\n<meta name=\"twitter:label1\" content=\"Escrito por\" \/>\n\t<meta name=\"twitter:data1\" content=\"Cope Alcoy\" \/>\n\t<meta name=\"twitter:label2\" content=\"Tiempo de lectura\" \/>\n\t<meta name=\"twitter:data2\" content=\"3 minutos\" \/>\n<script type=\"application\/ld+json\" class=\"yoast-schema-graph\">{\"@context\":\"https:\\\/\\\/schema.org\",\"@graph\":[{\"@type\":\"Article\",\"@id\":\"https:\\\/\\\/www.copealcoy.es\\\/es\\\/informativo-matinal-martes-9-de-abril-2024-0720h\\\/#article\",\"isPartOf\":{\"@id\":\"https:\\\/\\\/www.copealcoy.es\\\/es\\\/informativo-matinal-martes-9-de-abril-2024-0720h\\\/\"},\"author\":{\"name\":\"Cope Alcoy\",\"@id\":\"https:\\\/\\\/www.copealcoy.es\\\/es\\\/#\\\/schema\\\/person\\\/e777c87fa024e57d40170af9df39882c\"},\"headline\":\"Informativo matinal martes 9 de abril 2024 (07:20h)\",\"datePublished\":\"2024-04-09T06:30:20+00:00\",\"dateModified\":\"2024-04-09T07:37:25+00:00\",\"mainEntityOfPage\":{\"@id\":\"https:\\\/\\\/www.copealcoy.es\\\/es\\\/informativo-matinal-martes-9-de-abril-2024-0720h\\\/\"},\"wordCount\":490,\"commentCount\":0,\"image\":{\"@id\":\"https:\\\/\\\/www.copealcoy.es\\\/es\\\/informativo-matinal-martes-9-de-abril-2024-0720h\\\/#primaryimage\"},\"thumbnailUrl\":\"https:\\\/\\\/www.copealcoy.es\\\/wp-content\\\/uploads\\\/2023\\\/02\\\/Herrera-en-COPE-Alcoy-4.png\",\"articleSection\":[\"Actualidad\",\"Audios de los programas\",\"Informativos\",\"Noticias\"],\"inLanguage\":\"es\"},{\"@type\":\"WebPage\",\"@id\":\"https:\\\/\\\/www.copealcoy.es\\\/es\\\/informativo-matinal-martes-9-de-abril-2024-0720h\\\/\",\"url\":\"https:\\\/\\\/www.copealcoy.es\\\/es\\\/informativo-matinal-martes-9-de-abril-2024-0720h\\\/\",\"name\":\"Informativo matinal martes 9 de abril 2024 (07:20h) - COPE Alcoy\",\"isPartOf\":{\"@id\":\"https:\\\/\\\/www.copealcoy.es\\\/es\\\/#website\"},\"primaryImageOfPage\":{\"@id\":\"https:\\\/\\\/www.copealcoy.es\\\/es\\\/informativo-matinal-martes-9-de-abril-2024-0720h\\\/#primaryimage\"},\"image\":{\"@id\":\"https:\\\/\\\/www.copealcoy.es\\\/es\\\/informativo-matinal-martes-9-de-abril-2024-0720h\\\/#primaryimage\"},\"thumbnailUrl\":\"https:\\\/\\\/www.copealcoy.es\\\/wp-content\\\/uploads\\\/2023\\\/02\\\/Herrera-en-COPE-Alcoy-4.png\",\"datePublished\":\"2024-04-09T06:30:20+00:00\",\"dateModified\":\"2024-04-09T07:37:25+00:00\",\"author\":{\"@id\":\"https:\\\/\\\/www.copealcoy.es\\\/es\\\/#\\\/schema\\\/person\\\/e777c87fa024e57d40170af9df39882c\"},\"breadcrumb\":{\"@id\":\"https:\\\/\\\/www.copealcoy.es\\\/es\\\/informativo-matinal-martes-9-de-abril-2024-0720h\\\/#breadcrumb\"},\"inLanguage\":\"es\",\"potentialAction\":[{\"@type\":\"ReadAction\",\"target\":[\"https:\\\/\\\/www.copealcoy.es\\\/es\\\/informativo-matinal-martes-9-de-abril-2024-0720h\\\/\"]}]},{\"@type\":\"ImageObject\",\"inLanguage\":\"es\",\"@id\":\"https:\\\/\\\/www.copealcoy.es\\\/es\\\/informativo-matinal-martes-9-de-abril-2024-0720h\\\/#primaryimage\",\"url\":\"https:\\\/\\\/www.copealcoy.es\\\/wp-content\\\/uploads\\\/2023\\\/02\\\/Herrera-en-COPE-Alcoy-4.png\",\"contentUrl\":\"https:\\\/\\\/www.copealcoy.es\\\/wp-content\\\/uploads\\\/2023\\\/02\\\/Herrera-en-COPE-Alcoy-4.png\",\"width\":357,\"height\":290},{\"@type\":\"BreadcrumbList\",\"@id\":\"https:\\\/\\\/www.copealcoy.es\\\/es\\\/informativo-matinal-martes-9-de-abril-2024-0720h\\\/#breadcrumb\",\"itemListElement\":[{\"@type\":\"ListItem\",\"position\":1,\"name\":\"Portada\",\"item\":\"https:\\\/\\\/www.copealcoy.es\\\/es\\\/\"},{\"@type\":\"ListItem\",\"position\":2,\"name\":\"Informativo matinal martes 9 de abril 2024 (07:20h)\"}]},{\"@type\":\"WebSite\",\"@id\":\"https:\\\/\\\/www.copealcoy.es\\\/es\\\/#website\",\"url\":\"https:\\\/\\\/www.copealcoy.es\\\/es\\\/\",\"name\":\"COPE Alcoy\",\"description\":\"Emisora COPE de radio local con emisi\u00f3n online. Pont de Sant Jordi 8-10 03803 Alcoy\",\"potentialAction\":[{\"@type\":\"SearchAction\",\"target\":{\"@type\":\"EntryPoint\",\"urlTemplate\":\"https:\\\/\\\/www.copealcoy.es\\\/es\\\/?s={search_term_string}\"},\"query-input\":{\"@type\":\"PropertyValueSpecification\",\"valueRequired\":true,\"valueName\":\"search_term_string\"}}],\"inLanguage\":\"es\"},{\"@type\":\"Person\",\"@id\":\"https:\\\/\\\/www.copealcoy.es\\\/es\\\/#\\\/schema\\\/person\\\/e777c87fa024e57d40170af9df39882c\",\"name\":\"Cope Alcoy\",\"image\":{\"@type\":\"ImageObject\",\"inLanguage\":\"es\",\"@id\":\"https:\\\/\\\/secure.gravatar.com\\\/avatar\\\/bb65d0283347e303893ba14f0692005417c1e0e690a325a4c5d8bb2b3943ee14?s=96&d=mm&r=g\",\"url\":\"https:\\\/\\\/secure.gravatar.com\\\/avatar\\\/bb65d0283347e303893ba14f0692005417c1e0e690a325a4c5d8bb2b3943ee14?s=96&d=mm&r=g\",\"contentUrl\":\"https:\\\/\\\/secure.gravatar.com\\\/avatar\\\/bb65d0283347e303893ba14f0692005417c1e0e690a325a4c5d8bb2b3943ee14?s=96&d=mm&r=g\",\"caption\":\"Cope Alcoy\"}}]}<\/script>\n<!-- \/ Yoast SEO plugin. -->","yoast_head_json":{"title":"Informativo matinal martes 9 de abril 2024 (07:20h) - COPE Alcoy","robots":{"index":"index","follow":"follow","max-snippet":"max-snippet:-1","max-image-preview":"max-image-preview:large","max-video-preview":"max-video-preview:-1"},"canonical":"https:\/\/www.copealcoy.es\/es\/informativo-matinal-martes-9-de-abril-2024-0720h\/","og_locale":"es_ES","og_type":"article","og_title":"Informativo matinal martes 9 de abril 2024 (07:20h) - COPE Alcoy","og_description":"Empezamos el martes y hoy hemos destacado que el comercio de Alcoy tambi\u00e9n afronta con optimismo las Fiestas de Moros...","og_url":"https:\/\/www.copealcoy.es\/es\/informativo-matinal-martes-9-de-abril-2024-0720h\/","og_site_name":"COPE Alcoy","article_published_time":"2024-04-09T06:30:20+00:00","article_modified_time":"2024-04-09T07:37:25+00:00","og_image":[{"width":357,"height":290,"url":"https:\/\/www.copealcoy.es\/wp-content\/uploads\/2023\/02\/Herrera-en-COPE-Alcoy-4.png","type":"image\/png"}],"author":"Cope Alcoy","twitter_misc":{"Escrito por":"Cope Alcoy","Tiempo de lectura":"3 minutos"},"schema":{"@context":"https:\/\/schema.org","@graph":[{"@type":"Article","@id":"https:\/\/www.copealcoy.es\/es\/informativo-matinal-martes-9-de-abril-2024-0720h\/#article","isPartOf":{"@id":"https:\/\/www.copealcoy.es\/es\/informativo-matinal-martes-9-de-abril-2024-0720h\/"},"author":{"name":"Cope Alcoy","@id":"https:\/\/www.copealcoy.es\/es\/#\/schema\/person\/e777c87fa024e57d40170af9df39882c"},"headline":"Informativo matinal martes 9 de abril 2024 (07:20h)","datePublished":"2024-04-09T06:30:20+00:00","dateModified":"2024-04-09T07:37:25+00:00","mainEntityOfPage":{"@id":"https:\/\/www.copealcoy.es\/es\/informativo-matinal-martes-9-de-abril-2024-0720h\/"},"wordCount":490,"commentCount":0,"image":{"@id":"https:\/\/www.copealcoy.es\/es\/informativo-matinal-martes-9-de-abril-2024-0720h\/#primaryimage"},"thumbnailUrl":"https:\/\/www.copealcoy.es\/wp-content\/uploads\/2023\/02\/Herrera-en-COPE-Alcoy-4.png","articleSection":["Actualidad","Audios de los programas","Informativos","Noticias"],"inLanguage":"es"},{"@type":"WebPage","@id":"https:\/\/www.copealcoy.es\/es\/informativo-matinal-martes-9-de-abril-2024-0720h\/","url":"https:\/\/www.copealcoy.es\/es\/informativo-matinal-martes-9-de-abril-2024-0720h\/","name":"Informativo matinal martes 9 de abril 2024 (07:20h) - COPE Alcoy","isPartOf":{"@id":"https:\/\/www.copealcoy.es\/es\/#website"},"primaryImageOfPage":{"@id":"https:\/\/www.copealcoy.es\/es\/informativo-matinal-martes-9-de-abril-2024-0720h\/#primaryimage"},"image":{"@id":"https:\/\/www.copealcoy.es\/es\/informativo-matinal-martes-9-de-abril-2024-0720h\/#primaryimage"},"thumbnailUrl":"https:\/\/www.copealcoy.es\/wp-content\/uploads\/2023\/02\/Herrera-en-COPE-Alcoy-4.png","datePublished":"2024-04-09T06:30:20+00:00","dateModified":"2024-04-09T07:37:25+00:00","author":{"@id":"https:\/\/www.copealcoy.es\/es\/#\/schema\/person\/e777c87fa024e57d40170af9df39882c"},"breadcrumb":{"@id":"https:\/\/www.copealcoy.es\/es\/informativo-matinal-martes-9-de-abril-2024-0720h\/#breadcrumb"},"inLanguage":"es","potentialAction":[{"@type":"ReadAction","target":["https:\/\/www.copealcoy.es\/es\/informativo-matinal-martes-9-de-abril-2024-0720h\/"]}]},{"@type":"ImageObject","inLanguage":"es","@id":"https:\/\/www.copealcoy.es\/es\/informativo-matinal-martes-9-de-abril-2024-0720h\/#primaryimage","url":"https:\/\/www.copealcoy.es\/wp-content\/uploads\/2023\/02\/Herrera-en-COPE-Alcoy-4.png","contentUrl":"https:\/\/www.copealcoy.es\/wp-content\/uploads\/2023\/02\/Herrera-en-COPE-Alcoy-4.png","width":357,"height":290},{"@type":"BreadcrumbList","@id":"https:\/\/www.copealcoy.es\/es\/informativo-matinal-martes-9-de-abril-2024-0720h\/#breadcrumb","itemListElement":[{"@type":"ListItem","position":1,"name":"Portada","item":"https:\/\/www.copealcoy.es\/es\/"},{"@type":"ListItem","position":2,"name":"Informativo matinal martes 9 de abril 2024 (07:20h)"}]},{"@type":"WebSite","@id":"https:\/\/www.copealcoy.es\/es\/#website","url":"https:\/\/www.copealcoy.es\/es\/","name":"COPE Alcoy","description":"Emisora COPE de radio local con emisi\u00f3n online. Pont de Sant Jordi 8-10 03803 Alcoy","potentialAction":[{"@type":"SearchAction","target":{"@type":"EntryPoint","urlTemplate":"https:\/\/www.copealcoy.es\/es\/?s={search_term_string}"},"query-input":{"@type":"PropertyValueSpecification","valueRequired":true,"valueName":"search_term_string"}}],"inLanguage":"es"},{"@type":"Person","@id":"https:\/\/www.copealcoy.es\/es\/#\/schema\/person\/e777c87fa024e57d40170af9df39882c","name":"Cope Alcoy","image":{"@type":"ImageObject","inLanguage":"es","@id":"https:\/\/secure.gravatar.com\/avatar\/bb65d0283347e303893ba14f0692005417c1e0e690a325a4c5d8bb2b3943ee14?s=96&d=mm&r=g","url":"https:\/\/secure.gravatar.com\/avatar\/bb65d0283347e303893ba14f0692005417c1e0e690a325a4c5d8bb2b3943ee14?s=96&d=mm&r=g","contentUrl":"https:\/\/secure.gravatar.com\/avatar\/bb65d0283347e303893ba14f0692005417c1e0e690a325a4c5d8bb2b3943ee14?s=96&d=mm&r=g","caption":"Cope Alcoy"}}]}},"_links":{"self":[{"href":"https:\/\/www.copealcoy.es\/es\/wp-json\/wp\/v2\/posts\/131855","targetHints":{"allow":["GET"]}}],"collection":[{"href":"https:\/\/www.copealcoy.es\/es\/wp-json\/wp\/v2\/posts"}],"about":[{"href":"https:\/\/www.copealcoy.es\/es\/wp-json\/wp\/v2\/types\/post"}],"author":[{"embeddable":true,"href":"https:\/\/www.copealcoy.es\/es\/wp-json\/wp\/v2\/users\/1"}],"replies":[{"embeddable":true,"href":"https:\/\/www.copealcoy.es\/es\/wp-json\/wp\/v2\/comments?post=131855"}],"version-history":[{"count":0,"href":"https:\/\/www.copealcoy.es\/es\/wp-json\/wp\/v2\/posts\/131855\/revisions"}],"wp:featuredmedia":[{"embeddable":true,"href":"https:\/\/www.copealcoy.es\/es\/wp-json\/wp\/v2\/media\/110612"}],"wp:attachment":[{"href":"https:\/\/www.copealcoy.es\/es\/wp-json\/wp\/v2\/media?parent=131855"}],"wp:term":[{"taxonomy":"category","embeddable":true,"href":"https:\/\/www.copealcoy.es\/es\/wp-json\/wp\/v2\/categories?post=131855"},{"taxonomy":"post_tag","embeddable":true,"href":"https:\/\/www.copealcoy.es\/es\/wp-json\/wp\/v2\/tags?post=131855"}],"curies":[{"name":"wp","href":"https:\/\/api.w.org\/{rel}","templated":true}]}}