{"id":131820,"date":"2024-04-08T07:30:54","date_gmt":"2024-04-08T06:30:54","guid":{"rendered":"https:\/\/www.copealcoy.es\/?p=131820"},"modified":"2024-04-08T11:04:27","modified_gmt":"2024-04-08T10:04:27","slug":"informativo-matinal-lunes-8-de-abril-2024-0720h","status":"publish","type":"post","link":"https:\/\/www.copealcoy.es\/es\/informativo-matinal-lunes-8-de-abril-2024-0720h\/","title":{"rendered":"Informativo matinal lunes 8 de abril 2024 (07:20h)"},"content":{"rendered":"<p><iframe loading=\"lazy\" title=\"Informatiu Matinall Dilluns 8 D&#039;Abril 2024\" width=\"100%\" height=\"120\" src=\"https:\/\/www.mixcloud.com\/widget\/iframe\/?feed=https%3A%2F%2Fwww.mixcloud.com%2FCOPEAlcoy%2Finformatiu-matinall-dilluns-8-dabril-2024%2F&amp;hide_cover=1\" frameborder=\"0\"><\/iframe><\/p>\n<p style=\"text-align: justify;\">La <strong>celebraci\u00f3n de la Gloria Infantil<\/strong> ayer es uno de los asuntos que os hemos contado en este lunes. Tambi\u00e9n hemos recordado que el Pleno del Ayuntamiento de Alcoy de este mes de abril acord\u00f3 viernes <strong>instar a la Generalitat Valenciana a revertir el decreto que excluye a nuestro Departamento de Salud como \u00e1rea de dif\u00edcil cobertura<\/strong>.<\/p>\n<p style=\"text-align: justify;\">La<strong>\u00a0situaci\u00f3n sanitaria de Alcoy y de nuestras comarcas<\/strong>\u00a0volvi\u00f3 a centrar todas las atenciones en el Pleno del\u00a0<a href=\"https:\/\/www.alcoi.org\/ca\/portal\/index.html\" target=\"_blank\" rel=\"noopener\"><strong><span style=\"color: #0000ff;\">Ayuntamiento<\/span>\u00a0<\/strong><\/a>cuya sesi\u00f3n ordinaria de este mes de abril se celebr\u00f3 el pasado viernes. En el mismo\u00a0<strong>prosper\u00f3 la propuesta que PSOE y Comprom\u00eds presentaron conjuntamente<\/strong>\u00a0para que en el Hospital Virgen de los Lirios<strong>\u00a0se incluya la interrupci\u00f3n voluntaria del embarazo<\/strong>\u00a0as\u00ed como para\u00a0<strong>instar a la Generalitat Valenciana a revertir el decreto que excluye a nuestro Departamento de Salud como \u00e1rea de dif\u00edcil cobertura.\u00a0<\/strong>Tambi\u00e9n la iniciativa\u00a0<strong>instaba<\/strong><strong>\u00a0a dar los pasos pertinentes para que el citado Hospital sea catalogado como Universitario<\/strong>.<\/p>\n<p style=\"text-align: justify;\">La moci\u00f3n\u00a0<strong>sali\u00f3 adelante gracias al respaldo de Guanyar Alcoy<\/strong>\u00a0mientras que e<strong>l Partido Popular se abstuvo y desde VOX votaron en contra<\/strong>. Los populares<strong>\u00a0reprocharon al equipo de gobierno presentar una propuesta que ya se hab\u00eda debatido en el Pleno de enero<\/strong>\u00a0y que hab\u00eda salido adelante por unanimidad y<strong>\u00a0desde Comprom\u00eds lamentaron contundentemente la postura del PP<\/strong>\u00a0en relaci\u00f3n a este asunto \u00ab<em>se han negado a debatir la propuesta y en tres meses han cambiado totalmente de opini\u00f3n declinando dar apoyo a una reivindicaci\u00f3n tan importante para nuestra ciudad. Adem\u00e1s, han intentado hasta \u00faltima hora que esta moci\u00f3n no se llevara al Pleno<\/em>\u00ab, dijo el edil de Salud P\u00fablica;\u00a0<strong>Carles Sansalvador<\/strong>. Desde\u00a0<strong>Guanyar\u00a0<\/strong>tambi\u00e9n fueron cr\u00edticos con PP y VOX por su posicionamiento \u00ab<em>ante un tema tan sensible como nuestra sanidad<\/em>\u00bb y los socialistas\u00a0<strong>acusaron a estos dos \u00faltimos partidos que gobiernan conjuntamente en la Generalitat Valenciana<\/strong>\u00a0\u00ab<em>de llevar a cabo pol\u00edticas que est\u00e1n haciendo que Alcoy retroceda<\/em>\u00ab, espet\u00f3 la concejala; Tere Sanju\u00e1n. Durante el debate,\u00a0<strong>el PP avanz\u00f3 que a partir de mayo comenzar\u00e1 a ser efectiva en el mismo Hospital Virgen de los Lirios<\/strong>\u00a0<strong>la interrupci\u00f3n voluntaria del embarazo<\/strong>\u00a0tal y como avanz\u00f3 el portavoz popular; Carlos Pastor.<\/p>\n<p><span style=\"color: #0000ff;\"><strong>Volver\u00e1 a negociarse con los sindicatos la carrera profesional\u00a0<\/strong><\/span><\/p>\n<p style=\"text-align: justify;\">Tras el acuerdo inicial con el Sindicato UGT,\u00a0<strong>el Pleno del viernes aprob\u00f3 tambi\u00e9n una enmienda a la totalidad presentada por Guanyar Alcoi<\/strong>, con el respaldo de los sindicatos CCOO, STAS y FESEP, para\u00a0<strong>volver a negociar la subida salarial de los funcionarios<\/strong>. Esta propuesta, pese a que el gobierno vot\u00f3 en contra,\u00a0<strong>sali\u00f3 adelante con los votos favorables de PP y VOX<\/strong>. Esto supone\u00a0<strong>devolver el reglamento a mesa de negociaci\u00f3n para empezar de nuevo esa \u00faltima fase<\/strong>\u00a0\u00ab<em>tras varias reuniones se puso sobre la mesa una subida salarial para los funcionarios de 1\u20197 millones y con esto damos un paso atr\u00e1s. Nuestro objetivo, como ejecutivo, es garantizar la estabilidad econ\u00f3mica del Ayuntamiento actual pero tambi\u00e9n el del futuro<\/em>\u00ab, concluy\u00f3 al respecto el edil de Personal; Alberto Belda.<\/p>\n<p>&nbsp;<\/p>\n","protected":false},"excerpt":{"rendered":"<p>La celebraci\u00f3n de la Gloria Infantil ayer es uno de los asuntos que os hemos contado en este lunes. Tambi\u00e9n&#8230;<\/p>\n","protected":false},"author":1,"featured_media":110612,"comment_status":"open","ping_status":"open","sticky":false,"template":"","format":"standard","meta":{"footnotes":""},"categories":[6909,89,91,75],"tags":[],"class_list":["post-131820","post","type-post","status-publish","format-standard","has-post-thumbnail","hentry","category-actualidad","category-audiosdelosprogramas","category-informativos","category-noticias"],"yoast_head":"<!-- This site is optimized with the Yoast SEO plugin v27.3 - https:\/\/yoast.com\/product\/yoast-seo-wordpress\/ -->\n<title>Informativo matinal lunes 8 de abril 2024 (07:20h) - COPE Alcoy<\/title>\n<meta name=\"robots\" content=\"index, follow, max-snippet:-1, max-image-preview:large, max-video-preview:-1\" \/>\n<link rel=\"canonical\" href=\"https:\/\/www.copealcoy.es\/es\/informativo-matinal-lunes-8-de-abril-2024-0720h\/\" \/>\n<meta property=\"og:locale\" content=\"es_ES\" \/>\n<meta property=\"og:type\" content=\"article\" \/>\n<meta property=\"og:title\" content=\"Informativo matinal lunes 8 de abril 2024 (07:20h) - COPE Alcoy\" \/>\n<meta property=\"og:description\" content=\"La celebraci\u00f3n de la Gloria Infantil ayer es uno de los asuntos que os hemos contado en este lunes. Tambi\u00e9n...\" \/>\n<meta property=\"og:url\" content=\"https:\/\/www.copealcoy.es\/es\/informativo-matinal-lunes-8-de-abril-2024-0720h\/\" \/>\n<meta property=\"og:site_name\" content=\"COPE Alcoy\" \/>\n<meta property=\"article:published_time\" content=\"2024-04-08T06:30:54+00:00\" \/>\n<meta property=\"article:modified_time\" content=\"2024-04-08T10:04:27+00:00\" \/>\n<meta property=\"og:image\" content=\"https:\/\/www.copealcoy.es\/wp-content\/uploads\/2023\/02\/Herrera-en-COPE-Alcoy-4.png\" \/>\n\t<meta property=\"og:image:width\" content=\"357\" \/>\n\t<meta property=\"og:image:height\" content=\"290\" \/>\n\t<meta property=\"og:image:type\" content=\"image\/png\" \/>\n<meta name=\"author\" content=\"Cope Alcoy\" \/>\n<meta name=\"twitter:label1\" content=\"Escrito por\" \/>\n\t<meta name=\"twitter:data1\" content=\"Cope Alcoy\" \/>\n\t<meta name=\"twitter:label2\" content=\"Tiempo de lectura\" \/>\n\t<meta name=\"twitter:data2\" content=\"3 minutos\" \/>\n<script type=\"application\/ld+json\" class=\"yoast-schema-graph\">{\"@context\":\"https:\\\/\\\/schema.org\",\"@graph\":[{\"@type\":\"Article\",\"@id\":\"https:\\\/\\\/www.copealcoy.es\\\/es\\\/informativo-matinal-lunes-8-de-abril-2024-0720h\\\/#article\",\"isPartOf\":{\"@id\":\"https:\\\/\\\/www.copealcoy.es\\\/es\\\/informativo-matinal-lunes-8-de-abril-2024-0720h\\\/\"},\"author\":{\"name\":\"Cope Alcoy\",\"@id\":\"https:\\\/\\\/www.copealcoy.es\\\/es\\\/#\\\/schema\\\/person\\\/e777c87fa024e57d40170af9df39882c\"},\"headline\":\"Informativo matinal lunes 8 de abril 2024 (07:20h)\",\"datePublished\":\"2024-04-08T06:30:54+00:00\",\"dateModified\":\"2024-04-08T10:04:27+00:00\",\"mainEntityOfPage\":{\"@id\":\"https:\\\/\\\/www.copealcoy.es\\\/es\\\/informativo-matinal-lunes-8-de-abril-2024-0720h\\\/\"},\"wordCount\":543,\"commentCount\":0,\"image\":{\"@id\":\"https:\\\/\\\/www.copealcoy.es\\\/es\\\/informativo-matinal-lunes-8-de-abril-2024-0720h\\\/#primaryimage\"},\"thumbnailUrl\":\"https:\\\/\\\/www.copealcoy.es\\\/wp-content\\\/uploads\\\/2023\\\/02\\\/Herrera-en-COPE-Alcoy-4.png\",\"articleSection\":[\"Actualidad\",\"Audios de los programas\",\"Informativos\",\"Noticias\"],\"inLanguage\":\"es\"},{\"@type\":\"WebPage\",\"@id\":\"https:\\\/\\\/www.copealcoy.es\\\/es\\\/informativo-matinal-lunes-8-de-abril-2024-0720h\\\/\",\"url\":\"https:\\\/\\\/www.copealcoy.es\\\/es\\\/informativo-matinal-lunes-8-de-abril-2024-0720h\\\/\",\"name\":\"Informativo matinal lunes 8 de abril 2024 (07:20h) - COPE Alcoy\",\"isPartOf\":{\"@id\":\"https:\\\/\\\/www.copealcoy.es\\\/es\\\/#website\"},\"primaryImageOfPage\":{\"@id\":\"https:\\\/\\\/www.copealcoy.es\\\/es\\\/informativo-matinal-lunes-8-de-abril-2024-0720h\\\/#primaryimage\"},\"image\":{\"@id\":\"https:\\\/\\\/www.copealcoy.es\\\/es\\\/informativo-matinal-lunes-8-de-abril-2024-0720h\\\/#primaryimage\"},\"thumbnailUrl\":\"https:\\\/\\\/www.copealcoy.es\\\/wp-content\\\/uploads\\\/2023\\\/02\\\/Herrera-en-COPE-Alcoy-4.png\",\"datePublished\":\"2024-04-08T06:30:54+00:00\",\"dateModified\":\"2024-04-08T10:04:27+00:00\",\"author\":{\"@id\":\"https:\\\/\\\/www.copealcoy.es\\\/es\\\/#\\\/schema\\\/person\\\/e777c87fa024e57d40170af9df39882c\"},\"breadcrumb\":{\"@id\":\"https:\\\/\\\/www.copealcoy.es\\\/es\\\/informativo-matinal-lunes-8-de-abril-2024-0720h\\\/#breadcrumb\"},\"inLanguage\":\"es\",\"potentialAction\":[{\"@type\":\"ReadAction\",\"target\":[\"https:\\\/\\\/www.copealcoy.es\\\/es\\\/informativo-matinal-lunes-8-de-abril-2024-0720h\\\/\"]}]},{\"@type\":\"ImageObject\",\"inLanguage\":\"es\",\"@id\":\"https:\\\/\\\/www.copealcoy.es\\\/es\\\/informativo-matinal-lunes-8-de-abril-2024-0720h\\\/#primaryimage\",\"url\":\"https:\\\/\\\/www.copealcoy.es\\\/wp-content\\\/uploads\\\/2023\\\/02\\\/Herrera-en-COPE-Alcoy-4.png\",\"contentUrl\":\"https:\\\/\\\/www.copealcoy.es\\\/wp-content\\\/uploads\\\/2023\\\/02\\\/Herrera-en-COPE-Alcoy-4.png\",\"width\":357,\"height\":290},{\"@type\":\"BreadcrumbList\",\"@id\":\"https:\\\/\\\/www.copealcoy.es\\\/es\\\/informativo-matinal-lunes-8-de-abril-2024-0720h\\\/#breadcrumb\",\"itemListElement\":[{\"@type\":\"ListItem\",\"position\":1,\"name\":\"Portada\",\"item\":\"https:\\\/\\\/www.copealcoy.es\\\/es\\\/\"},{\"@type\":\"ListItem\",\"position\":2,\"name\":\"Informativo matinal lunes 8 de abril 2024 (07:20h)\"}]},{\"@type\":\"WebSite\",\"@id\":\"https:\\\/\\\/www.copealcoy.es\\\/es\\\/#website\",\"url\":\"https:\\\/\\\/www.copealcoy.es\\\/es\\\/\",\"name\":\"COPE Alcoy\",\"description\":\"Emisora COPE de radio local con emisi\u00f3n online. Pont de Sant Jordi 8-10 03803 Alcoy\",\"potentialAction\":[{\"@type\":\"SearchAction\",\"target\":{\"@type\":\"EntryPoint\",\"urlTemplate\":\"https:\\\/\\\/www.copealcoy.es\\\/es\\\/?s={search_term_string}\"},\"query-input\":{\"@type\":\"PropertyValueSpecification\",\"valueRequired\":true,\"valueName\":\"search_term_string\"}}],\"inLanguage\":\"es\"},{\"@type\":\"Person\",\"@id\":\"https:\\\/\\\/www.copealcoy.es\\\/es\\\/#\\\/schema\\\/person\\\/e777c87fa024e57d40170af9df39882c\",\"name\":\"Cope Alcoy\",\"image\":{\"@type\":\"ImageObject\",\"inLanguage\":\"es\",\"@id\":\"https:\\\/\\\/secure.gravatar.com\\\/avatar\\\/bb65d0283347e303893ba14f0692005417c1e0e690a325a4c5d8bb2b3943ee14?s=96&d=mm&r=g\",\"url\":\"https:\\\/\\\/secure.gravatar.com\\\/avatar\\\/bb65d0283347e303893ba14f0692005417c1e0e690a325a4c5d8bb2b3943ee14?s=96&d=mm&r=g\",\"contentUrl\":\"https:\\\/\\\/secure.gravatar.com\\\/avatar\\\/bb65d0283347e303893ba14f0692005417c1e0e690a325a4c5d8bb2b3943ee14?s=96&d=mm&r=g\",\"caption\":\"Cope Alcoy\"}}]}<\/script>\n<!-- \/ Yoast SEO plugin. -->","yoast_head_json":{"title":"Informativo matinal lunes 8 de abril 2024 (07:20h) - COPE Alcoy","robots":{"index":"index","follow":"follow","max-snippet":"max-snippet:-1","max-image-preview":"max-image-preview:large","max-video-preview":"max-video-preview:-1"},"canonical":"https:\/\/www.copealcoy.es\/es\/informativo-matinal-lunes-8-de-abril-2024-0720h\/","og_locale":"es_ES","og_type":"article","og_title":"Informativo matinal lunes 8 de abril 2024 (07:20h) - COPE Alcoy","og_description":"La celebraci\u00f3n de la Gloria Infantil ayer es uno de los asuntos que os hemos contado en este lunes. Tambi\u00e9n...","og_url":"https:\/\/www.copealcoy.es\/es\/informativo-matinal-lunes-8-de-abril-2024-0720h\/","og_site_name":"COPE Alcoy","article_published_time":"2024-04-08T06:30:54+00:00","article_modified_time":"2024-04-08T10:04:27+00:00","og_image":[{"width":357,"height":290,"url":"https:\/\/www.copealcoy.es\/wp-content\/uploads\/2023\/02\/Herrera-en-COPE-Alcoy-4.png","type":"image\/png"}],"author":"Cope Alcoy","twitter_misc":{"Escrito por":"Cope Alcoy","Tiempo de lectura":"3 minutos"},"schema":{"@context":"https:\/\/schema.org","@graph":[{"@type":"Article","@id":"https:\/\/www.copealcoy.es\/es\/informativo-matinal-lunes-8-de-abril-2024-0720h\/#article","isPartOf":{"@id":"https:\/\/www.copealcoy.es\/es\/informativo-matinal-lunes-8-de-abril-2024-0720h\/"},"author":{"name":"Cope Alcoy","@id":"https:\/\/www.copealcoy.es\/es\/#\/schema\/person\/e777c87fa024e57d40170af9df39882c"},"headline":"Informativo matinal lunes 8 de abril 2024 (07:20h)","datePublished":"2024-04-08T06:30:54+00:00","dateModified":"2024-04-08T10:04:27+00:00","mainEntityOfPage":{"@id":"https:\/\/www.copealcoy.es\/es\/informativo-matinal-lunes-8-de-abril-2024-0720h\/"},"wordCount":543,"commentCount":0,"image":{"@id":"https:\/\/www.copealcoy.es\/es\/informativo-matinal-lunes-8-de-abril-2024-0720h\/#primaryimage"},"thumbnailUrl":"https:\/\/www.copealcoy.es\/wp-content\/uploads\/2023\/02\/Herrera-en-COPE-Alcoy-4.png","articleSection":["Actualidad","Audios de los programas","Informativos","Noticias"],"inLanguage":"es"},{"@type":"WebPage","@id":"https:\/\/www.copealcoy.es\/es\/informativo-matinal-lunes-8-de-abril-2024-0720h\/","url":"https:\/\/www.copealcoy.es\/es\/informativo-matinal-lunes-8-de-abril-2024-0720h\/","name":"Informativo matinal lunes 8 de abril 2024 (07:20h) - COPE Alcoy","isPartOf":{"@id":"https:\/\/www.copealcoy.es\/es\/#website"},"primaryImageOfPage":{"@id":"https:\/\/www.copealcoy.es\/es\/informativo-matinal-lunes-8-de-abril-2024-0720h\/#primaryimage"},"image":{"@id":"https:\/\/www.copealcoy.es\/es\/informativo-matinal-lunes-8-de-abril-2024-0720h\/#primaryimage"},"thumbnailUrl":"https:\/\/www.copealcoy.es\/wp-content\/uploads\/2023\/02\/Herrera-en-COPE-Alcoy-4.png","datePublished":"2024-04-08T06:30:54+00:00","dateModified":"2024-04-08T10:04:27+00:00","author":{"@id":"https:\/\/www.copealcoy.es\/es\/#\/schema\/person\/e777c87fa024e57d40170af9df39882c"},"breadcrumb":{"@id":"https:\/\/www.copealcoy.es\/es\/informativo-matinal-lunes-8-de-abril-2024-0720h\/#breadcrumb"},"inLanguage":"es","potentialAction":[{"@type":"ReadAction","target":["https:\/\/www.copealcoy.es\/es\/informativo-matinal-lunes-8-de-abril-2024-0720h\/"]}]},{"@type":"ImageObject","inLanguage":"es","@id":"https:\/\/www.copealcoy.es\/es\/informativo-matinal-lunes-8-de-abril-2024-0720h\/#primaryimage","url":"https:\/\/www.copealcoy.es\/wp-content\/uploads\/2023\/02\/Herrera-en-COPE-Alcoy-4.png","contentUrl":"https:\/\/www.copealcoy.es\/wp-content\/uploads\/2023\/02\/Herrera-en-COPE-Alcoy-4.png","width":357,"height":290},{"@type":"BreadcrumbList","@id":"https:\/\/www.copealcoy.es\/es\/informativo-matinal-lunes-8-de-abril-2024-0720h\/#breadcrumb","itemListElement":[{"@type":"ListItem","position":1,"name":"Portada","item":"https:\/\/www.copealcoy.es\/es\/"},{"@type":"ListItem","position":2,"name":"Informativo matinal lunes 8 de abril 2024 (07:20h)"}]},{"@type":"WebSite","@id":"https:\/\/www.copealcoy.es\/es\/#website","url":"https:\/\/www.copealcoy.es\/es\/","name":"COPE Alcoy","description":"Emisora COPE de radio local con emisi\u00f3n online. Pont de Sant Jordi 8-10 03803 Alcoy","potentialAction":[{"@type":"SearchAction","target":{"@type":"EntryPoint","urlTemplate":"https:\/\/www.copealcoy.es\/es\/?s={search_term_string}"},"query-input":{"@type":"PropertyValueSpecification","valueRequired":true,"valueName":"search_term_string"}}],"inLanguage":"es"},{"@type":"Person","@id":"https:\/\/www.copealcoy.es\/es\/#\/schema\/person\/e777c87fa024e57d40170af9df39882c","name":"Cope Alcoy","image":{"@type":"ImageObject","inLanguage":"es","@id":"https:\/\/secure.gravatar.com\/avatar\/bb65d0283347e303893ba14f0692005417c1e0e690a325a4c5d8bb2b3943ee14?s=96&d=mm&r=g","url":"https:\/\/secure.gravatar.com\/avatar\/bb65d0283347e303893ba14f0692005417c1e0e690a325a4c5d8bb2b3943ee14?s=96&d=mm&r=g","contentUrl":"https:\/\/secure.gravatar.com\/avatar\/bb65d0283347e303893ba14f0692005417c1e0e690a325a4c5d8bb2b3943ee14?s=96&d=mm&r=g","caption":"Cope Alcoy"}}]}},"_links":{"self":[{"href":"https:\/\/www.copealcoy.es\/es\/wp-json\/wp\/v2\/posts\/131820","targetHints":{"allow":["GET"]}}],"collection":[{"href":"https:\/\/www.copealcoy.es\/es\/wp-json\/wp\/v2\/posts"}],"about":[{"href":"https:\/\/www.copealcoy.es\/es\/wp-json\/wp\/v2\/types\/post"}],"author":[{"embeddable":true,"href":"https:\/\/www.copealcoy.es\/es\/wp-json\/wp\/v2\/users\/1"}],"replies":[{"embeddable":true,"href":"https:\/\/www.copealcoy.es\/es\/wp-json\/wp\/v2\/comments?post=131820"}],"version-history":[{"count":0,"href":"https:\/\/www.copealcoy.es\/es\/wp-json\/wp\/v2\/posts\/131820\/revisions"}],"wp:featuredmedia":[{"embeddable":true,"href":"https:\/\/www.copealcoy.es\/es\/wp-json\/wp\/v2\/media\/110612"}],"wp:attachment":[{"href":"https:\/\/www.copealcoy.es\/es\/wp-json\/wp\/v2\/media?parent=131820"}],"wp:term":[{"taxonomy":"category","embeddable":true,"href":"https:\/\/www.copealcoy.es\/es\/wp-json\/wp\/v2\/categories?post=131820"},{"taxonomy":"post_tag","embeddable":true,"href":"https:\/\/www.copealcoy.es\/es\/wp-json\/wp\/v2\/tags?post=131820"}],"curies":[{"name":"wp","href":"https:\/\/api.w.org\/{rel}","templated":true}]}}