{"id":131784,"date":"2024-04-08T07:45:13","date_gmt":"2024-04-08T06:45:13","guid":{"rendered":"https:\/\/www.copealcoy.es\/?p=131784"},"modified":"2024-04-08T08:48:43","modified_gmt":"2024-04-08T07:48:43","slug":"el-concierto-de-diumenge-de-rams-la-cita-que-conduce-a-alcoy-hacia-la-festa","status":"publish","type":"post","link":"https:\/\/www.copealcoy.es\/es\/el-concierto-de-diumenge-de-rams-la-cita-que-conduce-a-alcoy-hacia-la-festa\/","title":{"rendered":"El Concierto de &#8216;Diumenge de Rams&#8217;, la cita que conduce a Alcoy hacia la Festa"},"content":{"rendered":"<p style=\"text-align: justify;\">La <a href=\"https:\/\/www.facebook.com\/profile.php?id=100041438417799\" target=\"_blank\" rel=\"noopener\"><strong><span style=\"color: #0000ff;\">M\u00fasica Primitiva Apolo d&#8217;Alcoi<\/span> <\/strong><\/a>fue la encargada de<strong> poner el punto final al Ciclo de Conciertos de Exaltaci\u00f3n a la M\u00fasica Festera<\/strong> que tienen lugar cada a\u00f1o en nuestra ciudad antes de las Fiestas de Moros y Cristianos. Lo hizo <strong>el pasado 24 de marzo<\/strong>, sobre el escenario del Teatre Calder\u00f3n, y con <strong>el cl\u00e1sico &#8216;Diumenge de Rams&#8217;<\/strong>; una cita esperada que es adem\u00e1s se\u00f1a de identidad de la banda m\u00e1s antigua de la capital de l&#8217;Alcoi\u00e0.<\/p>\n<p style=\"text-align: justify;\">Para la ocasi\u00f3n, la formaci\u00f3n musical prepar\u00f3 <strong>un repertorio dividido en dos partes<\/strong> bajo la batuta del contestano <strong>Francisco Valor<\/strong> como director titular de la M\u00fasica Primitiva Apolo d&#8217;Alcoi. En la <strong>primera parte<\/strong>, los m\u00fasicos hicieron sonar el pasodoble\u00a0<em>Dia 22 de abril\u00a0<\/em>de Julio Laporta Dom\u00e9nech, la marcha mora\u00a0<em>Abencerrajes y Cegr\u00edes<\/em>de Gonzalo Blanes y la marcha mora\u00a0<em>La Canci\u00f3n del Har\u00e9m\u00a0<\/em>de Camilo P\u00e9rez Laporta. Tambi\u00e9n se pudieron escuchar la marcha cristiana\u00a0<em>Rictus\u00a0<\/em>de \u00c0ngel Llu\u00eds Ferrando Morales, la marcha solemne\u00a0<em>Semper in Unum\u00a0<\/em>de Enrique Alborch Tarras\u00f3 y el ballet moro\u00a0<em>Fergana\u00a0<\/em>de Sa\u00fal G\u00f3mez i Soler.<\/p>\n<p style=\"text-align: justify;\">La ma\u00f1ana avanz\u00f3 con <strong>una segunda parte<\/strong> repleta de m\u00fasica en la que se pudo escuchar el pasodoble\u00a0<em>Agraiment,\u00a0<\/em>de Gregorio Casampere o la marcha cristiana\u00a0<em>N\u00ffda\u00a0<\/em>de Francisco Valor que acompa\u00f1ar\u00e1 este a\u00f1o al Capit\u00e1n Cristiano de la Fil\u00e0 Alcodianos en la Entrada del pr\u00f3ximo 20 de abril. Despu\u00e9s destac\u00f3 la marcha mora\u00a0<em>Genna Al Arif<\/em>, marcha mora de Evaristo P\u00e9rez Monllor, la marcha cristiana\u00a0<em>Batallers\u00a0<\/em>de Ram\u00f3n Garc\u00eda i Soler o la emblem\u00e1tica marcha cristiana\u00a0<em>Alcoi, Escata i Destral <\/em>de Rafael Mullor Grau. Por \u00faltimo son\u00f3 la marcha mora\u00a0<em>Paco Verd\u00fa\u00a0<\/em>del recordado compositor alcoyano Amando Blanquer Ponsoda.<\/p>\n<p style=\"text-align: justify;\">El Concierto de &#8216;Diumenge de Rams&#8217; <strong>cont\u00f3 con la participaci\u00f3n de la Colla de Dol\u00e7ainers &#8216;La Cordeta&#8217;<\/strong> y en el mismo <strong>tambi\u00e9n se materializ\u00f3 la entrada de los nuevos m\u00fasicos<\/strong> que pasar\u00e1n a formar parte de la M\u00fasica Primitiva Apolo d&#8217;Alcoi. Concluido el acto, todas las miradas se centran ya en las inminentes Fiestas en honor a San Jorge que arrancar\u00e1n en la tarde del viernes 19 de abril con la interpretaci\u00f3n del Himno de Fiestas.<\/p>\n","protected":false},"excerpt":{"rendered":"<p>La M\u00fasica Primitiva Apolo d&#8217;Alcoi fue la encargada de poner el punto final al Ciclo de Conciertos de Exaltaci\u00f3n a&#8230;<\/p>\n","protected":false},"author":1,"featured_media":131785,"comment_status":"open","ping_status":"open","sticky":false,"template":"","format":"standard","meta":{"footnotes":""},"categories":[6909,97,78,75],"tags":[1494,701,4907,700,16599],"class_list":["post-131784","post","type-post","status-publish","format-standard","has-post-thumbnail","hentry","category-actualidad","category-alcoy","category-fiestaycultura","category-noticias","tag-alcoy","tag-concierto","tag-exaltacion","tag-musica-festera","tag-musica-primitiva-apolo-dalcoi"],"yoast_head":"<!-- This site is optimized with the Yoast SEO plugin v27.3 - https:\/\/yoast.com\/product\/yoast-seo-wordpress\/ -->\n<title>El Concierto de &#039;Diumenge de Rams&#039;, la cita que conduce a Alcoy hacia la Festa - COPE Alcoy<\/title>\n<meta name=\"description\" content=\"La M\u00fasica Primitiva Apolo d&#039;Alcoi fue la encargada de poner el punto final al Ciclo de Conciertos de Exaltaci\u00f3n a la M\u00fasica Festera\" \/>\n<meta name=\"robots\" content=\"index, follow, max-snippet:-1, max-image-preview:large, max-video-preview:-1\" \/>\n<link rel=\"canonical\" href=\"https:\/\/www.copealcoy.es\/es\/el-concierto-de-diumenge-de-rams-la-cita-que-conduce-a-alcoy-hacia-la-festa\/\" \/>\n<meta property=\"og:locale\" content=\"es_ES\" \/>\n<meta property=\"og:type\" content=\"article\" \/>\n<meta property=\"og:title\" content=\"El Concierto de &#039;Diumenge de Rams&#039;, la cita que conduce a Alcoy hacia la Festa - COPE Alcoy\" \/>\n<meta property=\"og:description\" content=\"La M\u00fasica Primitiva Apolo d&#039;Alcoi fue la encargada de poner el punto final al Ciclo de Conciertos de Exaltaci\u00f3n a la M\u00fasica Festera\" \/>\n<meta property=\"og:url\" content=\"https:\/\/www.copealcoy.es\/es\/el-concierto-de-diumenge-de-rams-la-cita-que-conduce-a-alcoy-hacia-la-festa\/\" \/>\n<meta property=\"og:site_name\" content=\"COPE Alcoy\" \/>\n<meta property=\"article:published_time\" content=\"2024-04-08T06:45:13+00:00\" \/>\n<meta property=\"article:modified_time\" content=\"2024-04-08T07:48:43+00:00\" \/>\n<meta property=\"og:image\" content=\"https:\/\/www.copealcoy.es\/wp-content\/uploads\/2024\/04\/unnamed-1-12-scaled.jpg\" \/>\n\t<meta property=\"og:image:width\" content=\"1786\" \/>\n\t<meta property=\"og:image:height\" content=\"1080\" \/>\n\t<meta property=\"og:image:type\" content=\"image\/jpeg\" \/>\n<meta name=\"author\" content=\"Cope Alcoy\" \/>\n<meta name=\"twitter:label1\" content=\"Escrito por\" \/>\n\t<meta name=\"twitter:data1\" content=\"Cope Alcoy\" \/>\n\t<meta name=\"twitter:label2\" content=\"Tiempo de lectura\" \/>\n\t<meta name=\"twitter:data2\" content=\"2 minutos\" \/>\n<script type=\"application\/ld+json\" class=\"yoast-schema-graph\">{\"@context\":\"https:\\\/\\\/schema.org\",\"@graph\":[{\"@type\":\"Article\",\"@id\":\"https:\\\/\\\/www.copealcoy.es\\\/es\\\/el-concierto-de-diumenge-de-rams-la-cita-que-conduce-a-alcoy-hacia-la-festa\\\/#article\",\"isPartOf\":{\"@id\":\"https:\\\/\\\/www.copealcoy.es\\\/es\\\/el-concierto-de-diumenge-de-rams-la-cita-que-conduce-a-alcoy-hacia-la-festa\\\/\"},\"author\":{\"name\":\"Cope Alcoy\",\"@id\":\"https:\\\/\\\/www.copealcoy.es\\\/es\\\/#\\\/schema\\\/person\\\/e777c87fa024e57d40170af9df39882c\"},\"headline\":\"El Concierto de &#8216;Diumenge de Rams&#8217;, la cita que conduce a Alcoy hacia la Festa\",\"datePublished\":\"2024-04-08T06:45:13+00:00\",\"dateModified\":\"2024-04-08T07:48:43+00:00\",\"mainEntityOfPage\":{\"@id\":\"https:\\\/\\\/www.copealcoy.es\\\/es\\\/el-concierto-de-diumenge-de-rams-la-cita-que-conduce-a-alcoy-hacia-la-festa\\\/\"},\"wordCount\":411,\"commentCount\":0,\"image\":{\"@id\":\"https:\\\/\\\/www.copealcoy.es\\\/es\\\/el-concierto-de-diumenge-de-rams-la-cita-que-conduce-a-alcoy-hacia-la-festa\\\/#primaryimage\"},\"thumbnailUrl\":\"https:\\\/\\\/www.copealcoy.es\\\/wp-content\\\/uploads\\\/2024\\\/04\\\/unnamed-1-12-scaled.jpg\",\"keywords\":[\"Alcoy\",\"Concierto\",\"Exaltaci\u00f3n\",\"M\u00fasica Festera\",\"M\u00fasica Primitiva Apolo d'Alcoi\"],\"articleSection\":[\"Actualidad\",\"Alcoy\",\"Fiesta y Cultura\",\"Noticias\"],\"inLanguage\":\"es\"},{\"@type\":\"WebPage\",\"@id\":\"https:\\\/\\\/www.copealcoy.es\\\/es\\\/el-concierto-de-diumenge-de-rams-la-cita-que-conduce-a-alcoy-hacia-la-festa\\\/\",\"url\":\"https:\\\/\\\/www.copealcoy.es\\\/es\\\/el-concierto-de-diumenge-de-rams-la-cita-que-conduce-a-alcoy-hacia-la-festa\\\/\",\"name\":\"El Concierto de 'Diumenge de Rams', la cita que conduce a Alcoy hacia la Festa - COPE Alcoy\",\"isPartOf\":{\"@id\":\"https:\\\/\\\/www.copealcoy.es\\\/es\\\/#website\"},\"primaryImageOfPage\":{\"@id\":\"https:\\\/\\\/www.copealcoy.es\\\/es\\\/el-concierto-de-diumenge-de-rams-la-cita-que-conduce-a-alcoy-hacia-la-festa\\\/#primaryimage\"},\"image\":{\"@id\":\"https:\\\/\\\/www.copealcoy.es\\\/es\\\/el-concierto-de-diumenge-de-rams-la-cita-que-conduce-a-alcoy-hacia-la-festa\\\/#primaryimage\"},\"thumbnailUrl\":\"https:\\\/\\\/www.copealcoy.es\\\/wp-content\\\/uploads\\\/2024\\\/04\\\/unnamed-1-12-scaled.jpg\",\"datePublished\":\"2024-04-08T06:45:13+00:00\",\"dateModified\":\"2024-04-08T07:48:43+00:00\",\"author\":{\"@id\":\"https:\\\/\\\/www.copealcoy.es\\\/es\\\/#\\\/schema\\\/person\\\/e777c87fa024e57d40170af9df39882c\"},\"description\":\"La M\u00fasica Primitiva Apolo d'Alcoi fue la encargada de poner el punto final al Ciclo de Conciertos de Exaltaci\u00f3n a la M\u00fasica Festera\",\"breadcrumb\":{\"@id\":\"https:\\\/\\\/www.copealcoy.es\\\/es\\\/el-concierto-de-diumenge-de-rams-la-cita-que-conduce-a-alcoy-hacia-la-festa\\\/#breadcrumb\"},\"inLanguage\":\"es\",\"potentialAction\":[{\"@type\":\"ReadAction\",\"target\":[\"https:\\\/\\\/www.copealcoy.es\\\/es\\\/el-concierto-de-diumenge-de-rams-la-cita-que-conduce-a-alcoy-hacia-la-festa\\\/\"]}]},{\"@type\":\"ImageObject\",\"inLanguage\":\"es\",\"@id\":\"https:\\\/\\\/www.copealcoy.es\\\/es\\\/el-concierto-de-diumenge-de-rams-la-cita-que-conduce-a-alcoy-hacia-la-festa\\\/#primaryimage\",\"url\":\"https:\\\/\\\/www.copealcoy.es\\\/wp-content\\\/uploads\\\/2024\\\/04\\\/unnamed-1-12-scaled.jpg\",\"contentUrl\":\"https:\\\/\\\/www.copealcoy.es\\\/wp-content\\\/uploads\\\/2024\\\/04\\\/unnamed-1-12-scaled.jpg\",\"width\":1786,\"height\":1080},{\"@type\":\"BreadcrumbList\",\"@id\":\"https:\\\/\\\/www.copealcoy.es\\\/es\\\/el-concierto-de-diumenge-de-rams-la-cita-que-conduce-a-alcoy-hacia-la-festa\\\/#breadcrumb\",\"itemListElement\":[{\"@type\":\"ListItem\",\"position\":1,\"name\":\"Portada\",\"item\":\"https:\\\/\\\/www.copealcoy.es\\\/es\\\/\"},{\"@type\":\"ListItem\",\"position\":2,\"name\":\"El Concierto de &#8216;Diumenge de Rams&#8217;, la cita que conduce a Alcoy hacia la Festa\"}]},{\"@type\":\"WebSite\",\"@id\":\"https:\\\/\\\/www.copealcoy.es\\\/es\\\/#website\",\"url\":\"https:\\\/\\\/www.copealcoy.es\\\/es\\\/\",\"name\":\"COPE Alcoy\",\"description\":\"Emisora COPE de radio local con emisi\u00f3n online. Pont de Sant Jordi 8-10 03803 Alcoy\",\"potentialAction\":[{\"@type\":\"SearchAction\",\"target\":{\"@type\":\"EntryPoint\",\"urlTemplate\":\"https:\\\/\\\/www.copealcoy.es\\\/es\\\/?s={search_term_string}\"},\"query-input\":{\"@type\":\"PropertyValueSpecification\",\"valueRequired\":true,\"valueName\":\"search_term_string\"}}],\"inLanguage\":\"es\"},{\"@type\":\"Person\",\"@id\":\"https:\\\/\\\/www.copealcoy.es\\\/es\\\/#\\\/schema\\\/person\\\/e777c87fa024e57d40170af9df39882c\",\"name\":\"Cope Alcoy\",\"image\":{\"@type\":\"ImageObject\",\"inLanguage\":\"es\",\"@id\":\"https:\\\/\\\/secure.gravatar.com\\\/avatar\\\/bb65d0283347e303893ba14f0692005417c1e0e690a325a4c5d8bb2b3943ee14?s=96&d=mm&r=g\",\"url\":\"https:\\\/\\\/secure.gravatar.com\\\/avatar\\\/bb65d0283347e303893ba14f0692005417c1e0e690a325a4c5d8bb2b3943ee14?s=96&d=mm&r=g\",\"contentUrl\":\"https:\\\/\\\/secure.gravatar.com\\\/avatar\\\/bb65d0283347e303893ba14f0692005417c1e0e690a325a4c5d8bb2b3943ee14?s=96&d=mm&r=g\",\"caption\":\"Cope Alcoy\"}}]}<\/script>\n<!-- \/ Yoast SEO plugin. -->","yoast_head_json":{"title":"El Concierto de 'Diumenge de Rams', la cita que conduce a Alcoy hacia la Festa - COPE Alcoy","description":"La M\u00fasica Primitiva Apolo d'Alcoi fue la encargada de poner el punto final al Ciclo de Conciertos de Exaltaci\u00f3n a la M\u00fasica Festera","robots":{"index":"index","follow":"follow","max-snippet":"max-snippet:-1","max-image-preview":"max-image-preview:large","max-video-preview":"max-video-preview:-1"},"canonical":"https:\/\/www.copealcoy.es\/es\/el-concierto-de-diumenge-de-rams-la-cita-que-conduce-a-alcoy-hacia-la-festa\/","og_locale":"es_ES","og_type":"article","og_title":"El Concierto de 'Diumenge de Rams', la cita que conduce a Alcoy hacia la Festa - COPE Alcoy","og_description":"La M\u00fasica Primitiva Apolo d'Alcoi fue la encargada de poner el punto final al Ciclo de Conciertos de Exaltaci\u00f3n a la M\u00fasica Festera","og_url":"https:\/\/www.copealcoy.es\/es\/el-concierto-de-diumenge-de-rams-la-cita-que-conduce-a-alcoy-hacia-la-festa\/","og_site_name":"COPE Alcoy","article_published_time":"2024-04-08T06:45:13+00:00","article_modified_time":"2024-04-08T07:48:43+00:00","og_image":[{"width":1786,"height":1080,"url":"https:\/\/www.copealcoy.es\/wp-content\/uploads\/2024\/04\/unnamed-1-12-scaled.jpg","type":"image\/jpeg"}],"author":"Cope Alcoy","twitter_misc":{"Escrito por":"Cope Alcoy","Tiempo de lectura":"2 minutos"},"schema":{"@context":"https:\/\/schema.org","@graph":[{"@type":"Article","@id":"https:\/\/www.copealcoy.es\/es\/el-concierto-de-diumenge-de-rams-la-cita-que-conduce-a-alcoy-hacia-la-festa\/#article","isPartOf":{"@id":"https:\/\/www.copealcoy.es\/es\/el-concierto-de-diumenge-de-rams-la-cita-que-conduce-a-alcoy-hacia-la-festa\/"},"author":{"name":"Cope Alcoy","@id":"https:\/\/www.copealcoy.es\/es\/#\/schema\/person\/e777c87fa024e57d40170af9df39882c"},"headline":"El Concierto de &#8216;Diumenge de Rams&#8217;, la cita que conduce a Alcoy hacia la Festa","datePublished":"2024-04-08T06:45:13+00:00","dateModified":"2024-04-08T07:48:43+00:00","mainEntityOfPage":{"@id":"https:\/\/www.copealcoy.es\/es\/el-concierto-de-diumenge-de-rams-la-cita-que-conduce-a-alcoy-hacia-la-festa\/"},"wordCount":411,"commentCount":0,"image":{"@id":"https:\/\/www.copealcoy.es\/es\/el-concierto-de-diumenge-de-rams-la-cita-que-conduce-a-alcoy-hacia-la-festa\/#primaryimage"},"thumbnailUrl":"https:\/\/www.copealcoy.es\/wp-content\/uploads\/2024\/04\/unnamed-1-12-scaled.jpg","keywords":["Alcoy","Concierto","Exaltaci\u00f3n","M\u00fasica Festera","M\u00fasica Primitiva Apolo d'Alcoi"],"articleSection":["Actualidad","Alcoy","Fiesta y Cultura","Noticias"],"inLanguage":"es"},{"@type":"WebPage","@id":"https:\/\/www.copealcoy.es\/es\/el-concierto-de-diumenge-de-rams-la-cita-que-conduce-a-alcoy-hacia-la-festa\/","url":"https:\/\/www.copealcoy.es\/es\/el-concierto-de-diumenge-de-rams-la-cita-que-conduce-a-alcoy-hacia-la-festa\/","name":"El Concierto de 'Diumenge de Rams', la cita que conduce a Alcoy hacia la Festa - COPE Alcoy","isPartOf":{"@id":"https:\/\/www.copealcoy.es\/es\/#website"},"primaryImageOfPage":{"@id":"https:\/\/www.copealcoy.es\/es\/el-concierto-de-diumenge-de-rams-la-cita-que-conduce-a-alcoy-hacia-la-festa\/#primaryimage"},"image":{"@id":"https:\/\/www.copealcoy.es\/es\/el-concierto-de-diumenge-de-rams-la-cita-que-conduce-a-alcoy-hacia-la-festa\/#primaryimage"},"thumbnailUrl":"https:\/\/www.copealcoy.es\/wp-content\/uploads\/2024\/04\/unnamed-1-12-scaled.jpg","datePublished":"2024-04-08T06:45:13+00:00","dateModified":"2024-04-08T07:48:43+00:00","author":{"@id":"https:\/\/www.copealcoy.es\/es\/#\/schema\/person\/e777c87fa024e57d40170af9df39882c"},"description":"La M\u00fasica Primitiva Apolo d'Alcoi fue la encargada de poner el punto final al Ciclo de Conciertos de Exaltaci\u00f3n a la M\u00fasica Festera","breadcrumb":{"@id":"https:\/\/www.copealcoy.es\/es\/el-concierto-de-diumenge-de-rams-la-cita-que-conduce-a-alcoy-hacia-la-festa\/#breadcrumb"},"inLanguage":"es","potentialAction":[{"@type":"ReadAction","target":["https:\/\/www.copealcoy.es\/es\/el-concierto-de-diumenge-de-rams-la-cita-que-conduce-a-alcoy-hacia-la-festa\/"]}]},{"@type":"ImageObject","inLanguage":"es","@id":"https:\/\/www.copealcoy.es\/es\/el-concierto-de-diumenge-de-rams-la-cita-que-conduce-a-alcoy-hacia-la-festa\/#primaryimage","url":"https:\/\/www.copealcoy.es\/wp-content\/uploads\/2024\/04\/unnamed-1-12-scaled.jpg","contentUrl":"https:\/\/www.copealcoy.es\/wp-content\/uploads\/2024\/04\/unnamed-1-12-scaled.jpg","width":1786,"height":1080},{"@type":"BreadcrumbList","@id":"https:\/\/www.copealcoy.es\/es\/el-concierto-de-diumenge-de-rams-la-cita-que-conduce-a-alcoy-hacia-la-festa\/#breadcrumb","itemListElement":[{"@type":"ListItem","position":1,"name":"Portada","item":"https:\/\/www.copealcoy.es\/es\/"},{"@type":"ListItem","position":2,"name":"El Concierto de &#8216;Diumenge de Rams&#8217;, la cita que conduce a Alcoy hacia la Festa"}]},{"@type":"WebSite","@id":"https:\/\/www.copealcoy.es\/es\/#website","url":"https:\/\/www.copealcoy.es\/es\/","name":"COPE Alcoy","description":"Emisora COPE de radio local con emisi\u00f3n online. Pont de Sant Jordi 8-10 03803 Alcoy","potentialAction":[{"@type":"SearchAction","target":{"@type":"EntryPoint","urlTemplate":"https:\/\/www.copealcoy.es\/es\/?s={search_term_string}"},"query-input":{"@type":"PropertyValueSpecification","valueRequired":true,"valueName":"search_term_string"}}],"inLanguage":"es"},{"@type":"Person","@id":"https:\/\/www.copealcoy.es\/es\/#\/schema\/person\/e777c87fa024e57d40170af9df39882c","name":"Cope Alcoy","image":{"@type":"ImageObject","inLanguage":"es","@id":"https:\/\/secure.gravatar.com\/avatar\/bb65d0283347e303893ba14f0692005417c1e0e690a325a4c5d8bb2b3943ee14?s=96&d=mm&r=g","url":"https:\/\/secure.gravatar.com\/avatar\/bb65d0283347e303893ba14f0692005417c1e0e690a325a4c5d8bb2b3943ee14?s=96&d=mm&r=g","contentUrl":"https:\/\/secure.gravatar.com\/avatar\/bb65d0283347e303893ba14f0692005417c1e0e690a325a4c5d8bb2b3943ee14?s=96&d=mm&r=g","caption":"Cope Alcoy"}}]}},"_links":{"self":[{"href":"https:\/\/www.copealcoy.es\/es\/wp-json\/wp\/v2\/posts\/131784","targetHints":{"allow":["GET"]}}],"collection":[{"href":"https:\/\/www.copealcoy.es\/es\/wp-json\/wp\/v2\/posts"}],"about":[{"href":"https:\/\/www.copealcoy.es\/es\/wp-json\/wp\/v2\/types\/post"}],"author":[{"embeddable":true,"href":"https:\/\/www.copealcoy.es\/es\/wp-json\/wp\/v2\/users\/1"}],"replies":[{"embeddable":true,"href":"https:\/\/www.copealcoy.es\/es\/wp-json\/wp\/v2\/comments?post=131784"}],"version-history":[{"count":0,"href":"https:\/\/www.copealcoy.es\/es\/wp-json\/wp\/v2\/posts\/131784\/revisions"}],"wp:featuredmedia":[{"embeddable":true,"href":"https:\/\/www.copealcoy.es\/es\/wp-json\/wp\/v2\/media\/131785"}],"wp:attachment":[{"href":"https:\/\/www.copealcoy.es\/es\/wp-json\/wp\/v2\/media?parent=131784"}],"wp:term":[{"taxonomy":"category","embeddable":true,"href":"https:\/\/www.copealcoy.es\/es\/wp-json\/wp\/v2\/categories?post=131784"},{"taxonomy":"post_tag","embeddable":true,"href":"https:\/\/www.copealcoy.es\/es\/wp-json\/wp\/v2\/tags?post=131784"}],"curies":[{"name":"wp","href":"https:\/\/api.w.org\/{rel}","templated":true}]}}