{"id":131637,"date":"2024-04-04T20:59:14","date_gmt":"2024-04-04T19:59:14","guid":{"rendered":"https:\/\/www.copealcoy.es\/?p=131637"},"modified":"2024-04-05T21:07:12","modified_gmt":"2024-04-05T20:07:12","slug":"la-nova-dalcoi-pregono-la-llegada-de-la-festa-con-un-apoteosico-concierto","status":"publish","type":"post","link":"https:\/\/www.copealcoy.es\/es\/la-nova-dalcoi-pregono-la-llegada-de-la-festa-con-un-apoteosico-concierto\/","title":{"rendered":"La Nova d&#8217;Alcoi pregon\u00f3 la llegada de la Festa con un apote\u00f3sico concierto"},"content":{"rendered":"<p style=\"text-align: justify;\">La <span style=\"color: #0000ff;\"><a style=\"color: #0000ff;\" href=\"https:\/\/www.facebook.com\/societatmusicalnovadalcoi\" target=\"_blank\" rel=\"noopener\"><strong>Societat Musical Nova d\u2019Alcoi<\/strong> <\/a><\/span>fue la pen\u00faltima en ofrecer su <strong>Concierto de Exaltaci\u00f3n a la M\u00fasica Festera<\/strong> en los d\u00edas previos al inicio de la cuenta atr\u00e1s hacia <strong>la pr\u00f3xima trilog\u00eda en honor a San Jorge<\/strong>. Bajo la direcci\u00f3n de <strong>Joan Dom\u00e8nech Calaforra<\/strong>, la banda ofreci\u00f3 una brillante cita musical que no dej\u00f3 a nadie indiferente y tuvo lugar en la tarde del s\u00e1bado 23 de marzo en el Teatre Calder\u00f3n.<\/p>\n<p style=\"text-align: justify;\">El repertorio <strong>volvi\u00f3 a estar estructurado en dos partes<\/strong> y en<strong> la primera<\/strong> los m\u00fasicos hicieron sonar piezas cl\u00e1sicas como el pasodoble\u00a0<em>Campanario de mi pueblo\u00a0<\/em>compuesto por Jos\u00e9 Carbonell Garc\u00eda en 1924. Seguidamente lleg\u00f3 un salto en el tiempo hasta la d\u00e9cada del dos mil de la mazo de composiciones como\u00a0<em>Los Soreles, <\/em>marcha mirena de Jos\u00e9 Mar\u00eda Valls Satorres<em>,\u00a0<\/em>o la marcha mora\u00a0<em>Ben Al-Sahagui\u00a0<\/em>del compositor contestano Francisco Valor Llorens. Despu\u00e9s son\u00f3 la marcha solemne\u00a0<em>Semper in unum<\/em>, de Enrique Alborch Tarras\u00f3, y la innovadora marcha cristiana\u00a0<em>Piccadilly Circus\u00a0<\/em>de Josep Vicent Egea Insa, partitura esta \u00faltima del a\u00f1o 1991 que marc\u00f3 una aut\u00e9ntica revoluci\u00f3n en el g\u00e9nero de la m\u00fasica festera. Finalmente se pudo escuchar la marcha oriental\u00a0<em>El Mexuar\u00a0<\/em>de Evaristo P\u00e9rez Monllor.<\/p>\n<p style=\"text-align: justify;\">La <strong>segunda parte<\/strong> arranc\u00f3 con\u00a0<em>Fanf\u00e0rria per a ACMMIC, <\/em>de Rafael Mullor Grau, y el cl\u00e1sico pasodoble\u00a0<em>El rey capit\u00e0\u00a0<\/em>de Julio Laporta Hell\u00edn. Tambi\u00e9n destac\u00f3 la marcha mora\u00a0<em>Boabdil Abatido, <\/em>original de Rafael Casasempere Juan<em>, <\/em>y el pasodoble\u00a0<em>Alma Espa\u00f1ola\u00a0<\/em>perteneciente a Camilo P\u00e9rez Monllor.\u00a0<em>Te Deum,\u00a0<\/em>marcha cristiana de Pedro Joaqu\u00edn Franc\u00e9s, y\u00a0<em>Genna Al Ariff<\/em> de Evaristo P\u00e9rez Monllor fueron las dos \u00faltimas composiciones que sonaron en el Calder\u00f3n.<\/p>\n<p style=\"text-align: justify;\">Con <strong>las notas del Himno de Fiestas<\/strong> finaliz\u00f3 un Concierto que siempre es esperado tanto por el p\u00fablico como por todos los que integran la Societat Musical Nova d&#8217;Alcoi. Un cl\u00e1sico en la actividad cultural de la ciudad que siempre es imprescindible en la programaci\u00f3n previa a las Fiestas de Moros y Cristianos.<\/p>\n","protected":false},"excerpt":{"rendered":"<p>La Societat Musical Nova d\u2019Alcoi fue la pen\u00faltima en ofrecer su Concierto de Exaltaci\u00f3n a la M\u00fasica Festera en los&#8230;<\/p>\n","protected":false},"author":1,"featured_media":131638,"comment_status":"open","ping_status":"open","sticky":false,"template":"","format":"standard","meta":{"footnotes":""},"categories":[6909,97,78,75],"tags":[1494,701,16595,3737],"class_list":["post-131637","post","type-post","status-publish","format-standard","has-post-thumbnail","hentry","category-actualidad","category-alcoy","category-fiestaycultura","category-noticias","tag-alcoy","tag-concierto","tag-exaltacion-a-la-musica-festera","tag-societat-musical-nova-dalcoi"],"yoast_head":"<!-- This site is optimized with the Yoast SEO plugin v27.3 - https:\/\/yoast.com\/product\/yoast-seo-wordpress\/ -->\n<title>La Nova d&#039;Alcoi pregon\u00f3 la llegada de la Festa con un apote\u00f3sico concierto - COPE Alcoy<\/title>\n<meta name=\"description\" content=\"La Societat Musical Nova d\u2019Alcoi fue la pen\u00faltima en ofrecer su Concierto de Exaltaci\u00f3n a la M\u00fasica Festera\" \/>\n<meta name=\"robots\" content=\"index, follow, max-snippet:-1, max-image-preview:large, max-video-preview:-1\" \/>\n<link rel=\"canonical\" href=\"https:\/\/www.copealcoy.es\/es\/la-nova-dalcoi-pregono-la-llegada-de-la-festa-con-un-apoteosico-concierto\/\" \/>\n<meta property=\"og:locale\" content=\"es_ES\" \/>\n<meta property=\"og:type\" content=\"article\" \/>\n<meta property=\"og:title\" content=\"La Nova d&#039;Alcoi pregon\u00f3 la llegada de la Festa con un apote\u00f3sico concierto - COPE Alcoy\" \/>\n<meta property=\"og:description\" content=\"La Societat Musical Nova d\u2019Alcoi fue la pen\u00faltima en ofrecer su Concierto de Exaltaci\u00f3n a la M\u00fasica Festera\" \/>\n<meta property=\"og:url\" content=\"https:\/\/www.copealcoy.es\/es\/la-nova-dalcoi-pregono-la-llegada-de-la-festa-con-un-apoteosico-concierto\/\" \/>\n<meta property=\"og:site_name\" content=\"COPE Alcoy\" \/>\n<meta property=\"article:published_time\" content=\"2024-04-04T19:59:14+00:00\" \/>\n<meta property=\"article:modified_time\" content=\"2024-04-05T20:07:12+00:00\" \/>\n<meta property=\"og:image\" content=\"https:\/\/www.copealcoy.es\/wp-content\/uploads\/2024\/04\/432241117_1134034247567737_5652467557235084526_n.jpg\" \/>\n\t<meta property=\"og:image:width\" content=\"947\" \/>\n\t<meta property=\"og:image:height\" content=\"629\" \/>\n\t<meta property=\"og:image:type\" content=\"image\/jpeg\" \/>\n<meta name=\"author\" content=\"Cope Alcoy\" \/>\n<meta name=\"twitter:label1\" content=\"Escrito por\" \/>\n\t<meta name=\"twitter:data1\" content=\"Cope Alcoy\" \/>\n\t<meta name=\"twitter:label2\" content=\"Tiempo de lectura\" \/>\n\t<meta name=\"twitter:data2\" content=\"2 minutos\" \/>\n<script type=\"application\/ld+json\" class=\"yoast-schema-graph\">{\"@context\":\"https:\\\/\\\/schema.org\",\"@graph\":[{\"@type\":\"Article\",\"@id\":\"https:\\\/\\\/www.copealcoy.es\\\/es\\\/la-nova-dalcoi-pregono-la-llegada-de-la-festa-con-un-apoteosico-concierto\\\/#article\",\"isPartOf\":{\"@id\":\"https:\\\/\\\/www.copealcoy.es\\\/es\\\/la-nova-dalcoi-pregono-la-llegada-de-la-festa-con-un-apoteosico-concierto\\\/\"},\"author\":{\"name\":\"Cope Alcoy\",\"@id\":\"https:\\\/\\\/www.copealcoy.es\\\/es\\\/#\\\/schema\\\/person\\\/e777c87fa024e57d40170af9df39882c\"},\"headline\":\"La Nova d&#8217;Alcoi pregon\u00f3 la llegada de la Festa con un apote\u00f3sico concierto\",\"datePublished\":\"2024-04-04T19:59:14+00:00\",\"dateModified\":\"2024-04-05T20:07:12+00:00\",\"mainEntityOfPage\":{\"@id\":\"https:\\\/\\\/www.copealcoy.es\\\/es\\\/la-nova-dalcoi-pregono-la-llegada-de-la-festa-con-un-apoteosico-concierto\\\/\"},\"wordCount\":375,\"commentCount\":0,\"image\":{\"@id\":\"https:\\\/\\\/www.copealcoy.es\\\/es\\\/la-nova-dalcoi-pregono-la-llegada-de-la-festa-con-un-apoteosico-concierto\\\/#primaryimage\"},\"thumbnailUrl\":\"https:\\\/\\\/www.copealcoy.es\\\/wp-content\\\/uploads\\\/2024\\\/04\\\/432241117_1134034247567737_5652467557235084526_n.jpg\",\"keywords\":[\"Alcoy\",\"Concierto\",\"Exaltaci\u00f3n a la M\u00fasica Festera\",\"Societat Musical Nova d\u00b4Alcoi\"],\"articleSection\":[\"Actualidad\",\"Alcoy\",\"Fiesta y Cultura\",\"Noticias\"],\"inLanguage\":\"es\"},{\"@type\":\"WebPage\",\"@id\":\"https:\\\/\\\/www.copealcoy.es\\\/es\\\/la-nova-dalcoi-pregono-la-llegada-de-la-festa-con-un-apoteosico-concierto\\\/\",\"url\":\"https:\\\/\\\/www.copealcoy.es\\\/es\\\/la-nova-dalcoi-pregono-la-llegada-de-la-festa-con-un-apoteosico-concierto\\\/\",\"name\":\"La Nova d'Alcoi pregon\u00f3 la llegada de la Festa con un apote\u00f3sico concierto - COPE Alcoy\",\"isPartOf\":{\"@id\":\"https:\\\/\\\/www.copealcoy.es\\\/es\\\/#website\"},\"primaryImageOfPage\":{\"@id\":\"https:\\\/\\\/www.copealcoy.es\\\/es\\\/la-nova-dalcoi-pregono-la-llegada-de-la-festa-con-un-apoteosico-concierto\\\/#primaryimage\"},\"image\":{\"@id\":\"https:\\\/\\\/www.copealcoy.es\\\/es\\\/la-nova-dalcoi-pregono-la-llegada-de-la-festa-con-un-apoteosico-concierto\\\/#primaryimage\"},\"thumbnailUrl\":\"https:\\\/\\\/www.copealcoy.es\\\/wp-content\\\/uploads\\\/2024\\\/04\\\/432241117_1134034247567737_5652467557235084526_n.jpg\",\"datePublished\":\"2024-04-04T19:59:14+00:00\",\"dateModified\":\"2024-04-05T20:07:12+00:00\",\"author\":{\"@id\":\"https:\\\/\\\/www.copealcoy.es\\\/es\\\/#\\\/schema\\\/person\\\/e777c87fa024e57d40170af9df39882c\"},\"description\":\"La Societat Musical Nova d\u2019Alcoi fue la pen\u00faltima en ofrecer su Concierto de Exaltaci\u00f3n a la M\u00fasica Festera\",\"breadcrumb\":{\"@id\":\"https:\\\/\\\/www.copealcoy.es\\\/es\\\/la-nova-dalcoi-pregono-la-llegada-de-la-festa-con-un-apoteosico-concierto\\\/#breadcrumb\"},\"inLanguage\":\"es\",\"potentialAction\":[{\"@type\":\"ReadAction\",\"target\":[\"https:\\\/\\\/www.copealcoy.es\\\/es\\\/la-nova-dalcoi-pregono-la-llegada-de-la-festa-con-un-apoteosico-concierto\\\/\"]}]},{\"@type\":\"ImageObject\",\"inLanguage\":\"es\",\"@id\":\"https:\\\/\\\/www.copealcoy.es\\\/es\\\/la-nova-dalcoi-pregono-la-llegada-de-la-festa-con-un-apoteosico-concierto\\\/#primaryimage\",\"url\":\"https:\\\/\\\/www.copealcoy.es\\\/wp-content\\\/uploads\\\/2024\\\/04\\\/432241117_1134034247567737_5652467557235084526_n.jpg\",\"contentUrl\":\"https:\\\/\\\/www.copealcoy.es\\\/wp-content\\\/uploads\\\/2024\\\/04\\\/432241117_1134034247567737_5652467557235084526_n.jpg\",\"width\":947,\"height\":629},{\"@type\":\"BreadcrumbList\",\"@id\":\"https:\\\/\\\/www.copealcoy.es\\\/es\\\/la-nova-dalcoi-pregono-la-llegada-de-la-festa-con-un-apoteosico-concierto\\\/#breadcrumb\",\"itemListElement\":[{\"@type\":\"ListItem\",\"position\":1,\"name\":\"Portada\",\"item\":\"https:\\\/\\\/www.copealcoy.es\\\/es\\\/\"},{\"@type\":\"ListItem\",\"position\":2,\"name\":\"La Nova d&#8217;Alcoi pregon\u00f3 la llegada de la Festa con un apote\u00f3sico concierto\"}]},{\"@type\":\"WebSite\",\"@id\":\"https:\\\/\\\/www.copealcoy.es\\\/es\\\/#website\",\"url\":\"https:\\\/\\\/www.copealcoy.es\\\/es\\\/\",\"name\":\"COPE Alcoy\",\"description\":\"Emisora COPE de radio local con emisi\u00f3n online. Pont de Sant Jordi 8-10 03803 Alcoy\",\"potentialAction\":[{\"@type\":\"SearchAction\",\"target\":{\"@type\":\"EntryPoint\",\"urlTemplate\":\"https:\\\/\\\/www.copealcoy.es\\\/es\\\/?s={search_term_string}\"},\"query-input\":{\"@type\":\"PropertyValueSpecification\",\"valueRequired\":true,\"valueName\":\"search_term_string\"}}],\"inLanguage\":\"es\"},{\"@type\":\"Person\",\"@id\":\"https:\\\/\\\/www.copealcoy.es\\\/es\\\/#\\\/schema\\\/person\\\/e777c87fa024e57d40170af9df39882c\",\"name\":\"Cope Alcoy\",\"image\":{\"@type\":\"ImageObject\",\"inLanguage\":\"es\",\"@id\":\"https:\\\/\\\/secure.gravatar.com\\\/avatar\\\/bb65d0283347e303893ba14f0692005417c1e0e690a325a4c5d8bb2b3943ee14?s=96&d=mm&r=g\",\"url\":\"https:\\\/\\\/secure.gravatar.com\\\/avatar\\\/bb65d0283347e303893ba14f0692005417c1e0e690a325a4c5d8bb2b3943ee14?s=96&d=mm&r=g\",\"contentUrl\":\"https:\\\/\\\/secure.gravatar.com\\\/avatar\\\/bb65d0283347e303893ba14f0692005417c1e0e690a325a4c5d8bb2b3943ee14?s=96&d=mm&r=g\",\"caption\":\"Cope Alcoy\"}}]}<\/script>\n<!-- \/ Yoast SEO plugin. -->","yoast_head_json":{"title":"La Nova d'Alcoi pregon\u00f3 la llegada de la Festa con un apote\u00f3sico concierto - COPE Alcoy","description":"La Societat Musical Nova d\u2019Alcoi fue la pen\u00faltima en ofrecer su Concierto de Exaltaci\u00f3n a la M\u00fasica Festera","robots":{"index":"index","follow":"follow","max-snippet":"max-snippet:-1","max-image-preview":"max-image-preview:large","max-video-preview":"max-video-preview:-1"},"canonical":"https:\/\/www.copealcoy.es\/es\/la-nova-dalcoi-pregono-la-llegada-de-la-festa-con-un-apoteosico-concierto\/","og_locale":"es_ES","og_type":"article","og_title":"La Nova d'Alcoi pregon\u00f3 la llegada de la Festa con un apote\u00f3sico concierto - COPE Alcoy","og_description":"La Societat Musical Nova d\u2019Alcoi fue la pen\u00faltima en ofrecer su Concierto de Exaltaci\u00f3n a la M\u00fasica Festera","og_url":"https:\/\/www.copealcoy.es\/es\/la-nova-dalcoi-pregono-la-llegada-de-la-festa-con-un-apoteosico-concierto\/","og_site_name":"COPE Alcoy","article_published_time":"2024-04-04T19:59:14+00:00","article_modified_time":"2024-04-05T20:07:12+00:00","og_image":[{"width":947,"height":629,"url":"https:\/\/www.copealcoy.es\/wp-content\/uploads\/2024\/04\/432241117_1134034247567737_5652467557235084526_n.jpg","type":"image\/jpeg"}],"author":"Cope Alcoy","twitter_misc":{"Escrito por":"Cope Alcoy","Tiempo de lectura":"2 minutos"},"schema":{"@context":"https:\/\/schema.org","@graph":[{"@type":"Article","@id":"https:\/\/www.copealcoy.es\/es\/la-nova-dalcoi-pregono-la-llegada-de-la-festa-con-un-apoteosico-concierto\/#article","isPartOf":{"@id":"https:\/\/www.copealcoy.es\/es\/la-nova-dalcoi-pregono-la-llegada-de-la-festa-con-un-apoteosico-concierto\/"},"author":{"name":"Cope Alcoy","@id":"https:\/\/www.copealcoy.es\/es\/#\/schema\/person\/e777c87fa024e57d40170af9df39882c"},"headline":"La Nova d&#8217;Alcoi pregon\u00f3 la llegada de la Festa con un apote\u00f3sico concierto","datePublished":"2024-04-04T19:59:14+00:00","dateModified":"2024-04-05T20:07:12+00:00","mainEntityOfPage":{"@id":"https:\/\/www.copealcoy.es\/es\/la-nova-dalcoi-pregono-la-llegada-de-la-festa-con-un-apoteosico-concierto\/"},"wordCount":375,"commentCount":0,"image":{"@id":"https:\/\/www.copealcoy.es\/es\/la-nova-dalcoi-pregono-la-llegada-de-la-festa-con-un-apoteosico-concierto\/#primaryimage"},"thumbnailUrl":"https:\/\/www.copealcoy.es\/wp-content\/uploads\/2024\/04\/432241117_1134034247567737_5652467557235084526_n.jpg","keywords":["Alcoy","Concierto","Exaltaci\u00f3n a la M\u00fasica Festera","Societat Musical Nova d\u00b4Alcoi"],"articleSection":["Actualidad","Alcoy","Fiesta y Cultura","Noticias"],"inLanguage":"es"},{"@type":"WebPage","@id":"https:\/\/www.copealcoy.es\/es\/la-nova-dalcoi-pregono-la-llegada-de-la-festa-con-un-apoteosico-concierto\/","url":"https:\/\/www.copealcoy.es\/es\/la-nova-dalcoi-pregono-la-llegada-de-la-festa-con-un-apoteosico-concierto\/","name":"La Nova d'Alcoi pregon\u00f3 la llegada de la Festa con un apote\u00f3sico concierto - COPE Alcoy","isPartOf":{"@id":"https:\/\/www.copealcoy.es\/es\/#website"},"primaryImageOfPage":{"@id":"https:\/\/www.copealcoy.es\/es\/la-nova-dalcoi-pregono-la-llegada-de-la-festa-con-un-apoteosico-concierto\/#primaryimage"},"image":{"@id":"https:\/\/www.copealcoy.es\/es\/la-nova-dalcoi-pregono-la-llegada-de-la-festa-con-un-apoteosico-concierto\/#primaryimage"},"thumbnailUrl":"https:\/\/www.copealcoy.es\/wp-content\/uploads\/2024\/04\/432241117_1134034247567737_5652467557235084526_n.jpg","datePublished":"2024-04-04T19:59:14+00:00","dateModified":"2024-04-05T20:07:12+00:00","author":{"@id":"https:\/\/www.copealcoy.es\/es\/#\/schema\/person\/e777c87fa024e57d40170af9df39882c"},"description":"La Societat Musical Nova d\u2019Alcoi fue la pen\u00faltima en ofrecer su Concierto de Exaltaci\u00f3n a la M\u00fasica Festera","breadcrumb":{"@id":"https:\/\/www.copealcoy.es\/es\/la-nova-dalcoi-pregono-la-llegada-de-la-festa-con-un-apoteosico-concierto\/#breadcrumb"},"inLanguage":"es","potentialAction":[{"@type":"ReadAction","target":["https:\/\/www.copealcoy.es\/es\/la-nova-dalcoi-pregono-la-llegada-de-la-festa-con-un-apoteosico-concierto\/"]}]},{"@type":"ImageObject","inLanguage":"es","@id":"https:\/\/www.copealcoy.es\/es\/la-nova-dalcoi-pregono-la-llegada-de-la-festa-con-un-apoteosico-concierto\/#primaryimage","url":"https:\/\/www.copealcoy.es\/wp-content\/uploads\/2024\/04\/432241117_1134034247567737_5652467557235084526_n.jpg","contentUrl":"https:\/\/www.copealcoy.es\/wp-content\/uploads\/2024\/04\/432241117_1134034247567737_5652467557235084526_n.jpg","width":947,"height":629},{"@type":"BreadcrumbList","@id":"https:\/\/www.copealcoy.es\/es\/la-nova-dalcoi-pregono-la-llegada-de-la-festa-con-un-apoteosico-concierto\/#breadcrumb","itemListElement":[{"@type":"ListItem","position":1,"name":"Portada","item":"https:\/\/www.copealcoy.es\/es\/"},{"@type":"ListItem","position":2,"name":"La Nova d&#8217;Alcoi pregon\u00f3 la llegada de la Festa con un apote\u00f3sico concierto"}]},{"@type":"WebSite","@id":"https:\/\/www.copealcoy.es\/es\/#website","url":"https:\/\/www.copealcoy.es\/es\/","name":"COPE Alcoy","description":"Emisora COPE de radio local con emisi\u00f3n online. Pont de Sant Jordi 8-10 03803 Alcoy","potentialAction":[{"@type":"SearchAction","target":{"@type":"EntryPoint","urlTemplate":"https:\/\/www.copealcoy.es\/es\/?s={search_term_string}"},"query-input":{"@type":"PropertyValueSpecification","valueRequired":true,"valueName":"search_term_string"}}],"inLanguage":"es"},{"@type":"Person","@id":"https:\/\/www.copealcoy.es\/es\/#\/schema\/person\/e777c87fa024e57d40170af9df39882c","name":"Cope Alcoy","image":{"@type":"ImageObject","inLanguage":"es","@id":"https:\/\/secure.gravatar.com\/avatar\/bb65d0283347e303893ba14f0692005417c1e0e690a325a4c5d8bb2b3943ee14?s=96&d=mm&r=g","url":"https:\/\/secure.gravatar.com\/avatar\/bb65d0283347e303893ba14f0692005417c1e0e690a325a4c5d8bb2b3943ee14?s=96&d=mm&r=g","contentUrl":"https:\/\/secure.gravatar.com\/avatar\/bb65d0283347e303893ba14f0692005417c1e0e690a325a4c5d8bb2b3943ee14?s=96&d=mm&r=g","caption":"Cope Alcoy"}}]}},"_links":{"self":[{"href":"https:\/\/www.copealcoy.es\/es\/wp-json\/wp\/v2\/posts\/131637","targetHints":{"allow":["GET"]}}],"collection":[{"href":"https:\/\/www.copealcoy.es\/es\/wp-json\/wp\/v2\/posts"}],"about":[{"href":"https:\/\/www.copealcoy.es\/es\/wp-json\/wp\/v2\/types\/post"}],"author":[{"embeddable":true,"href":"https:\/\/www.copealcoy.es\/es\/wp-json\/wp\/v2\/users\/1"}],"replies":[{"embeddable":true,"href":"https:\/\/www.copealcoy.es\/es\/wp-json\/wp\/v2\/comments?post=131637"}],"version-history":[{"count":0,"href":"https:\/\/www.copealcoy.es\/es\/wp-json\/wp\/v2\/posts\/131637\/revisions"}],"wp:featuredmedia":[{"embeddable":true,"href":"https:\/\/www.copealcoy.es\/es\/wp-json\/wp\/v2\/media\/131638"}],"wp:attachment":[{"href":"https:\/\/www.copealcoy.es\/es\/wp-json\/wp\/v2\/media?parent=131637"}],"wp:term":[{"taxonomy":"category","embeddable":true,"href":"https:\/\/www.copealcoy.es\/es\/wp-json\/wp\/v2\/categories?post=131637"},{"taxonomy":"post_tag","embeddable":true,"href":"https:\/\/www.copealcoy.es\/es\/wp-json\/wp\/v2\/tags?post=131637"}],"curies":[{"name":"wp","href":"https:\/\/api.w.org\/{rel}","templated":true}]}}