{"id":131618,"date":"2024-04-05T17:55:04","date_gmt":"2024-04-05T16:55:04","guid":{"rendered":"https:\/\/www.copealcoy.es\/?p=131618"},"modified":"2024-04-05T18:09:35","modified_gmt":"2024-04-05T17:09:35","slug":"las-fiestas-vuelven-a-ser-un-balon-de-oxigeno-para-la-hosteleria-de-alcoy","status":"publish","type":"post","link":"https:\/\/www.copealcoy.es\/es\/las-fiestas-vuelven-a-ser-un-balon-de-oxigeno-para-la-hosteleria-de-alcoy\/","title":{"rendered":"Las Fiestas vuelven a ser un bal\u00f3n de ox\u00edgeno para la hosteler\u00eda de Alcoy"},"content":{"rendered":"<p style=\"text-align: justify;\">Las <span style=\"color: #333333;\"><strong>Fiestas de Moros y Cristianos de Alcoy<\/strong> <\/span>prometen ser de nuevo <strong>un \u00e9xito<\/strong> para la hosteler\u00eda local. A d\u00eda de hoy, cuando faltan apenas dos semanas para el arranque oficial de la trilog\u00eda en honor a San Jorge, <strong>los restaurantes del Centro ya tienen el cartel de completo<\/strong> y esto hace que <strong>sea pr\u00e1cticamente imposible encontrar una mesa libre<\/strong> para cenar o comer.<\/p>\n<p style=\"text-align: justify;\">Desde el sector aseguran que <strong>abril siempre es un buen mes<\/strong>, y esto se refleja en<strong> la alta demanda de reservas <\/strong>en los mismos establecimientos del Centro durante los d\u00edas previos a las Fiestas. Sin embargo, <strong>aquellos que buscan una experiencia culinaria m\u00e1s tranquila encontrar\u00e1n disponibilidad en los restaurantes que est\u00e1n situados fuera del n\u00facleo hist\u00f3rico<\/strong> &#8220;<em>aqu\u00ed todav\u00eda podemos encontrar alguna opci\u00f3n de cara al mediod\u00eda del viernes 19 de abril o la comida del D\u00eda de San Jorge, pero si que en el Centro muchas reservas llevan ya hasta meses hechas<\/em>&#8220;, comentaba en COPE ALCOY <strong>Omar Castanyer<\/strong>; gerente de un conocido restaurante de Alcoy. Castanyer recuerda adem\u00e1s que <strong>los Moros y Cristianos son un aut\u00e9ntico bal\u00f3n de ox\u00edgeno para un sector que ha sufrido con dureza las consecuencias de la pandemia y el incremento de precios de los alimentos <\/strong>&#8220;<em>a\u00a0estas Fiestas llegamos despu\u00e9s de un tiempo recuperaci\u00f3n pero en el que tambi\u00e9n nos hemos enfrentado a las subidas de precios en la luz o alimentos, un hecho que tambi\u00e9n ha tenido su impacto en bares y restaurantes<\/em>&#8220;, afirma.<\/p>\n<p style=\"text-align: justify;\">Estos buenos datos para la hosteler\u00eda <strong>se suman a los de la ocupaci\u00f3n hotelera<\/strong>. Tal y como viene informando COPE ALCOY, <strong>los hoteles del casco urbano de nuestra ciudad tambi\u00e9n <a href=\"https:\/\/www.copealcoy.es\/los-hoteles-de-alcoy-al-100-de-ocupacion-para-el-dia-de-las-entradas\/\" target=\"_blank\" rel=\"noopener\"><span style=\"color: #0000ff;\">tienen el 100% de ocupaci\u00f3n<\/span><\/a> de cara a Fiestas y especialmente en el Dia dels M\u00fasics y el D\u00eda de la Entrada<\/strong>. La mayor\u00eda de los que ocupan estos hoteles son personas de Alcoy, que residen fuera, y que buscan habitaci\u00f3n para alojarse durante la trilog\u00eda festera.<\/p>\n","protected":false},"excerpt":{"rendered":"<p>Las Fiestas de Moros y Cristianos de Alcoy prometen ser de nuevo un \u00e9xito para la hosteler\u00eda local. A d\u00eda&#8230;<\/p>\n","protected":false},"author":1,"featured_media":80825,"comment_status":"open","ping_status":"open","sticky":false,"template":"","format":"standard","meta":{"footnotes":""},"categories":[6909,97,75,79],"tags":[1494,2001,16588,13587],"class_list":["post-131618","post","type-post","status-publish","format-standard","has-post-thumbnail","hentry","category-actualidad","category-alcoy","category-noticias","category-politicayeconomia","tag-alcoy","tag-fiestas-de-moros-y-cristianos","tag-ocupacion-hostelera","tag-omar-castanyer"],"yoast_head":"<!-- This site is optimized with the Yoast SEO plugin v27.3 - https:\/\/yoast.com\/product\/yoast-seo-wordpress\/ -->\n<title>Las Fiestas vuelven a ser un bal\u00f3n de ox\u00edgeno para la hosteler\u00eda de Alcoy - COPE Alcoy<\/title>\n<meta name=\"description\" content=\"Las Fiestas de Moros y Cristianos de Alcoy prometen ser de nuevo un \u00e9xito para la hosteler\u00eda local\" \/>\n<meta name=\"robots\" content=\"index, follow, max-snippet:-1, max-image-preview:large, max-video-preview:-1\" \/>\n<link rel=\"canonical\" href=\"https:\/\/www.copealcoy.es\/es\/las-fiestas-vuelven-a-ser-un-balon-de-oxigeno-para-la-hosteleria-de-alcoy\/\" \/>\n<meta property=\"og:locale\" content=\"es_ES\" \/>\n<meta property=\"og:type\" content=\"article\" \/>\n<meta property=\"og:title\" content=\"Las Fiestas vuelven a ser un bal\u00f3n de ox\u00edgeno para la hosteler\u00eda de Alcoy - COPE Alcoy\" \/>\n<meta property=\"og:description\" content=\"Las Fiestas de Moros y Cristianos de Alcoy prometen ser de nuevo un \u00e9xito para la hosteler\u00eda local\" \/>\n<meta property=\"og:url\" content=\"https:\/\/www.copealcoy.es\/es\/las-fiestas-vuelven-a-ser-un-balon-de-oxigeno-para-la-hosteleria-de-alcoy\/\" \/>\n<meta property=\"og:site_name\" content=\"COPE Alcoy\" \/>\n<meta property=\"article:published_time\" content=\"2024-04-05T16:55:04+00:00\" \/>\n<meta property=\"article:modified_time\" content=\"2024-04-05T17:09:35+00:00\" \/>\n<meta property=\"og:image\" content=\"https:\/\/www.copealcoy.es\/wp-content\/uploads\/2021\/12\/67699288_1375313219285114_4744499257761857536_n-e1638485261696.jpg\" \/>\n\t<meta property=\"og:image:width\" content=\"1080\" \/>\n\t<meta property=\"og:image:height\" content=\"685\" \/>\n\t<meta property=\"og:image:type\" content=\"image\/jpeg\" \/>\n<meta name=\"author\" content=\"Cope Alcoy\" \/>\n<meta name=\"twitter:label1\" content=\"Escrito por\" \/>\n\t<meta name=\"twitter:data1\" content=\"Cope Alcoy\" \/>\n\t<meta name=\"twitter:label2\" content=\"Tiempo de lectura\" \/>\n\t<meta name=\"twitter:data2\" content=\"2 minutos\" \/>\n<script type=\"application\/ld+json\" class=\"yoast-schema-graph\">{\"@context\":\"https:\\\/\\\/schema.org\",\"@graph\":[{\"@type\":\"Article\",\"@id\":\"https:\\\/\\\/www.copealcoy.es\\\/es\\\/las-fiestas-vuelven-a-ser-un-balon-de-oxigeno-para-la-hosteleria-de-alcoy\\\/#article\",\"isPartOf\":{\"@id\":\"https:\\\/\\\/www.copealcoy.es\\\/es\\\/las-fiestas-vuelven-a-ser-un-balon-de-oxigeno-para-la-hosteleria-de-alcoy\\\/\"},\"author\":{\"name\":\"Cope Alcoy\",\"@id\":\"https:\\\/\\\/www.copealcoy.es\\\/es\\\/#\\\/schema\\\/person\\\/e777c87fa024e57d40170af9df39882c\"},\"headline\":\"Las Fiestas vuelven a ser un bal\u00f3n de ox\u00edgeno para la hosteler\u00eda de Alcoy\",\"datePublished\":\"2024-04-05T16:55:04+00:00\",\"dateModified\":\"2024-04-05T17:09:35+00:00\",\"mainEntityOfPage\":{\"@id\":\"https:\\\/\\\/www.copealcoy.es\\\/es\\\/las-fiestas-vuelven-a-ser-un-balon-de-oxigeno-para-la-hosteleria-de-alcoy\\\/\"},\"wordCount\":367,\"commentCount\":0,\"image\":{\"@id\":\"https:\\\/\\\/www.copealcoy.es\\\/es\\\/las-fiestas-vuelven-a-ser-un-balon-de-oxigeno-para-la-hosteleria-de-alcoy\\\/#primaryimage\"},\"thumbnailUrl\":\"https:\\\/\\\/www.copealcoy.es\\\/wp-content\\\/uploads\\\/2021\\\/12\\\/67699288_1375313219285114_4744499257761857536_n-e1638485261696.jpg\",\"keywords\":[\"Alcoy\",\"Fiestas de Moros y Cristianos\",\"ocupaci\u00f3n hostelera\",\"Omar Castanyer\"],\"articleSection\":[\"Actualidad\",\"Alcoy\",\"Noticias\",\"Pol\u00edtica y Econom\u00eda\"],\"inLanguage\":\"es\"},{\"@type\":\"WebPage\",\"@id\":\"https:\\\/\\\/www.copealcoy.es\\\/es\\\/las-fiestas-vuelven-a-ser-un-balon-de-oxigeno-para-la-hosteleria-de-alcoy\\\/\",\"url\":\"https:\\\/\\\/www.copealcoy.es\\\/es\\\/las-fiestas-vuelven-a-ser-un-balon-de-oxigeno-para-la-hosteleria-de-alcoy\\\/\",\"name\":\"Las Fiestas vuelven a ser un bal\u00f3n de ox\u00edgeno para la hosteler\u00eda de Alcoy - COPE Alcoy\",\"isPartOf\":{\"@id\":\"https:\\\/\\\/www.copealcoy.es\\\/es\\\/#website\"},\"primaryImageOfPage\":{\"@id\":\"https:\\\/\\\/www.copealcoy.es\\\/es\\\/las-fiestas-vuelven-a-ser-un-balon-de-oxigeno-para-la-hosteleria-de-alcoy\\\/#primaryimage\"},\"image\":{\"@id\":\"https:\\\/\\\/www.copealcoy.es\\\/es\\\/las-fiestas-vuelven-a-ser-un-balon-de-oxigeno-para-la-hosteleria-de-alcoy\\\/#primaryimage\"},\"thumbnailUrl\":\"https:\\\/\\\/www.copealcoy.es\\\/wp-content\\\/uploads\\\/2021\\\/12\\\/67699288_1375313219285114_4744499257761857536_n-e1638485261696.jpg\",\"datePublished\":\"2024-04-05T16:55:04+00:00\",\"dateModified\":\"2024-04-05T17:09:35+00:00\",\"author\":{\"@id\":\"https:\\\/\\\/www.copealcoy.es\\\/es\\\/#\\\/schema\\\/person\\\/e777c87fa024e57d40170af9df39882c\"},\"description\":\"Las Fiestas de Moros y Cristianos de Alcoy prometen ser de nuevo un \u00e9xito para la hosteler\u00eda local\",\"breadcrumb\":{\"@id\":\"https:\\\/\\\/www.copealcoy.es\\\/es\\\/las-fiestas-vuelven-a-ser-un-balon-de-oxigeno-para-la-hosteleria-de-alcoy\\\/#breadcrumb\"},\"inLanguage\":\"es\",\"potentialAction\":[{\"@type\":\"ReadAction\",\"target\":[\"https:\\\/\\\/www.copealcoy.es\\\/es\\\/las-fiestas-vuelven-a-ser-un-balon-de-oxigeno-para-la-hosteleria-de-alcoy\\\/\"]}]},{\"@type\":\"ImageObject\",\"inLanguage\":\"es\",\"@id\":\"https:\\\/\\\/www.copealcoy.es\\\/es\\\/las-fiestas-vuelven-a-ser-un-balon-de-oxigeno-para-la-hosteleria-de-alcoy\\\/#primaryimage\",\"url\":\"https:\\\/\\\/www.copealcoy.es\\\/wp-content\\\/uploads\\\/2021\\\/12\\\/67699288_1375313219285114_4744499257761857536_n-e1638485261696.jpg\",\"contentUrl\":\"https:\\\/\\\/www.copealcoy.es\\\/wp-content\\\/uploads\\\/2021\\\/12\\\/67699288_1375313219285114_4744499257761857536_n-e1638485261696.jpg\",\"width\":1080,\"height\":685},{\"@type\":\"BreadcrumbList\",\"@id\":\"https:\\\/\\\/www.copealcoy.es\\\/es\\\/las-fiestas-vuelven-a-ser-un-balon-de-oxigeno-para-la-hosteleria-de-alcoy\\\/#breadcrumb\",\"itemListElement\":[{\"@type\":\"ListItem\",\"position\":1,\"name\":\"Portada\",\"item\":\"https:\\\/\\\/www.copealcoy.es\\\/es\\\/\"},{\"@type\":\"ListItem\",\"position\":2,\"name\":\"Las Fiestas vuelven a ser un bal\u00f3n de ox\u00edgeno para la hosteler\u00eda de Alcoy\"}]},{\"@type\":\"WebSite\",\"@id\":\"https:\\\/\\\/www.copealcoy.es\\\/es\\\/#website\",\"url\":\"https:\\\/\\\/www.copealcoy.es\\\/es\\\/\",\"name\":\"COPE Alcoy\",\"description\":\"Emisora COPE de radio local con emisi\u00f3n online. Pont de Sant Jordi 8-10 03803 Alcoy\",\"potentialAction\":[{\"@type\":\"SearchAction\",\"target\":{\"@type\":\"EntryPoint\",\"urlTemplate\":\"https:\\\/\\\/www.copealcoy.es\\\/es\\\/?s={search_term_string}\"},\"query-input\":{\"@type\":\"PropertyValueSpecification\",\"valueRequired\":true,\"valueName\":\"search_term_string\"}}],\"inLanguage\":\"es\"},{\"@type\":\"Person\",\"@id\":\"https:\\\/\\\/www.copealcoy.es\\\/es\\\/#\\\/schema\\\/person\\\/e777c87fa024e57d40170af9df39882c\",\"name\":\"Cope Alcoy\",\"image\":{\"@type\":\"ImageObject\",\"inLanguage\":\"es\",\"@id\":\"https:\\\/\\\/secure.gravatar.com\\\/avatar\\\/bb65d0283347e303893ba14f0692005417c1e0e690a325a4c5d8bb2b3943ee14?s=96&d=mm&r=g\",\"url\":\"https:\\\/\\\/secure.gravatar.com\\\/avatar\\\/bb65d0283347e303893ba14f0692005417c1e0e690a325a4c5d8bb2b3943ee14?s=96&d=mm&r=g\",\"contentUrl\":\"https:\\\/\\\/secure.gravatar.com\\\/avatar\\\/bb65d0283347e303893ba14f0692005417c1e0e690a325a4c5d8bb2b3943ee14?s=96&d=mm&r=g\",\"caption\":\"Cope Alcoy\"}}]}<\/script>\n<!-- \/ Yoast SEO plugin. -->","yoast_head_json":{"title":"Las Fiestas vuelven a ser un bal\u00f3n de ox\u00edgeno para la hosteler\u00eda de Alcoy - COPE Alcoy","description":"Las Fiestas de Moros y Cristianos de Alcoy prometen ser de nuevo un \u00e9xito para la hosteler\u00eda local","robots":{"index":"index","follow":"follow","max-snippet":"max-snippet:-1","max-image-preview":"max-image-preview:large","max-video-preview":"max-video-preview:-1"},"canonical":"https:\/\/www.copealcoy.es\/es\/las-fiestas-vuelven-a-ser-un-balon-de-oxigeno-para-la-hosteleria-de-alcoy\/","og_locale":"es_ES","og_type":"article","og_title":"Las Fiestas vuelven a ser un bal\u00f3n de ox\u00edgeno para la hosteler\u00eda de Alcoy - COPE Alcoy","og_description":"Las Fiestas de Moros y Cristianos de Alcoy prometen ser de nuevo un \u00e9xito para la hosteler\u00eda local","og_url":"https:\/\/www.copealcoy.es\/es\/las-fiestas-vuelven-a-ser-un-balon-de-oxigeno-para-la-hosteleria-de-alcoy\/","og_site_name":"COPE Alcoy","article_published_time":"2024-04-05T16:55:04+00:00","article_modified_time":"2024-04-05T17:09:35+00:00","og_image":[{"width":1080,"height":685,"url":"https:\/\/www.copealcoy.es\/wp-content\/uploads\/2021\/12\/67699288_1375313219285114_4744499257761857536_n-e1638485261696.jpg","type":"image\/jpeg"}],"author":"Cope Alcoy","twitter_misc":{"Escrito por":"Cope Alcoy","Tiempo de lectura":"2 minutos"},"schema":{"@context":"https:\/\/schema.org","@graph":[{"@type":"Article","@id":"https:\/\/www.copealcoy.es\/es\/las-fiestas-vuelven-a-ser-un-balon-de-oxigeno-para-la-hosteleria-de-alcoy\/#article","isPartOf":{"@id":"https:\/\/www.copealcoy.es\/es\/las-fiestas-vuelven-a-ser-un-balon-de-oxigeno-para-la-hosteleria-de-alcoy\/"},"author":{"name":"Cope Alcoy","@id":"https:\/\/www.copealcoy.es\/es\/#\/schema\/person\/e777c87fa024e57d40170af9df39882c"},"headline":"Las Fiestas vuelven a ser un bal\u00f3n de ox\u00edgeno para la hosteler\u00eda de Alcoy","datePublished":"2024-04-05T16:55:04+00:00","dateModified":"2024-04-05T17:09:35+00:00","mainEntityOfPage":{"@id":"https:\/\/www.copealcoy.es\/es\/las-fiestas-vuelven-a-ser-un-balon-de-oxigeno-para-la-hosteleria-de-alcoy\/"},"wordCount":367,"commentCount":0,"image":{"@id":"https:\/\/www.copealcoy.es\/es\/las-fiestas-vuelven-a-ser-un-balon-de-oxigeno-para-la-hosteleria-de-alcoy\/#primaryimage"},"thumbnailUrl":"https:\/\/www.copealcoy.es\/wp-content\/uploads\/2021\/12\/67699288_1375313219285114_4744499257761857536_n-e1638485261696.jpg","keywords":["Alcoy","Fiestas de Moros y Cristianos","ocupaci\u00f3n hostelera","Omar Castanyer"],"articleSection":["Actualidad","Alcoy","Noticias","Pol\u00edtica y Econom\u00eda"],"inLanguage":"es"},{"@type":"WebPage","@id":"https:\/\/www.copealcoy.es\/es\/las-fiestas-vuelven-a-ser-un-balon-de-oxigeno-para-la-hosteleria-de-alcoy\/","url":"https:\/\/www.copealcoy.es\/es\/las-fiestas-vuelven-a-ser-un-balon-de-oxigeno-para-la-hosteleria-de-alcoy\/","name":"Las Fiestas vuelven a ser un bal\u00f3n de ox\u00edgeno para la hosteler\u00eda de Alcoy - COPE Alcoy","isPartOf":{"@id":"https:\/\/www.copealcoy.es\/es\/#website"},"primaryImageOfPage":{"@id":"https:\/\/www.copealcoy.es\/es\/las-fiestas-vuelven-a-ser-un-balon-de-oxigeno-para-la-hosteleria-de-alcoy\/#primaryimage"},"image":{"@id":"https:\/\/www.copealcoy.es\/es\/las-fiestas-vuelven-a-ser-un-balon-de-oxigeno-para-la-hosteleria-de-alcoy\/#primaryimage"},"thumbnailUrl":"https:\/\/www.copealcoy.es\/wp-content\/uploads\/2021\/12\/67699288_1375313219285114_4744499257761857536_n-e1638485261696.jpg","datePublished":"2024-04-05T16:55:04+00:00","dateModified":"2024-04-05T17:09:35+00:00","author":{"@id":"https:\/\/www.copealcoy.es\/es\/#\/schema\/person\/e777c87fa024e57d40170af9df39882c"},"description":"Las Fiestas de Moros y Cristianos de Alcoy prometen ser de nuevo un \u00e9xito para la hosteler\u00eda local","breadcrumb":{"@id":"https:\/\/www.copealcoy.es\/es\/las-fiestas-vuelven-a-ser-un-balon-de-oxigeno-para-la-hosteleria-de-alcoy\/#breadcrumb"},"inLanguage":"es","potentialAction":[{"@type":"ReadAction","target":["https:\/\/www.copealcoy.es\/es\/las-fiestas-vuelven-a-ser-un-balon-de-oxigeno-para-la-hosteleria-de-alcoy\/"]}]},{"@type":"ImageObject","inLanguage":"es","@id":"https:\/\/www.copealcoy.es\/es\/las-fiestas-vuelven-a-ser-un-balon-de-oxigeno-para-la-hosteleria-de-alcoy\/#primaryimage","url":"https:\/\/www.copealcoy.es\/wp-content\/uploads\/2021\/12\/67699288_1375313219285114_4744499257761857536_n-e1638485261696.jpg","contentUrl":"https:\/\/www.copealcoy.es\/wp-content\/uploads\/2021\/12\/67699288_1375313219285114_4744499257761857536_n-e1638485261696.jpg","width":1080,"height":685},{"@type":"BreadcrumbList","@id":"https:\/\/www.copealcoy.es\/es\/las-fiestas-vuelven-a-ser-un-balon-de-oxigeno-para-la-hosteleria-de-alcoy\/#breadcrumb","itemListElement":[{"@type":"ListItem","position":1,"name":"Portada","item":"https:\/\/www.copealcoy.es\/es\/"},{"@type":"ListItem","position":2,"name":"Las Fiestas vuelven a ser un bal\u00f3n de ox\u00edgeno para la hosteler\u00eda de Alcoy"}]},{"@type":"WebSite","@id":"https:\/\/www.copealcoy.es\/es\/#website","url":"https:\/\/www.copealcoy.es\/es\/","name":"COPE Alcoy","description":"Emisora COPE de radio local con emisi\u00f3n online. Pont de Sant Jordi 8-10 03803 Alcoy","potentialAction":[{"@type":"SearchAction","target":{"@type":"EntryPoint","urlTemplate":"https:\/\/www.copealcoy.es\/es\/?s={search_term_string}"},"query-input":{"@type":"PropertyValueSpecification","valueRequired":true,"valueName":"search_term_string"}}],"inLanguage":"es"},{"@type":"Person","@id":"https:\/\/www.copealcoy.es\/es\/#\/schema\/person\/e777c87fa024e57d40170af9df39882c","name":"Cope Alcoy","image":{"@type":"ImageObject","inLanguage":"es","@id":"https:\/\/secure.gravatar.com\/avatar\/bb65d0283347e303893ba14f0692005417c1e0e690a325a4c5d8bb2b3943ee14?s=96&d=mm&r=g","url":"https:\/\/secure.gravatar.com\/avatar\/bb65d0283347e303893ba14f0692005417c1e0e690a325a4c5d8bb2b3943ee14?s=96&d=mm&r=g","contentUrl":"https:\/\/secure.gravatar.com\/avatar\/bb65d0283347e303893ba14f0692005417c1e0e690a325a4c5d8bb2b3943ee14?s=96&d=mm&r=g","caption":"Cope Alcoy"}}]}},"_links":{"self":[{"href":"https:\/\/www.copealcoy.es\/es\/wp-json\/wp\/v2\/posts\/131618","targetHints":{"allow":["GET"]}}],"collection":[{"href":"https:\/\/www.copealcoy.es\/es\/wp-json\/wp\/v2\/posts"}],"about":[{"href":"https:\/\/www.copealcoy.es\/es\/wp-json\/wp\/v2\/types\/post"}],"author":[{"embeddable":true,"href":"https:\/\/www.copealcoy.es\/es\/wp-json\/wp\/v2\/users\/1"}],"replies":[{"embeddable":true,"href":"https:\/\/www.copealcoy.es\/es\/wp-json\/wp\/v2\/comments?post=131618"}],"version-history":[{"count":0,"href":"https:\/\/www.copealcoy.es\/es\/wp-json\/wp\/v2\/posts\/131618\/revisions"}],"wp:featuredmedia":[{"embeddable":true,"href":"https:\/\/www.copealcoy.es\/es\/wp-json\/wp\/v2\/media\/80825"}],"wp:attachment":[{"href":"https:\/\/www.copealcoy.es\/es\/wp-json\/wp\/v2\/media?parent=131618"}],"wp:term":[{"taxonomy":"category","embeddable":true,"href":"https:\/\/www.copealcoy.es\/es\/wp-json\/wp\/v2\/categories?post=131618"},{"taxonomy":"post_tag","embeddable":true,"href":"https:\/\/www.copealcoy.es\/es\/wp-json\/wp\/v2\/tags?post=131618"}],"curies":[{"name":"wp","href":"https:\/\/api.w.org\/{rel}","templated":true}]}}