{"id":131612,"date":"2024-04-05T15:08:17","date_gmt":"2024-04-05T14:08:17","guid":{"rendered":"https:\/\/www.copealcoy.es\/?p=131612"},"modified":"2024-04-05T15:11:01","modified_gmt":"2024-04-05T14:11:01","slug":"sant-jordi-recuperara-su-estado-original-antes-de-regresar-a-la-rosaleda","status":"publish","type":"post","link":"https:\/\/www.copealcoy.es\/es\/sant-jordi-recuperara-su-estado-original-antes-de-regresar-a-la-rosaleda\/","title":{"rendered":"Sant Jordi recuperar\u00e1 su estado original antes de regresar a La Rosaleda"},"content":{"rendered":"<p style=\"text-align: justify;\">El <a href=\"https:\/\/www.alcoi.org\/ca\/portal\/index.html\" target=\"_blank\" rel=\"noopener\"><strong><span style=\"color: #0000ff;\">Ayuntamiento de Alcoy<\/span><\/strong><\/a> ha dado un paso importante al<strong> aprobar el expediente de contrataci\u00f3n que permitir\u00e1 la restauraci\u00f3n del conjunto escult\u00f3rico de Sant Jordi<\/strong>, una obra emblem\u00e1tica que representa la esencia de nuestras Fiestas de Moros y Cristianos. Esta escultura, ubicada hasta ahora en La Rosaleda, <strong>ha sufrido un deterioro considerable a lo largo del tiempo <\/strong>y este hecho\u00a0ha motivado la necesidad de ser objeto de una importante intervenci\u00f3n.<\/p>\n<p style=\"text-align: justify;\">La mencionada restauraci\u00f3n <strong>formar\u00e1 parte del proyecto para la reforma del aparcamiento subterr\u00e1neo existente en La Rosaleda<\/strong> y la <strong>reposici\u00f3n de zona verde de la plaza superior<\/strong>, una actuaci\u00f3n que comenz\u00f3 el pasado mes de febrero tras un largo periplo para cumplir as\u00ed con la sentencia del Tribunal Superior de Justicia que obliga restituir la zona al estado original de antes de la creaci\u00f3n del parking.\u00a0 El presupuesto base de licitaci\u00f3n para adecuar el Monumento de Sant Jordi <strong>asciende a 43.015,50 euros<\/strong>, y se espera que las empresas interesadas presenten sus ofertas en los pr\u00f3ximos d\u00edas. Una vez finalizada la restauraci\u00f3n, <strong>el conjunto escult\u00f3rico regresar\u00e1 a su ubicaci\u00f3n original en La Rosaleda<\/strong>, donde ocupar\u00e1 un lugar destacado m\u00e1s cercano a la avenida de La Alameda Camilo Sesto &#8220;<em>se van a reparar los desperfectos que tiene toda la escultura, especialmente en la base ya que esta \u00faltima ha sufrido un extraordinario deterioro debido a su contacto con el agua. Tambi\u00e9n se eliminar\u00e1n las capas de pintura, con la intenci\u00f3n que la obra vuelva a su estado original. Al mismo tiempo, se fabricar\u00e1 una nueva peana para ubicar el monumento al patr\u00f3n de Alcoy siguiendo las directrices originales bajo las cuales el escultor concibi\u00f3 su obra<\/em>&#8220;, explica <strong>Ignacio Trelis<\/strong>, edil de Patrimonio Cultural.<\/p>\n<p style=\"text-align: justify;\">El Monumento de Santo Jordi <strong>es obra del escultor Jos\u00e9 Gonzalvo<\/strong> y junto al patr\u00f3n destacan la figura de un moro y un cristiano que tambi\u00e9n ser\u00e1n restaurados. Fue inaugurado <strong>el 21 de abril de 1983<\/strong>, d\u00edas antes de las Fiestas de Moros y Cristianos.<\/p>\n","protected":false},"excerpt":{"rendered":"<p>El Ayuntamiento de Alcoy ha dado un paso importante al aprobar el expediente de contrataci\u00f3n que permitir\u00e1 la restauraci\u00f3n del&#8230;<\/p>\n","protected":false},"author":1,"featured_media":129581,"comment_status":"open","ping_status":"open","sticky":false,"template":"","format":"standard","meta":{"footnotes":""},"categories":[6909,97,75,125],"tags":[1494,257,16587,250],"class_list":["post-131612","post","type-post","status-publish","format-standard","has-post-thumbnail","hentry","category-actualidad","category-alcoy","category-noticias","category-portada","tag-alcoy","tag-licitacion","tag-monumento-de-san-jorge","tag-restauracion"],"yoast_head":"<!-- This site is optimized with the Yoast SEO plugin v27.3 - https:\/\/yoast.com\/product\/yoast-seo-wordpress\/ -->\n<title>Sant Jordi recuperar\u00e1 su estado original antes de regresar a La Rosaleda - COPE Alcoy<\/title>\n<meta name=\"description\" content=\"El Ayuntamiento de Alcoy ha dado un paso importante al aprobar el expediente de contrataci\u00f3n que permitir\u00e1 la restauraci\u00f3n del conjunto escult\u00f3rico de Sant Jordi\" \/>\n<meta name=\"robots\" content=\"index, follow, max-snippet:-1, max-image-preview:large, max-video-preview:-1\" \/>\n<link rel=\"canonical\" href=\"https:\/\/www.copealcoy.es\/es\/sant-jordi-recuperara-su-estado-original-antes-de-regresar-a-la-rosaleda\/\" \/>\n<meta property=\"og:locale\" content=\"es_ES\" \/>\n<meta property=\"og:type\" content=\"article\" \/>\n<meta property=\"og:title\" content=\"Sant Jordi recuperar\u00e1 su estado original antes de regresar a La Rosaleda - COPE Alcoy\" \/>\n<meta property=\"og:description\" content=\"El Ayuntamiento de Alcoy ha dado un paso importante al aprobar el expediente de contrataci\u00f3n que permitir\u00e1 la restauraci\u00f3n del conjunto escult\u00f3rico de Sant Jordi\" \/>\n<meta property=\"og:url\" content=\"https:\/\/www.copealcoy.es\/es\/sant-jordi-recuperara-su-estado-original-antes-de-regresar-a-la-rosaleda\/\" \/>\n<meta property=\"og:site_name\" content=\"COPE Alcoy\" \/>\n<meta property=\"article:published_time\" content=\"2024-04-05T14:08:17+00:00\" \/>\n<meta property=\"article:modified_time\" content=\"2024-04-05T14:11:01+00:00\" \/>\n<meta property=\"og:image\" content=\"https:\/\/www.copealcoy.es\/wp-content\/uploads\/2024\/02\/unnamed-1-20-scaled.jpg\" \/>\n\t<meta property=\"og:image:width\" content=\"1612\" \/>\n\t<meta property=\"og:image:height\" content=\"1080\" \/>\n\t<meta property=\"og:image:type\" content=\"image\/jpeg\" \/>\n<meta name=\"author\" content=\"Cope Alcoy\" \/>\n<meta name=\"twitter:label1\" content=\"Escrito por\" \/>\n\t<meta name=\"twitter:data1\" content=\"Cope Alcoy\" \/>\n\t<meta name=\"twitter:label2\" content=\"Tiempo de lectura\" \/>\n\t<meta name=\"twitter:data2\" content=\"2 minutos\" \/>\n<script type=\"application\/ld+json\" class=\"yoast-schema-graph\">{\"@context\":\"https:\\\/\\\/schema.org\",\"@graph\":[{\"@type\":\"Article\",\"@id\":\"https:\\\/\\\/www.copealcoy.es\\\/es\\\/sant-jordi-recuperara-su-estado-original-antes-de-regresar-a-la-rosaleda\\\/#article\",\"isPartOf\":{\"@id\":\"https:\\\/\\\/www.copealcoy.es\\\/es\\\/sant-jordi-recuperara-su-estado-original-antes-de-regresar-a-la-rosaleda\\\/\"},\"author\":{\"name\":\"Cope Alcoy\",\"@id\":\"https:\\\/\\\/www.copealcoy.es\\\/es\\\/#\\\/schema\\\/person\\\/e777c87fa024e57d40170af9df39882c\"},\"headline\":\"Sant Jordi recuperar\u00e1 su estado original antes de regresar a La Rosaleda\",\"datePublished\":\"2024-04-05T14:08:17+00:00\",\"dateModified\":\"2024-04-05T14:11:01+00:00\",\"mainEntityOfPage\":{\"@id\":\"https:\\\/\\\/www.copealcoy.es\\\/es\\\/sant-jordi-recuperara-su-estado-original-antes-de-regresar-a-la-rosaleda\\\/\"},\"wordCount\":361,\"commentCount\":0,\"image\":{\"@id\":\"https:\\\/\\\/www.copealcoy.es\\\/es\\\/sant-jordi-recuperara-su-estado-original-antes-de-regresar-a-la-rosaleda\\\/#primaryimage\"},\"thumbnailUrl\":\"https:\\\/\\\/www.copealcoy.es\\\/wp-content\\\/uploads\\\/2024\\\/02\\\/unnamed-1-20-scaled.jpg\",\"keywords\":[\"Alcoy\",\"Licitaci\u00f3n\",\"Monumento de San Jorge\",\"Restauraci\u00f3n\"],\"articleSection\":[\"Actualidad\",\"Alcoy\",\"Noticias\",\"Portada\"],\"inLanguage\":\"es\"},{\"@type\":\"WebPage\",\"@id\":\"https:\\\/\\\/www.copealcoy.es\\\/es\\\/sant-jordi-recuperara-su-estado-original-antes-de-regresar-a-la-rosaleda\\\/\",\"url\":\"https:\\\/\\\/www.copealcoy.es\\\/es\\\/sant-jordi-recuperara-su-estado-original-antes-de-regresar-a-la-rosaleda\\\/\",\"name\":\"Sant Jordi recuperar\u00e1 su estado original antes de regresar a La Rosaleda - COPE Alcoy\",\"isPartOf\":{\"@id\":\"https:\\\/\\\/www.copealcoy.es\\\/es\\\/#website\"},\"primaryImageOfPage\":{\"@id\":\"https:\\\/\\\/www.copealcoy.es\\\/es\\\/sant-jordi-recuperara-su-estado-original-antes-de-regresar-a-la-rosaleda\\\/#primaryimage\"},\"image\":{\"@id\":\"https:\\\/\\\/www.copealcoy.es\\\/es\\\/sant-jordi-recuperara-su-estado-original-antes-de-regresar-a-la-rosaleda\\\/#primaryimage\"},\"thumbnailUrl\":\"https:\\\/\\\/www.copealcoy.es\\\/wp-content\\\/uploads\\\/2024\\\/02\\\/unnamed-1-20-scaled.jpg\",\"datePublished\":\"2024-04-05T14:08:17+00:00\",\"dateModified\":\"2024-04-05T14:11:01+00:00\",\"author\":{\"@id\":\"https:\\\/\\\/www.copealcoy.es\\\/es\\\/#\\\/schema\\\/person\\\/e777c87fa024e57d40170af9df39882c\"},\"description\":\"El Ayuntamiento de Alcoy ha dado un paso importante al aprobar el expediente de contrataci\u00f3n que permitir\u00e1 la restauraci\u00f3n del conjunto escult\u00f3rico de Sant Jordi\",\"breadcrumb\":{\"@id\":\"https:\\\/\\\/www.copealcoy.es\\\/es\\\/sant-jordi-recuperara-su-estado-original-antes-de-regresar-a-la-rosaleda\\\/#breadcrumb\"},\"inLanguage\":\"es\",\"potentialAction\":[{\"@type\":\"ReadAction\",\"target\":[\"https:\\\/\\\/www.copealcoy.es\\\/es\\\/sant-jordi-recuperara-su-estado-original-antes-de-regresar-a-la-rosaleda\\\/\"]}]},{\"@type\":\"ImageObject\",\"inLanguage\":\"es\",\"@id\":\"https:\\\/\\\/www.copealcoy.es\\\/es\\\/sant-jordi-recuperara-su-estado-original-antes-de-regresar-a-la-rosaleda\\\/#primaryimage\",\"url\":\"https:\\\/\\\/www.copealcoy.es\\\/wp-content\\\/uploads\\\/2024\\\/02\\\/unnamed-1-20-scaled.jpg\",\"contentUrl\":\"https:\\\/\\\/www.copealcoy.es\\\/wp-content\\\/uploads\\\/2024\\\/02\\\/unnamed-1-20-scaled.jpg\",\"width\":1612,\"height\":1080},{\"@type\":\"BreadcrumbList\",\"@id\":\"https:\\\/\\\/www.copealcoy.es\\\/es\\\/sant-jordi-recuperara-su-estado-original-antes-de-regresar-a-la-rosaleda\\\/#breadcrumb\",\"itemListElement\":[{\"@type\":\"ListItem\",\"position\":1,\"name\":\"Portada\",\"item\":\"https:\\\/\\\/www.copealcoy.es\\\/es\\\/\"},{\"@type\":\"ListItem\",\"position\":2,\"name\":\"Sant Jordi recuperar\u00e1 su estado original antes de regresar a La Rosaleda\"}]},{\"@type\":\"WebSite\",\"@id\":\"https:\\\/\\\/www.copealcoy.es\\\/es\\\/#website\",\"url\":\"https:\\\/\\\/www.copealcoy.es\\\/es\\\/\",\"name\":\"COPE Alcoy\",\"description\":\"Emisora COPE de radio local con emisi\u00f3n online. Pont de Sant Jordi 8-10 03803 Alcoy\",\"potentialAction\":[{\"@type\":\"SearchAction\",\"target\":{\"@type\":\"EntryPoint\",\"urlTemplate\":\"https:\\\/\\\/www.copealcoy.es\\\/es\\\/?s={search_term_string}\"},\"query-input\":{\"@type\":\"PropertyValueSpecification\",\"valueRequired\":true,\"valueName\":\"search_term_string\"}}],\"inLanguage\":\"es\"},{\"@type\":\"Person\",\"@id\":\"https:\\\/\\\/www.copealcoy.es\\\/es\\\/#\\\/schema\\\/person\\\/e777c87fa024e57d40170af9df39882c\",\"name\":\"Cope Alcoy\",\"image\":{\"@type\":\"ImageObject\",\"inLanguage\":\"es\",\"@id\":\"https:\\\/\\\/secure.gravatar.com\\\/avatar\\\/bb65d0283347e303893ba14f0692005417c1e0e690a325a4c5d8bb2b3943ee14?s=96&d=mm&r=g\",\"url\":\"https:\\\/\\\/secure.gravatar.com\\\/avatar\\\/bb65d0283347e303893ba14f0692005417c1e0e690a325a4c5d8bb2b3943ee14?s=96&d=mm&r=g\",\"contentUrl\":\"https:\\\/\\\/secure.gravatar.com\\\/avatar\\\/bb65d0283347e303893ba14f0692005417c1e0e690a325a4c5d8bb2b3943ee14?s=96&d=mm&r=g\",\"caption\":\"Cope Alcoy\"}}]}<\/script>\n<!-- \/ Yoast SEO plugin. -->","yoast_head_json":{"title":"Sant Jordi recuperar\u00e1 su estado original antes de regresar a La Rosaleda - COPE Alcoy","description":"El Ayuntamiento de Alcoy ha dado un paso importante al aprobar el expediente de contrataci\u00f3n que permitir\u00e1 la restauraci\u00f3n del conjunto escult\u00f3rico de Sant Jordi","robots":{"index":"index","follow":"follow","max-snippet":"max-snippet:-1","max-image-preview":"max-image-preview:large","max-video-preview":"max-video-preview:-1"},"canonical":"https:\/\/www.copealcoy.es\/es\/sant-jordi-recuperara-su-estado-original-antes-de-regresar-a-la-rosaleda\/","og_locale":"es_ES","og_type":"article","og_title":"Sant Jordi recuperar\u00e1 su estado original antes de regresar a La Rosaleda - COPE Alcoy","og_description":"El Ayuntamiento de Alcoy ha dado un paso importante al aprobar el expediente de contrataci\u00f3n que permitir\u00e1 la restauraci\u00f3n del conjunto escult\u00f3rico de Sant Jordi","og_url":"https:\/\/www.copealcoy.es\/es\/sant-jordi-recuperara-su-estado-original-antes-de-regresar-a-la-rosaleda\/","og_site_name":"COPE Alcoy","article_published_time":"2024-04-05T14:08:17+00:00","article_modified_time":"2024-04-05T14:11:01+00:00","og_image":[{"width":1612,"height":1080,"url":"https:\/\/www.copealcoy.es\/wp-content\/uploads\/2024\/02\/unnamed-1-20-scaled.jpg","type":"image\/jpeg"}],"author":"Cope Alcoy","twitter_misc":{"Escrito por":"Cope Alcoy","Tiempo de lectura":"2 minutos"},"schema":{"@context":"https:\/\/schema.org","@graph":[{"@type":"Article","@id":"https:\/\/www.copealcoy.es\/es\/sant-jordi-recuperara-su-estado-original-antes-de-regresar-a-la-rosaleda\/#article","isPartOf":{"@id":"https:\/\/www.copealcoy.es\/es\/sant-jordi-recuperara-su-estado-original-antes-de-regresar-a-la-rosaleda\/"},"author":{"name":"Cope Alcoy","@id":"https:\/\/www.copealcoy.es\/es\/#\/schema\/person\/e777c87fa024e57d40170af9df39882c"},"headline":"Sant Jordi recuperar\u00e1 su estado original antes de regresar a La Rosaleda","datePublished":"2024-04-05T14:08:17+00:00","dateModified":"2024-04-05T14:11:01+00:00","mainEntityOfPage":{"@id":"https:\/\/www.copealcoy.es\/es\/sant-jordi-recuperara-su-estado-original-antes-de-regresar-a-la-rosaleda\/"},"wordCount":361,"commentCount":0,"image":{"@id":"https:\/\/www.copealcoy.es\/es\/sant-jordi-recuperara-su-estado-original-antes-de-regresar-a-la-rosaleda\/#primaryimage"},"thumbnailUrl":"https:\/\/www.copealcoy.es\/wp-content\/uploads\/2024\/02\/unnamed-1-20-scaled.jpg","keywords":["Alcoy","Licitaci\u00f3n","Monumento de San Jorge","Restauraci\u00f3n"],"articleSection":["Actualidad","Alcoy","Noticias","Portada"],"inLanguage":"es"},{"@type":"WebPage","@id":"https:\/\/www.copealcoy.es\/es\/sant-jordi-recuperara-su-estado-original-antes-de-regresar-a-la-rosaleda\/","url":"https:\/\/www.copealcoy.es\/es\/sant-jordi-recuperara-su-estado-original-antes-de-regresar-a-la-rosaleda\/","name":"Sant Jordi recuperar\u00e1 su estado original antes de regresar a La Rosaleda - COPE Alcoy","isPartOf":{"@id":"https:\/\/www.copealcoy.es\/es\/#website"},"primaryImageOfPage":{"@id":"https:\/\/www.copealcoy.es\/es\/sant-jordi-recuperara-su-estado-original-antes-de-regresar-a-la-rosaleda\/#primaryimage"},"image":{"@id":"https:\/\/www.copealcoy.es\/es\/sant-jordi-recuperara-su-estado-original-antes-de-regresar-a-la-rosaleda\/#primaryimage"},"thumbnailUrl":"https:\/\/www.copealcoy.es\/wp-content\/uploads\/2024\/02\/unnamed-1-20-scaled.jpg","datePublished":"2024-04-05T14:08:17+00:00","dateModified":"2024-04-05T14:11:01+00:00","author":{"@id":"https:\/\/www.copealcoy.es\/es\/#\/schema\/person\/e777c87fa024e57d40170af9df39882c"},"description":"El Ayuntamiento de Alcoy ha dado un paso importante al aprobar el expediente de contrataci\u00f3n que permitir\u00e1 la restauraci\u00f3n del conjunto escult\u00f3rico de Sant Jordi","breadcrumb":{"@id":"https:\/\/www.copealcoy.es\/es\/sant-jordi-recuperara-su-estado-original-antes-de-regresar-a-la-rosaleda\/#breadcrumb"},"inLanguage":"es","potentialAction":[{"@type":"ReadAction","target":["https:\/\/www.copealcoy.es\/es\/sant-jordi-recuperara-su-estado-original-antes-de-regresar-a-la-rosaleda\/"]}]},{"@type":"ImageObject","inLanguage":"es","@id":"https:\/\/www.copealcoy.es\/es\/sant-jordi-recuperara-su-estado-original-antes-de-regresar-a-la-rosaleda\/#primaryimage","url":"https:\/\/www.copealcoy.es\/wp-content\/uploads\/2024\/02\/unnamed-1-20-scaled.jpg","contentUrl":"https:\/\/www.copealcoy.es\/wp-content\/uploads\/2024\/02\/unnamed-1-20-scaled.jpg","width":1612,"height":1080},{"@type":"BreadcrumbList","@id":"https:\/\/www.copealcoy.es\/es\/sant-jordi-recuperara-su-estado-original-antes-de-regresar-a-la-rosaleda\/#breadcrumb","itemListElement":[{"@type":"ListItem","position":1,"name":"Portada","item":"https:\/\/www.copealcoy.es\/es\/"},{"@type":"ListItem","position":2,"name":"Sant Jordi recuperar\u00e1 su estado original antes de regresar a La Rosaleda"}]},{"@type":"WebSite","@id":"https:\/\/www.copealcoy.es\/es\/#website","url":"https:\/\/www.copealcoy.es\/es\/","name":"COPE Alcoy","description":"Emisora COPE de radio local con emisi\u00f3n online. Pont de Sant Jordi 8-10 03803 Alcoy","potentialAction":[{"@type":"SearchAction","target":{"@type":"EntryPoint","urlTemplate":"https:\/\/www.copealcoy.es\/es\/?s={search_term_string}"},"query-input":{"@type":"PropertyValueSpecification","valueRequired":true,"valueName":"search_term_string"}}],"inLanguage":"es"},{"@type":"Person","@id":"https:\/\/www.copealcoy.es\/es\/#\/schema\/person\/e777c87fa024e57d40170af9df39882c","name":"Cope Alcoy","image":{"@type":"ImageObject","inLanguage":"es","@id":"https:\/\/secure.gravatar.com\/avatar\/bb65d0283347e303893ba14f0692005417c1e0e690a325a4c5d8bb2b3943ee14?s=96&d=mm&r=g","url":"https:\/\/secure.gravatar.com\/avatar\/bb65d0283347e303893ba14f0692005417c1e0e690a325a4c5d8bb2b3943ee14?s=96&d=mm&r=g","contentUrl":"https:\/\/secure.gravatar.com\/avatar\/bb65d0283347e303893ba14f0692005417c1e0e690a325a4c5d8bb2b3943ee14?s=96&d=mm&r=g","caption":"Cope Alcoy"}}]}},"_links":{"self":[{"href":"https:\/\/www.copealcoy.es\/es\/wp-json\/wp\/v2\/posts\/131612","targetHints":{"allow":["GET"]}}],"collection":[{"href":"https:\/\/www.copealcoy.es\/es\/wp-json\/wp\/v2\/posts"}],"about":[{"href":"https:\/\/www.copealcoy.es\/es\/wp-json\/wp\/v2\/types\/post"}],"author":[{"embeddable":true,"href":"https:\/\/www.copealcoy.es\/es\/wp-json\/wp\/v2\/users\/1"}],"replies":[{"embeddable":true,"href":"https:\/\/www.copealcoy.es\/es\/wp-json\/wp\/v2\/comments?post=131612"}],"version-history":[{"count":0,"href":"https:\/\/www.copealcoy.es\/es\/wp-json\/wp\/v2\/posts\/131612\/revisions"}],"wp:featuredmedia":[{"embeddable":true,"href":"https:\/\/www.copealcoy.es\/es\/wp-json\/wp\/v2\/media\/129581"}],"wp:attachment":[{"href":"https:\/\/www.copealcoy.es\/es\/wp-json\/wp\/v2\/media?parent=131612"}],"wp:term":[{"taxonomy":"category","embeddable":true,"href":"https:\/\/www.copealcoy.es\/es\/wp-json\/wp\/v2\/categories?post=131612"},{"taxonomy":"post_tag","embeddable":true,"href":"https:\/\/www.copealcoy.es\/es\/wp-json\/wp\/v2\/tags?post=131612"}],"curies":[{"name":"wp","href":"https:\/\/api.w.org\/{rel}","templated":true}]}}