{"id":13157,"date":"2015-05-18T18:32:05","date_gmt":"2015-05-18T18:32:05","guid":{"rendered":"http:\/\/copealcoi.es\/new\/?p=13157"},"modified":"2015-05-18T18:36:00","modified_gmt":"2015-05-18T18:36:00","slug":"presentada-una-nueva-edicion-de-la-festa-del-llibre-de-muro","status":"publish","type":"post","link":"https:\/\/www.copealcoy.es\/es\/presentada-una-nueva-edicion-de-la-festa-del-llibre-de-muro\/","title":{"rendered":"Presentada una nueva edici\u00f3n de la Festa del Llibre de Muro"},"content":{"rendered":"<p style=\"text-align: justify;\">El Sal\u00f3n de Plenos del Ayuntamiento de Muro ha servido de escenario este lunes para la presentaci\u00f3n de la veinte edici\u00f3n de la Festa del Llibre que se desarrollar\u00e1 del 25 al 30 de mayo. El Certamen aumenta este a\u00f1o su duraci\u00f3n y pretende rendir un homenaje a todas las personas que lo han hecho posible durante este tiempo &#8220;haremos una Festa m\u00e1s larga y queremos tambi\u00e9n hacer gui\u00f1os a la historia para recordar este aniversario tan importante&#8221;, ha explicado el edil de Cultura, Alex Llopis.<\/p>\n<p style=\"text-align: justify;\">La programaci\u00f3n de la Festa del Llibre dar\u00e1 inicio el lunes 25 con una conferencia impartida por C\u00e9sar P\u00e9rez Guilleda y que se titula\u00a0<em>La ficci\u00f3n en un mundo realista.\u00a0<\/em>Al d\u00eda siguiente ser\u00e1 el turno de Joaqu\u00edn Camps con\u00a0<i>Realista i\u00a0ficci\u00f3\u00a0<\/i>mientras \u00a0que el mi\u00e9rcoles llegar\u00e1 uno de los atractivos de esta edici\u00f3n, la presencia de la escritora alcoyana Isabel Clara &#8211; Sim\u00f3, que presentar\u00e1 su ponencia\u00a0<em>El\u00a0gust de\u00a0<\/em><i>llegir i el\u00a0plaer d\u00b4\u00a0escriure.\u00a0<\/i>Ya el jueves llegar\u00e1 hasta Muro Lorenzo Silva con su charla\u00a0<em>Bevilacqua o el\u00a0nou perfil de la novel-la policial\u00a0<\/em>mientras que el viernes cerrar\u00e1 las intervenciones Benjam\u00edn Prado con\u00a0<em>Can\u00e7ons,\u00a0poemes i d\u00b4altres\u00a0<\/em><i>realitats.\u00a0<\/i>Todas estas actividades se llevar\u00e1n a cabo en la Biblioteca Municipal a partir de las ocho y media de la tarde &#8220;aunque el s\u00e1bado a las 11:30h concluiremos con una mesa redonda en la que intervendr\u00e1n escritores de la comarca como Josep Mart\u00ednez, Juan Francisco Ferr\u00e1ndiz y Silvestre Vilaplana que analizar\u00e1n la realidad literaria valenciana&#8221;, ha explicado Carmina Prats, responsable de la Biblioteca.<\/p>\n<p style=\"text-align: justify;\">Indicar que los Centros Escolares tambi\u00e9n se sumar\u00e1n con diferentes propuestas y que el viernes 29 de mayo la Pla\u00e7a del Matzem acoger\u00e1 una muestra de las librer\u00edas del municipio as\u00ed como la entrega de premios del XX Concurso de Literatura Infantil y Juvenil. La jornada contar\u00e1 tambi\u00e9n con una merienda, cuentacuentos y una rondalla teatralizada. Por \u00faltimo el s\u00e1bado 30 se desarrollar\u00e1 la representaci\u00f3n teatral\u00a0<i>Boulevard\u00a0<\/i>a cargo de Poquel\u00edn Teatre a partir de las siete y media de la tarde.<\/p>\n","protected":false},"excerpt":{"rendered":"<p>El Sal\u00f3n de Plenos del Ayuntamiento de Muro ha servido de escenario este lunes para la presentaci\u00f3n de la veinte&#8230;<\/p>\n","protected":false},"author":1,"featured_media":13160,"comment_status":"open","ping_status":"open","sticky":false,"template":"","format":"standard","meta":{"footnotes":""},"categories":[98,75],"tags":[237,414,1028,135],"class_list":["post-13157","post","type-post","status-publish","format-standard","has-post-thumbnail","hentry","category-comarcas","category-noticias","tag-comtat","tag-cultura","tag-llibre","tag-muro"],"yoast_head":"<!-- This site is optimized with the Yoast SEO plugin v27.3 - https:\/\/yoast.com\/product\/yoast-seo-wordpress\/ -->\n<title>Presentada una nueva edici\u00f3n de la Festa del Llibre de Muro - COPE Alcoy<\/title>\n<meta name=\"robots\" content=\"index, follow, max-snippet:-1, max-image-preview:large, max-video-preview:-1\" \/>\n<link rel=\"canonical\" href=\"https:\/\/www.copealcoy.es\/es\/presentada-una-nueva-edicion-de-la-festa-del-llibre-de-muro\/\" \/>\n<meta property=\"og:locale\" content=\"es_ES\" \/>\n<meta property=\"og:type\" content=\"article\" \/>\n<meta property=\"og:title\" content=\"Presentada una nueva edici\u00f3n de la Festa del Llibre de Muro - COPE Alcoy\" \/>\n<meta property=\"og:description\" content=\"El Sal\u00f3n de Plenos del Ayuntamiento de Muro ha servido de escenario este lunes para la presentaci\u00f3n de la veinte...\" \/>\n<meta property=\"og:url\" content=\"https:\/\/www.copealcoy.es\/es\/presentada-una-nueva-edicion-de-la-festa-del-llibre-de-muro\/\" \/>\n<meta property=\"og:site_name\" content=\"COPE Alcoy\" \/>\n<meta property=\"article:published_time\" content=\"2015-05-18T18:32:05+00:00\" \/>\n<meta property=\"article:modified_time\" content=\"2015-05-18T18:36:00+00:00\" \/>\n<meta property=\"og:image\" content=\"https:\/\/www.copealcoy.es\/wp-content\/uploads\/2015\/05\/Alex-LLopis-y-Carmina-prats-en-la-presentaci\u00f3n-de-la-Festa-del-LLibre.jpg\" \/>\n\t<meta property=\"og:image:width\" content=\"2158\" \/>\n\t<meta property=\"og:image:height\" content=\"1348\" \/>\n\t<meta property=\"og:image:type\" content=\"image\/jpeg\" \/>\n<meta name=\"author\" content=\"Cope Alcoy\" \/>\n<meta name=\"twitter:label1\" content=\"Escrito por\" \/>\n\t<meta name=\"twitter:data1\" content=\"Cope Alcoy\" \/>\n\t<meta name=\"twitter:label2\" content=\"Tiempo de lectura\" \/>\n\t<meta name=\"twitter:data2\" content=\"2 minutos\" \/>\n<script type=\"application\/ld+json\" class=\"yoast-schema-graph\">{\"@context\":\"https:\\\/\\\/schema.org\",\"@graph\":[{\"@type\":\"Article\",\"@id\":\"https:\\\/\\\/www.copealcoy.es\\\/es\\\/presentada-una-nueva-edicion-de-la-festa-del-llibre-de-muro\\\/#article\",\"isPartOf\":{\"@id\":\"https:\\\/\\\/www.copealcoy.es\\\/es\\\/presentada-una-nueva-edicion-de-la-festa-del-llibre-de-muro\\\/\"},\"author\":{\"name\":\"Cope Alcoy\",\"@id\":\"https:\\\/\\\/www.copealcoy.es\\\/es\\\/#\\\/schema\\\/person\\\/e777c87fa024e57d40170af9df39882c\"},\"headline\":\"Presentada una nueva edici\u00f3n de la Festa del Llibre de Muro\",\"datePublished\":\"2015-05-18T18:32:05+00:00\",\"dateModified\":\"2015-05-18T18:36:00+00:00\",\"mainEntityOfPage\":{\"@id\":\"https:\\\/\\\/www.copealcoy.es\\\/es\\\/presentada-una-nueva-edicion-de-la-festa-del-llibre-de-muro\\\/\"},\"wordCount\":384,\"commentCount\":0,\"image\":{\"@id\":\"https:\\\/\\\/www.copealcoy.es\\\/es\\\/presentada-una-nueva-edicion-de-la-festa-del-llibre-de-muro\\\/#primaryimage\"},\"thumbnailUrl\":\"https:\\\/\\\/www.copealcoy.es\\\/wp-content\\\/uploads\\\/2015\\\/05\\\/Alex-LLopis-y-Carmina-prats-en-la-presentaci\u00f3n-de-la-Festa-del-LLibre.jpg\",\"keywords\":[\"Comtat\",\"Cultura\",\"Llibre\",\"Muro\"],\"articleSection\":[\"Comarcas\",\"Noticias\"],\"inLanguage\":\"es\"},{\"@type\":\"WebPage\",\"@id\":\"https:\\\/\\\/www.copealcoy.es\\\/es\\\/presentada-una-nueva-edicion-de-la-festa-del-llibre-de-muro\\\/\",\"url\":\"https:\\\/\\\/www.copealcoy.es\\\/es\\\/presentada-una-nueva-edicion-de-la-festa-del-llibre-de-muro\\\/\",\"name\":\"Presentada una nueva edici\u00f3n de la Festa del Llibre de Muro - COPE Alcoy\",\"isPartOf\":{\"@id\":\"https:\\\/\\\/www.copealcoy.es\\\/es\\\/#website\"},\"primaryImageOfPage\":{\"@id\":\"https:\\\/\\\/www.copealcoy.es\\\/es\\\/presentada-una-nueva-edicion-de-la-festa-del-llibre-de-muro\\\/#primaryimage\"},\"image\":{\"@id\":\"https:\\\/\\\/www.copealcoy.es\\\/es\\\/presentada-una-nueva-edicion-de-la-festa-del-llibre-de-muro\\\/#primaryimage\"},\"thumbnailUrl\":\"https:\\\/\\\/www.copealcoy.es\\\/wp-content\\\/uploads\\\/2015\\\/05\\\/Alex-LLopis-y-Carmina-prats-en-la-presentaci\u00f3n-de-la-Festa-del-LLibre.jpg\",\"datePublished\":\"2015-05-18T18:32:05+00:00\",\"dateModified\":\"2015-05-18T18:36:00+00:00\",\"author\":{\"@id\":\"https:\\\/\\\/www.copealcoy.es\\\/es\\\/#\\\/schema\\\/person\\\/e777c87fa024e57d40170af9df39882c\"},\"breadcrumb\":{\"@id\":\"https:\\\/\\\/www.copealcoy.es\\\/es\\\/presentada-una-nueva-edicion-de-la-festa-del-llibre-de-muro\\\/#breadcrumb\"},\"inLanguage\":\"es\",\"potentialAction\":[{\"@type\":\"ReadAction\",\"target\":[\"https:\\\/\\\/www.copealcoy.es\\\/es\\\/presentada-una-nueva-edicion-de-la-festa-del-llibre-de-muro\\\/\"]}]},{\"@type\":\"ImageObject\",\"inLanguage\":\"es\",\"@id\":\"https:\\\/\\\/www.copealcoy.es\\\/es\\\/presentada-una-nueva-edicion-de-la-festa-del-llibre-de-muro\\\/#primaryimage\",\"url\":\"https:\\\/\\\/www.copealcoy.es\\\/wp-content\\\/uploads\\\/2015\\\/05\\\/Alex-LLopis-y-Carmina-prats-en-la-presentaci\u00f3n-de-la-Festa-del-LLibre.jpg\",\"contentUrl\":\"https:\\\/\\\/www.copealcoy.es\\\/wp-content\\\/uploads\\\/2015\\\/05\\\/Alex-LLopis-y-Carmina-prats-en-la-presentaci\u00f3n-de-la-Festa-del-LLibre.jpg\",\"width\":1729,\"height\":1080,\"caption\":\"Carmina Prats y \u00c1lex Llopis en la presentaci\u00f3n de la Festa del Llibre\"},{\"@type\":\"BreadcrumbList\",\"@id\":\"https:\\\/\\\/www.copealcoy.es\\\/es\\\/presentada-una-nueva-edicion-de-la-festa-del-llibre-de-muro\\\/#breadcrumb\",\"itemListElement\":[{\"@type\":\"ListItem\",\"position\":1,\"name\":\"Portada\",\"item\":\"https:\\\/\\\/www.copealcoy.es\\\/es\\\/\"},{\"@type\":\"ListItem\",\"position\":2,\"name\":\"Presentada una nueva edici\u00f3n de la Festa del Llibre de Muro\"}]},{\"@type\":\"WebSite\",\"@id\":\"https:\\\/\\\/www.copealcoy.es\\\/es\\\/#website\",\"url\":\"https:\\\/\\\/www.copealcoy.es\\\/es\\\/\",\"name\":\"COPE Alcoy\",\"description\":\"Emisora COPE de radio local con emisi\u00f3n online. Pont de Sant Jordi 8-10 03803 Alcoy\",\"potentialAction\":[{\"@type\":\"SearchAction\",\"target\":{\"@type\":\"EntryPoint\",\"urlTemplate\":\"https:\\\/\\\/www.copealcoy.es\\\/es\\\/?s={search_term_string}\"},\"query-input\":{\"@type\":\"PropertyValueSpecification\",\"valueRequired\":true,\"valueName\":\"search_term_string\"}}],\"inLanguage\":\"es\"},{\"@type\":\"Person\",\"@id\":\"https:\\\/\\\/www.copealcoy.es\\\/es\\\/#\\\/schema\\\/person\\\/e777c87fa024e57d40170af9df39882c\",\"name\":\"Cope Alcoy\",\"image\":{\"@type\":\"ImageObject\",\"inLanguage\":\"es\",\"@id\":\"https:\\\/\\\/secure.gravatar.com\\\/avatar\\\/bb65d0283347e303893ba14f0692005417c1e0e690a325a4c5d8bb2b3943ee14?s=96&d=mm&r=g\",\"url\":\"https:\\\/\\\/secure.gravatar.com\\\/avatar\\\/bb65d0283347e303893ba14f0692005417c1e0e690a325a4c5d8bb2b3943ee14?s=96&d=mm&r=g\",\"contentUrl\":\"https:\\\/\\\/secure.gravatar.com\\\/avatar\\\/bb65d0283347e303893ba14f0692005417c1e0e690a325a4c5d8bb2b3943ee14?s=96&d=mm&r=g\",\"caption\":\"Cope Alcoy\"}}]}<\/script>\n<!-- \/ Yoast SEO plugin. -->","yoast_head_json":{"title":"Presentada una nueva edici\u00f3n de la Festa del Llibre de Muro - COPE Alcoy","robots":{"index":"index","follow":"follow","max-snippet":"max-snippet:-1","max-image-preview":"max-image-preview:large","max-video-preview":"max-video-preview:-1"},"canonical":"https:\/\/www.copealcoy.es\/es\/presentada-una-nueva-edicion-de-la-festa-del-llibre-de-muro\/","og_locale":"es_ES","og_type":"article","og_title":"Presentada una nueva edici\u00f3n de la Festa del Llibre de Muro - COPE Alcoy","og_description":"El Sal\u00f3n de Plenos del Ayuntamiento de Muro ha servido de escenario este lunes para la presentaci\u00f3n de la veinte...","og_url":"https:\/\/www.copealcoy.es\/es\/presentada-una-nueva-edicion-de-la-festa-del-llibre-de-muro\/","og_site_name":"COPE Alcoy","article_published_time":"2015-05-18T18:32:05+00:00","article_modified_time":"2015-05-18T18:36:00+00:00","og_image":[{"width":2158,"height":1348,"url":"https:\/\/www.copealcoy.es\/wp-content\/uploads\/2015\/05\/Alex-LLopis-y-Carmina-prats-en-la-presentaci\u00f3n-de-la-Festa-del-LLibre.jpg","type":"image\/jpeg"}],"author":"Cope Alcoy","twitter_misc":{"Escrito por":"Cope Alcoy","Tiempo de lectura":"2 minutos"},"schema":{"@context":"https:\/\/schema.org","@graph":[{"@type":"Article","@id":"https:\/\/www.copealcoy.es\/es\/presentada-una-nueva-edicion-de-la-festa-del-llibre-de-muro\/#article","isPartOf":{"@id":"https:\/\/www.copealcoy.es\/es\/presentada-una-nueva-edicion-de-la-festa-del-llibre-de-muro\/"},"author":{"name":"Cope Alcoy","@id":"https:\/\/www.copealcoy.es\/es\/#\/schema\/person\/e777c87fa024e57d40170af9df39882c"},"headline":"Presentada una nueva edici\u00f3n de la Festa del Llibre de Muro","datePublished":"2015-05-18T18:32:05+00:00","dateModified":"2015-05-18T18:36:00+00:00","mainEntityOfPage":{"@id":"https:\/\/www.copealcoy.es\/es\/presentada-una-nueva-edicion-de-la-festa-del-llibre-de-muro\/"},"wordCount":384,"commentCount":0,"image":{"@id":"https:\/\/www.copealcoy.es\/es\/presentada-una-nueva-edicion-de-la-festa-del-llibre-de-muro\/#primaryimage"},"thumbnailUrl":"https:\/\/www.copealcoy.es\/wp-content\/uploads\/2015\/05\/Alex-LLopis-y-Carmina-prats-en-la-presentaci\u00f3n-de-la-Festa-del-LLibre.jpg","keywords":["Comtat","Cultura","Llibre","Muro"],"articleSection":["Comarcas","Noticias"],"inLanguage":"es"},{"@type":"WebPage","@id":"https:\/\/www.copealcoy.es\/es\/presentada-una-nueva-edicion-de-la-festa-del-llibre-de-muro\/","url":"https:\/\/www.copealcoy.es\/es\/presentada-una-nueva-edicion-de-la-festa-del-llibre-de-muro\/","name":"Presentada una nueva edici\u00f3n de la Festa del Llibre de Muro - COPE Alcoy","isPartOf":{"@id":"https:\/\/www.copealcoy.es\/es\/#website"},"primaryImageOfPage":{"@id":"https:\/\/www.copealcoy.es\/es\/presentada-una-nueva-edicion-de-la-festa-del-llibre-de-muro\/#primaryimage"},"image":{"@id":"https:\/\/www.copealcoy.es\/es\/presentada-una-nueva-edicion-de-la-festa-del-llibre-de-muro\/#primaryimage"},"thumbnailUrl":"https:\/\/www.copealcoy.es\/wp-content\/uploads\/2015\/05\/Alex-LLopis-y-Carmina-prats-en-la-presentaci\u00f3n-de-la-Festa-del-LLibre.jpg","datePublished":"2015-05-18T18:32:05+00:00","dateModified":"2015-05-18T18:36:00+00:00","author":{"@id":"https:\/\/www.copealcoy.es\/es\/#\/schema\/person\/e777c87fa024e57d40170af9df39882c"},"breadcrumb":{"@id":"https:\/\/www.copealcoy.es\/es\/presentada-una-nueva-edicion-de-la-festa-del-llibre-de-muro\/#breadcrumb"},"inLanguage":"es","potentialAction":[{"@type":"ReadAction","target":["https:\/\/www.copealcoy.es\/es\/presentada-una-nueva-edicion-de-la-festa-del-llibre-de-muro\/"]}]},{"@type":"ImageObject","inLanguage":"es","@id":"https:\/\/www.copealcoy.es\/es\/presentada-una-nueva-edicion-de-la-festa-del-llibre-de-muro\/#primaryimage","url":"https:\/\/www.copealcoy.es\/wp-content\/uploads\/2015\/05\/Alex-LLopis-y-Carmina-prats-en-la-presentaci\u00f3n-de-la-Festa-del-LLibre.jpg","contentUrl":"https:\/\/www.copealcoy.es\/wp-content\/uploads\/2015\/05\/Alex-LLopis-y-Carmina-prats-en-la-presentaci\u00f3n-de-la-Festa-del-LLibre.jpg","width":1729,"height":1080,"caption":"Carmina Prats y \u00c1lex Llopis en la presentaci\u00f3n de la Festa del Llibre"},{"@type":"BreadcrumbList","@id":"https:\/\/www.copealcoy.es\/es\/presentada-una-nueva-edicion-de-la-festa-del-llibre-de-muro\/#breadcrumb","itemListElement":[{"@type":"ListItem","position":1,"name":"Portada","item":"https:\/\/www.copealcoy.es\/es\/"},{"@type":"ListItem","position":2,"name":"Presentada una nueva edici\u00f3n de la Festa del Llibre de Muro"}]},{"@type":"WebSite","@id":"https:\/\/www.copealcoy.es\/es\/#website","url":"https:\/\/www.copealcoy.es\/es\/","name":"COPE Alcoy","description":"Emisora COPE de radio local con emisi\u00f3n online. Pont de Sant Jordi 8-10 03803 Alcoy","potentialAction":[{"@type":"SearchAction","target":{"@type":"EntryPoint","urlTemplate":"https:\/\/www.copealcoy.es\/es\/?s={search_term_string}"},"query-input":{"@type":"PropertyValueSpecification","valueRequired":true,"valueName":"search_term_string"}}],"inLanguage":"es"},{"@type":"Person","@id":"https:\/\/www.copealcoy.es\/es\/#\/schema\/person\/e777c87fa024e57d40170af9df39882c","name":"Cope Alcoy","image":{"@type":"ImageObject","inLanguage":"es","@id":"https:\/\/secure.gravatar.com\/avatar\/bb65d0283347e303893ba14f0692005417c1e0e690a325a4c5d8bb2b3943ee14?s=96&d=mm&r=g","url":"https:\/\/secure.gravatar.com\/avatar\/bb65d0283347e303893ba14f0692005417c1e0e690a325a4c5d8bb2b3943ee14?s=96&d=mm&r=g","contentUrl":"https:\/\/secure.gravatar.com\/avatar\/bb65d0283347e303893ba14f0692005417c1e0e690a325a4c5d8bb2b3943ee14?s=96&d=mm&r=g","caption":"Cope Alcoy"}}]}},"_links":{"self":[{"href":"https:\/\/www.copealcoy.es\/es\/wp-json\/wp\/v2\/posts\/13157","targetHints":{"allow":["GET"]}}],"collection":[{"href":"https:\/\/www.copealcoy.es\/es\/wp-json\/wp\/v2\/posts"}],"about":[{"href":"https:\/\/www.copealcoy.es\/es\/wp-json\/wp\/v2\/types\/post"}],"author":[{"embeddable":true,"href":"https:\/\/www.copealcoy.es\/es\/wp-json\/wp\/v2\/users\/1"}],"replies":[{"embeddable":true,"href":"https:\/\/www.copealcoy.es\/es\/wp-json\/wp\/v2\/comments?post=13157"}],"version-history":[{"count":0,"href":"https:\/\/www.copealcoy.es\/es\/wp-json\/wp\/v2\/posts\/13157\/revisions"}],"wp:featuredmedia":[{"embeddable":true,"href":"https:\/\/www.copealcoy.es\/es\/wp-json\/wp\/v2\/media\/13160"}],"wp:attachment":[{"href":"https:\/\/www.copealcoy.es\/es\/wp-json\/wp\/v2\/media?parent=13157"}],"wp:term":[{"taxonomy":"category","embeddable":true,"href":"https:\/\/www.copealcoy.es\/es\/wp-json\/wp\/v2\/categories?post=13157"},{"taxonomy":"post_tag","embeddable":true,"href":"https:\/\/www.copealcoy.es\/es\/wp-json\/wp\/v2\/tags?post=13157"}],"curies":[{"name":"wp","href":"https:\/\/api.w.org\/{rel}","templated":true}]}}