{"id":131555,"date":"2024-04-04T07:40:34","date_gmt":"2024-04-04T06:40:34","guid":{"rendered":"https:\/\/www.copealcoy.es\/?p=131555"},"modified":"2024-04-04T12:40:07","modified_gmt":"2024-04-04T11:40:07","slug":"cocentaina-aprueba-un-presupuesto-de-mas-de-12-millones-para-2024","status":"publish","type":"post","link":"https:\/\/www.copealcoy.es\/es\/cocentaina-aprueba-un-presupuesto-de-mas-de-12-millones-para-2024\/","title":{"rendered":"Cocentaina aprueba un Presupuesto de m\u00e1s de 12 millones para 2024"},"content":{"rendered":"<p style=\"text-align: justify;\"><a href=\"https:\/\/www.cocentaina.es\/\" target=\"_blank\" rel=\"noopener\"><span style=\"color: #0000ff;\"><strong>Cocentaina<\/strong><\/span><\/a> ya tiene <strong>Presupuestos Municipales para 2024<\/strong>, unas cuentas que <strong>superan los 12 millones de euros<\/strong> y que <strong>fueron aprobadas en un pleno extraordinario<\/strong> celebrado en el Ayuntamiento de la Villa Condal a primera hora de la ma\u00f1ana del Jueves Santo. El equipo de gobierno, <strong>formado por PSPV y Comprom\u00eds<\/strong>, dio respaldo al citado Presupuesto mientras que el <strong>Partido Popular<\/strong> vot\u00f3 en contra y desde <strong>VOX<\/strong> se abstuvieron.<\/p>\n<p style=\"text-align: justify;\">Cabe destacar que los n\u00fameros planificados para este a\u00f1o<strong> suponen un\u00a0 7% m\u00e1s con respecto al 2023<\/strong>, lo cual representa unos 830.000 euros, y detr\u00e1s de este incremento destacan <strong>los gastos de personal<\/strong> que han subido un 5% debido al aumento de salarios, la contrataci\u00f3n de personal esencial o la apuesta por la ocupaci\u00f3n p\u00fablica en vez de recurrir a servicios externos para cubrir plazas como las de socorrista en la piscina municipal. Todo ello supone m\u00e1s de 287.000 euros. Al margen de esto, s<strong>e han destinado 20.000 euros a la nueva partida de N\u00facleo Hist\u00f3rico<\/strong> y <strong>se ha contemplado ampliar las prestaciones<\/strong> para la gesti\u00f3n de residuos, la Fira de Tots Sants, el Servicio de Ayuda a Domicilio o el Programa de Menjar a Casa. En materia de <strong>inversiones<\/strong> destaca la remodelaci\u00f3n interior del Centre Cultural El Teular o la adecuaci\u00f3n de la Avinguda de les Moreres mientras que <strong>casi 3&#8217;7 millones se destinan a sufragar los costes de la luz<\/strong> a ra\u00edz del acuerdo energ\u00e9tico que tiene suscrito el Consistorio con la Diputaci\u00f3n de Alicante y que caduca en este 2024 &#8220;s<em>e ha tenido que hacer un aut\u00e9ntico encaje de bolillos para cubrir todas las necesidades del Ayuntamiento y compaginarlo con el gasto que supone este contrato<\/em>&#8220;, manifest\u00f3 la edil de Hacienda; <strong>Marisa Abad<\/strong>.<\/p>\n<p style=\"text-align: justify;\">Para el alcalde de la capital del Comtat, el Presupuesto aprobado <strong>es ajustado<\/strong> al igual que remarc\u00f3 en el pleno que el Gobierno Local<strong> ha buscado el m\u00e1ximo consenso<\/strong> de cara a sacarlo adelante. En este sentido apunt\u00f3 que para la elaboraci\u00f3n del documento <strong>se dio participaci\u00f3n<\/strong> a los grupos de la oposici\u00f3n y a la Asociaci\u00f3n de Vecinos &#8220;<em>es un presupuesto que apuesta claramente por los servicios p\u00fablicos y para garantizar la igualdad de oportunidades y la dinamizaci\u00f3n social, econ\u00f3mica y cultural de Cocentaina<\/em>&#8220;, dijo <strong>Jordi Pla<\/strong>.<\/p>\n<p style=\"text-align: justify;\">Desde el <strong>PP justificaron su voto en contra<\/strong> se\u00f1alando que no era un Presupuesto &#8220;<em>ambicioso&#8221; <\/em>y aseguraron que con el mismo <em>&#8220;Cocentaina queda inmersa en una profunda par\u00e1lisis ya que apenas se contemplan inversiones e incluso se est\u00e1n dejando perder subvenciones de organismo como la Diputaci\u00f3n de Alicante<\/em>&#8220;, espet\u00f3 el portavoz de la formaci\u00f3n; <strong>Borja Jornet<\/strong>. Por \u00faltimo <strong>VOX<\/strong> lament\u00f3 que no se hubieran contemplado cuestiones como m\u00e1s apoyo econ\u00f3mico para el mantenimiento del pueblo o la revitalizaci\u00f3n de los barrios del Raval y la Vila seg\u00fan manifest\u00f3 la l\u00edder del partido; <strong>Victoria Fern\u00e1ndez<\/strong>.<\/p>\n","protected":false},"excerpt":{"rendered":"<p>Cocentaina ya tiene Presupuestos Municipales para 2024, unas cuentas que superan los 12 millones de euros y que fueron aprobadas&#8230;<\/p>\n","protected":false},"author":1,"featured_media":131556,"comment_status":"open","ping_status":"open","sticky":false,"template":"","format":"standard","meta":{"footnotes":""},"categories":[6909,98,75],"tags":[12752,276,132,1572],"class_list":["post-131555","post","type-post","status-publish","format-standard","has-post-thumbnail","hentry","category-actualidad","category-comarcas","category-noticias","tag-12752","tag-aprobacion","tag-cocentaina","tag-presupuestos-municipales"],"yoast_head":"<!-- This site is optimized with the Yoast SEO plugin v27.3 - https:\/\/yoast.com\/product\/yoast-seo-wordpress\/ -->\n<title>Cocentaina aprueba un Presupuesto de m\u00e1s de 12 millones para 2024 - COPE Alcoy<\/title>\n<meta name=\"description\" content=\"Cocentaina ya tiene Presupuestos Municipales para 2024, unas cuentas que superan los 12 millones de euros y se incrementan\" \/>\n<meta name=\"robots\" content=\"index, follow, max-snippet:-1, max-image-preview:large, max-video-preview:-1\" \/>\n<link rel=\"canonical\" href=\"https:\/\/www.copealcoy.es\/es\/cocentaina-aprueba-un-presupuesto-de-mas-de-12-millones-para-2024\/\" \/>\n<meta property=\"og:locale\" content=\"es_ES\" \/>\n<meta property=\"og:type\" content=\"article\" \/>\n<meta property=\"og:title\" content=\"Cocentaina aprueba un Presupuesto de m\u00e1s de 12 millones para 2024 - COPE Alcoy\" \/>\n<meta property=\"og:description\" content=\"Cocentaina ya tiene Presupuestos Municipales para 2024, unas cuentas que superan los 12 millones de euros y se incrementan\" \/>\n<meta property=\"og:url\" content=\"https:\/\/www.copealcoy.es\/es\/cocentaina-aprueba-un-presupuesto-de-mas-de-12-millones-para-2024\/\" \/>\n<meta property=\"og:site_name\" content=\"COPE Alcoy\" \/>\n<meta property=\"article:published_time\" content=\"2024-04-04T06:40:34+00:00\" \/>\n<meta property=\"article:modified_time\" content=\"2024-04-04T11:40:07+00:00\" \/>\n<meta property=\"og:image\" content=\"https:\/\/www.copealcoy.es\/wp-content\/uploads\/2024\/04\/Votacio-dels-pressupostos.jpg\" \/>\n\t<meta property=\"og:image:width\" content=\"1440\" \/>\n\t<meta property=\"og:image:height\" content=\"1080\" \/>\n\t<meta property=\"og:image:type\" content=\"image\/jpeg\" \/>\n<meta name=\"author\" content=\"Cope Alcoy\" \/>\n<meta name=\"twitter:label1\" content=\"Escrito por\" \/>\n\t<meta name=\"twitter:data1\" content=\"Cope Alcoy\" \/>\n\t<meta name=\"twitter:label2\" content=\"Tiempo de lectura\" \/>\n\t<meta name=\"twitter:data2\" content=\"3 minutos\" \/>\n<script type=\"application\/ld+json\" class=\"yoast-schema-graph\">{\"@context\":\"https:\\\/\\\/schema.org\",\"@graph\":[{\"@type\":\"Article\",\"@id\":\"https:\\\/\\\/www.copealcoy.es\\\/es\\\/cocentaina-aprueba-un-presupuesto-de-mas-de-12-millones-para-2024\\\/#article\",\"isPartOf\":{\"@id\":\"https:\\\/\\\/www.copealcoy.es\\\/es\\\/cocentaina-aprueba-un-presupuesto-de-mas-de-12-millones-para-2024\\\/\"},\"author\":{\"name\":\"Cope Alcoy\",\"@id\":\"https:\\\/\\\/www.copealcoy.es\\\/es\\\/#\\\/schema\\\/person\\\/e777c87fa024e57d40170af9df39882c\"},\"headline\":\"Cocentaina aprueba un Presupuesto de m\u00e1s de 12 millones para 2024\",\"datePublished\":\"2024-04-04T06:40:34+00:00\",\"dateModified\":\"2024-04-04T11:40:07+00:00\",\"mainEntityOfPage\":{\"@id\":\"https:\\\/\\\/www.copealcoy.es\\\/es\\\/cocentaina-aprueba-un-presupuesto-de-mas-de-12-millones-para-2024\\\/\"},\"wordCount\":504,\"commentCount\":0,\"image\":{\"@id\":\"https:\\\/\\\/www.copealcoy.es\\\/es\\\/cocentaina-aprueba-un-presupuesto-de-mas-de-12-millones-para-2024\\\/#primaryimage\"},\"thumbnailUrl\":\"https:\\\/\\\/www.copealcoy.es\\\/wp-content\\\/uploads\\\/2024\\\/04\\\/Votacio-dels-pressupostos.jpg\",\"keywords\":[\"2024\",\"Aprobaci\u00f3n\",\"Cocentaina\",\"Presupuestos Municipales\"],\"articleSection\":[\"Actualidad\",\"Comarcas\",\"Noticias\"],\"inLanguage\":\"es\"},{\"@type\":\"WebPage\",\"@id\":\"https:\\\/\\\/www.copealcoy.es\\\/es\\\/cocentaina-aprueba-un-presupuesto-de-mas-de-12-millones-para-2024\\\/\",\"url\":\"https:\\\/\\\/www.copealcoy.es\\\/es\\\/cocentaina-aprueba-un-presupuesto-de-mas-de-12-millones-para-2024\\\/\",\"name\":\"Cocentaina aprueba un Presupuesto de m\u00e1s de 12 millones para 2024 - COPE Alcoy\",\"isPartOf\":{\"@id\":\"https:\\\/\\\/www.copealcoy.es\\\/es\\\/#website\"},\"primaryImageOfPage\":{\"@id\":\"https:\\\/\\\/www.copealcoy.es\\\/es\\\/cocentaina-aprueba-un-presupuesto-de-mas-de-12-millones-para-2024\\\/#primaryimage\"},\"image\":{\"@id\":\"https:\\\/\\\/www.copealcoy.es\\\/es\\\/cocentaina-aprueba-un-presupuesto-de-mas-de-12-millones-para-2024\\\/#primaryimage\"},\"thumbnailUrl\":\"https:\\\/\\\/www.copealcoy.es\\\/wp-content\\\/uploads\\\/2024\\\/04\\\/Votacio-dels-pressupostos.jpg\",\"datePublished\":\"2024-04-04T06:40:34+00:00\",\"dateModified\":\"2024-04-04T11:40:07+00:00\",\"author\":{\"@id\":\"https:\\\/\\\/www.copealcoy.es\\\/es\\\/#\\\/schema\\\/person\\\/e777c87fa024e57d40170af9df39882c\"},\"description\":\"Cocentaina ya tiene Presupuestos Municipales para 2024, unas cuentas que superan los 12 millones de euros y se incrementan\",\"breadcrumb\":{\"@id\":\"https:\\\/\\\/www.copealcoy.es\\\/es\\\/cocentaina-aprueba-un-presupuesto-de-mas-de-12-millones-para-2024\\\/#breadcrumb\"},\"inLanguage\":\"es\",\"potentialAction\":[{\"@type\":\"ReadAction\",\"target\":[\"https:\\\/\\\/www.copealcoy.es\\\/es\\\/cocentaina-aprueba-un-presupuesto-de-mas-de-12-millones-para-2024\\\/\"]}]},{\"@type\":\"ImageObject\",\"inLanguage\":\"es\",\"@id\":\"https:\\\/\\\/www.copealcoy.es\\\/es\\\/cocentaina-aprueba-un-presupuesto-de-mas-de-12-millones-para-2024\\\/#primaryimage\",\"url\":\"https:\\\/\\\/www.copealcoy.es\\\/wp-content\\\/uploads\\\/2024\\\/04\\\/Votacio-dels-pressupostos.jpg\",\"contentUrl\":\"https:\\\/\\\/www.copealcoy.es\\\/wp-content\\\/uploads\\\/2024\\\/04\\\/Votacio-dels-pressupostos.jpg\",\"width\":1440,\"height\":1080},{\"@type\":\"BreadcrumbList\",\"@id\":\"https:\\\/\\\/www.copealcoy.es\\\/es\\\/cocentaina-aprueba-un-presupuesto-de-mas-de-12-millones-para-2024\\\/#breadcrumb\",\"itemListElement\":[{\"@type\":\"ListItem\",\"position\":1,\"name\":\"Portada\",\"item\":\"https:\\\/\\\/www.copealcoy.es\\\/es\\\/\"},{\"@type\":\"ListItem\",\"position\":2,\"name\":\"Cocentaina aprueba un Presupuesto de m\u00e1s de 12 millones para 2024\"}]},{\"@type\":\"WebSite\",\"@id\":\"https:\\\/\\\/www.copealcoy.es\\\/es\\\/#website\",\"url\":\"https:\\\/\\\/www.copealcoy.es\\\/es\\\/\",\"name\":\"COPE Alcoy\",\"description\":\"Emisora COPE de radio local con emisi\u00f3n online. Pont de Sant Jordi 8-10 03803 Alcoy\",\"potentialAction\":[{\"@type\":\"SearchAction\",\"target\":{\"@type\":\"EntryPoint\",\"urlTemplate\":\"https:\\\/\\\/www.copealcoy.es\\\/es\\\/?s={search_term_string}\"},\"query-input\":{\"@type\":\"PropertyValueSpecification\",\"valueRequired\":true,\"valueName\":\"search_term_string\"}}],\"inLanguage\":\"es\"},{\"@type\":\"Person\",\"@id\":\"https:\\\/\\\/www.copealcoy.es\\\/es\\\/#\\\/schema\\\/person\\\/e777c87fa024e57d40170af9df39882c\",\"name\":\"Cope Alcoy\",\"image\":{\"@type\":\"ImageObject\",\"inLanguage\":\"es\",\"@id\":\"https:\\\/\\\/secure.gravatar.com\\\/avatar\\\/bb65d0283347e303893ba14f0692005417c1e0e690a325a4c5d8bb2b3943ee14?s=96&d=mm&r=g\",\"url\":\"https:\\\/\\\/secure.gravatar.com\\\/avatar\\\/bb65d0283347e303893ba14f0692005417c1e0e690a325a4c5d8bb2b3943ee14?s=96&d=mm&r=g\",\"contentUrl\":\"https:\\\/\\\/secure.gravatar.com\\\/avatar\\\/bb65d0283347e303893ba14f0692005417c1e0e690a325a4c5d8bb2b3943ee14?s=96&d=mm&r=g\",\"caption\":\"Cope Alcoy\"}}]}<\/script>\n<!-- \/ Yoast SEO plugin. -->","yoast_head_json":{"title":"Cocentaina aprueba un Presupuesto de m\u00e1s de 12 millones para 2024 - COPE Alcoy","description":"Cocentaina ya tiene Presupuestos Municipales para 2024, unas cuentas que superan los 12 millones de euros y se incrementan","robots":{"index":"index","follow":"follow","max-snippet":"max-snippet:-1","max-image-preview":"max-image-preview:large","max-video-preview":"max-video-preview:-1"},"canonical":"https:\/\/www.copealcoy.es\/es\/cocentaina-aprueba-un-presupuesto-de-mas-de-12-millones-para-2024\/","og_locale":"es_ES","og_type":"article","og_title":"Cocentaina aprueba un Presupuesto de m\u00e1s de 12 millones para 2024 - COPE Alcoy","og_description":"Cocentaina ya tiene Presupuestos Municipales para 2024, unas cuentas que superan los 12 millones de euros y se incrementan","og_url":"https:\/\/www.copealcoy.es\/es\/cocentaina-aprueba-un-presupuesto-de-mas-de-12-millones-para-2024\/","og_site_name":"COPE Alcoy","article_published_time":"2024-04-04T06:40:34+00:00","article_modified_time":"2024-04-04T11:40:07+00:00","og_image":[{"width":1440,"height":1080,"url":"https:\/\/www.copealcoy.es\/wp-content\/uploads\/2024\/04\/Votacio-dels-pressupostos.jpg","type":"image\/jpeg"}],"author":"Cope Alcoy","twitter_misc":{"Escrito por":"Cope Alcoy","Tiempo de lectura":"3 minutos"},"schema":{"@context":"https:\/\/schema.org","@graph":[{"@type":"Article","@id":"https:\/\/www.copealcoy.es\/es\/cocentaina-aprueba-un-presupuesto-de-mas-de-12-millones-para-2024\/#article","isPartOf":{"@id":"https:\/\/www.copealcoy.es\/es\/cocentaina-aprueba-un-presupuesto-de-mas-de-12-millones-para-2024\/"},"author":{"name":"Cope Alcoy","@id":"https:\/\/www.copealcoy.es\/es\/#\/schema\/person\/e777c87fa024e57d40170af9df39882c"},"headline":"Cocentaina aprueba un Presupuesto de m\u00e1s de 12 millones para 2024","datePublished":"2024-04-04T06:40:34+00:00","dateModified":"2024-04-04T11:40:07+00:00","mainEntityOfPage":{"@id":"https:\/\/www.copealcoy.es\/es\/cocentaina-aprueba-un-presupuesto-de-mas-de-12-millones-para-2024\/"},"wordCount":504,"commentCount":0,"image":{"@id":"https:\/\/www.copealcoy.es\/es\/cocentaina-aprueba-un-presupuesto-de-mas-de-12-millones-para-2024\/#primaryimage"},"thumbnailUrl":"https:\/\/www.copealcoy.es\/wp-content\/uploads\/2024\/04\/Votacio-dels-pressupostos.jpg","keywords":["2024","Aprobaci\u00f3n","Cocentaina","Presupuestos Municipales"],"articleSection":["Actualidad","Comarcas","Noticias"],"inLanguage":"es"},{"@type":"WebPage","@id":"https:\/\/www.copealcoy.es\/es\/cocentaina-aprueba-un-presupuesto-de-mas-de-12-millones-para-2024\/","url":"https:\/\/www.copealcoy.es\/es\/cocentaina-aprueba-un-presupuesto-de-mas-de-12-millones-para-2024\/","name":"Cocentaina aprueba un Presupuesto de m\u00e1s de 12 millones para 2024 - COPE Alcoy","isPartOf":{"@id":"https:\/\/www.copealcoy.es\/es\/#website"},"primaryImageOfPage":{"@id":"https:\/\/www.copealcoy.es\/es\/cocentaina-aprueba-un-presupuesto-de-mas-de-12-millones-para-2024\/#primaryimage"},"image":{"@id":"https:\/\/www.copealcoy.es\/es\/cocentaina-aprueba-un-presupuesto-de-mas-de-12-millones-para-2024\/#primaryimage"},"thumbnailUrl":"https:\/\/www.copealcoy.es\/wp-content\/uploads\/2024\/04\/Votacio-dels-pressupostos.jpg","datePublished":"2024-04-04T06:40:34+00:00","dateModified":"2024-04-04T11:40:07+00:00","author":{"@id":"https:\/\/www.copealcoy.es\/es\/#\/schema\/person\/e777c87fa024e57d40170af9df39882c"},"description":"Cocentaina ya tiene Presupuestos Municipales para 2024, unas cuentas que superan los 12 millones de euros y se incrementan","breadcrumb":{"@id":"https:\/\/www.copealcoy.es\/es\/cocentaina-aprueba-un-presupuesto-de-mas-de-12-millones-para-2024\/#breadcrumb"},"inLanguage":"es","potentialAction":[{"@type":"ReadAction","target":["https:\/\/www.copealcoy.es\/es\/cocentaina-aprueba-un-presupuesto-de-mas-de-12-millones-para-2024\/"]}]},{"@type":"ImageObject","inLanguage":"es","@id":"https:\/\/www.copealcoy.es\/es\/cocentaina-aprueba-un-presupuesto-de-mas-de-12-millones-para-2024\/#primaryimage","url":"https:\/\/www.copealcoy.es\/wp-content\/uploads\/2024\/04\/Votacio-dels-pressupostos.jpg","contentUrl":"https:\/\/www.copealcoy.es\/wp-content\/uploads\/2024\/04\/Votacio-dels-pressupostos.jpg","width":1440,"height":1080},{"@type":"BreadcrumbList","@id":"https:\/\/www.copealcoy.es\/es\/cocentaina-aprueba-un-presupuesto-de-mas-de-12-millones-para-2024\/#breadcrumb","itemListElement":[{"@type":"ListItem","position":1,"name":"Portada","item":"https:\/\/www.copealcoy.es\/es\/"},{"@type":"ListItem","position":2,"name":"Cocentaina aprueba un Presupuesto de m\u00e1s de 12 millones para 2024"}]},{"@type":"WebSite","@id":"https:\/\/www.copealcoy.es\/es\/#website","url":"https:\/\/www.copealcoy.es\/es\/","name":"COPE Alcoy","description":"Emisora COPE de radio local con emisi\u00f3n online. Pont de Sant Jordi 8-10 03803 Alcoy","potentialAction":[{"@type":"SearchAction","target":{"@type":"EntryPoint","urlTemplate":"https:\/\/www.copealcoy.es\/es\/?s={search_term_string}"},"query-input":{"@type":"PropertyValueSpecification","valueRequired":true,"valueName":"search_term_string"}}],"inLanguage":"es"},{"@type":"Person","@id":"https:\/\/www.copealcoy.es\/es\/#\/schema\/person\/e777c87fa024e57d40170af9df39882c","name":"Cope Alcoy","image":{"@type":"ImageObject","inLanguage":"es","@id":"https:\/\/secure.gravatar.com\/avatar\/bb65d0283347e303893ba14f0692005417c1e0e690a325a4c5d8bb2b3943ee14?s=96&d=mm&r=g","url":"https:\/\/secure.gravatar.com\/avatar\/bb65d0283347e303893ba14f0692005417c1e0e690a325a4c5d8bb2b3943ee14?s=96&d=mm&r=g","contentUrl":"https:\/\/secure.gravatar.com\/avatar\/bb65d0283347e303893ba14f0692005417c1e0e690a325a4c5d8bb2b3943ee14?s=96&d=mm&r=g","caption":"Cope Alcoy"}}]}},"_links":{"self":[{"href":"https:\/\/www.copealcoy.es\/es\/wp-json\/wp\/v2\/posts\/131555","targetHints":{"allow":["GET"]}}],"collection":[{"href":"https:\/\/www.copealcoy.es\/es\/wp-json\/wp\/v2\/posts"}],"about":[{"href":"https:\/\/www.copealcoy.es\/es\/wp-json\/wp\/v2\/types\/post"}],"author":[{"embeddable":true,"href":"https:\/\/www.copealcoy.es\/es\/wp-json\/wp\/v2\/users\/1"}],"replies":[{"embeddable":true,"href":"https:\/\/www.copealcoy.es\/es\/wp-json\/wp\/v2\/comments?post=131555"}],"version-history":[{"count":0,"href":"https:\/\/www.copealcoy.es\/es\/wp-json\/wp\/v2\/posts\/131555\/revisions"}],"wp:featuredmedia":[{"embeddable":true,"href":"https:\/\/www.copealcoy.es\/es\/wp-json\/wp\/v2\/media\/131556"}],"wp:attachment":[{"href":"https:\/\/www.copealcoy.es\/es\/wp-json\/wp\/v2\/media?parent=131555"}],"wp:term":[{"taxonomy":"category","embeddable":true,"href":"https:\/\/www.copealcoy.es\/es\/wp-json\/wp\/v2\/categories?post=131555"},{"taxonomy":"post_tag","embeddable":true,"href":"https:\/\/www.copealcoy.es\/es\/wp-json\/wp\/v2\/tags?post=131555"}],"curies":[{"name":"wp","href":"https:\/\/api.w.org\/{rel}","templated":true}]}}