{"id":13150,"date":"2015-05-18T09:10:24","date_gmt":"2015-05-18T09:10:24","guid":{"rendered":"http:\/\/copealcoi.es\/new\/?p=13150"},"modified":"2015-05-18T19:12:43","modified_gmt":"2015-05-18T19:12:43","slug":"el-alcoyano-se-clasifica-para-la-copa-del-rey","status":"publish","type":"post","link":"https:\/\/www.copealcoy.es\/es\/el-alcoyano-se-clasifica-para-la-copa-del-rey\/","title":{"rendered":"El Alcoyano se clasifica para la Copa del Rey"},"content":{"rendered":"<p style=\"text-align: justify;\">El conjunto de Carlos Sempere y Andr\u00e9s Palop se impuso por 2 goles a 1 al filial del Espanyol en la Ciudad Deportiva de Sant Adri\u00e0 des Bes\u00f3s. Con esta victoria, el Alcoyano suma un total de 59 puntos que le dejan sexto en la clasificaci\u00f3n, fuera de puestos de playoff, pero clasificado para la pr\u00f3xima edici\u00f3n de la Copa del Rey.<\/p>\n<p style=\"text-align: justify;\">El inicio del partido fue igualado con alternancia de ocasiones para los dos equipos, especialmente clara fue un mano a mano de Rub\u00e9n Ram\u00f3s ante Keko. Minutos despu\u00e9s en una jugada desafortunada para el Alcoyano, Jero err\u00f3 en el bloqueo del bal\u00f3n que le cay\u00f3 franco a Raillo para anotar el primer gol del partido.<\/p>\n<p style=\"text-align: justify;\">El cuerpo t\u00e9cnico decidi\u00f3 en el descanso dar entrada a Pablo Carbonell por Kike L\u00f3pez, lo que permiti\u00f3 que el Deportivo ganase en verticalidad. Escasos minutos despu\u00e9s del inicio del partido, el Alcoyano igual\u00f3 la contienda por medio de un penalti que anot\u00f3 Javi Rubio. La fase final del encuentro se convirti\u00f3 en un acoso por parte de los de Sempere que eran conscientes de que necesitaban la victoria para entrar en playoff. \u00a0Fue finalmente Devesa el que en el minuto 87 anot\u00f3 el gol de la victoria, despu\u00e9s de un buen pase de Julio De Dios.<\/p>\n<p style=\"text-align: justify;\">Con esta victoria finaliza el Alcoyano la temporada, consiguiendo un balance m\u00e1s que positivo desde que lleg\u00f3 el nuevo cuerpo t\u00e9cnico, habiendo conseguido 25 de 39 puntos posibles.<\/p>\n<p style=\"text-align: justify;\"><b>Espanyol B:<\/b> Koke, Rober, Raillo, Cristian Galas, \u00c1ngel, Pol Llonch (Pirulo, min.76), Marc Navarro (Borja, min.68), Joan Jord\u00e1n, Jairo, Luque y\u00a0Wilmar (Carmona, min.54).<br \/>\n<b><br \/>\nCD Alcoyano: <\/b>Jero, Devesa, Carles Salvador, Mongil, \u00d3scar L\u00f3pez, Javi Rubio, Kike (Carbonell, min.45), Julio de Dios, Francis Ferr\u00f3n (Gabarr\u00e9, min.57), Rub\u00e9n Ramos y\u00a0Alfaro (Josemi, min.83).<\/p>\n<p style=\"text-align: justify;\"><b>Goles:<\/b> 1-0, Raillo (min.34); 1-1, Javi Rubio (min.51) y\u00a01-2, Devesa (min.87).<\/p>\n","protected":false},"excerpt":{"rendered":"<p>El conjunto de Carlos Sempere y Andr\u00e9s Palop se impuso por 2 goles a 1 al filial del Espanyol en&#8230;<\/p>\n","protected":false},"author":1,"featured_media":10769,"comment_status":"open","ping_status":"open","sticky":false,"template":"","format":"standard","meta":{"footnotes":""},"categories":[97,92,75],"tags":[866,160,1494,140,1023],"class_list":["post-13150","post","type-post","status-publish","format-standard","has-post-thumbnail","hentry","category-alcoy","category-deportes","category-noticias","tag-2bg3","tag-alcoi","tag-alcoy","tag-alcoyano","tag-espanyol-b"],"yoast_head":"<!-- This site is optimized with the Yoast SEO plugin v27.3 - https:\/\/yoast.com\/product\/yoast-seo-wordpress\/ -->\n<title>El Alcoyano se clasifica para la Copa del Rey - COPE Alcoy<\/title>\n<meta name=\"robots\" content=\"index, follow, max-snippet:-1, max-image-preview:large, max-video-preview:-1\" \/>\n<link rel=\"canonical\" href=\"https:\/\/www.copealcoy.es\/es\/el-alcoyano-se-clasifica-para-la-copa-del-rey\/\" \/>\n<meta property=\"og:locale\" content=\"es_ES\" \/>\n<meta property=\"og:type\" content=\"article\" \/>\n<meta property=\"og:title\" content=\"El Alcoyano se clasifica para la Copa del Rey - COPE Alcoy\" \/>\n<meta property=\"og:description\" content=\"El conjunto de Carlos Sempere y Andr\u00e9s Palop se impuso por 2 goles a 1 al filial del Espanyol en...\" \/>\n<meta property=\"og:url\" content=\"https:\/\/www.copealcoy.es\/es\/el-alcoyano-se-clasifica-para-la-copa-del-rey\/\" \/>\n<meta property=\"og:site_name\" content=\"COPE Alcoy\" \/>\n<meta property=\"article:published_time\" content=\"2015-05-18T09:10:24+00:00\" \/>\n<meta property=\"article:modified_time\" content=\"2015-05-18T19:12:43+00:00\" \/>\n<meta property=\"og:image\" content=\"https:\/\/www.copealcoy.es\/wp-content\/uploads\/2015\/02\/Alcoyano.jpg\" \/>\n\t<meta property=\"og:image:width\" content=\"800\" \/>\n\t<meta property=\"og:image:height\" content=\"533\" \/>\n\t<meta property=\"og:image:type\" content=\"image\/jpeg\" \/>\n<meta name=\"author\" content=\"Cope Alcoy\" \/>\n<meta name=\"twitter:label1\" content=\"Escrito por\" \/>\n\t<meta name=\"twitter:data1\" content=\"Cope Alcoy\" \/>\n\t<meta name=\"twitter:label2\" content=\"Tiempo de lectura\" \/>\n\t<meta name=\"twitter:data2\" content=\"2 minutos\" \/>\n<script type=\"application\/ld+json\" class=\"yoast-schema-graph\">{\"@context\":\"https:\\\/\\\/schema.org\",\"@graph\":[{\"@type\":\"Article\",\"@id\":\"https:\\\/\\\/www.copealcoy.es\\\/es\\\/el-alcoyano-se-clasifica-para-la-copa-del-rey\\\/#article\",\"isPartOf\":{\"@id\":\"https:\\\/\\\/www.copealcoy.es\\\/es\\\/el-alcoyano-se-clasifica-para-la-copa-del-rey\\\/\"},\"author\":{\"name\":\"Cope Alcoy\",\"@id\":\"https:\\\/\\\/www.copealcoy.es\\\/es\\\/#\\\/schema\\\/person\\\/e777c87fa024e57d40170af9df39882c\"},\"headline\":\"El Alcoyano se clasifica para la Copa del Rey\",\"datePublished\":\"2015-05-18T09:10:24+00:00\",\"dateModified\":\"2015-05-18T19:12:43+00:00\",\"mainEntityOfPage\":{\"@id\":\"https:\\\/\\\/www.copealcoy.es\\\/es\\\/el-alcoyano-se-clasifica-para-la-copa-del-rey\\\/\"},\"wordCount\":327,\"commentCount\":0,\"image\":{\"@id\":\"https:\\\/\\\/www.copealcoy.es\\\/es\\\/el-alcoyano-se-clasifica-para-la-copa-del-rey\\\/#primaryimage\"},\"thumbnailUrl\":\"https:\\\/\\\/www.copealcoy.es\\\/wp-content\\\/uploads\\\/2015\\\/02\\\/Alcoyano.jpg\",\"keywords\":[\"2bg3\",\"Alcoi\",\"Alcoy\",\"Alcoyano\",\"Espanyol B\"],\"articleSection\":[\"Alcoy\",\"Deportes\",\"Noticias\"],\"inLanguage\":\"es\"},{\"@type\":\"WebPage\",\"@id\":\"https:\\\/\\\/www.copealcoy.es\\\/es\\\/el-alcoyano-se-clasifica-para-la-copa-del-rey\\\/\",\"url\":\"https:\\\/\\\/www.copealcoy.es\\\/es\\\/el-alcoyano-se-clasifica-para-la-copa-del-rey\\\/\",\"name\":\"El Alcoyano se clasifica para la Copa del Rey - COPE Alcoy\",\"isPartOf\":{\"@id\":\"https:\\\/\\\/www.copealcoy.es\\\/es\\\/#website\"},\"primaryImageOfPage\":{\"@id\":\"https:\\\/\\\/www.copealcoy.es\\\/es\\\/el-alcoyano-se-clasifica-para-la-copa-del-rey\\\/#primaryimage\"},\"image\":{\"@id\":\"https:\\\/\\\/www.copealcoy.es\\\/es\\\/el-alcoyano-se-clasifica-para-la-copa-del-rey\\\/#primaryimage\"},\"thumbnailUrl\":\"https:\\\/\\\/www.copealcoy.es\\\/wp-content\\\/uploads\\\/2015\\\/02\\\/Alcoyano.jpg\",\"datePublished\":\"2015-05-18T09:10:24+00:00\",\"dateModified\":\"2015-05-18T19:12:43+00:00\",\"author\":{\"@id\":\"https:\\\/\\\/www.copealcoy.es\\\/es\\\/#\\\/schema\\\/person\\\/e777c87fa024e57d40170af9df39882c\"},\"breadcrumb\":{\"@id\":\"https:\\\/\\\/www.copealcoy.es\\\/es\\\/el-alcoyano-se-clasifica-para-la-copa-del-rey\\\/#breadcrumb\"},\"inLanguage\":\"es\",\"potentialAction\":[{\"@type\":\"ReadAction\",\"target\":[\"https:\\\/\\\/www.copealcoy.es\\\/es\\\/el-alcoyano-se-clasifica-para-la-copa-del-rey\\\/\"]}]},{\"@type\":\"ImageObject\",\"inLanguage\":\"es\",\"@id\":\"https:\\\/\\\/www.copealcoy.es\\\/es\\\/el-alcoyano-se-clasifica-para-la-copa-del-rey\\\/#primaryimage\",\"url\":\"https:\\\/\\\/www.copealcoy.es\\\/wp-content\\\/uploads\\\/2015\\\/02\\\/Alcoyano.jpg\",\"contentUrl\":\"https:\\\/\\\/www.copealcoy.es\\\/wp-content\\\/uploads\\\/2015\\\/02\\\/Alcoyano.jpg\",\"width\":800,\"height\":533},{\"@type\":\"BreadcrumbList\",\"@id\":\"https:\\\/\\\/www.copealcoy.es\\\/es\\\/el-alcoyano-se-clasifica-para-la-copa-del-rey\\\/#breadcrumb\",\"itemListElement\":[{\"@type\":\"ListItem\",\"position\":1,\"name\":\"Portada\",\"item\":\"https:\\\/\\\/www.copealcoy.es\\\/es\\\/\"},{\"@type\":\"ListItem\",\"position\":2,\"name\":\"El Alcoyano se clasifica para la Copa del Rey\"}]},{\"@type\":\"WebSite\",\"@id\":\"https:\\\/\\\/www.copealcoy.es\\\/es\\\/#website\",\"url\":\"https:\\\/\\\/www.copealcoy.es\\\/es\\\/\",\"name\":\"COPE Alcoy\",\"description\":\"Emisora COPE de radio local con emisi\u00f3n online. Pont de Sant Jordi 8-10 03803 Alcoy\",\"potentialAction\":[{\"@type\":\"SearchAction\",\"target\":{\"@type\":\"EntryPoint\",\"urlTemplate\":\"https:\\\/\\\/www.copealcoy.es\\\/es\\\/?s={search_term_string}\"},\"query-input\":{\"@type\":\"PropertyValueSpecification\",\"valueRequired\":true,\"valueName\":\"search_term_string\"}}],\"inLanguage\":\"es\"},{\"@type\":\"Person\",\"@id\":\"https:\\\/\\\/www.copealcoy.es\\\/es\\\/#\\\/schema\\\/person\\\/e777c87fa024e57d40170af9df39882c\",\"name\":\"Cope Alcoy\",\"image\":{\"@type\":\"ImageObject\",\"inLanguage\":\"es\",\"@id\":\"https:\\\/\\\/secure.gravatar.com\\\/avatar\\\/bb65d0283347e303893ba14f0692005417c1e0e690a325a4c5d8bb2b3943ee14?s=96&d=mm&r=g\",\"url\":\"https:\\\/\\\/secure.gravatar.com\\\/avatar\\\/bb65d0283347e303893ba14f0692005417c1e0e690a325a4c5d8bb2b3943ee14?s=96&d=mm&r=g\",\"contentUrl\":\"https:\\\/\\\/secure.gravatar.com\\\/avatar\\\/bb65d0283347e303893ba14f0692005417c1e0e690a325a4c5d8bb2b3943ee14?s=96&d=mm&r=g\",\"caption\":\"Cope Alcoy\"}}]}<\/script>\n<!-- \/ Yoast SEO plugin. -->","yoast_head_json":{"title":"El Alcoyano se clasifica para la Copa del Rey - COPE Alcoy","robots":{"index":"index","follow":"follow","max-snippet":"max-snippet:-1","max-image-preview":"max-image-preview:large","max-video-preview":"max-video-preview:-1"},"canonical":"https:\/\/www.copealcoy.es\/es\/el-alcoyano-se-clasifica-para-la-copa-del-rey\/","og_locale":"es_ES","og_type":"article","og_title":"El Alcoyano se clasifica para la Copa del Rey - COPE Alcoy","og_description":"El conjunto de Carlos Sempere y Andr\u00e9s Palop se impuso por 2 goles a 1 al filial del Espanyol en...","og_url":"https:\/\/www.copealcoy.es\/es\/el-alcoyano-se-clasifica-para-la-copa-del-rey\/","og_site_name":"COPE Alcoy","article_published_time":"2015-05-18T09:10:24+00:00","article_modified_time":"2015-05-18T19:12:43+00:00","og_image":[{"width":800,"height":533,"url":"https:\/\/www.copealcoy.es\/wp-content\/uploads\/2015\/02\/Alcoyano.jpg","type":"image\/jpeg"}],"author":"Cope Alcoy","twitter_misc":{"Escrito por":"Cope Alcoy","Tiempo de lectura":"2 minutos"},"schema":{"@context":"https:\/\/schema.org","@graph":[{"@type":"Article","@id":"https:\/\/www.copealcoy.es\/es\/el-alcoyano-se-clasifica-para-la-copa-del-rey\/#article","isPartOf":{"@id":"https:\/\/www.copealcoy.es\/es\/el-alcoyano-se-clasifica-para-la-copa-del-rey\/"},"author":{"name":"Cope Alcoy","@id":"https:\/\/www.copealcoy.es\/es\/#\/schema\/person\/e777c87fa024e57d40170af9df39882c"},"headline":"El Alcoyano se clasifica para la Copa del Rey","datePublished":"2015-05-18T09:10:24+00:00","dateModified":"2015-05-18T19:12:43+00:00","mainEntityOfPage":{"@id":"https:\/\/www.copealcoy.es\/es\/el-alcoyano-se-clasifica-para-la-copa-del-rey\/"},"wordCount":327,"commentCount":0,"image":{"@id":"https:\/\/www.copealcoy.es\/es\/el-alcoyano-se-clasifica-para-la-copa-del-rey\/#primaryimage"},"thumbnailUrl":"https:\/\/www.copealcoy.es\/wp-content\/uploads\/2015\/02\/Alcoyano.jpg","keywords":["2bg3","Alcoi","Alcoy","Alcoyano","Espanyol B"],"articleSection":["Alcoy","Deportes","Noticias"],"inLanguage":"es"},{"@type":"WebPage","@id":"https:\/\/www.copealcoy.es\/es\/el-alcoyano-se-clasifica-para-la-copa-del-rey\/","url":"https:\/\/www.copealcoy.es\/es\/el-alcoyano-se-clasifica-para-la-copa-del-rey\/","name":"El Alcoyano se clasifica para la Copa del Rey - COPE Alcoy","isPartOf":{"@id":"https:\/\/www.copealcoy.es\/es\/#website"},"primaryImageOfPage":{"@id":"https:\/\/www.copealcoy.es\/es\/el-alcoyano-se-clasifica-para-la-copa-del-rey\/#primaryimage"},"image":{"@id":"https:\/\/www.copealcoy.es\/es\/el-alcoyano-se-clasifica-para-la-copa-del-rey\/#primaryimage"},"thumbnailUrl":"https:\/\/www.copealcoy.es\/wp-content\/uploads\/2015\/02\/Alcoyano.jpg","datePublished":"2015-05-18T09:10:24+00:00","dateModified":"2015-05-18T19:12:43+00:00","author":{"@id":"https:\/\/www.copealcoy.es\/es\/#\/schema\/person\/e777c87fa024e57d40170af9df39882c"},"breadcrumb":{"@id":"https:\/\/www.copealcoy.es\/es\/el-alcoyano-se-clasifica-para-la-copa-del-rey\/#breadcrumb"},"inLanguage":"es","potentialAction":[{"@type":"ReadAction","target":["https:\/\/www.copealcoy.es\/es\/el-alcoyano-se-clasifica-para-la-copa-del-rey\/"]}]},{"@type":"ImageObject","inLanguage":"es","@id":"https:\/\/www.copealcoy.es\/es\/el-alcoyano-se-clasifica-para-la-copa-del-rey\/#primaryimage","url":"https:\/\/www.copealcoy.es\/wp-content\/uploads\/2015\/02\/Alcoyano.jpg","contentUrl":"https:\/\/www.copealcoy.es\/wp-content\/uploads\/2015\/02\/Alcoyano.jpg","width":800,"height":533},{"@type":"BreadcrumbList","@id":"https:\/\/www.copealcoy.es\/es\/el-alcoyano-se-clasifica-para-la-copa-del-rey\/#breadcrumb","itemListElement":[{"@type":"ListItem","position":1,"name":"Portada","item":"https:\/\/www.copealcoy.es\/es\/"},{"@type":"ListItem","position":2,"name":"El Alcoyano se clasifica para la Copa del Rey"}]},{"@type":"WebSite","@id":"https:\/\/www.copealcoy.es\/es\/#website","url":"https:\/\/www.copealcoy.es\/es\/","name":"COPE Alcoy","description":"Emisora COPE de radio local con emisi\u00f3n online. Pont de Sant Jordi 8-10 03803 Alcoy","potentialAction":[{"@type":"SearchAction","target":{"@type":"EntryPoint","urlTemplate":"https:\/\/www.copealcoy.es\/es\/?s={search_term_string}"},"query-input":{"@type":"PropertyValueSpecification","valueRequired":true,"valueName":"search_term_string"}}],"inLanguage":"es"},{"@type":"Person","@id":"https:\/\/www.copealcoy.es\/es\/#\/schema\/person\/e777c87fa024e57d40170af9df39882c","name":"Cope Alcoy","image":{"@type":"ImageObject","inLanguage":"es","@id":"https:\/\/secure.gravatar.com\/avatar\/bb65d0283347e303893ba14f0692005417c1e0e690a325a4c5d8bb2b3943ee14?s=96&d=mm&r=g","url":"https:\/\/secure.gravatar.com\/avatar\/bb65d0283347e303893ba14f0692005417c1e0e690a325a4c5d8bb2b3943ee14?s=96&d=mm&r=g","contentUrl":"https:\/\/secure.gravatar.com\/avatar\/bb65d0283347e303893ba14f0692005417c1e0e690a325a4c5d8bb2b3943ee14?s=96&d=mm&r=g","caption":"Cope Alcoy"}}]}},"_links":{"self":[{"href":"https:\/\/www.copealcoy.es\/es\/wp-json\/wp\/v2\/posts\/13150","targetHints":{"allow":["GET"]}}],"collection":[{"href":"https:\/\/www.copealcoy.es\/es\/wp-json\/wp\/v2\/posts"}],"about":[{"href":"https:\/\/www.copealcoy.es\/es\/wp-json\/wp\/v2\/types\/post"}],"author":[{"embeddable":true,"href":"https:\/\/www.copealcoy.es\/es\/wp-json\/wp\/v2\/users\/1"}],"replies":[{"embeddable":true,"href":"https:\/\/www.copealcoy.es\/es\/wp-json\/wp\/v2\/comments?post=13150"}],"version-history":[{"count":0,"href":"https:\/\/www.copealcoy.es\/es\/wp-json\/wp\/v2\/posts\/13150\/revisions"}],"wp:featuredmedia":[{"embeddable":true,"href":"https:\/\/www.copealcoy.es\/es\/wp-json\/wp\/v2\/media\/10769"}],"wp:attachment":[{"href":"https:\/\/www.copealcoy.es\/es\/wp-json\/wp\/v2\/media?parent=13150"}],"wp:term":[{"taxonomy":"category","embeddable":true,"href":"https:\/\/www.copealcoy.es\/es\/wp-json\/wp\/v2\/categories?post=13150"},{"taxonomy":"post_tag","embeddable":true,"href":"https:\/\/www.copealcoy.es\/es\/wp-json\/wp\/v2\/tags?post=13150"}],"curies":[{"name":"wp","href":"https:\/\/api.w.org\/{rel}","templated":true}]}}