{"id":131362,"date":"2024-04-01T13:27:29","date_gmt":"2024-04-01T12:27:29","guid":{"rendered":"https:\/\/www.copealcoy.es\/?p=131362"},"modified":"2024-04-15T08:12:11","modified_gmt":"2024-04-15T07:12:11","slug":"la-gloria-brilla-en-las-calles-de-alcoy-en-la-manana-de-lunes-de-pascua","status":"publish","type":"post","link":"https:\/\/www.copealcoy.es\/es\/la-gloria-brilla-en-las-calles-de-alcoy-en-la-manana-de-lunes-de-pascua\/","title":{"rendered":"La Gloria brilla en las calles de Alcoy en la ma\u00f1ana de Lunes de Pascua"},"content":{"rendered":"<p style=\"text-align: justify;\">Un d\u00eda despu\u00e9s de lo que estaba previsto<strong> se ha podido celebrar por las calles de Alcoy La Gloria<\/strong>, el acto que anuncia las inminentes Fiestas de Moros y Cristianos en honor a San Jorge. El <strong>particular preg\u00f3n festero<\/strong> ha podido salir a la calle con total normalidad despu\u00e9s de que ayer, Domingo de Resurecci\u00f3n, <span style=\"color: #0000ff;\"><a style=\"color: #0000ff;\" href=\"https:\/\/www.copealcoy.es\/la-lluvia-obliga-a-aplazar-la-gloria-en-alcoy\/\" target=\"_blank\" rel=\"noopener\"><strong>la lluvia impidiera efectuar <em>l&#8217;arranc\u00e1 <\/em><\/strong><\/a><span style=\"color: #333333;\">obligando esta circunstancia a trasladar el desfile a la ma\u00f1ana del Lunes de Pascua<\/span><\/span><span style=\"color: #333333;\">.\u00a0<\/span><\/p>\n<p style=\"text-align: justify;\">La actividad festera ha dado inicio pasadas las diez de la ma\u00f1ana en la Plaza de Espa\u00f1a con <strong>la interpretaci\u00f3n del Himno de Fiestas<\/strong> a cargo de la <strong>Uni\u00f3n Musical de Alcoy<\/strong>. A mitad de la composici\u00f3n <strong>han comenzado a sonar con fuerza las campanas de la iglesia de Santa Mar\u00eda<\/strong>, volteadas manualmente por <strong>la Colla de Campaners d&#8217;Alcoi<\/strong>, y en ese instante los campaneros han lanzado tambi\u00e9n desde lo alto de la torre <strong>centenares de aleluyas de colores<\/strong> en una especial felicitaci\u00f3n Pascual a la ciudad tras la Resurrecci\u00f3n de Cristo. Seguidamente <strong>los heraldos y trompeteros<\/strong> han abierto la marcha y la misma Uni\u00f3n Musical ha abierto la comitiva a los sones del pasodoble <em>It&#8217;Ram\u00a0<\/em>de Sa\u00fcl G\u00f3mez i Soler.<\/p>\n<p style=\"text-align: justify;\">El ritual ha seguido con <strong>el esperado momento del paso de <a href=\"https:\/\/www.copealcoy.es\/wp-content\/uploads\/2024\/04\/FESTES-01-GLORIEROS.pdf\" target=\"_blank\" rel=\"noopener\"><span style=\"color: #0000ff;\">los Glorieros de las 28 Filaes<\/span><\/a><\/strong>. Los <strong>moros<\/strong> han sido los primeros en desfilar guiados por <strong>David Antol\u00ed<\/strong>, el cual se despide como <strong>Sargento Mayor Moro<\/strong> en estas Fiestas, y que ha efectuado una majestuosa <em>arranc\u00e0\u00a0<\/em>ante un p\u00fablico entregado frente al Ayuntamiento\u00a0 de la ciudad. Todo ello mientras <strong>la Societat Musical Nova<\/strong> hac\u00eda sonar la pieza <em>Chano\u00a0<\/em>de Julio Laporta Hell\u00edn.<\/p>\n<audio class=\"wp-audio-shortcode\" id=\"audio-131362-1\" preload=\"none\" style=\"width: 100%;\" controls=\"controls\"><source type=\"audio\/mpeg\" src=\"https:\/\/www.copealcoy.es\/wp-content\/uploads\/2024\/04\/Entrevista-Sargento-Moro.mp3?_=1\" \/><a href=\"https:\/\/www.copealcoy.es\/wp-content\/uploads\/2024\/04\/Entrevista-Sargento-Moro.mp3\">https:\/\/www.copealcoy.es\/wp-content\/uploads\/2024\/04\/Entrevista-Sargento-Moro.mp3<\/a><\/audio>\n<p>&nbsp;<\/p>\n<p style=\"text-align: justify;\">Despu\u00e9s han llegado los <strong>cristianos<\/strong> y <strong>Jordi Segu\u00ed<\/strong>, <strong>Sargento Mayor<\/strong>, ha protagonizado de nuevo una brillante <em>arranc\u00e0\u00a0<\/em>ante la atenta mirada de un p\u00fablico que no ha dejado de aplaudir al protagonista y a los representantes de las tropas de la cruz. La <em>Canci\u00f3n del Harem<\/em>, de Camilo P\u00e9rez Laporta e interpretada por la <strong>M\u00fasica Primitiva Apolo d&#8217;Alcoi<\/strong> ha sido la banda sonora de este instante tan significativo.<\/p>\n<audio class=\"wp-audio-shortcode\" id=\"audio-131362-2\" preload=\"none\" style=\"width: 100%;\" controls=\"controls\"><source type=\"audio\/mpeg\" src=\"https:\/\/www.copealcoy.es\/wp-content\/uploads\/2024\/04\/Entrevista-Sargento-Cristiano.mp3?_=2\" \/><a href=\"https:\/\/www.copealcoy.es\/wp-content\/uploads\/2024\/04\/Entrevista-Sargento-Cristiano.mp3\">https:\/\/www.copealcoy.es\/wp-content\/uploads\/2024\/04\/Entrevista-Sargento-Cristiano.mp3<\/a><\/audio>\n<p>&nbsp;<\/p>\n<p style=\"text-align: justify;\"><a href=\"https:\/\/www.copealcoy.es\/wp-content\/uploads\/2024\/04\/unnamed-2-scaled.jpg\"><img loading=\"lazy\" decoding=\"async\" class=\"alignnone size-full wp-image-131365\" src=\"https:\/\/www.copealcoy.es\/wp-content\/uploads\/2024\/04\/unnamed-2-scaled.jpg\" alt=\"\" width=\"1591\" height=\"1080\" srcset=\"https:\/\/www.copealcoy.es\/wp-content\/uploads\/2024\/04\/unnamed-2-scaled.jpg 1591w, https:\/\/www.copealcoy.es\/wp-content\/uploads\/2024\/04\/unnamed-2-768x521.jpg 768w, https:\/\/www.copealcoy.es\/wp-content\/uploads\/2024\/04\/unnamed-2-1536x1042.jpg 1536w, https:\/\/www.copealcoy.es\/wp-content\/uploads\/2024\/04\/unnamed-2-2048x1390.jpg 2048w\" sizes=\"auto, (max-width: 1591px) 100vw, 1591px\" \/><\/a><\/p>\n<p style=\"text-align: justify;\">El desfile de La Gloria <strong>ha seguido<\/strong> por la calle Mayor hasta El Casal y de ah\u00ed ha enfilado el camino hacia la iglesia de San Jorge, punto en el que las escuadras han girado para rendir homenaje al patr\u00f3n al mismo tiempo que sonaban las campanas del templo. A continuaci\u00f3n, los Glorieros han avanzado por las calles del Centro hasta confluir en Pa\u00eds Valenci\u00e0 y tras ascender por v\u00eda emblem\u00e1ticas como Sant Francesc han alcanzado El Partidor. A mediod\u00eda ha comenzado a bajar La Gloria por Sant Nicolau, ante numeroso p\u00fablico, y el acto ha finalizado sobre las 13:30h en la Plaza de Espa\u00f1a antes del disparo de una masclet\u00e0 con la que ha terminado <strong>una ma\u00f1ana fr\u00eda de primavera<\/strong> en la que las temperaturas no han superado los 15 grados y que ha iniciado <strong>un completo 1 de abril<\/strong>. Y es que esta noche, como es tradici\u00f3n en el d\u00eda de hoy, <strong>se descubrir\u00e1 el cartel anunciador de Fiestas<\/strong> en la fachada del Ayuntamiento obra de Joan Castej\u00f3n.<\/p>\n<div id='gallery-1' class='gallery galleryid-131362 gallery-columns-1 gallery-size-full'><figure class='gallery-item'>\n\t\t\t<div class='gallery-icon landscape'>\n\t\t\t\t<a href='https:\/\/www.copealcoy.es\/es\/la-gloria-brilla-en-las-calles-de-alcoy-en-la-manana-de-lunes-de-pascua\/unnamed-1-340\/'><img loading=\"lazy\" decoding=\"async\" width=\"1558\" height=\"1080\" src=\"https:\/\/www.copealcoy.es\/wp-content\/uploads\/2024\/04\/unnamed-1-1-scaled.jpg\" class=\"attachment-full size-full\" alt=\"\" srcset=\"https:\/\/www.copealcoy.es\/wp-content\/uploads\/2024\/04\/unnamed-1-1-scaled.jpg 1558w, https:\/\/www.copealcoy.es\/wp-content\/uploads\/2024\/04\/unnamed-1-1-768x532.jpg 768w, https:\/\/www.copealcoy.es\/wp-content\/uploads\/2024\/04\/unnamed-1-1-1536x1065.jpg 1536w, https:\/\/www.copealcoy.es\/wp-content\/uploads\/2024\/04\/unnamed-1-1-2048x1420.jpg 2048w\" sizes=\"auto, (max-width: 1558px) 100vw, 1558px\" \/><\/a>\n\t\t\t<\/div><\/figure><figure class='gallery-item'>\n\t\t\t<div class='gallery-icon landscape'>\n\t\t\t\t<a href='https:\/\/www.copealcoy.es\/es\/img_0640-1\/'><img loading=\"lazy\" decoding=\"async\" width=\"1440\" height=\"1080\" src=\"https:\/\/www.copealcoy.es\/wp-content\/uploads\/2020\/06\/IMG_0640-1-scaled.jpg\" class=\"attachment-full size-full\" alt=\"\" srcset=\"https:\/\/www.copealcoy.es\/wp-content\/uploads\/2020\/06\/IMG_0640-1-scaled.jpg 1440w, https:\/\/www.copealcoy.es\/wp-content\/uploads\/2020\/06\/IMG_0640-1-768x576.jpg 768w, https:\/\/www.copealcoy.es\/wp-content\/uploads\/2020\/06\/IMG_0640-1-1536x1152.jpg 1536w, https:\/\/www.copealcoy.es\/wp-content\/uploads\/2020\/06\/IMG_0640-1-2048x1536.jpg 2048w\" sizes=\"auto, (max-width: 1440px) 100vw, 1440px\" \/><\/a>\n\t\t\t<\/div><\/figure><figure class='gallery-item'>\n\t\t\t<div class='gallery-icon landscape'>\n\t\t\t\t<a href='https:\/\/www.copealcoy.es\/es\/img_0582-1\/'><img loading=\"lazy\" decoding=\"async\" width=\"1920\" height=\"1440\" src=\"https:\/\/www.copealcoy.es\/wp-content\/uploads\/2020\/06\/IMG_0582-1-scaled.jpg\" class=\"attachment-full size-full\" alt=\"\" srcset=\"https:\/\/www.copealcoy.es\/wp-content\/uploads\/2020\/06\/IMG_0582-1-scaled.jpg 1920w, https:\/\/www.copealcoy.es\/wp-content\/uploads\/2020\/06\/IMG_0582-1-768x576.jpg 768w, https:\/\/www.copealcoy.es\/wp-content\/uploads\/2020\/06\/IMG_0582-1-1536x1152.jpg 1536w, https:\/\/www.copealcoy.es\/wp-content\/uploads\/2020\/06\/IMG_0582-1-2048x1536.jpg 2048w\" sizes=\"auto, (max-width: 1920px) 100vw, 1920px\" \/><\/a>\n\t\t\t<\/div><\/figure><figure class='gallery-item'>\n\t\t\t<div class='gallery-icon landscape'>\n\t\t\t\t<a href='https:\/\/www.copealcoy.es\/es\/la-gloria-brilla-en-las-calles-de-alcoy-en-la-manana-de-lunes-de-pascua\/img_0622-2\/'><img loading=\"lazy\" decoding=\"async\" width=\"1440\" height=\"1080\" src=\"https:\/\/www.copealcoy.es\/wp-content\/uploads\/2024\/04\/IMG_0622-2-scaled.jpg\" class=\"attachment-full size-full\" alt=\"\" srcset=\"https:\/\/www.copealcoy.es\/wp-content\/uploads\/2024\/04\/IMG_0622-2-scaled.jpg 1440w, https:\/\/www.copealcoy.es\/wp-content\/uploads\/2024\/04\/IMG_0622-2-768x576.jpg 768w, https:\/\/www.copealcoy.es\/wp-content\/uploads\/2024\/04\/IMG_0622-2-1536x1152.jpg 1536w, https:\/\/www.copealcoy.es\/wp-content\/uploads\/2024\/04\/IMG_0622-2-2048x1536.jpg 2048w\" sizes=\"auto, (max-width: 1440px) 100vw, 1440px\" \/><\/a>\n\t\t\t<\/div><\/figure>\n\t\t<\/div>\n\n","protected":false},"excerpt":{"rendered":"<p>Un d\u00eda despu\u00e9s de lo que estaba previsto se ha podido celebrar por las calles de Alcoy La Gloria, el&#8230;<\/p>\n","protected":false},"author":1,"featured_media":131368,"comment_status":"open","ping_status":"open","sticky":false,"template":"","format":"standard","meta":{"footnotes":""},"categories":[6909,97,78,75,125],"tags":[1494,7952,565,920,14482,609],"class_list":["post-131362","post","type-post","status-publish","format-standard","has-post-thumbnail","hentry","category-actualidad","category-alcoy","category-fiestaycultura","category-noticias","category-portada","tag-alcoy","tag-david-antoli","tag-fiestas","tag-gloria","tag-jordi-segui","tag-moros-y-cristianos"],"yoast_head":"<!-- This site is optimized with the Yoast SEO plugin v27.3 - https:\/\/yoast.com\/product\/yoast-seo-wordpress\/ -->\n<title>La Gloria brilla en las calles de Alcoy en la ma\u00f1ana de Lunes de Pascua - COPE Alcoy<\/title>\n<meta name=\"description\" content=\"El desfile de La Gloria ha salido a la calle en la ma\u00f1ana del 1 de abril anunciando la llegada de las pr\u00f3ximas Fiestas de Alcoy\" \/>\n<meta name=\"robots\" content=\"index, follow, max-snippet:-1, max-image-preview:large, max-video-preview:-1\" \/>\n<link rel=\"canonical\" href=\"https:\/\/www.copealcoy.es\/es\/la-gloria-brilla-en-las-calles-de-alcoy-en-la-manana-de-lunes-de-pascua\/\" \/>\n<meta property=\"og:locale\" content=\"es_ES\" \/>\n<meta property=\"og:type\" content=\"article\" \/>\n<meta property=\"og:title\" content=\"La Gloria brilla en las calles de Alcoy en la ma\u00f1ana de Lunes de Pascua - COPE Alcoy\" \/>\n<meta property=\"og:description\" content=\"El desfile de La Gloria ha salido a la calle en la ma\u00f1ana del 1 de abril anunciando la llegada de las pr\u00f3ximas Fiestas de Alcoy\" \/>\n<meta property=\"og:url\" content=\"https:\/\/www.copealcoy.es\/es\/la-gloria-brilla-en-las-calles-de-alcoy-en-la-manana-de-lunes-de-pascua\/\" \/>\n<meta property=\"og:site_name\" content=\"COPE Alcoy\" \/>\n<meta property=\"article:published_time\" content=\"2024-04-01T12:27:29+00:00\" \/>\n<meta property=\"article:modified_time\" content=\"2024-04-15T07:12:11+00:00\" \/>\n<meta property=\"og:image\" content=\"https:\/\/www.copealcoy.es\/wp-content\/uploads\/2024\/04\/unnamed-1-5-scaled.jpg\" \/>\n\t<meta property=\"og:image:width\" content=\"1827\" \/>\n\t<meta property=\"og:image:height\" content=\"1080\" \/>\n\t<meta property=\"og:image:type\" content=\"image\/jpeg\" \/>\n<meta name=\"author\" content=\"Cope Alcoy\" \/>\n<meta name=\"twitter:label1\" content=\"Escrito por\" \/>\n\t<meta name=\"twitter:data1\" content=\"Cope Alcoy\" \/>\n\t<meta name=\"twitter:label2\" content=\"Tiempo de lectura\" \/>\n\t<meta name=\"twitter:data2\" content=\"3 minutos\" \/>\n<script type=\"application\/ld+json\" class=\"yoast-schema-graph\">{\"@context\":\"https:\\\/\\\/schema.org\",\"@graph\":[{\"@type\":\"Article\",\"@id\":\"https:\\\/\\\/www.copealcoy.es\\\/es\\\/la-gloria-brilla-en-las-calles-de-alcoy-en-la-manana-de-lunes-de-pascua\\\/#article\",\"isPartOf\":{\"@id\":\"https:\\\/\\\/www.copealcoy.es\\\/es\\\/la-gloria-brilla-en-las-calles-de-alcoy-en-la-manana-de-lunes-de-pascua\\\/\"},\"author\":{\"name\":\"Cope Alcoy\",\"@id\":\"https:\\\/\\\/www.copealcoy.es\\\/es\\\/#\\\/schema\\\/person\\\/e777c87fa024e57d40170af9df39882c\"},\"headline\":\"La Gloria brilla en las calles de Alcoy en la ma\u00f1ana de Lunes de Pascua\",\"datePublished\":\"2024-04-01T12:27:29+00:00\",\"dateModified\":\"2024-04-15T07:12:11+00:00\",\"mainEntityOfPage\":{\"@id\":\"https:\\\/\\\/www.copealcoy.es\\\/es\\\/la-gloria-brilla-en-las-calles-de-alcoy-en-la-manana-de-lunes-de-pascua\\\/\"},\"wordCount\":591,\"commentCount\":0,\"image\":{\"@id\":\"https:\\\/\\\/www.copealcoy.es\\\/es\\\/la-gloria-brilla-en-las-calles-de-alcoy-en-la-manana-de-lunes-de-pascua\\\/#primaryimage\"},\"thumbnailUrl\":\"https:\\\/\\\/www.copealcoy.es\\\/wp-content\\\/uploads\\\/2024\\\/04\\\/unnamed-1-5-scaled.jpg\",\"keywords\":[\"Alcoy\",\"David Antol\u00ed\",\"Fiestas\",\"Gloria\",\"Jordi Segu\u00ed\",\"Moros Y Cristianos\"],\"articleSection\":[\"Actualidad\",\"Alcoy\",\"Fiesta y Cultura\",\"Noticias\",\"Portada\"],\"inLanguage\":\"es\"},{\"@type\":\"WebPage\",\"@id\":\"https:\\\/\\\/www.copealcoy.es\\\/es\\\/la-gloria-brilla-en-las-calles-de-alcoy-en-la-manana-de-lunes-de-pascua\\\/\",\"url\":\"https:\\\/\\\/www.copealcoy.es\\\/es\\\/la-gloria-brilla-en-las-calles-de-alcoy-en-la-manana-de-lunes-de-pascua\\\/\",\"name\":\"La Gloria brilla en las calles de Alcoy en la ma\u00f1ana de Lunes de Pascua - COPE Alcoy\",\"isPartOf\":{\"@id\":\"https:\\\/\\\/www.copealcoy.es\\\/es\\\/#website\"},\"primaryImageOfPage\":{\"@id\":\"https:\\\/\\\/www.copealcoy.es\\\/es\\\/la-gloria-brilla-en-las-calles-de-alcoy-en-la-manana-de-lunes-de-pascua\\\/#primaryimage\"},\"image\":{\"@id\":\"https:\\\/\\\/www.copealcoy.es\\\/es\\\/la-gloria-brilla-en-las-calles-de-alcoy-en-la-manana-de-lunes-de-pascua\\\/#primaryimage\"},\"thumbnailUrl\":\"https:\\\/\\\/www.copealcoy.es\\\/wp-content\\\/uploads\\\/2024\\\/04\\\/unnamed-1-5-scaled.jpg\",\"datePublished\":\"2024-04-01T12:27:29+00:00\",\"dateModified\":\"2024-04-15T07:12:11+00:00\",\"author\":{\"@id\":\"https:\\\/\\\/www.copealcoy.es\\\/es\\\/#\\\/schema\\\/person\\\/e777c87fa024e57d40170af9df39882c\"},\"description\":\"El desfile de La Gloria ha salido a la calle en la ma\u00f1ana del 1 de abril anunciando la llegada de las pr\u00f3ximas Fiestas de Alcoy\",\"breadcrumb\":{\"@id\":\"https:\\\/\\\/www.copealcoy.es\\\/es\\\/la-gloria-brilla-en-las-calles-de-alcoy-en-la-manana-de-lunes-de-pascua\\\/#breadcrumb\"},\"inLanguage\":\"es\",\"potentialAction\":[{\"@type\":\"ReadAction\",\"target\":[\"https:\\\/\\\/www.copealcoy.es\\\/es\\\/la-gloria-brilla-en-las-calles-de-alcoy-en-la-manana-de-lunes-de-pascua\\\/\"]}]},{\"@type\":\"ImageObject\",\"inLanguage\":\"es\",\"@id\":\"https:\\\/\\\/www.copealcoy.es\\\/es\\\/la-gloria-brilla-en-las-calles-de-alcoy-en-la-manana-de-lunes-de-pascua\\\/#primaryimage\",\"url\":\"https:\\\/\\\/www.copealcoy.es\\\/wp-content\\\/uploads\\\/2024\\\/04\\\/unnamed-1-5-scaled.jpg\",\"contentUrl\":\"https:\\\/\\\/www.copealcoy.es\\\/wp-content\\\/uploads\\\/2024\\\/04\\\/unnamed-1-5-scaled.jpg\",\"width\":1827,\"height\":1080},{\"@type\":\"BreadcrumbList\",\"@id\":\"https:\\\/\\\/www.copealcoy.es\\\/es\\\/la-gloria-brilla-en-las-calles-de-alcoy-en-la-manana-de-lunes-de-pascua\\\/#breadcrumb\",\"itemListElement\":[{\"@type\":\"ListItem\",\"position\":1,\"name\":\"Portada\",\"item\":\"https:\\\/\\\/www.copealcoy.es\\\/es\\\/\"},{\"@type\":\"ListItem\",\"position\":2,\"name\":\"La Gloria brilla en las calles de Alcoy en la ma\u00f1ana de Lunes de Pascua\"}]},{\"@type\":\"WebSite\",\"@id\":\"https:\\\/\\\/www.copealcoy.es\\\/es\\\/#website\",\"url\":\"https:\\\/\\\/www.copealcoy.es\\\/es\\\/\",\"name\":\"COPE Alcoy\",\"description\":\"Emisora COPE de radio local con emisi\u00f3n online. Pont de Sant Jordi 8-10 03803 Alcoy\",\"potentialAction\":[{\"@type\":\"SearchAction\",\"target\":{\"@type\":\"EntryPoint\",\"urlTemplate\":\"https:\\\/\\\/www.copealcoy.es\\\/es\\\/?s={search_term_string}\"},\"query-input\":{\"@type\":\"PropertyValueSpecification\",\"valueRequired\":true,\"valueName\":\"search_term_string\"}}],\"inLanguage\":\"es\"},{\"@type\":\"Person\",\"@id\":\"https:\\\/\\\/www.copealcoy.es\\\/es\\\/#\\\/schema\\\/person\\\/e777c87fa024e57d40170af9df39882c\",\"name\":\"Cope Alcoy\",\"image\":{\"@type\":\"ImageObject\",\"inLanguage\":\"es\",\"@id\":\"https:\\\/\\\/secure.gravatar.com\\\/avatar\\\/bb65d0283347e303893ba14f0692005417c1e0e690a325a4c5d8bb2b3943ee14?s=96&d=mm&r=g\",\"url\":\"https:\\\/\\\/secure.gravatar.com\\\/avatar\\\/bb65d0283347e303893ba14f0692005417c1e0e690a325a4c5d8bb2b3943ee14?s=96&d=mm&r=g\",\"contentUrl\":\"https:\\\/\\\/secure.gravatar.com\\\/avatar\\\/bb65d0283347e303893ba14f0692005417c1e0e690a325a4c5d8bb2b3943ee14?s=96&d=mm&r=g\",\"caption\":\"Cope Alcoy\"}}]}<\/script>\n<!-- \/ Yoast SEO plugin. -->","yoast_head_json":{"title":"La Gloria brilla en las calles de Alcoy en la ma\u00f1ana de Lunes de Pascua - COPE Alcoy","description":"El desfile de La Gloria ha salido a la calle en la ma\u00f1ana del 1 de abril anunciando la llegada de las pr\u00f3ximas Fiestas de Alcoy","robots":{"index":"index","follow":"follow","max-snippet":"max-snippet:-1","max-image-preview":"max-image-preview:large","max-video-preview":"max-video-preview:-1"},"canonical":"https:\/\/www.copealcoy.es\/es\/la-gloria-brilla-en-las-calles-de-alcoy-en-la-manana-de-lunes-de-pascua\/","og_locale":"es_ES","og_type":"article","og_title":"La Gloria brilla en las calles de Alcoy en la ma\u00f1ana de Lunes de Pascua - COPE Alcoy","og_description":"El desfile de La Gloria ha salido a la calle en la ma\u00f1ana del 1 de abril anunciando la llegada de las pr\u00f3ximas Fiestas de Alcoy","og_url":"https:\/\/www.copealcoy.es\/es\/la-gloria-brilla-en-las-calles-de-alcoy-en-la-manana-de-lunes-de-pascua\/","og_site_name":"COPE Alcoy","article_published_time":"2024-04-01T12:27:29+00:00","article_modified_time":"2024-04-15T07:12:11+00:00","og_image":[{"width":1827,"height":1080,"url":"https:\/\/www.copealcoy.es\/wp-content\/uploads\/2024\/04\/unnamed-1-5-scaled.jpg","type":"image\/jpeg"}],"author":"Cope Alcoy","twitter_misc":{"Escrito por":"Cope Alcoy","Tiempo de lectura":"3 minutos"},"schema":{"@context":"https:\/\/schema.org","@graph":[{"@type":"Article","@id":"https:\/\/www.copealcoy.es\/es\/la-gloria-brilla-en-las-calles-de-alcoy-en-la-manana-de-lunes-de-pascua\/#article","isPartOf":{"@id":"https:\/\/www.copealcoy.es\/es\/la-gloria-brilla-en-las-calles-de-alcoy-en-la-manana-de-lunes-de-pascua\/"},"author":{"name":"Cope Alcoy","@id":"https:\/\/www.copealcoy.es\/es\/#\/schema\/person\/e777c87fa024e57d40170af9df39882c"},"headline":"La Gloria brilla en las calles de Alcoy en la ma\u00f1ana de Lunes de Pascua","datePublished":"2024-04-01T12:27:29+00:00","dateModified":"2024-04-15T07:12:11+00:00","mainEntityOfPage":{"@id":"https:\/\/www.copealcoy.es\/es\/la-gloria-brilla-en-las-calles-de-alcoy-en-la-manana-de-lunes-de-pascua\/"},"wordCount":591,"commentCount":0,"image":{"@id":"https:\/\/www.copealcoy.es\/es\/la-gloria-brilla-en-las-calles-de-alcoy-en-la-manana-de-lunes-de-pascua\/#primaryimage"},"thumbnailUrl":"https:\/\/www.copealcoy.es\/wp-content\/uploads\/2024\/04\/unnamed-1-5-scaled.jpg","keywords":["Alcoy","David Antol\u00ed","Fiestas","Gloria","Jordi Segu\u00ed","Moros Y Cristianos"],"articleSection":["Actualidad","Alcoy","Fiesta y Cultura","Noticias","Portada"],"inLanguage":"es"},{"@type":"WebPage","@id":"https:\/\/www.copealcoy.es\/es\/la-gloria-brilla-en-las-calles-de-alcoy-en-la-manana-de-lunes-de-pascua\/","url":"https:\/\/www.copealcoy.es\/es\/la-gloria-brilla-en-las-calles-de-alcoy-en-la-manana-de-lunes-de-pascua\/","name":"La Gloria brilla en las calles de Alcoy en la ma\u00f1ana de Lunes de Pascua - COPE Alcoy","isPartOf":{"@id":"https:\/\/www.copealcoy.es\/es\/#website"},"primaryImageOfPage":{"@id":"https:\/\/www.copealcoy.es\/es\/la-gloria-brilla-en-las-calles-de-alcoy-en-la-manana-de-lunes-de-pascua\/#primaryimage"},"image":{"@id":"https:\/\/www.copealcoy.es\/es\/la-gloria-brilla-en-las-calles-de-alcoy-en-la-manana-de-lunes-de-pascua\/#primaryimage"},"thumbnailUrl":"https:\/\/www.copealcoy.es\/wp-content\/uploads\/2024\/04\/unnamed-1-5-scaled.jpg","datePublished":"2024-04-01T12:27:29+00:00","dateModified":"2024-04-15T07:12:11+00:00","author":{"@id":"https:\/\/www.copealcoy.es\/es\/#\/schema\/person\/e777c87fa024e57d40170af9df39882c"},"description":"El desfile de La Gloria ha salido a la calle en la ma\u00f1ana del 1 de abril anunciando la llegada de las pr\u00f3ximas Fiestas de Alcoy","breadcrumb":{"@id":"https:\/\/www.copealcoy.es\/es\/la-gloria-brilla-en-las-calles-de-alcoy-en-la-manana-de-lunes-de-pascua\/#breadcrumb"},"inLanguage":"es","potentialAction":[{"@type":"ReadAction","target":["https:\/\/www.copealcoy.es\/es\/la-gloria-brilla-en-las-calles-de-alcoy-en-la-manana-de-lunes-de-pascua\/"]}]},{"@type":"ImageObject","inLanguage":"es","@id":"https:\/\/www.copealcoy.es\/es\/la-gloria-brilla-en-las-calles-de-alcoy-en-la-manana-de-lunes-de-pascua\/#primaryimage","url":"https:\/\/www.copealcoy.es\/wp-content\/uploads\/2024\/04\/unnamed-1-5-scaled.jpg","contentUrl":"https:\/\/www.copealcoy.es\/wp-content\/uploads\/2024\/04\/unnamed-1-5-scaled.jpg","width":1827,"height":1080},{"@type":"BreadcrumbList","@id":"https:\/\/www.copealcoy.es\/es\/la-gloria-brilla-en-las-calles-de-alcoy-en-la-manana-de-lunes-de-pascua\/#breadcrumb","itemListElement":[{"@type":"ListItem","position":1,"name":"Portada","item":"https:\/\/www.copealcoy.es\/es\/"},{"@type":"ListItem","position":2,"name":"La Gloria brilla en las calles de Alcoy en la ma\u00f1ana de Lunes de Pascua"}]},{"@type":"WebSite","@id":"https:\/\/www.copealcoy.es\/es\/#website","url":"https:\/\/www.copealcoy.es\/es\/","name":"COPE Alcoy","description":"Emisora COPE de radio local con emisi\u00f3n online. Pont de Sant Jordi 8-10 03803 Alcoy","potentialAction":[{"@type":"SearchAction","target":{"@type":"EntryPoint","urlTemplate":"https:\/\/www.copealcoy.es\/es\/?s={search_term_string}"},"query-input":{"@type":"PropertyValueSpecification","valueRequired":true,"valueName":"search_term_string"}}],"inLanguage":"es"},{"@type":"Person","@id":"https:\/\/www.copealcoy.es\/es\/#\/schema\/person\/e777c87fa024e57d40170af9df39882c","name":"Cope Alcoy","image":{"@type":"ImageObject","inLanguage":"es","@id":"https:\/\/secure.gravatar.com\/avatar\/bb65d0283347e303893ba14f0692005417c1e0e690a325a4c5d8bb2b3943ee14?s=96&d=mm&r=g","url":"https:\/\/secure.gravatar.com\/avatar\/bb65d0283347e303893ba14f0692005417c1e0e690a325a4c5d8bb2b3943ee14?s=96&d=mm&r=g","contentUrl":"https:\/\/secure.gravatar.com\/avatar\/bb65d0283347e303893ba14f0692005417c1e0e690a325a4c5d8bb2b3943ee14?s=96&d=mm&r=g","caption":"Cope Alcoy"}}]}},"_links":{"self":[{"href":"https:\/\/www.copealcoy.es\/es\/wp-json\/wp\/v2\/posts\/131362","targetHints":{"allow":["GET"]}}],"collection":[{"href":"https:\/\/www.copealcoy.es\/es\/wp-json\/wp\/v2\/posts"}],"about":[{"href":"https:\/\/www.copealcoy.es\/es\/wp-json\/wp\/v2\/types\/post"}],"author":[{"embeddable":true,"href":"https:\/\/www.copealcoy.es\/es\/wp-json\/wp\/v2\/users\/1"}],"replies":[{"embeddable":true,"href":"https:\/\/www.copealcoy.es\/es\/wp-json\/wp\/v2\/comments?post=131362"}],"version-history":[{"count":0,"href":"https:\/\/www.copealcoy.es\/es\/wp-json\/wp\/v2\/posts\/131362\/revisions"}],"wp:featuredmedia":[{"embeddable":true,"href":"https:\/\/www.copealcoy.es\/es\/wp-json\/wp\/v2\/media\/131368"}],"wp:attachment":[{"href":"https:\/\/www.copealcoy.es\/es\/wp-json\/wp\/v2\/media?parent=131362"}],"wp:term":[{"taxonomy":"category","embeddable":true,"href":"https:\/\/www.copealcoy.es\/es\/wp-json\/wp\/v2\/categories?post=131362"},{"taxonomy":"post_tag","embeddable":true,"href":"https:\/\/www.copealcoy.es\/es\/wp-json\/wp\/v2\/tags?post=131362"}],"curies":[{"name":"wp","href":"https:\/\/api.w.org\/{rel}","templated":true}]}}