{"id":131252,"date":"2024-03-30T08:20:13","date_gmt":"2024-03-30T07:20:13","guid":{"rendered":"https:\/\/www.copealcoy.es\/?p=131252"},"modified":"2024-03-30T19:36:05","modified_gmt":"2024-03-30T18:36:05","slug":"viernes-santo-de-recogimiento-y-devocion-en-toda-la-comarca","status":"publish","type":"post","link":"https:\/\/www.copealcoy.es\/es\/viernes-santo-de-recogimiento-y-devocion-en-toda-la-comarca\/","title":{"rendered":"Viernes Santo de recogimiento y devoci\u00f3n en toda la comarca"},"content":{"rendered":"<p style=\"text-align: justify;\">La tarde del Viernes Santo estuvo reservada ayer para<strong>\u00a0la celebraci\u00f3n de las procesiones del Santo Entierro<\/strong>\u00a0por\u00a0<strong>los diferentes municipios de las comarcas de l\u2019Alcoi\u00e0 y el Comtat<\/strong>. Estos actos, en los que se volvi\u00f3 a respirar fe y devoci\u00f3n, <b>salieron a la calle con total normalidad <\/b>pese a que los cielos estaban cubiertos, soplaba el viento y en alg\u00fan momento lleg\u00f3 a pensarse que podr\u00eda sorprender la lluvia.<\/p>\n<p style=\"text-align: justify;\">Durante toda la tarde <strong>hubo procesiones en Agres, Alfafara, Pen\u00e0guila, Ibi, Castalla u Onil<\/strong>. En\u00a0<a href=\"https:\/\/www.portademariola.com\/\" target=\"_blank\" rel=\"noopener\"><span style=\"color: #0000ff;\"><strong>Banyeres de Mariola<\/strong> <\/span><\/a>el Santo Entierro, seg\u00fan inform\u00f3 el p\u00e1rroco Don Ram\u00f3n Mic\u00f3, recorri\u00f3 las v\u00edas del casco antiguo con pasos como el de Mar\u00eda Magdalena, El Nazareno, La Dolorosa, El Cristo Crucificado o el Santo Sepulcro. Precisamente en este municipio volvi\u00f3 a ser muy participativo <strong>el V\u00eda Crucis matinal<\/strong>, acto que arranca al amanecer del Viernes Santo y que discurre desde la Parroquia de Nuestra Se\u00f1ora de la Misericordia hasta la ermita del Santo Cristo. En el mismo <strong>toman parte las im\u00e1genes del Nazareno, La Dolorosa y Santa Mar\u00eda Magdalena<\/strong>, patrona de la localidad, y desde la ermita de esta \u00faltima se van meditando las estaciones del mismo V\u00eda Crucis hasta llegar al Santo Cristo. All\u00ed espera Cristo Crucificado y despu\u00e9s <strong>todas las im\u00e1genes regresan al templo tras rezarse los siete dolores de la Virgen Mar\u00eda<\/strong> a las puertas de la capilla de La Malena.\u00a0Tambi\u00e9n en <strong>Muro<\/strong> hubo Procesi\u00f3n de Viernes Santo con la participaci\u00f3n de Cofrad\u00edas como la del Cristo de la Columna, el\u00a0 Ecce Homo, El Nazareno, El Cristo Crucificado, el Cristo Yacente o La Virgen de los Dolores.<\/p>\n<p style=\"text-align: justify;\">Tras el Santo Entierro,\u00a0<strong>la Semana Santa llegar\u00e1 a su fin el S\u00e1bado Santo con la Vigilia Pascual<\/strong>\u00a0que acoger\u00e1n las iglesias entre la tarde y la medianoche. Muchos municipios tambi\u00e9n celebrar\u00e1n Domingo de Pascua\u00a0<strong>el Encuentro Glorioso entre la Virgen Mar\u00eda y Cristo Resucitado<\/strong>.<\/p>\n<div id='gallery-1' class='gallery galleryid-131252 gallery-columns-1 gallery-size-full'><figure class='gallery-item'>\n\t\t\t<div class='gallery-icon landscape'>\n\t\t\t\t<a href='https:\/\/www.copealcoy.es\/es\/viernes-santo-de-recogimiento-y-devocion-en-toda-la-comarca\/unnamed-2-93\/'><img loading=\"lazy\" decoding=\"async\" width=\"1440\" height=\"1080\" src=\"https:\/\/www.copealcoy.es\/wp-content\/uploads\/2024\/03\/unnamed-2-7-scaled.jpg\" class=\"attachment-full size-full\" alt=\"\" srcset=\"https:\/\/www.copealcoy.es\/wp-content\/uploads\/2024\/03\/unnamed-2-7-scaled.jpg 1440w, https:\/\/www.copealcoy.es\/wp-content\/uploads\/2024\/03\/unnamed-2-7-768x576.jpg 768w, https:\/\/www.copealcoy.es\/wp-content\/uploads\/2024\/03\/unnamed-2-7-1536x1152.jpg 1536w, https:\/\/www.copealcoy.es\/wp-content\/uploads\/2024\/03\/unnamed-2-7-2048x1536.jpg 2048w\" sizes=\"auto, (max-width: 1440px) 100vw, 1440px\" \/><\/a>\n\t\t\t<\/div><\/figure><figure class='gallery-item'>\n\t\t\t<div class='gallery-icon landscape'>\n\t\t\t\t<a href='https:\/\/www.copealcoy.es\/es\/viernes-santo-de-recogimiento-y-devocion-en-toda-la-comarca\/unnamed-2-92\/'><img loading=\"lazy\" decoding=\"async\" width=\"1440\" height=\"1080\" src=\"https:\/\/www.copealcoy.es\/wp-content\/uploads\/2024\/03\/unnamed-2-6-scaled.jpg\" class=\"attachment-full size-full\" alt=\"\" srcset=\"https:\/\/www.copealcoy.es\/wp-content\/uploads\/2024\/03\/unnamed-2-6-scaled.jpg 1440w, https:\/\/www.copealcoy.es\/wp-content\/uploads\/2024\/03\/unnamed-2-6-768x576.jpg 768w, https:\/\/www.copealcoy.es\/wp-content\/uploads\/2024\/03\/unnamed-2-6-1536x1152.jpg 1536w, https:\/\/www.copealcoy.es\/wp-content\/uploads\/2024\/03\/unnamed-2-6-2048x1536.jpg 2048w\" sizes=\"auto, (max-width: 1440px) 100vw, 1440px\" \/><\/a>\n\t\t\t<\/div><\/figure><figure class='gallery-item'>\n\t\t\t<div class='gallery-icon landscape'>\n\t\t\t\t<a href='https:\/\/www.copealcoy.es\/es\/viernes-santo-de-recogimiento-y-devocion-en-toda-la-comarca\/434936733_934762418652591_180344099585980834_n-1\/'><img loading=\"lazy\" decoding=\"async\" width=\"1536\" height=\"910\" src=\"https:\/\/www.copealcoy.es\/wp-content\/uploads\/2024\/03\/434936733_934762418652591_180344099585980834_n-1.jpg\" class=\"attachment-full size-full\" alt=\"\" srcset=\"https:\/\/www.copealcoy.es\/wp-content\/uploads\/2024\/03\/434936733_934762418652591_180344099585980834_n-1.jpg 1536w, https:\/\/www.copealcoy.es\/wp-content\/uploads\/2024\/03\/434936733_934762418652591_180344099585980834_n-1-768x455.jpg 768w\" sizes=\"auto, (max-width: 1536px) 100vw, 1536px\" \/><\/a>\n\t\t\t<\/div><\/figure><figure class='gallery-item'>\n\t\t\t<div class='gallery-icon landscape'>\n\t\t\t\t<a href='https:\/\/www.copealcoy.es\/es\/viernes-santo-de-recogimiento-y-devocion-en-toda-la-comarca\/434012762_7301230233248146_8642553403152645234_n\/'><img loading=\"lazy\" decoding=\"async\" width=\"959\" height=\"587\" src=\"https:\/\/www.copealcoy.es\/wp-content\/uploads\/2024\/03\/434012762_7301230233248146_8642553403152645234_n.jpg\" class=\"attachment-full size-full\" alt=\"\" srcset=\"https:\/\/www.copealcoy.es\/wp-content\/uploads\/2024\/03\/434012762_7301230233248146_8642553403152645234_n.jpg 959w, https:\/\/www.copealcoy.es\/wp-content\/uploads\/2024\/03\/434012762_7301230233248146_8642553403152645234_n-768x470.jpg 768w\" sizes=\"auto, (max-width: 959px) 100vw, 959px\" \/><\/a>\n\t\t\t<\/div><\/figure>\n\t\t<\/div>\n\n","protected":false},"excerpt":{"rendered":"<p>La tarde del Viernes Santo estuvo reservada ayer para\u00a0la celebraci\u00f3n de las procesiones del Santo Entierro\u00a0por\u00a0los diferentes municipios de las&#8230;<\/p>\n","protected":false},"author":1,"featured_media":131253,"comment_status":"open","ping_status":"open","sticky":false,"template":"","format":"standard","meta":{"footnotes":""},"categories":[6909,98,75],"tags":[236,3986,745,2050],"class_list":["post-131252","post","type-post","status-publish","format-standard","has-post-thumbnail","hentry","category-actualidad","category-comarcas","category-noticias","tag-comarca","tag-procesion-del-santo-entierro","tag-semana-santa","tag-viernes-santo"],"yoast_head":"<!-- This site is optimized with the Yoast SEO plugin v27.3 - https:\/\/yoast.com\/product\/yoast-seo-wordpress\/ -->\n<title>Viernes Santo de recogimiento y devoci\u00f3n en toda la comarca - COPE Alcoy<\/title>\n<meta name=\"description\" content=\"La tarde del Viernes Santo estuvo reservada ayer para\u00a0la celebraci\u00f3n de las procesiones del Santo Entierro\u00a0por cada poblaci\u00f3n de la comarca\" \/>\n<meta name=\"robots\" content=\"index, follow, max-snippet:-1, max-image-preview:large, max-video-preview:-1\" \/>\n<link rel=\"canonical\" href=\"https:\/\/www.copealcoy.es\/es\/viernes-santo-de-recogimiento-y-devocion-en-toda-la-comarca\/\" \/>\n<meta property=\"og:locale\" content=\"es_ES\" \/>\n<meta property=\"og:type\" content=\"article\" \/>\n<meta property=\"og:title\" content=\"Viernes Santo de recogimiento y devoci\u00f3n en toda la comarca - COPE Alcoy\" \/>\n<meta property=\"og:description\" content=\"La tarde del Viernes Santo estuvo reservada ayer para\u00a0la celebraci\u00f3n de las procesiones del Santo Entierro\u00a0por cada poblaci\u00f3n de la comarca\" \/>\n<meta property=\"og:url\" content=\"https:\/\/www.copealcoy.es\/es\/viernes-santo-de-recogimiento-y-devocion-en-toda-la-comarca\/\" \/>\n<meta property=\"og:site_name\" content=\"COPE Alcoy\" \/>\n<meta property=\"article:published_time\" content=\"2024-03-30T07:20:13+00:00\" \/>\n<meta property=\"article:modified_time\" content=\"2024-03-30T18:36:05+00:00\" \/>\n<meta property=\"og:image\" content=\"https:\/\/www.copealcoy.es\/wp-content\/uploads\/2024\/03\/unnamed-1-36-scaled.jpg\" \/>\n\t<meta property=\"og:image:width\" content=\"1495\" \/>\n\t<meta property=\"og:image:height\" content=\"1080\" \/>\n\t<meta property=\"og:image:type\" content=\"image\/jpeg\" \/>\n<meta name=\"author\" content=\"Cope Alcoy\" \/>\n<meta name=\"twitter:label1\" content=\"Escrito por\" \/>\n\t<meta name=\"twitter:data1\" content=\"Cope Alcoy\" \/>\n\t<meta name=\"twitter:label2\" content=\"Tiempo de lectura\" \/>\n\t<meta name=\"twitter:data2\" content=\"2 minutos\" \/>\n<script type=\"application\/ld+json\" class=\"yoast-schema-graph\">{\"@context\":\"https:\\\/\\\/schema.org\",\"@graph\":[{\"@type\":\"Article\",\"@id\":\"https:\\\/\\\/www.copealcoy.es\\\/es\\\/viernes-santo-de-recogimiento-y-devocion-en-toda-la-comarca\\\/#article\",\"isPartOf\":{\"@id\":\"https:\\\/\\\/www.copealcoy.es\\\/es\\\/viernes-santo-de-recogimiento-y-devocion-en-toda-la-comarca\\\/\"},\"author\":{\"name\":\"Cope Alcoy\",\"@id\":\"https:\\\/\\\/www.copealcoy.es\\\/es\\\/#\\\/schema\\\/person\\\/e777c87fa024e57d40170af9df39882c\"},\"headline\":\"Viernes Santo de recogimiento y devoci\u00f3n en toda la comarca\",\"datePublished\":\"2024-03-30T07:20:13+00:00\",\"dateModified\":\"2024-03-30T18:36:05+00:00\",\"mainEntityOfPage\":{\"@id\":\"https:\\\/\\\/www.copealcoy.es\\\/es\\\/viernes-santo-de-recogimiento-y-devocion-en-toda-la-comarca\\\/\"},\"wordCount\":357,\"commentCount\":0,\"image\":{\"@id\":\"https:\\\/\\\/www.copealcoy.es\\\/es\\\/viernes-santo-de-recogimiento-y-devocion-en-toda-la-comarca\\\/#primaryimage\"},\"thumbnailUrl\":\"https:\\\/\\\/www.copealcoy.es\\\/wp-content\\\/uploads\\\/2024\\\/03\\\/unnamed-1-36-scaled.jpg\",\"keywords\":[\"Comarca\",\"Procesi\u00f3n del Santo Entierro\",\"Semana Santa\",\"Viernes Santo\"],\"articleSection\":[\"Actualidad\",\"Comarcas\",\"Noticias\"],\"inLanguage\":\"es\"},{\"@type\":\"WebPage\",\"@id\":\"https:\\\/\\\/www.copealcoy.es\\\/es\\\/viernes-santo-de-recogimiento-y-devocion-en-toda-la-comarca\\\/\",\"url\":\"https:\\\/\\\/www.copealcoy.es\\\/es\\\/viernes-santo-de-recogimiento-y-devocion-en-toda-la-comarca\\\/\",\"name\":\"Viernes Santo de recogimiento y devoci\u00f3n en toda la comarca - COPE Alcoy\",\"isPartOf\":{\"@id\":\"https:\\\/\\\/www.copealcoy.es\\\/es\\\/#website\"},\"primaryImageOfPage\":{\"@id\":\"https:\\\/\\\/www.copealcoy.es\\\/es\\\/viernes-santo-de-recogimiento-y-devocion-en-toda-la-comarca\\\/#primaryimage\"},\"image\":{\"@id\":\"https:\\\/\\\/www.copealcoy.es\\\/es\\\/viernes-santo-de-recogimiento-y-devocion-en-toda-la-comarca\\\/#primaryimage\"},\"thumbnailUrl\":\"https:\\\/\\\/www.copealcoy.es\\\/wp-content\\\/uploads\\\/2024\\\/03\\\/unnamed-1-36-scaled.jpg\",\"datePublished\":\"2024-03-30T07:20:13+00:00\",\"dateModified\":\"2024-03-30T18:36:05+00:00\",\"author\":{\"@id\":\"https:\\\/\\\/www.copealcoy.es\\\/es\\\/#\\\/schema\\\/person\\\/e777c87fa024e57d40170af9df39882c\"},\"description\":\"La tarde del Viernes Santo estuvo reservada ayer para\u00a0la celebraci\u00f3n de las procesiones del Santo Entierro\u00a0por cada poblaci\u00f3n de la comarca\",\"breadcrumb\":{\"@id\":\"https:\\\/\\\/www.copealcoy.es\\\/es\\\/viernes-santo-de-recogimiento-y-devocion-en-toda-la-comarca\\\/#breadcrumb\"},\"inLanguage\":\"es\",\"potentialAction\":[{\"@type\":\"ReadAction\",\"target\":[\"https:\\\/\\\/www.copealcoy.es\\\/es\\\/viernes-santo-de-recogimiento-y-devocion-en-toda-la-comarca\\\/\"]}]},{\"@type\":\"ImageObject\",\"inLanguage\":\"es\",\"@id\":\"https:\\\/\\\/www.copealcoy.es\\\/es\\\/viernes-santo-de-recogimiento-y-devocion-en-toda-la-comarca\\\/#primaryimage\",\"url\":\"https:\\\/\\\/www.copealcoy.es\\\/wp-content\\\/uploads\\\/2024\\\/03\\\/unnamed-1-36-scaled.jpg\",\"contentUrl\":\"https:\\\/\\\/www.copealcoy.es\\\/wp-content\\\/uploads\\\/2024\\\/03\\\/unnamed-1-36-scaled.jpg\",\"width\":1495,\"height\":1080},{\"@type\":\"BreadcrumbList\",\"@id\":\"https:\\\/\\\/www.copealcoy.es\\\/es\\\/viernes-santo-de-recogimiento-y-devocion-en-toda-la-comarca\\\/#breadcrumb\",\"itemListElement\":[{\"@type\":\"ListItem\",\"position\":1,\"name\":\"Portada\",\"item\":\"https:\\\/\\\/www.copealcoy.es\\\/es\\\/\"},{\"@type\":\"ListItem\",\"position\":2,\"name\":\"Viernes Santo de recogimiento y devoci\u00f3n en toda la comarca\"}]},{\"@type\":\"WebSite\",\"@id\":\"https:\\\/\\\/www.copealcoy.es\\\/es\\\/#website\",\"url\":\"https:\\\/\\\/www.copealcoy.es\\\/es\\\/\",\"name\":\"COPE Alcoy\",\"description\":\"Emisora COPE de radio local con emisi\u00f3n online. Pont de Sant Jordi 8-10 03803 Alcoy\",\"potentialAction\":[{\"@type\":\"SearchAction\",\"target\":{\"@type\":\"EntryPoint\",\"urlTemplate\":\"https:\\\/\\\/www.copealcoy.es\\\/es\\\/?s={search_term_string}\"},\"query-input\":{\"@type\":\"PropertyValueSpecification\",\"valueRequired\":true,\"valueName\":\"search_term_string\"}}],\"inLanguage\":\"es\"},{\"@type\":\"Person\",\"@id\":\"https:\\\/\\\/www.copealcoy.es\\\/es\\\/#\\\/schema\\\/person\\\/e777c87fa024e57d40170af9df39882c\",\"name\":\"Cope Alcoy\",\"image\":{\"@type\":\"ImageObject\",\"inLanguage\":\"es\",\"@id\":\"https:\\\/\\\/secure.gravatar.com\\\/avatar\\\/bb65d0283347e303893ba14f0692005417c1e0e690a325a4c5d8bb2b3943ee14?s=96&d=mm&r=g\",\"url\":\"https:\\\/\\\/secure.gravatar.com\\\/avatar\\\/bb65d0283347e303893ba14f0692005417c1e0e690a325a4c5d8bb2b3943ee14?s=96&d=mm&r=g\",\"contentUrl\":\"https:\\\/\\\/secure.gravatar.com\\\/avatar\\\/bb65d0283347e303893ba14f0692005417c1e0e690a325a4c5d8bb2b3943ee14?s=96&d=mm&r=g\",\"caption\":\"Cope Alcoy\"}}]}<\/script>\n<!-- \/ Yoast SEO plugin. -->","yoast_head_json":{"title":"Viernes Santo de recogimiento y devoci\u00f3n en toda la comarca - COPE Alcoy","description":"La tarde del Viernes Santo estuvo reservada ayer para\u00a0la celebraci\u00f3n de las procesiones del Santo Entierro\u00a0por cada poblaci\u00f3n de la comarca","robots":{"index":"index","follow":"follow","max-snippet":"max-snippet:-1","max-image-preview":"max-image-preview:large","max-video-preview":"max-video-preview:-1"},"canonical":"https:\/\/www.copealcoy.es\/es\/viernes-santo-de-recogimiento-y-devocion-en-toda-la-comarca\/","og_locale":"es_ES","og_type":"article","og_title":"Viernes Santo de recogimiento y devoci\u00f3n en toda la comarca - COPE Alcoy","og_description":"La tarde del Viernes Santo estuvo reservada ayer para\u00a0la celebraci\u00f3n de las procesiones del Santo Entierro\u00a0por cada poblaci\u00f3n de la comarca","og_url":"https:\/\/www.copealcoy.es\/es\/viernes-santo-de-recogimiento-y-devocion-en-toda-la-comarca\/","og_site_name":"COPE Alcoy","article_published_time":"2024-03-30T07:20:13+00:00","article_modified_time":"2024-03-30T18:36:05+00:00","og_image":[{"width":1495,"height":1080,"url":"https:\/\/www.copealcoy.es\/wp-content\/uploads\/2024\/03\/unnamed-1-36-scaled.jpg","type":"image\/jpeg"}],"author":"Cope Alcoy","twitter_misc":{"Escrito por":"Cope Alcoy","Tiempo de lectura":"2 minutos"},"schema":{"@context":"https:\/\/schema.org","@graph":[{"@type":"Article","@id":"https:\/\/www.copealcoy.es\/es\/viernes-santo-de-recogimiento-y-devocion-en-toda-la-comarca\/#article","isPartOf":{"@id":"https:\/\/www.copealcoy.es\/es\/viernes-santo-de-recogimiento-y-devocion-en-toda-la-comarca\/"},"author":{"name":"Cope Alcoy","@id":"https:\/\/www.copealcoy.es\/es\/#\/schema\/person\/e777c87fa024e57d40170af9df39882c"},"headline":"Viernes Santo de recogimiento y devoci\u00f3n en toda la comarca","datePublished":"2024-03-30T07:20:13+00:00","dateModified":"2024-03-30T18:36:05+00:00","mainEntityOfPage":{"@id":"https:\/\/www.copealcoy.es\/es\/viernes-santo-de-recogimiento-y-devocion-en-toda-la-comarca\/"},"wordCount":357,"commentCount":0,"image":{"@id":"https:\/\/www.copealcoy.es\/es\/viernes-santo-de-recogimiento-y-devocion-en-toda-la-comarca\/#primaryimage"},"thumbnailUrl":"https:\/\/www.copealcoy.es\/wp-content\/uploads\/2024\/03\/unnamed-1-36-scaled.jpg","keywords":["Comarca","Procesi\u00f3n del Santo Entierro","Semana Santa","Viernes Santo"],"articleSection":["Actualidad","Comarcas","Noticias"],"inLanguage":"es"},{"@type":"WebPage","@id":"https:\/\/www.copealcoy.es\/es\/viernes-santo-de-recogimiento-y-devocion-en-toda-la-comarca\/","url":"https:\/\/www.copealcoy.es\/es\/viernes-santo-de-recogimiento-y-devocion-en-toda-la-comarca\/","name":"Viernes Santo de recogimiento y devoci\u00f3n en toda la comarca - COPE Alcoy","isPartOf":{"@id":"https:\/\/www.copealcoy.es\/es\/#website"},"primaryImageOfPage":{"@id":"https:\/\/www.copealcoy.es\/es\/viernes-santo-de-recogimiento-y-devocion-en-toda-la-comarca\/#primaryimage"},"image":{"@id":"https:\/\/www.copealcoy.es\/es\/viernes-santo-de-recogimiento-y-devocion-en-toda-la-comarca\/#primaryimage"},"thumbnailUrl":"https:\/\/www.copealcoy.es\/wp-content\/uploads\/2024\/03\/unnamed-1-36-scaled.jpg","datePublished":"2024-03-30T07:20:13+00:00","dateModified":"2024-03-30T18:36:05+00:00","author":{"@id":"https:\/\/www.copealcoy.es\/es\/#\/schema\/person\/e777c87fa024e57d40170af9df39882c"},"description":"La tarde del Viernes Santo estuvo reservada ayer para\u00a0la celebraci\u00f3n de las procesiones del Santo Entierro\u00a0por cada poblaci\u00f3n de la comarca","breadcrumb":{"@id":"https:\/\/www.copealcoy.es\/es\/viernes-santo-de-recogimiento-y-devocion-en-toda-la-comarca\/#breadcrumb"},"inLanguage":"es","potentialAction":[{"@type":"ReadAction","target":["https:\/\/www.copealcoy.es\/es\/viernes-santo-de-recogimiento-y-devocion-en-toda-la-comarca\/"]}]},{"@type":"ImageObject","inLanguage":"es","@id":"https:\/\/www.copealcoy.es\/es\/viernes-santo-de-recogimiento-y-devocion-en-toda-la-comarca\/#primaryimage","url":"https:\/\/www.copealcoy.es\/wp-content\/uploads\/2024\/03\/unnamed-1-36-scaled.jpg","contentUrl":"https:\/\/www.copealcoy.es\/wp-content\/uploads\/2024\/03\/unnamed-1-36-scaled.jpg","width":1495,"height":1080},{"@type":"BreadcrumbList","@id":"https:\/\/www.copealcoy.es\/es\/viernes-santo-de-recogimiento-y-devocion-en-toda-la-comarca\/#breadcrumb","itemListElement":[{"@type":"ListItem","position":1,"name":"Portada","item":"https:\/\/www.copealcoy.es\/es\/"},{"@type":"ListItem","position":2,"name":"Viernes Santo de recogimiento y devoci\u00f3n en toda la comarca"}]},{"@type":"WebSite","@id":"https:\/\/www.copealcoy.es\/es\/#website","url":"https:\/\/www.copealcoy.es\/es\/","name":"COPE Alcoy","description":"Emisora COPE de radio local con emisi\u00f3n online. Pont de Sant Jordi 8-10 03803 Alcoy","potentialAction":[{"@type":"SearchAction","target":{"@type":"EntryPoint","urlTemplate":"https:\/\/www.copealcoy.es\/es\/?s={search_term_string}"},"query-input":{"@type":"PropertyValueSpecification","valueRequired":true,"valueName":"search_term_string"}}],"inLanguage":"es"},{"@type":"Person","@id":"https:\/\/www.copealcoy.es\/es\/#\/schema\/person\/e777c87fa024e57d40170af9df39882c","name":"Cope Alcoy","image":{"@type":"ImageObject","inLanguage":"es","@id":"https:\/\/secure.gravatar.com\/avatar\/bb65d0283347e303893ba14f0692005417c1e0e690a325a4c5d8bb2b3943ee14?s=96&d=mm&r=g","url":"https:\/\/secure.gravatar.com\/avatar\/bb65d0283347e303893ba14f0692005417c1e0e690a325a4c5d8bb2b3943ee14?s=96&d=mm&r=g","contentUrl":"https:\/\/secure.gravatar.com\/avatar\/bb65d0283347e303893ba14f0692005417c1e0e690a325a4c5d8bb2b3943ee14?s=96&d=mm&r=g","caption":"Cope Alcoy"}}]}},"_links":{"self":[{"href":"https:\/\/www.copealcoy.es\/es\/wp-json\/wp\/v2\/posts\/131252","targetHints":{"allow":["GET"]}}],"collection":[{"href":"https:\/\/www.copealcoy.es\/es\/wp-json\/wp\/v2\/posts"}],"about":[{"href":"https:\/\/www.copealcoy.es\/es\/wp-json\/wp\/v2\/types\/post"}],"author":[{"embeddable":true,"href":"https:\/\/www.copealcoy.es\/es\/wp-json\/wp\/v2\/users\/1"}],"replies":[{"embeddable":true,"href":"https:\/\/www.copealcoy.es\/es\/wp-json\/wp\/v2\/comments?post=131252"}],"version-history":[{"count":0,"href":"https:\/\/www.copealcoy.es\/es\/wp-json\/wp\/v2\/posts\/131252\/revisions"}],"wp:featuredmedia":[{"embeddable":true,"href":"https:\/\/www.copealcoy.es\/es\/wp-json\/wp\/v2\/media\/131253"}],"wp:attachment":[{"href":"https:\/\/www.copealcoy.es\/es\/wp-json\/wp\/v2\/media?parent=131252"}],"wp:term":[{"taxonomy":"category","embeddable":true,"href":"https:\/\/www.copealcoy.es\/es\/wp-json\/wp\/v2\/categories?post=131252"},{"taxonomy":"post_tag","embeddable":true,"href":"https:\/\/www.copealcoy.es\/es\/wp-json\/wp\/v2\/tags?post=131252"}],"curies":[{"name":"wp","href":"https:\/\/api.w.org\/{rel}","templated":true}]}}