{"id":131182,"date":"2024-03-29T18:35:30","date_gmt":"2024-03-29T17:35:30","guid":{"rendered":"https:\/\/www.copealcoy.es\/?p=131182"},"modified":"2024-03-29T18:52:41","modified_gmt":"2024-03-29T17:52:41","slug":"benilloba-estrena-en-semana-santa-una-nueva-edicion-de-su-mercat-tradicional","status":"publish","type":"post","link":"https:\/\/www.copealcoy.es\/es\/benilloba-estrena-en-semana-santa-una-nueva-edicion-de-su-mercat-tradicional\/","title":{"rendered":"Benilloba estrena en Semana Santa una nueva edici\u00f3n de su &#8216;Mercat Tradicional&#8217;"},"content":{"rendered":"<p style=\"text-align: justify;\">Un\u00a0<strong>Viernes Santo m\u00e1s<\/strong>, y como ya viene siendo habitual desde hace XVII a\u00f1os, <strong><a href=\"https:\/\/www.facebook.com\/AjuntamentBenilloba\"><span style=\"color: #0000ff;\">Benilloba<\/span><\/a> ha abierto las puertas<\/strong> de su tradicional \u2018Mercat de Divendres Sant\u2019. La cita no falta en nuestras comarcas por Semana Santa y se alargar\u00e1 hasta el S\u00e1bado Santo con una amplia gama de actividades.<\/p>\n<p style=\"text-align: justify;\">Hasta ma\u00f1ana\u00a0<strong>medio centenar de puestos de venta<\/strong> se reparten por las calles de este municipio del Comtat para ofrecer productos t\u00edpicos y de gastronom\u00eda, artesan\u00eda, juguetes, bisuter\u00eda y gran cantidad de art\u00edculos. Tambi\u00e9n destacan vinos, cervezas, bebidas, granizados, aceites de la zona o antig\u00fcedades, entre otras. Y junto a estos los productos t\u00edpicos de la Pascua como<strong> las cl\u00e1sicas &#8216;Monas&#8217;<\/strong>, las cuales siempre despiertan el inter\u00e9s de todos los que pasan por Benilloba durante el &#8216;Mercat Tradicional.\u00a0 Adem\u00e1s podemos visitar una muestra de <strong>telares <\/strong><strong>antiguos, la granja de animales, los puestos de comidas tradicionales y art\u00edculos artesanales.<\/strong>\u00a0Los <strong>m\u00e1s j\u00f3venes<\/strong> tambi\u00e9n tendr\u00e1n, un a\u00f1o m\u00e1s, su oferta, con actividades y animaci\u00f3n infantil. Tanto viernes como s\u00e1bado habr\u00e1 &#8216;tardeo&#8217; con ambientaci\u00f3n musical y no faltar\u00e1 la actuaci\u00f3n de una discom\u00f3bil para amenizar un evento que a\u00f1o a a\u00f1o suma adeptos en Benilloba.<\/p>\n<p style=\"text-align: justify;\">El\u00a0<strong>\u2018Mercat de Divendres Sant de Benilloba\u2019<\/strong>\u00a0ha recibido ya esta ma\u00f1ana a centenares de vecinos de las comarcas del Comtat y de l\u00b4Alcoi\u00e0 y <b>en el mismo no faltan <\/b>los habituales actos propios de la Semana Santa. Recordar que tambi\u00e9n\u00a0<strong>hoy en Benilloba se celebrar\u00e1 la procesi\u00f3n del Santo Entierro<\/strong>\u00a0con la participaci\u00f3n de numerosos fieles y devotos.<\/p>\n<p style=\"text-align: justify;\">En COPE ALCOY pudimos hablar el pasado lunes con <strong>Jos\u00e9 Ram\u00f3n Mart\u00ed<\/strong>, <strong>alcalde en Benilloba<\/strong>, y este nos cont\u00f3 los detalles del &#8216;Mercat Tradicional de Divendres Sant&#8217; as\u00ed como las iniciativas previstas para este a\u00f1o. Tambi\u00e9n nos habl\u00f3 de la novedad de la primera edici\u00f3n del <a href=\"https:\/\/multiesport.es\/event\/i-edicio-correlloba-benilloba\/?fbclid=IwAR2CifSYGunnReSLhZwvMxmgpsV8RJykjZcQV39PPYuZ9nES5szz4xK2EUE_aem_AZpc1Eep3Nto6aay2EW0m-We75EGOeT5miEIBs-5zcFDvKXT3N-yDv5oCP9HfHh6LTnMzdB3jwG78dQqP01Y4oFz\"><strong><span style=\"color: #0000ff;\">&#8216;Correlloba&#8217;<\/span><\/strong><\/a> que tendr\u00e1 lugar el pr\u00f3ximo fin de semana.<\/p>\n<p><iframe loading=\"lazy\" title=\"&#039;Mediod\u00eda Cope&#039; Alcoi Dilluns 25 De Mar\u00e7 2024 (13:50h)\" width=\"100%\" height=\"120\" src=\"https:\/\/www.mixcloud.com\/widget\/iframe\/?feed=https%3A%2F%2Fwww.mixcloud.com%2FCOPEAlcoy%2Fmediod%25C3%25ADa-cope-alcoi-dilluns-25-de-mar%25C3%25A7-2024-1350h%2F&amp;hide_cover=1\" frameborder=\"0\"><\/iframe><\/p>\n","protected":false},"excerpt":{"rendered":"<p>Un\u00a0Viernes Santo m\u00e1s, y como ya viene siendo habitual desde hace XVII a\u00f1os, Benilloba ha abierto las puertas de su&#8230;<\/p>\n","protected":false},"author":1,"featured_media":131183,"comment_status":"open","ping_status":"open","sticky":false,"template":"","format":"standard","meta":{"footnotes":""},"categories":[6909,98,75],"tags":[661,237,2054,745],"class_list":["post-131182","post","type-post","status-publish","format-standard","has-post-thumbnail","hentry","category-actualidad","category-comarcas","category-noticias","tag-benilloba","tag-comtat","tag-mercat-tradicional","tag-semana-santa"],"yoast_head":"<!-- This site is optimized with the Yoast SEO plugin v27.3 - https:\/\/yoast.com\/product\/yoast-seo-wordpress\/ -->\n<title>Benilloba estrena en Semana Santa una nueva edici\u00f3n de su &#039;Mercat Tradicional&#039; - COPE Alcoy<\/title>\n<meta name=\"description\" content=\"Benilloba ha abierto una nueva edici\u00f3n de su &#039;Mercat Tradicional&#039;, una cita cl\u00e1sica que no falta en la comarca durante Semana Santa\" \/>\n<meta name=\"robots\" content=\"index, follow, max-snippet:-1, max-image-preview:large, max-video-preview:-1\" \/>\n<link rel=\"canonical\" href=\"https:\/\/www.copealcoy.es\/es\/benilloba-estrena-en-semana-santa-una-nueva-edicion-de-su-mercat-tradicional\/\" \/>\n<meta property=\"og:locale\" content=\"es_ES\" \/>\n<meta property=\"og:type\" content=\"article\" \/>\n<meta property=\"og:title\" content=\"Benilloba estrena en Semana Santa una nueva edici\u00f3n de su &#039;Mercat Tradicional&#039; - COPE Alcoy\" \/>\n<meta property=\"og:description\" content=\"Benilloba ha abierto una nueva edici\u00f3n de su &#039;Mercat Tradicional&#039;, una cita cl\u00e1sica que no falta en la comarca durante Semana Santa\" \/>\n<meta property=\"og:url\" content=\"https:\/\/www.copealcoy.es\/es\/benilloba-estrena-en-semana-santa-una-nueva-edicion-de-su-mercat-tradicional\/\" \/>\n<meta property=\"og:site_name\" content=\"COPE Alcoy\" \/>\n<meta property=\"article:published_time\" content=\"2024-03-29T17:35:30+00:00\" \/>\n<meta property=\"article:modified_time\" content=\"2024-03-29T17:52:41+00:00\" \/>\n<meta property=\"og:image\" content=\"https:\/\/www.copealcoy.es\/wp-content\/uploads\/2024\/03\/unnamed-1-34-scaled.jpg\" \/>\n\t<meta property=\"og:image:width\" content=\"1565\" \/>\n\t<meta property=\"og:image:height\" content=\"1080\" \/>\n\t<meta property=\"og:image:type\" content=\"image\/jpeg\" \/>\n<meta name=\"author\" content=\"Cope Alcoy\" \/>\n<meta name=\"twitter:label1\" content=\"Escrito por\" \/>\n\t<meta name=\"twitter:data1\" content=\"Cope Alcoy\" \/>\n\t<meta name=\"twitter:label2\" content=\"Tiempo de lectura\" \/>\n\t<meta name=\"twitter:data2\" content=\"2 minutos\" \/>\n<script type=\"application\/ld+json\" class=\"yoast-schema-graph\">{\"@context\":\"https:\\\/\\\/schema.org\",\"@graph\":[{\"@type\":\"Article\",\"@id\":\"https:\\\/\\\/www.copealcoy.es\\\/es\\\/benilloba-estrena-en-semana-santa-una-nueva-edicion-de-su-mercat-tradicional\\\/#article\",\"isPartOf\":{\"@id\":\"https:\\\/\\\/www.copealcoy.es\\\/es\\\/benilloba-estrena-en-semana-santa-una-nueva-edicion-de-su-mercat-tradicional\\\/\"},\"author\":{\"name\":\"Cope Alcoy\",\"@id\":\"https:\\\/\\\/www.copealcoy.es\\\/es\\\/#\\\/schema\\\/person\\\/e777c87fa024e57d40170af9df39882c\"},\"headline\":\"Benilloba estrena en Semana Santa una nueva edici\u00f3n de su &#8216;Mercat Tradicional&#8217;\",\"datePublished\":\"2024-03-29T17:35:30+00:00\",\"dateModified\":\"2024-03-29T17:52:41+00:00\",\"mainEntityOfPage\":{\"@id\":\"https:\\\/\\\/www.copealcoy.es\\\/es\\\/benilloba-estrena-en-semana-santa-una-nueva-edicion-de-su-mercat-tradicional\\\/\"},\"wordCount\":371,\"commentCount\":0,\"image\":{\"@id\":\"https:\\\/\\\/www.copealcoy.es\\\/es\\\/benilloba-estrena-en-semana-santa-una-nueva-edicion-de-su-mercat-tradicional\\\/#primaryimage\"},\"thumbnailUrl\":\"https:\\\/\\\/www.copealcoy.es\\\/wp-content\\\/uploads\\\/2024\\\/03\\\/unnamed-1-34-scaled.jpg\",\"keywords\":[\"Benilloba\",\"Comtat\",\"Mercat Tradicional\",\"Semana Santa\"],\"articleSection\":[\"Actualidad\",\"Comarcas\",\"Noticias\"],\"inLanguage\":\"es\"},{\"@type\":\"WebPage\",\"@id\":\"https:\\\/\\\/www.copealcoy.es\\\/es\\\/benilloba-estrena-en-semana-santa-una-nueva-edicion-de-su-mercat-tradicional\\\/\",\"url\":\"https:\\\/\\\/www.copealcoy.es\\\/es\\\/benilloba-estrena-en-semana-santa-una-nueva-edicion-de-su-mercat-tradicional\\\/\",\"name\":\"Benilloba estrena en Semana Santa una nueva edici\u00f3n de su 'Mercat Tradicional' - COPE Alcoy\",\"isPartOf\":{\"@id\":\"https:\\\/\\\/www.copealcoy.es\\\/es\\\/#website\"},\"primaryImageOfPage\":{\"@id\":\"https:\\\/\\\/www.copealcoy.es\\\/es\\\/benilloba-estrena-en-semana-santa-una-nueva-edicion-de-su-mercat-tradicional\\\/#primaryimage\"},\"image\":{\"@id\":\"https:\\\/\\\/www.copealcoy.es\\\/es\\\/benilloba-estrena-en-semana-santa-una-nueva-edicion-de-su-mercat-tradicional\\\/#primaryimage\"},\"thumbnailUrl\":\"https:\\\/\\\/www.copealcoy.es\\\/wp-content\\\/uploads\\\/2024\\\/03\\\/unnamed-1-34-scaled.jpg\",\"datePublished\":\"2024-03-29T17:35:30+00:00\",\"dateModified\":\"2024-03-29T17:52:41+00:00\",\"author\":{\"@id\":\"https:\\\/\\\/www.copealcoy.es\\\/es\\\/#\\\/schema\\\/person\\\/e777c87fa024e57d40170af9df39882c\"},\"description\":\"Benilloba ha abierto una nueva edici\u00f3n de su 'Mercat Tradicional', una cita cl\u00e1sica que no falta en la comarca durante Semana Santa\",\"breadcrumb\":{\"@id\":\"https:\\\/\\\/www.copealcoy.es\\\/es\\\/benilloba-estrena-en-semana-santa-una-nueva-edicion-de-su-mercat-tradicional\\\/#breadcrumb\"},\"inLanguage\":\"es\",\"potentialAction\":[{\"@type\":\"ReadAction\",\"target\":[\"https:\\\/\\\/www.copealcoy.es\\\/es\\\/benilloba-estrena-en-semana-santa-una-nueva-edicion-de-su-mercat-tradicional\\\/\"]}]},{\"@type\":\"ImageObject\",\"inLanguage\":\"es\",\"@id\":\"https:\\\/\\\/www.copealcoy.es\\\/es\\\/benilloba-estrena-en-semana-santa-una-nueva-edicion-de-su-mercat-tradicional\\\/#primaryimage\",\"url\":\"https:\\\/\\\/www.copealcoy.es\\\/wp-content\\\/uploads\\\/2024\\\/03\\\/unnamed-1-34-scaled.jpg\",\"contentUrl\":\"https:\\\/\\\/www.copealcoy.es\\\/wp-content\\\/uploads\\\/2024\\\/03\\\/unnamed-1-34-scaled.jpg\",\"width\":1565,\"height\":1080},{\"@type\":\"BreadcrumbList\",\"@id\":\"https:\\\/\\\/www.copealcoy.es\\\/es\\\/benilloba-estrena-en-semana-santa-una-nueva-edicion-de-su-mercat-tradicional\\\/#breadcrumb\",\"itemListElement\":[{\"@type\":\"ListItem\",\"position\":1,\"name\":\"Portada\",\"item\":\"https:\\\/\\\/www.copealcoy.es\\\/es\\\/\"},{\"@type\":\"ListItem\",\"position\":2,\"name\":\"Benilloba estrena en Semana Santa una nueva edici\u00f3n de su &#8216;Mercat Tradicional&#8217;\"}]},{\"@type\":\"WebSite\",\"@id\":\"https:\\\/\\\/www.copealcoy.es\\\/es\\\/#website\",\"url\":\"https:\\\/\\\/www.copealcoy.es\\\/es\\\/\",\"name\":\"COPE Alcoy\",\"description\":\"Emisora COPE de radio local con emisi\u00f3n online. Pont de Sant Jordi 8-10 03803 Alcoy\",\"potentialAction\":[{\"@type\":\"SearchAction\",\"target\":{\"@type\":\"EntryPoint\",\"urlTemplate\":\"https:\\\/\\\/www.copealcoy.es\\\/es\\\/?s={search_term_string}\"},\"query-input\":{\"@type\":\"PropertyValueSpecification\",\"valueRequired\":true,\"valueName\":\"search_term_string\"}}],\"inLanguage\":\"es\"},{\"@type\":\"Person\",\"@id\":\"https:\\\/\\\/www.copealcoy.es\\\/es\\\/#\\\/schema\\\/person\\\/e777c87fa024e57d40170af9df39882c\",\"name\":\"Cope Alcoy\",\"image\":{\"@type\":\"ImageObject\",\"inLanguage\":\"es\",\"@id\":\"https:\\\/\\\/secure.gravatar.com\\\/avatar\\\/bb65d0283347e303893ba14f0692005417c1e0e690a325a4c5d8bb2b3943ee14?s=96&d=mm&r=g\",\"url\":\"https:\\\/\\\/secure.gravatar.com\\\/avatar\\\/bb65d0283347e303893ba14f0692005417c1e0e690a325a4c5d8bb2b3943ee14?s=96&d=mm&r=g\",\"contentUrl\":\"https:\\\/\\\/secure.gravatar.com\\\/avatar\\\/bb65d0283347e303893ba14f0692005417c1e0e690a325a4c5d8bb2b3943ee14?s=96&d=mm&r=g\",\"caption\":\"Cope Alcoy\"}}]}<\/script>\n<!-- \/ Yoast SEO plugin. -->","yoast_head_json":{"title":"Benilloba estrena en Semana Santa una nueva edici\u00f3n de su 'Mercat Tradicional' - COPE Alcoy","description":"Benilloba ha abierto una nueva edici\u00f3n de su 'Mercat Tradicional', una cita cl\u00e1sica que no falta en la comarca durante Semana Santa","robots":{"index":"index","follow":"follow","max-snippet":"max-snippet:-1","max-image-preview":"max-image-preview:large","max-video-preview":"max-video-preview:-1"},"canonical":"https:\/\/www.copealcoy.es\/es\/benilloba-estrena-en-semana-santa-una-nueva-edicion-de-su-mercat-tradicional\/","og_locale":"es_ES","og_type":"article","og_title":"Benilloba estrena en Semana Santa una nueva edici\u00f3n de su 'Mercat Tradicional' - COPE Alcoy","og_description":"Benilloba ha abierto una nueva edici\u00f3n de su 'Mercat Tradicional', una cita cl\u00e1sica que no falta en la comarca durante Semana Santa","og_url":"https:\/\/www.copealcoy.es\/es\/benilloba-estrena-en-semana-santa-una-nueva-edicion-de-su-mercat-tradicional\/","og_site_name":"COPE Alcoy","article_published_time":"2024-03-29T17:35:30+00:00","article_modified_time":"2024-03-29T17:52:41+00:00","og_image":[{"width":1565,"height":1080,"url":"https:\/\/www.copealcoy.es\/wp-content\/uploads\/2024\/03\/unnamed-1-34-scaled.jpg","type":"image\/jpeg"}],"author":"Cope Alcoy","twitter_misc":{"Escrito por":"Cope Alcoy","Tiempo de lectura":"2 minutos"},"schema":{"@context":"https:\/\/schema.org","@graph":[{"@type":"Article","@id":"https:\/\/www.copealcoy.es\/es\/benilloba-estrena-en-semana-santa-una-nueva-edicion-de-su-mercat-tradicional\/#article","isPartOf":{"@id":"https:\/\/www.copealcoy.es\/es\/benilloba-estrena-en-semana-santa-una-nueva-edicion-de-su-mercat-tradicional\/"},"author":{"name":"Cope Alcoy","@id":"https:\/\/www.copealcoy.es\/es\/#\/schema\/person\/e777c87fa024e57d40170af9df39882c"},"headline":"Benilloba estrena en Semana Santa una nueva edici\u00f3n de su &#8216;Mercat Tradicional&#8217;","datePublished":"2024-03-29T17:35:30+00:00","dateModified":"2024-03-29T17:52:41+00:00","mainEntityOfPage":{"@id":"https:\/\/www.copealcoy.es\/es\/benilloba-estrena-en-semana-santa-una-nueva-edicion-de-su-mercat-tradicional\/"},"wordCount":371,"commentCount":0,"image":{"@id":"https:\/\/www.copealcoy.es\/es\/benilloba-estrena-en-semana-santa-una-nueva-edicion-de-su-mercat-tradicional\/#primaryimage"},"thumbnailUrl":"https:\/\/www.copealcoy.es\/wp-content\/uploads\/2024\/03\/unnamed-1-34-scaled.jpg","keywords":["Benilloba","Comtat","Mercat Tradicional","Semana Santa"],"articleSection":["Actualidad","Comarcas","Noticias"],"inLanguage":"es"},{"@type":"WebPage","@id":"https:\/\/www.copealcoy.es\/es\/benilloba-estrena-en-semana-santa-una-nueva-edicion-de-su-mercat-tradicional\/","url":"https:\/\/www.copealcoy.es\/es\/benilloba-estrena-en-semana-santa-una-nueva-edicion-de-su-mercat-tradicional\/","name":"Benilloba estrena en Semana Santa una nueva edici\u00f3n de su 'Mercat Tradicional' - COPE Alcoy","isPartOf":{"@id":"https:\/\/www.copealcoy.es\/es\/#website"},"primaryImageOfPage":{"@id":"https:\/\/www.copealcoy.es\/es\/benilloba-estrena-en-semana-santa-una-nueva-edicion-de-su-mercat-tradicional\/#primaryimage"},"image":{"@id":"https:\/\/www.copealcoy.es\/es\/benilloba-estrena-en-semana-santa-una-nueva-edicion-de-su-mercat-tradicional\/#primaryimage"},"thumbnailUrl":"https:\/\/www.copealcoy.es\/wp-content\/uploads\/2024\/03\/unnamed-1-34-scaled.jpg","datePublished":"2024-03-29T17:35:30+00:00","dateModified":"2024-03-29T17:52:41+00:00","author":{"@id":"https:\/\/www.copealcoy.es\/es\/#\/schema\/person\/e777c87fa024e57d40170af9df39882c"},"description":"Benilloba ha abierto una nueva edici\u00f3n de su 'Mercat Tradicional', una cita cl\u00e1sica que no falta en la comarca durante Semana Santa","breadcrumb":{"@id":"https:\/\/www.copealcoy.es\/es\/benilloba-estrena-en-semana-santa-una-nueva-edicion-de-su-mercat-tradicional\/#breadcrumb"},"inLanguage":"es","potentialAction":[{"@type":"ReadAction","target":["https:\/\/www.copealcoy.es\/es\/benilloba-estrena-en-semana-santa-una-nueva-edicion-de-su-mercat-tradicional\/"]}]},{"@type":"ImageObject","inLanguage":"es","@id":"https:\/\/www.copealcoy.es\/es\/benilloba-estrena-en-semana-santa-una-nueva-edicion-de-su-mercat-tradicional\/#primaryimage","url":"https:\/\/www.copealcoy.es\/wp-content\/uploads\/2024\/03\/unnamed-1-34-scaled.jpg","contentUrl":"https:\/\/www.copealcoy.es\/wp-content\/uploads\/2024\/03\/unnamed-1-34-scaled.jpg","width":1565,"height":1080},{"@type":"BreadcrumbList","@id":"https:\/\/www.copealcoy.es\/es\/benilloba-estrena-en-semana-santa-una-nueva-edicion-de-su-mercat-tradicional\/#breadcrumb","itemListElement":[{"@type":"ListItem","position":1,"name":"Portada","item":"https:\/\/www.copealcoy.es\/es\/"},{"@type":"ListItem","position":2,"name":"Benilloba estrena en Semana Santa una nueva edici\u00f3n de su &#8216;Mercat Tradicional&#8217;"}]},{"@type":"WebSite","@id":"https:\/\/www.copealcoy.es\/es\/#website","url":"https:\/\/www.copealcoy.es\/es\/","name":"COPE Alcoy","description":"Emisora COPE de radio local con emisi\u00f3n online. Pont de Sant Jordi 8-10 03803 Alcoy","potentialAction":[{"@type":"SearchAction","target":{"@type":"EntryPoint","urlTemplate":"https:\/\/www.copealcoy.es\/es\/?s={search_term_string}"},"query-input":{"@type":"PropertyValueSpecification","valueRequired":true,"valueName":"search_term_string"}}],"inLanguage":"es"},{"@type":"Person","@id":"https:\/\/www.copealcoy.es\/es\/#\/schema\/person\/e777c87fa024e57d40170af9df39882c","name":"Cope Alcoy","image":{"@type":"ImageObject","inLanguage":"es","@id":"https:\/\/secure.gravatar.com\/avatar\/bb65d0283347e303893ba14f0692005417c1e0e690a325a4c5d8bb2b3943ee14?s=96&d=mm&r=g","url":"https:\/\/secure.gravatar.com\/avatar\/bb65d0283347e303893ba14f0692005417c1e0e690a325a4c5d8bb2b3943ee14?s=96&d=mm&r=g","contentUrl":"https:\/\/secure.gravatar.com\/avatar\/bb65d0283347e303893ba14f0692005417c1e0e690a325a4c5d8bb2b3943ee14?s=96&d=mm&r=g","caption":"Cope Alcoy"}}]}},"_links":{"self":[{"href":"https:\/\/www.copealcoy.es\/es\/wp-json\/wp\/v2\/posts\/131182","targetHints":{"allow":["GET"]}}],"collection":[{"href":"https:\/\/www.copealcoy.es\/es\/wp-json\/wp\/v2\/posts"}],"about":[{"href":"https:\/\/www.copealcoy.es\/es\/wp-json\/wp\/v2\/types\/post"}],"author":[{"embeddable":true,"href":"https:\/\/www.copealcoy.es\/es\/wp-json\/wp\/v2\/users\/1"}],"replies":[{"embeddable":true,"href":"https:\/\/www.copealcoy.es\/es\/wp-json\/wp\/v2\/comments?post=131182"}],"version-history":[{"count":0,"href":"https:\/\/www.copealcoy.es\/es\/wp-json\/wp\/v2\/posts\/131182\/revisions"}],"wp:featuredmedia":[{"embeddable":true,"href":"https:\/\/www.copealcoy.es\/es\/wp-json\/wp\/v2\/media\/131183"}],"wp:attachment":[{"href":"https:\/\/www.copealcoy.es\/es\/wp-json\/wp\/v2\/media?parent=131182"}],"wp:term":[{"taxonomy":"category","embeddable":true,"href":"https:\/\/www.copealcoy.es\/es\/wp-json\/wp\/v2\/categories?post=131182"},{"taxonomy":"post_tag","embeddable":true,"href":"https:\/\/www.copealcoy.es\/es\/wp-json\/wp\/v2\/tags?post=131182"}],"curies":[{"name":"wp","href":"https:\/\/api.w.org\/{rel}","templated":true}]}}