{"id":131165,"date":"2024-03-29T14:04:03","date_gmt":"2024-03-29T13:04:03","guid":{"rendered":"https:\/\/www.copealcoy.es\/?p=131165"},"modified":"2024-03-29T14:11:40","modified_gmt":"2024-03-29T13:11:40","slug":"la-visita-a-los-monumentos-una-de-las-tradiciones-de-la-semana-santa-contestana","status":"publish","type":"post","link":"https:\/\/www.copealcoy.es\/es\/la-visita-a-los-monumentos-una-de-las-tradiciones-de-la-semana-santa-contestana\/","title":{"rendered":"La Visita a los Monumentos, una de las tradiciones de la Semana Santa Contestana"},"content":{"rendered":"<p style=\"text-align: justify;\">El Jueves Santo se preparan en las iglesias y parroquias\u00a0<strong>los llamados monumentos<\/strong>, un altar <strong>donde se reserva al Sant\u00edsimo Sacramento<\/strong> tras la Misa Vespertina de la Cena del Se\u00f1or. Solemos encontrarlos en una capilla lateral del templo o en la misma Capilla de la Comuni\u00f3n de la iglesia. En este lugar <strong>permanece Jes\u00fas Sacramentado hasta los oficios del Viernes Santo<\/strong>\u00a0y desde el Sagrario\u00a0<strong>se recogen las hostias consagradas el d\u00eda anterior<\/strong>\u00a0para administrarlas en la comuni\u00f3n de esta celebraci\u00f3n en la que se conmemora la Pasi\u00f3n y Muerte de Cristo.<\/p>\n<p style=\"text-align: justify;\">Los monumentos <strong>quedan a veneraci\u00f3n de los fieles durante la noche del Jueves Santo y tambi\u00e9n en la ma\u00f1ana del Viernes Santo e incluso primeras horas de la tarde<\/strong>. Ante ellos se comparten\u00a0<strong>momentos de oraci\u00f3n<\/strong>\u00a0o\u00a0<strong>la Hora Santa<\/strong>\u00a0y se cumple con la tradici\u00f3n de visitarlos\u00a0<strong>recordando as\u00ed\u00a0<\/strong>el tiempo en que Jesucristo estuvo en oraci\u00f3n en Getseman\u00ed, que fue tomado preso y llevado ante diferentes tribunales antes de la Crucifixi\u00f3n.<\/p>\n<p style=\"text-align: justify;\">En\u00a0<strong>Cocentaina<\/strong> la tradici\u00f3n sigue manteni\u00e9ndose en cada <a href=\"https:\/\/www.facebook.com\/semanasanta.cocentaina\"><strong><span style=\"color: #0000ff;\">Semana Santa<\/span><\/strong><\/a> y numerosas personas han pasado en las \u00faltimas horas por e<strong>l Convento de los Franciscanos, la Parroquia del Salvador, el Monasterio de la Virgen del Milagro y la Parroquia de Santa Mar\u00eda<\/strong>\u00a0para visitar los mencionados monumentos. En ellos\u00a0<strong>no faltan los adornos florales e incluso las palmas<\/strong>\u00a0que fueron bendecidas el pasado Domingo de Ramos.<\/p>\n<div id='gallery-1' class='gallery galleryid-131165 gallery-columns-2 gallery-size-full'><figure class='gallery-item'>\n\t\t\t<div class='gallery-icon landscape'>\n\t\t\t\t<a href='https:\/\/www.copealcoy.es\/es\/la-visita-a-los-monumentos-una-de-las-tradiciones-de-la-semana-santa-contestana\/img_0166\/'><img loading=\"lazy\" decoding=\"async\" width=\"1507\" height=\"1080\" src=\"https:\/\/www.copealcoy.es\/wp-content\/uploads\/2024\/03\/IMG_0166-scaled.jpg\" class=\"attachment-full size-full\" alt=\"\" srcset=\"https:\/\/www.copealcoy.es\/wp-content\/uploads\/2024\/03\/IMG_0166-scaled.jpg 1507w, https:\/\/www.copealcoy.es\/wp-content\/uploads\/2024\/03\/IMG_0166-768x550.jpg 768w, https:\/\/www.copealcoy.es\/wp-content\/uploads\/2024\/03\/IMG_0166-1536x1101.jpg 1536w, https:\/\/www.copealcoy.es\/wp-content\/uploads\/2024\/03\/IMG_0166-2048x1468.jpg 2048w\" sizes=\"auto, (max-width: 1507px) 100vw, 1507px\" \/><\/a>\n\t\t\t<\/div><\/figure><figure class='gallery-item'>\n\t\t\t<div class='gallery-icon landscape'>\n\t\t\t\t<a href='https:\/\/www.copealcoy.es\/es\/la-visita-a-los-monumentos-una-de-las-tradiciones-de-la-semana-santa-contestana\/img_0281\/'><img loading=\"lazy\" decoding=\"async\" width=\"1440\" height=\"1080\" src=\"https:\/\/www.copealcoy.es\/wp-content\/uploads\/2024\/03\/IMG_0281-scaled.jpg\" class=\"attachment-full size-full\" alt=\"\" srcset=\"https:\/\/www.copealcoy.es\/wp-content\/uploads\/2024\/03\/IMG_0281-scaled.jpg 1440w, https:\/\/www.copealcoy.es\/wp-content\/uploads\/2024\/03\/IMG_0281-768x576.jpg 768w, https:\/\/www.copealcoy.es\/wp-content\/uploads\/2024\/03\/IMG_0281-1536x1152.jpg 1536w, https:\/\/www.copealcoy.es\/wp-content\/uploads\/2024\/03\/IMG_0281-2048x1536.jpg 2048w\" sizes=\"auto, (max-width: 1440px) 100vw, 1440px\" \/><\/a>\n\t\t\t<\/div><\/figure><figure class='gallery-item'>\n\t\t\t<div class='gallery-icon landscape'>\n\t\t\t\t<a href='https:\/\/www.copealcoy.es\/es\/la-visita-a-los-monumentos-una-de-las-tradiciones-de-la-semana-santa-contestana\/img_0192-2\/'><img loading=\"lazy\" decoding=\"async\" width=\"1426\" height=\"1080\" src=\"https:\/\/www.copealcoy.es\/wp-content\/uploads\/2024\/03\/IMG_0192-scaled.jpg\" class=\"attachment-full size-full\" alt=\"\" srcset=\"https:\/\/www.copealcoy.es\/wp-content\/uploads\/2024\/03\/IMG_0192-scaled.jpg 1426w, https:\/\/www.copealcoy.es\/wp-content\/uploads\/2024\/03\/IMG_0192-768x582.jpg 768w, https:\/\/www.copealcoy.es\/wp-content\/uploads\/2024\/03\/IMG_0192-1536x1163.jpg 1536w, https:\/\/www.copealcoy.es\/wp-content\/uploads\/2024\/03\/IMG_0192-2048x1551.jpg 2048w\" sizes=\"auto, (max-width: 1426px) 100vw, 1426px\" \/><\/a>\n\t\t\t<\/div><\/figure><figure class='gallery-item'>\n\t\t\t<div class='gallery-icon landscape'>\n\t\t\t\t<a href='https:\/\/www.copealcoy.es\/es\/la-visita-a-los-monumentos-una-de-las-tradiciones-de-la-semana-santa-contestana\/img_0279\/'><img loading=\"lazy\" decoding=\"async\" width=\"847\" height=\"653\" src=\"https:\/\/www.copealcoy.es\/wp-content\/uploads\/2024\/03\/IMG_0279.jpg\" class=\"attachment-full size-full\" alt=\"\" srcset=\"https:\/\/www.copealcoy.es\/wp-content\/uploads\/2024\/03\/IMG_0279.jpg 847w, https:\/\/www.copealcoy.es\/wp-content\/uploads\/2024\/03\/IMG_0279-768x592.jpg 768w\" sizes=\"auto, (max-width: 847px) 100vw, 847px\" \/><\/a>\n\t\t\t<\/div><\/figure>\n\t\t<\/div>\n\n<p>&nbsp;<\/p>\n<p><strong><span style=\"color: #0000ff;\">La Procesi\u00f3n del Santo Entierro, uno de los momentos m\u00e1s esperados<\/span><\/strong><\/p>\n<p style=\"text-align: justify;\">A las 20:30h de este<strong> Viernes Santo<\/strong>, desde Santa Mar\u00eda, comenzar\u00e1 la procesi\u00f3n del Santo Entierro en la que toman parte las ocho cofrad\u00edas de la Semana Santa Contestana con la particularidad de que la imagen de Sant Crist\u00f2fol abre la comitiva dando paso a las siguientes im\u00e1genes.<\/p>\n<p style=\"text-align: justify;\">La Vigilia Pascual en la noche del\u00a0<strong>S\u00e1bado Santo<\/strong>, en cada iglesia, servir\u00e1 para conmemorar la Resurrecci\u00f3n de Cristo y ya en la noche de Pascua saldr\u00e1 a la calle la procesi\u00f3n del Encuentro Glorioso por las calles del barrio del Raval desde la Parroquia del Salvador.\u00a0<strong>Domingo de Pascua<\/strong>\u00a0est\u00e1 reservado para la solemne eucarist\u00eda en los horarios habituales de un domingo, eucarist\u00edas que tendr\u00e1n lugar tanto en las iglesias del Salvador y de Santa Mar\u00eda como en el Convento de los Franciscanos y el Monasterio de la Mare de D\u00e9u.<\/p>\n","protected":false},"excerpt":{"rendered":"<p>El Jueves Santo se preparan en las iglesias y parroquias\u00a0los llamados monumentos, un altar donde se reserva al Sant\u00edsimo Sacramento&#8230;<\/p>\n","protected":false},"author":1,"featured_media":131166,"comment_status":"open","ping_status":"open","sticky":false,"template":"","format":"standard","meta":{"footnotes":""},"categories":[6909,98,75],"tags":[132,745,447,16547],"class_list":["post-131165","post","type-post","status-publish","format-standard","has-post-thumbnail","hentry","category-actualidad","category-comarcas","category-noticias","tag-cocentaina","tag-semana-santa","tag-tradiciones","tag-visita-a-los-monumentos"],"yoast_head":"<!-- This site is optimized with the Yoast SEO plugin v27.3 - https:\/\/yoast.com\/product\/yoast-seo-wordpress\/ -->\n<title>La Visita a los Monumentos, una de las tradiciones de la Semana Santa Contestana - COPE Alcoy<\/title>\n<meta name=\"description\" content=\"La Visita a los Monumentos es una de las tradiciones que tambi\u00e9n est\u00e1n muy arraigadas en Cocentaina durante los d\u00edas de Semana Santa\" \/>\n<meta name=\"robots\" content=\"index, follow, max-snippet:-1, max-image-preview:large, max-video-preview:-1\" \/>\n<link rel=\"canonical\" href=\"https:\/\/www.copealcoy.es\/es\/la-visita-a-los-monumentos-una-de-las-tradiciones-de-la-semana-santa-contestana\/\" \/>\n<meta property=\"og:locale\" content=\"es_ES\" \/>\n<meta property=\"og:type\" content=\"article\" \/>\n<meta property=\"og:title\" content=\"La Visita a los Monumentos, una de las tradiciones de la Semana Santa Contestana - COPE Alcoy\" \/>\n<meta property=\"og:description\" content=\"La Visita a los Monumentos es una de las tradiciones que tambi\u00e9n est\u00e1n muy arraigadas en Cocentaina durante los d\u00edas de Semana Santa\" \/>\n<meta property=\"og:url\" content=\"https:\/\/www.copealcoy.es\/es\/la-visita-a-los-monumentos-una-de-las-tradiciones-de-la-semana-santa-contestana\/\" \/>\n<meta property=\"og:site_name\" content=\"COPE Alcoy\" \/>\n<meta property=\"article:published_time\" content=\"2024-03-29T13:04:03+00:00\" \/>\n<meta property=\"article:modified_time\" content=\"2024-03-29T13:11:40+00:00\" \/>\n<meta property=\"og:image\" content=\"https:\/\/www.copealcoy.es\/wp-content\/uploads\/2024\/03\/IMG_0281-scaled.jpg\" \/>\n\t<meta property=\"og:image:width\" content=\"1440\" \/>\n\t<meta property=\"og:image:height\" content=\"1080\" \/>\n\t<meta property=\"og:image:type\" content=\"image\/jpeg\" \/>\n<meta name=\"author\" content=\"Cope Alcoy\" \/>\n<meta name=\"twitter:label1\" content=\"Escrito por\" \/>\n\t<meta name=\"twitter:data1\" content=\"Cope Alcoy\" \/>\n\t<meta name=\"twitter:label2\" content=\"Tiempo de lectura\" \/>\n\t<meta name=\"twitter:data2\" content=\"2 minutos\" \/>\n<script type=\"application\/ld+json\" class=\"yoast-schema-graph\">{\"@context\":\"https:\\\/\\\/schema.org\",\"@graph\":[{\"@type\":\"Article\",\"@id\":\"https:\\\/\\\/www.copealcoy.es\\\/es\\\/la-visita-a-los-monumentos-una-de-las-tradiciones-de-la-semana-santa-contestana\\\/#article\",\"isPartOf\":{\"@id\":\"https:\\\/\\\/www.copealcoy.es\\\/es\\\/la-visita-a-los-monumentos-una-de-las-tradiciones-de-la-semana-santa-contestana\\\/\"},\"author\":{\"name\":\"Cope Alcoy\",\"@id\":\"https:\\\/\\\/www.copealcoy.es\\\/es\\\/#\\\/schema\\\/person\\\/e777c87fa024e57d40170af9df39882c\"},\"headline\":\"La Visita a los Monumentos, una de las tradiciones de la Semana Santa Contestana\",\"datePublished\":\"2024-03-29T13:04:03+00:00\",\"dateModified\":\"2024-03-29T13:11:40+00:00\",\"mainEntityOfPage\":{\"@id\":\"https:\\\/\\\/www.copealcoy.es\\\/es\\\/la-visita-a-los-monumentos-una-de-las-tradiciones-de-la-semana-santa-contestana\\\/\"},\"wordCount\":435,\"commentCount\":0,\"image\":{\"@id\":\"https:\\\/\\\/www.copealcoy.es\\\/es\\\/la-visita-a-los-monumentos-una-de-las-tradiciones-de-la-semana-santa-contestana\\\/#primaryimage\"},\"thumbnailUrl\":\"https:\\\/\\\/www.copealcoy.es\\\/wp-content\\\/uploads\\\/2024\\\/03\\\/IMG_0281-scaled.jpg\",\"keywords\":[\"Cocentaina\",\"Semana Santa\",\"Tradiciones\",\"Visita a los Monumentos\"],\"articleSection\":[\"Actualidad\",\"Comarcas\",\"Noticias\"],\"inLanguage\":\"es\"},{\"@type\":\"WebPage\",\"@id\":\"https:\\\/\\\/www.copealcoy.es\\\/es\\\/la-visita-a-los-monumentos-una-de-las-tradiciones-de-la-semana-santa-contestana\\\/\",\"url\":\"https:\\\/\\\/www.copealcoy.es\\\/es\\\/la-visita-a-los-monumentos-una-de-las-tradiciones-de-la-semana-santa-contestana\\\/\",\"name\":\"La Visita a los Monumentos, una de las tradiciones de la Semana Santa Contestana - COPE Alcoy\",\"isPartOf\":{\"@id\":\"https:\\\/\\\/www.copealcoy.es\\\/es\\\/#website\"},\"primaryImageOfPage\":{\"@id\":\"https:\\\/\\\/www.copealcoy.es\\\/es\\\/la-visita-a-los-monumentos-una-de-las-tradiciones-de-la-semana-santa-contestana\\\/#primaryimage\"},\"image\":{\"@id\":\"https:\\\/\\\/www.copealcoy.es\\\/es\\\/la-visita-a-los-monumentos-una-de-las-tradiciones-de-la-semana-santa-contestana\\\/#primaryimage\"},\"thumbnailUrl\":\"https:\\\/\\\/www.copealcoy.es\\\/wp-content\\\/uploads\\\/2024\\\/03\\\/IMG_0281-scaled.jpg\",\"datePublished\":\"2024-03-29T13:04:03+00:00\",\"dateModified\":\"2024-03-29T13:11:40+00:00\",\"author\":{\"@id\":\"https:\\\/\\\/www.copealcoy.es\\\/es\\\/#\\\/schema\\\/person\\\/e777c87fa024e57d40170af9df39882c\"},\"description\":\"La Visita a los Monumentos es una de las tradiciones que tambi\u00e9n est\u00e1n muy arraigadas en Cocentaina durante los d\u00edas de Semana Santa\",\"breadcrumb\":{\"@id\":\"https:\\\/\\\/www.copealcoy.es\\\/es\\\/la-visita-a-los-monumentos-una-de-las-tradiciones-de-la-semana-santa-contestana\\\/#breadcrumb\"},\"inLanguage\":\"es\",\"potentialAction\":[{\"@type\":\"ReadAction\",\"target\":[\"https:\\\/\\\/www.copealcoy.es\\\/es\\\/la-visita-a-los-monumentos-una-de-las-tradiciones-de-la-semana-santa-contestana\\\/\"]}]},{\"@type\":\"ImageObject\",\"inLanguage\":\"es\",\"@id\":\"https:\\\/\\\/www.copealcoy.es\\\/es\\\/la-visita-a-los-monumentos-una-de-las-tradiciones-de-la-semana-santa-contestana\\\/#primaryimage\",\"url\":\"https:\\\/\\\/www.copealcoy.es\\\/wp-content\\\/uploads\\\/2024\\\/03\\\/IMG_0281-scaled.jpg\",\"contentUrl\":\"https:\\\/\\\/www.copealcoy.es\\\/wp-content\\\/uploads\\\/2024\\\/03\\\/IMG_0281-scaled.jpg\",\"width\":1440,\"height\":1080},{\"@type\":\"BreadcrumbList\",\"@id\":\"https:\\\/\\\/www.copealcoy.es\\\/es\\\/la-visita-a-los-monumentos-una-de-las-tradiciones-de-la-semana-santa-contestana\\\/#breadcrumb\",\"itemListElement\":[{\"@type\":\"ListItem\",\"position\":1,\"name\":\"Portada\",\"item\":\"https:\\\/\\\/www.copealcoy.es\\\/es\\\/\"},{\"@type\":\"ListItem\",\"position\":2,\"name\":\"La Visita a los Monumentos, una de las tradiciones de la Semana Santa Contestana\"}]},{\"@type\":\"WebSite\",\"@id\":\"https:\\\/\\\/www.copealcoy.es\\\/es\\\/#website\",\"url\":\"https:\\\/\\\/www.copealcoy.es\\\/es\\\/\",\"name\":\"COPE Alcoy\",\"description\":\"Emisora COPE de radio local con emisi\u00f3n online. Pont de Sant Jordi 8-10 03803 Alcoy\",\"potentialAction\":[{\"@type\":\"SearchAction\",\"target\":{\"@type\":\"EntryPoint\",\"urlTemplate\":\"https:\\\/\\\/www.copealcoy.es\\\/es\\\/?s={search_term_string}\"},\"query-input\":{\"@type\":\"PropertyValueSpecification\",\"valueRequired\":true,\"valueName\":\"search_term_string\"}}],\"inLanguage\":\"es\"},{\"@type\":\"Person\",\"@id\":\"https:\\\/\\\/www.copealcoy.es\\\/es\\\/#\\\/schema\\\/person\\\/e777c87fa024e57d40170af9df39882c\",\"name\":\"Cope Alcoy\",\"image\":{\"@type\":\"ImageObject\",\"inLanguage\":\"es\",\"@id\":\"https:\\\/\\\/secure.gravatar.com\\\/avatar\\\/bb65d0283347e303893ba14f0692005417c1e0e690a325a4c5d8bb2b3943ee14?s=96&d=mm&r=g\",\"url\":\"https:\\\/\\\/secure.gravatar.com\\\/avatar\\\/bb65d0283347e303893ba14f0692005417c1e0e690a325a4c5d8bb2b3943ee14?s=96&d=mm&r=g\",\"contentUrl\":\"https:\\\/\\\/secure.gravatar.com\\\/avatar\\\/bb65d0283347e303893ba14f0692005417c1e0e690a325a4c5d8bb2b3943ee14?s=96&d=mm&r=g\",\"caption\":\"Cope Alcoy\"}}]}<\/script>\n<!-- \/ Yoast SEO plugin. -->","yoast_head_json":{"title":"La Visita a los Monumentos, una de las tradiciones de la Semana Santa Contestana - COPE Alcoy","description":"La Visita a los Monumentos es una de las tradiciones que tambi\u00e9n est\u00e1n muy arraigadas en Cocentaina durante los d\u00edas de Semana Santa","robots":{"index":"index","follow":"follow","max-snippet":"max-snippet:-1","max-image-preview":"max-image-preview:large","max-video-preview":"max-video-preview:-1"},"canonical":"https:\/\/www.copealcoy.es\/es\/la-visita-a-los-monumentos-una-de-las-tradiciones-de-la-semana-santa-contestana\/","og_locale":"es_ES","og_type":"article","og_title":"La Visita a los Monumentos, una de las tradiciones de la Semana Santa Contestana - COPE Alcoy","og_description":"La Visita a los Monumentos es una de las tradiciones que tambi\u00e9n est\u00e1n muy arraigadas en Cocentaina durante los d\u00edas de Semana Santa","og_url":"https:\/\/www.copealcoy.es\/es\/la-visita-a-los-monumentos-una-de-las-tradiciones-de-la-semana-santa-contestana\/","og_site_name":"COPE Alcoy","article_published_time":"2024-03-29T13:04:03+00:00","article_modified_time":"2024-03-29T13:11:40+00:00","og_image":[{"width":1440,"height":1080,"url":"https:\/\/www.copealcoy.es\/wp-content\/uploads\/2024\/03\/IMG_0281-scaled.jpg","type":"image\/jpeg"}],"author":"Cope Alcoy","twitter_misc":{"Escrito por":"Cope Alcoy","Tiempo de lectura":"2 minutos"},"schema":{"@context":"https:\/\/schema.org","@graph":[{"@type":"Article","@id":"https:\/\/www.copealcoy.es\/es\/la-visita-a-los-monumentos-una-de-las-tradiciones-de-la-semana-santa-contestana\/#article","isPartOf":{"@id":"https:\/\/www.copealcoy.es\/es\/la-visita-a-los-monumentos-una-de-las-tradiciones-de-la-semana-santa-contestana\/"},"author":{"name":"Cope Alcoy","@id":"https:\/\/www.copealcoy.es\/es\/#\/schema\/person\/e777c87fa024e57d40170af9df39882c"},"headline":"La Visita a los Monumentos, una de las tradiciones de la Semana Santa Contestana","datePublished":"2024-03-29T13:04:03+00:00","dateModified":"2024-03-29T13:11:40+00:00","mainEntityOfPage":{"@id":"https:\/\/www.copealcoy.es\/es\/la-visita-a-los-monumentos-una-de-las-tradiciones-de-la-semana-santa-contestana\/"},"wordCount":435,"commentCount":0,"image":{"@id":"https:\/\/www.copealcoy.es\/es\/la-visita-a-los-monumentos-una-de-las-tradiciones-de-la-semana-santa-contestana\/#primaryimage"},"thumbnailUrl":"https:\/\/www.copealcoy.es\/wp-content\/uploads\/2024\/03\/IMG_0281-scaled.jpg","keywords":["Cocentaina","Semana Santa","Tradiciones","Visita a los Monumentos"],"articleSection":["Actualidad","Comarcas","Noticias"],"inLanguage":"es"},{"@type":"WebPage","@id":"https:\/\/www.copealcoy.es\/es\/la-visita-a-los-monumentos-una-de-las-tradiciones-de-la-semana-santa-contestana\/","url":"https:\/\/www.copealcoy.es\/es\/la-visita-a-los-monumentos-una-de-las-tradiciones-de-la-semana-santa-contestana\/","name":"La Visita a los Monumentos, una de las tradiciones de la Semana Santa Contestana - COPE Alcoy","isPartOf":{"@id":"https:\/\/www.copealcoy.es\/es\/#website"},"primaryImageOfPage":{"@id":"https:\/\/www.copealcoy.es\/es\/la-visita-a-los-monumentos-una-de-las-tradiciones-de-la-semana-santa-contestana\/#primaryimage"},"image":{"@id":"https:\/\/www.copealcoy.es\/es\/la-visita-a-los-monumentos-una-de-las-tradiciones-de-la-semana-santa-contestana\/#primaryimage"},"thumbnailUrl":"https:\/\/www.copealcoy.es\/wp-content\/uploads\/2024\/03\/IMG_0281-scaled.jpg","datePublished":"2024-03-29T13:04:03+00:00","dateModified":"2024-03-29T13:11:40+00:00","author":{"@id":"https:\/\/www.copealcoy.es\/es\/#\/schema\/person\/e777c87fa024e57d40170af9df39882c"},"description":"La Visita a los Monumentos es una de las tradiciones que tambi\u00e9n est\u00e1n muy arraigadas en Cocentaina durante los d\u00edas de Semana Santa","breadcrumb":{"@id":"https:\/\/www.copealcoy.es\/es\/la-visita-a-los-monumentos-una-de-las-tradiciones-de-la-semana-santa-contestana\/#breadcrumb"},"inLanguage":"es","potentialAction":[{"@type":"ReadAction","target":["https:\/\/www.copealcoy.es\/es\/la-visita-a-los-monumentos-una-de-las-tradiciones-de-la-semana-santa-contestana\/"]}]},{"@type":"ImageObject","inLanguage":"es","@id":"https:\/\/www.copealcoy.es\/es\/la-visita-a-los-monumentos-una-de-las-tradiciones-de-la-semana-santa-contestana\/#primaryimage","url":"https:\/\/www.copealcoy.es\/wp-content\/uploads\/2024\/03\/IMG_0281-scaled.jpg","contentUrl":"https:\/\/www.copealcoy.es\/wp-content\/uploads\/2024\/03\/IMG_0281-scaled.jpg","width":1440,"height":1080},{"@type":"BreadcrumbList","@id":"https:\/\/www.copealcoy.es\/es\/la-visita-a-los-monumentos-una-de-las-tradiciones-de-la-semana-santa-contestana\/#breadcrumb","itemListElement":[{"@type":"ListItem","position":1,"name":"Portada","item":"https:\/\/www.copealcoy.es\/es\/"},{"@type":"ListItem","position":2,"name":"La Visita a los Monumentos, una de las tradiciones de la Semana Santa Contestana"}]},{"@type":"WebSite","@id":"https:\/\/www.copealcoy.es\/es\/#website","url":"https:\/\/www.copealcoy.es\/es\/","name":"COPE Alcoy","description":"Emisora COPE de radio local con emisi\u00f3n online. Pont de Sant Jordi 8-10 03803 Alcoy","potentialAction":[{"@type":"SearchAction","target":{"@type":"EntryPoint","urlTemplate":"https:\/\/www.copealcoy.es\/es\/?s={search_term_string}"},"query-input":{"@type":"PropertyValueSpecification","valueRequired":true,"valueName":"search_term_string"}}],"inLanguage":"es"},{"@type":"Person","@id":"https:\/\/www.copealcoy.es\/es\/#\/schema\/person\/e777c87fa024e57d40170af9df39882c","name":"Cope Alcoy","image":{"@type":"ImageObject","inLanguage":"es","@id":"https:\/\/secure.gravatar.com\/avatar\/bb65d0283347e303893ba14f0692005417c1e0e690a325a4c5d8bb2b3943ee14?s=96&d=mm&r=g","url":"https:\/\/secure.gravatar.com\/avatar\/bb65d0283347e303893ba14f0692005417c1e0e690a325a4c5d8bb2b3943ee14?s=96&d=mm&r=g","contentUrl":"https:\/\/secure.gravatar.com\/avatar\/bb65d0283347e303893ba14f0692005417c1e0e690a325a4c5d8bb2b3943ee14?s=96&d=mm&r=g","caption":"Cope Alcoy"}}]}},"_links":{"self":[{"href":"https:\/\/www.copealcoy.es\/es\/wp-json\/wp\/v2\/posts\/131165","targetHints":{"allow":["GET"]}}],"collection":[{"href":"https:\/\/www.copealcoy.es\/es\/wp-json\/wp\/v2\/posts"}],"about":[{"href":"https:\/\/www.copealcoy.es\/es\/wp-json\/wp\/v2\/types\/post"}],"author":[{"embeddable":true,"href":"https:\/\/www.copealcoy.es\/es\/wp-json\/wp\/v2\/users\/1"}],"replies":[{"embeddable":true,"href":"https:\/\/www.copealcoy.es\/es\/wp-json\/wp\/v2\/comments?post=131165"}],"version-history":[{"count":0,"href":"https:\/\/www.copealcoy.es\/es\/wp-json\/wp\/v2\/posts\/131165\/revisions"}],"wp:featuredmedia":[{"embeddable":true,"href":"https:\/\/www.copealcoy.es\/es\/wp-json\/wp\/v2\/media\/131166"}],"wp:attachment":[{"href":"https:\/\/www.copealcoy.es\/es\/wp-json\/wp\/v2\/media?parent=131165"}],"wp:term":[{"taxonomy":"category","embeddable":true,"href":"https:\/\/www.copealcoy.es\/es\/wp-json\/wp\/v2\/categories?post=131165"},{"taxonomy":"post_tag","embeddable":true,"href":"https:\/\/www.copealcoy.es\/es\/wp-json\/wp\/v2\/tags?post=131165"}],"curies":[{"name":"wp","href":"https:\/\/api.w.org\/{rel}","templated":true}]}}