{"id":13105,"date":"2015-05-15T15:24:56","date_gmt":"2015-05-15T15:24:56","guid":{"rendered":"http:\/\/copealcoi.es\/new\/?p=13105"},"modified":"2015-05-15T15:26:09","modified_gmt":"2015-05-15T15:26:09","slug":"una-parte-de-la-colonia-de-aviacion-se-integrara-en-santa-rosa","status":"publish","type":"post","link":"https:\/\/www.copealcoy.es\/es\/una-parte-de-la-colonia-de-aviacion-se-integrara-en-santa-rosa\/","title":{"rendered":"Una parte de la Colonia de Aviaci\u00f3n pasar\u00e1 a ser de propiedad municipal"},"content":{"rendered":"<p style=\"text-align: justify;\">El Ayuntamiento de Alcoy y el Ministerio de Defensa han llegado a un acuerdo para que una parte de la Colonia de Aviaci\u00f3n sea municipal y pase a integrarse dentro del barrio de Santa Rosa. As\u00ed lo ha anunciado este viernes el alcalde, Antonio Franc\u00e9s, que ha explicado que todos los tr\u00e1mites est\u00e1n ya muy avanzados &#8220;la intenci\u00f3n es que en julio se firme el convenio e inmediatamente despu\u00e9s comenzar\u00e1n las obras&#8221;, destaca.<\/p>\n<p style=\"text-align: justify;\">El primer edil ha estado acompa\u00f1ado tambi\u00e9n por el concejal\u00a0de Deportes y Urbanismo, Ignacio G\u00f3mez, y el Director del Centre d\u00b4Esports, Miguel Juan Reig. Los tres han detallado que el proyecto que se contempla para esta zona de la ciudad pasa por establecer una importante \u00e1rea deportiva en pleno barrio de Santa Rosa &#8220;ser\u00e1 una zona deportiva de once mil metros cuadrados y tambi\u00e9n se habilitar\u00e1 una piscina y se construir\u00e1n\u00a0pistas de f\u00fatbol sala y baloncesto&#8221;, afirma.<\/p>\n<p style=\"text-align: justify;\">Por \u00faltimo Franc\u00e9s ha explicado tambi\u00e9n que se construir\u00e1 un Centro de D\u00eda que prestar\u00eda servicio a toda la barriada.<\/p>\n","protected":false},"excerpt":{"rendered":"<p>El Ayuntamiento de Alcoy y el Ministerio de Defensa han llegado a un acuerdo para que una parte de la&#8230;<\/p>\n","protected":false},"author":1,"featured_media":13106,"comment_status":"open","ping_status":"open","sticky":false,"template":"","format":"standard","meta":{"footnotes":""},"categories":[97,75,125],"tags":[1494,1024,145,633],"class_list":["post-13105","post","type-post","status-publish","format-standard","has-post-thumbnail","hentry","category-alcoy","category-noticias","category-portada","tag-alcoy","tag-colonia","tag-obras","tag-urbanismo"],"yoast_head":"<!-- This site is optimized with the Yoast SEO plugin v27.3 - https:\/\/yoast.com\/product\/yoast-seo-wordpress\/ -->\n<title>Una parte de la Colonia de Aviaci\u00f3n pasar\u00e1 a ser de propiedad municipal - COPE Alcoy<\/title>\n<meta name=\"robots\" content=\"index, follow, max-snippet:-1, max-image-preview:large, max-video-preview:-1\" \/>\n<link rel=\"canonical\" href=\"https:\/\/www.copealcoy.es\/es\/una-parte-de-la-colonia-de-aviacion-se-integrara-en-santa-rosa\/\" \/>\n<meta property=\"og:locale\" content=\"es_ES\" \/>\n<meta property=\"og:type\" content=\"article\" \/>\n<meta property=\"og:title\" content=\"Una parte de la Colonia de Aviaci\u00f3n pasar\u00e1 a ser de propiedad municipal - COPE Alcoy\" \/>\n<meta property=\"og:description\" content=\"El Ayuntamiento de Alcoy y el Ministerio de Defensa han llegado a un acuerdo para que una parte de la...\" \/>\n<meta property=\"og:url\" content=\"https:\/\/www.copealcoy.es\/es\/una-parte-de-la-colonia-de-aviacion-se-integrara-en-santa-rosa\/\" \/>\n<meta property=\"og:site_name\" content=\"COPE Alcoy\" \/>\n<meta property=\"article:published_time\" content=\"2015-05-15T15:24:56+00:00\" \/>\n<meta property=\"article:modified_time\" content=\"2015-05-15T15:26:09+00:00\" \/>\n<meta property=\"og:image\" content=\"https:\/\/www.copealcoy.es\/wp-content\/uploads\/2015\/05\/IMG-20150515-WA0014.jpg\" \/>\n\t<meta property=\"og:image:width\" content=\"1280\" \/>\n\t<meta property=\"og:image:height\" content=\"719\" \/>\n\t<meta property=\"og:image:type\" content=\"image\/jpeg\" \/>\n<meta name=\"author\" content=\"Cope Alcoy\" \/>\n<meta name=\"twitter:label1\" content=\"Escrito por\" \/>\n\t<meta name=\"twitter:data1\" content=\"Cope Alcoy\" \/>\n\t<meta name=\"twitter:label2\" content=\"Tiempo de lectura\" \/>\n\t<meta name=\"twitter:data2\" content=\"1 minuto\" \/>\n<script type=\"application\/ld+json\" class=\"yoast-schema-graph\">{\"@context\":\"https:\\\/\\\/schema.org\",\"@graph\":[{\"@type\":\"Article\",\"@id\":\"https:\\\/\\\/www.copealcoy.es\\\/es\\\/una-parte-de-la-colonia-de-aviacion-se-integrara-en-santa-rosa\\\/#article\",\"isPartOf\":{\"@id\":\"https:\\\/\\\/www.copealcoy.es\\\/es\\\/una-parte-de-la-colonia-de-aviacion-se-integrara-en-santa-rosa\\\/\"},\"author\":{\"name\":\"Cope Alcoy\",\"@id\":\"https:\\\/\\\/www.copealcoy.es\\\/es\\\/#\\\/schema\\\/person\\\/e777c87fa024e57d40170af9df39882c\"},\"headline\":\"Una parte de la Colonia de Aviaci\u00f3n pasar\u00e1 a ser de propiedad municipal\",\"datePublished\":\"2015-05-15T15:24:56+00:00\",\"dateModified\":\"2015-05-15T15:26:09+00:00\",\"mainEntityOfPage\":{\"@id\":\"https:\\\/\\\/www.copealcoy.es\\\/es\\\/una-parte-de-la-colonia-de-aviacion-se-integrara-en-santa-rosa\\\/\"},\"wordCount\":204,\"commentCount\":0,\"image\":{\"@id\":\"https:\\\/\\\/www.copealcoy.es\\\/es\\\/una-parte-de-la-colonia-de-aviacion-se-integrara-en-santa-rosa\\\/#primaryimage\"},\"thumbnailUrl\":\"https:\\\/\\\/www.copealcoy.es\\\/wp-content\\\/uploads\\\/2015\\\/05\\\/IMG-20150515-WA0014.jpg\",\"keywords\":[\"Alcoy\",\"Colonia\",\"Obras\",\"Urbanismo\"],\"articleSection\":[\"Alcoy\",\"Noticias\",\"Portada\"],\"inLanguage\":\"es\"},{\"@type\":\"WebPage\",\"@id\":\"https:\\\/\\\/www.copealcoy.es\\\/es\\\/una-parte-de-la-colonia-de-aviacion-se-integrara-en-santa-rosa\\\/\",\"url\":\"https:\\\/\\\/www.copealcoy.es\\\/es\\\/una-parte-de-la-colonia-de-aviacion-se-integrara-en-santa-rosa\\\/\",\"name\":\"Una parte de la Colonia de Aviaci\u00f3n pasar\u00e1 a ser de propiedad municipal - COPE Alcoy\",\"isPartOf\":{\"@id\":\"https:\\\/\\\/www.copealcoy.es\\\/es\\\/#website\"},\"primaryImageOfPage\":{\"@id\":\"https:\\\/\\\/www.copealcoy.es\\\/es\\\/una-parte-de-la-colonia-de-aviacion-se-integrara-en-santa-rosa\\\/#primaryimage\"},\"image\":{\"@id\":\"https:\\\/\\\/www.copealcoy.es\\\/es\\\/una-parte-de-la-colonia-de-aviacion-se-integrara-en-santa-rosa\\\/#primaryimage\"},\"thumbnailUrl\":\"https:\\\/\\\/www.copealcoy.es\\\/wp-content\\\/uploads\\\/2015\\\/05\\\/IMG-20150515-WA0014.jpg\",\"datePublished\":\"2015-05-15T15:24:56+00:00\",\"dateModified\":\"2015-05-15T15:26:09+00:00\",\"author\":{\"@id\":\"https:\\\/\\\/www.copealcoy.es\\\/es\\\/#\\\/schema\\\/person\\\/e777c87fa024e57d40170af9df39882c\"},\"breadcrumb\":{\"@id\":\"https:\\\/\\\/www.copealcoy.es\\\/es\\\/una-parte-de-la-colonia-de-aviacion-se-integrara-en-santa-rosa\\\/#breadcrumb\"},\"inLanguage\":\"es\",\"potentialAction\":[{\"@type\":\"ReadAction\",\"target\":[\"https:\\\/\\\/www.copealcoy.es\\\/es\\\/una-parte-de-la-colonia-de-aviacion-se-integrara-en-santa-rosa\\\/\"]}]},{\"@type\":\"ImageObject\",\"inLanguage\":\"es\",\"@id\":\"https:\\\/\\\/www.copealcoy.es\\\/es\\\/una-parte-de-la-colonia-de-aviacion-se-integrara-en-santa-rosa\\\/#primaryimage\",\"url\":\"https:\\\/\\\/www.copealcoy.es\\\/wp-content\\\/uploads\\\/2015\\\/05\\\/IMG-20150515-WA0014.jpg\",\"contentUrl\":\"https:\\\/\\\/www.copealcoy.es\\\/wp-content\\\/uploads\\\/2015\\\/05\\\/IMG-20150515-WA0014.jpg\",\"width\":1280,\"height\":719,\"caption\":\"Franc\u00e9s junto a Nacho G\u00f3mez y Miguel Juan Reig a las puertas de la Colonia de Aviaci\u00f3n\"},{\"@type\":\"BreadcrumbList\",\"@id\":\"https:\\\/\\\/www.copealcoy.es\\\/es\\\/una-parte-de-la-colonia-de-aviacion-se-integrara-en-santa-rosa\\\/#breadcrumb\",\"itemListElement\":[{\"@type\":\"ListItem\",\"position\":1,\"name\":\"Portada\",\"item\":\"https:\\\/\\\/www.copealcoy.es\\\/es\\\/\"},{\"@type\":\"ListItem\",\"position\":2,\"name\":\"Una parte de la Colonia de Aviaci\u00f3n pasar\u00e1 a ser de propiedad municipal\"}]},{\"@type\":\"WebSite\",\"@id\":\"https:\\\/\\\/www.copealcoy.es\\\/es\\\/#website\",\"url\":\"https:\\\/\\\/www.copealcoy.es\\\/es\\\/\",\"name\":\"COPE Alcoy\",\"description\":\"Emisora COPE de radio local con emisi\u00f3n online. Pont de Sant Jordi 8-10 03803 Alcoy\",\"potentialAction\":[{\"@type\":\"SearchAction\",\"target\":{\"@type\":\"EntryPoint\",\"urlTemplate\":\"https:\\\/\\\/www.copealcoy.es\\\/es\\\/?s={search_term_string}\"},\"query-input\":{\"@type\":\"PropertyValueSpecification\",\"valueRequired\":true,\"valueName\":\"search_term_string\"}}],\"inLanguage\":\"es\"},{\"@type\":\"Person\",\"@id\":\"https:\\\/\\\/www.copealcoy.es\\\/es\\\/#\\\/schema\\\/person\\\/e777c87fa024e57d40170af9df39882c\",\"name\":\"Cope Alcoy\",\"image\":{\"@type\":\"ImageObject\",\"inLanguage\":\"es\",\"@id\":\"https:\\\/\\\/secure.gravatar.com\\\/avatar\\\/bb65d0283347e303893ba14f0692005417c1e0e690a325a4c5d8bb2b3943ee14?s=96&d=mm&r=g\",\"url\":\"https:\\\/\\\/secure.gravatar.com\\\/avatar\\\/bb65d0283347e303893ba14f0692005417c1e0e690a325a4c5d8bb2b3943ee14?s=96&d=mm&r=g\",\"contentUrl\":\"https:\\\/\\\/secure.gravatar.com\\\/avatar\\\/bb65d0283347e303893ba14f0692005417c1e0e690a325a4c5d8bb2b3943ee14?s=96&d=mm&r=g\",\"caption\":\"Cope Alcoy\"}}]}<\/script>\n<!-- \/ Yoast SEO plugin. -->","yoast_head_json":{"title":"Una parte de la Colonia de Aviaci\u00f3n pasar\u00e1 a ser de propiedad municipal - COPE Alcoy","robots":{"index":"index","follow":"follow","max-snippet":"max-snippet:-1","max-image-preview":"max-image-preview:large","max-video-preview":"max-video-preview:-1"},"canonical":"https:\/\/www.copealcoy.es\/es\/una-parte-de-la-colonia-de-aviacion-se-integrara-en-santa-rosa\/","og_locale":"es_ES","og_type":"article","og_title":"Una parte de la Colonia de Aviaci\u00f3n pasar\u00e1 a ser de propiedad municipal - COPE Alcoy","og_description":"El Ayuntamiento de Alcoy y el Ministerio de Defensa han llegado a un acuerdo para que una parte de la...","og_url":"https:\/\/www.copealcoy.es\/es\/una-parte-de-la-colonia-de-aviacion-se-integrara-en-santa-rosa\/","og_site_name":"COPE Alcoy","article_published_time":"2015-05-15T15:24:56+00:00","article_modified_time":"2015-05-15T15:26:09+00:00","og_image":[{"width":1280,"height":719,"url":"https:\/\/www.copealcoy.es\/wp-content\/uploads\/2015\/05\/IMG-20150515-WA0014.jpg","type":"image\/jpeg"}],"author":"Cope Alcoy","twitter_misc":{"Escrito por":"Cope Alcoy","Tiempo de lectura":"1 minuto"},"schema":{"@context":"https:\/\/schema.org","@graph":[{"@type":"Article","@id":"https:\/\/www.copealcoy.es\/es\/una-parte-de-la-colonia-de-aviacion-se-integrara-en-santa-rosa\/#article","isPartOf":{"@id":"https:\/\/www.copealcoy.es\/es\/una-parte-de-la-colonia-de-aviacion-se-integrara-en-santa-rosa\/"},"author":{"name":"Cope Alcoy","@id":"https:\/\/www.copealcoy.es\/es\/#\/schema\/person\/e777c87fa024e57d40170af9df39882c"},"headline":"Una parte de la Colonia de Aviaci\u00f3n pasar\u00e1 a ser de propiedad municipal","datePublished":"2015-05-15T15:24:56+00:00","dateModified":"2015-05-15T15:26:09+00:00","mainEntityOfPage":{"@id":"https:\/\/www.copealcoy.es\/es\/una-parte-de-la-colonia-de-aviacion-se-integrara-en-santa-rosa\/"},"wordCount":204,"commentCount":0,"image":{"@id":"https:\/\/www.copealcoy.es\/es\/una-parte-de-la-colonia-de-aviacion-se-integrara-en-santa-rosa\/#primaryimage"},"thumbnailUrl":"https:\/\/www.copealcoy.es\/wp-content\/uploads\/2015\/05\/IMG-20150515-WA0014.jpg","keywords":["Alcoy","Colonia","Obras","Urbanismo"],"articleSection":["Alcoy","Noticias","Portada"],"inLanguage":"es"},{"@type":"WebPage","@id":"https:\/\/www.copealcoy.es\/es\/una-parte-de-la-colonia-de-aviacion-se-integrara-en-santa-rosa\/","url":"https:\/\/www.copealcoy.es\/es\/una-parte-de-la-colonia-de-aviacion-se-integrara-en-santa-rosa\/","name":"Una parte de la Colonia de Aviaci\u00f3n pasar\u00e1 a ser de propiedad municipal - COPE Alcoy","isPartOf":{"@id":"https:\/\/www.copealcoy.es\/es\/#website"},"primaryImageOfPage":{"@id":"https:\/\/www.copealcoy.es\/es\/una-parte-de-la-colonia-de-aviacion-se-integrara-en-santa-rosa\/#primaryimage"},"image":{"@id":"https:\/\/www.copealcoy.es\/es\/una-parte-de-la-colonia-de-aviacion-se-integrara-en-santa-rosa\/#primaryimage"},"thumbnailUrl":"https:\/\/www.copealcoy.es\/wp-content\/uploads\/2015\/05\/IMG-20150515-WA0014.jpg","datePublished":"2015-05-15T15:24:56+00:00","dateModified":"2015-05-15T15:26:09+00:00","author":{"@id":"https:\/\/www.copealcoy.es\/es\/#\/schema\/person\/e777c87fa024e57d40170af9df39882c"},"breadcrumb":{"@id":"https:\/\/www.copealcoy.es\/es\/una-parte-de-la-colonia-de-aviacion-se-integrara-en-santa-rosa\/#breadcrumb"},"inLanguage":"es","potentialAction":[{"@type":"ReadAction","target":["https:\/\/www.copealcoy.es\/es\/una-parte-de-la-colonia-de-aviacion-se-integrara-en-santa-rosa\/"]}]},{"@type":"ImageObject","inLanguage":"es","@id":"https:\/\/www.copealcoy.es\/es\/una-parte-de-la-colonia-de-aviacion-se-integrara-en-santa-rosa\/#primaryimage","url":"https:\/\/www.copealcoy.es\/wp-content\/uploads\/2015\/05\/IMG-20150515-WA0014.jpg","contentUrl":"https:\/\/www.copealcoy.es\/wp-content\/uploads\/2015\/05\/IMG-20150515-WA0014.jpg","width":1280,"height":719,"caption":"Franc\u00e9s junto a Nacho G\u00f3mez y Miguel Juan Reig a las puertas de la Colonia de Aviaci\u00f3n"},{"@type":"BreadcrumbList","@id":"https:\/\/www.copealcoy.es\/es\/una-parte-de-la-colonia-de-aviacion-se-integrara-en-santa-rosa\/#breadcrumb","itemListElement":[{"@type":"ListItem","position":1,"name":"Portada","item":"https:\/\/www.copealcoy.es\/es\/"},{"@type":"ListItem","position":2,"name":"Una parte de la Colonia de Aviaci\u00f3n pasar\u00e1 a ser de propiedad municipal"}]},{"@type":"WebSite","@id":"https:\/\/www.copealcoy.es\/es\/#website","url":"https:\/\/www.copealcoy.es\/es\/","name":"COPE Alcoy","description":"Emisora COPE de radio local con emisi\u00f3n online. Pont de Sant Jordi 8-10 03803 Alcoy","potentialAction":[{"@type":"SearchAction","target":{"@type":"EntryPoint","urlTemplate":"https:\/\/www.copealcoy.es\/es\/?s={search_term_string}"},"query-input":{"@type":"PropertyValueSpecification","valueRequired":true,"valueName":"search_term_string"}}],"inLanguage":"es"},{"@type":"Person","@id":"https:\/\/www.copealcoy.es\/es\/#\/schema\/person\/e777c87fa024e57d40170af9df39882c","name":"Cope Alcoy","image":{"@type":"ImageObject","inLanguage":"es","@id":"https:\/\/secure.gravatar.com\/avatar\/bb65d0283347e303893ba14f0692005417c1e0e690a325a4c5d8bb2b3943ee14?s=96&d=mm&r=g","url":"https:\/\/secure.gravatar.com\/avatar\/bb65d0283347e303893ba14f0692005417c1e0e690a325a4c5d8bb2b3943ee14?s=96&d=mm&r=g","contentUrl":"https:\/\/secure.gravatar.com\/avatar\/bb65d0283347e303893ba14f0692005417c1e0e690a325a4c5d8bb2b3943ee14?s=96&d=mm&r=g","caption":"Cope Alcoy"}}]}},"_links":{"self":[{"href":"https:\/\/www.copealcoy.es\/es\/wp-json\/wp\/v2\/posts\/13105","targetHints":{"allow":["GET"]}}],"collection":[{"href":"https:\/\/www.copealcoy.es\/es\/wp-json\/wp\/v2\/posts"}],"about":[{"href":"https:\/\/www.copealcoy.es\/es\/wp-json\/wp\/v2\/types\/post"}],"author":[{"embeddable":true,"href":"https:\/\/www.copealcoy.es\/es\/wp-json\/wp\/v2\/users\/1"}],"replies":[{"embeddable":true,"href":"https:\/\/www.copealcoy.es\/es\/wp-json\/wp\/v2\/comments?post=13105"}],"version-history":[{"count":0,"href":"https:\/\/www.copealcoy.es\/es\/wp-json\/wp\/v2\/posts\/13105\/revisions"}],"wp:featuredmedia":[{"embeddable":true,"href":"https:\/\/www.copealcoy.es\/es\/wp-json\/wp\/v2\/media\/13106"}],"wp:attachment":[{"href":"https:\/\/www.copealcoy.es\/es\/wp-json\/wp\/v2\/media?parent=13105"}],"wp:term":[{"taxonomy":"category","embeddable":true,"href":"https:\/\/www.copealcoy.es\/es\/wp-json\/wp\/v2\/categories?post=13105"},{"taxonomy":"post_tag","embeddable":true,"href":"https:\/\/www.copealcoy.es\/es\/wp-json\/wp\/v2\/tags?post=13105"}],"curies":[{"name":"wp","href":"https:\/\/api.w.org\/{rel}","templated":true}]}}