{"id":131038,"date":"2024-03-27T07:35:39","date_gmt":"2024-03-27T06:35:39","guid":{"rendered":"https:\/\/www.copealcoy.es\/?p=131038"},"modified":"2024-03-27T17:31:18","modified_gmt":"2024-03-27T16:31:18","slug":"mediodia-cope-alcoy-miercoles-27-de-marzo-1420h","status":"publish","type":"post","link":"https:\/\/www.copealcoy.es\/es\/mediodia-cope-alcoy-miercoles-27-de-marzo-1420h\/","title":{"rendered":"\u2018Mediod\u00eda Cope\u2019 Alcoy mi\u00e9rcoles 27 de marzo (14:20h)"},"content":{"rendered":"<p><iframe loading=\"lazy\" title=\"&#039;Mediod\u00eda Cope&#039; Alcoi Dimecres 27 De Mar\u00e7 2024 (14:20h)\" width=\"100%\" height=\"120\" src=\"https:\/\/www.mixcloud.com\/widget\/iframe\/?feed=https%3A%2F%2Fwww.mixcloud.com%2FCOPEAlcoy%2Fmediod%25C3%25ADa-cope-alcoi-dimecres-27-de-mar%25C3%25A7-2024-1420h%2F&amp;hide_cover=1\" frameborder=\"0\"><\/iframe><\/p>\n<p style=\"text-align: justify;\">Hoy jueves os hemos contado que<strong> los j\u00f3venes consideran que ampliar la oferta de formaci\u00f3n en FP podr\u00eda ser una opci\u00f3n para retener en nuestras empresas<\/strong> el talento que se genera en la ciudad. Tambi\u00e9n hemos destacado <strong>el incremento de habitantes que ha experimentado Alcoy<\/strong> con datos del 1 de enero.<\/p>\n<p style=\"text-align: justify;\">Alcoy\u00a0<strong>ha comenzado el a\u00f1o 2024 con un nuevo incremento de habitantes<\/strong>\u00a0seg\u00fan las cifras que el\u00a0<span style=\"color: #0000ff;\"><a style=\"color: #0000ff;\" href=\"https:\/\/www.ine.es\/dynt3\/inebase\/index.htm?padre=525\" target=\"_blank\" rel=\"noopener\"><strong>Instituto Nacional de Estad\u00edstica (INE)<\/strong><\/a>\u00a0<\/span>ha remitido al Ayuntamiento de la ciudad. En concreto,\u00a0<strong>a 1 de enero de 2024, ten\u00edamos 60.322<\/strong>\u00a0y esto supone\u00a0<strong>829 m\u00e1s<\/strong>\u00a0que el 1 de enero de 2023 y 1.362 m\u00e1s que en 2022.<\/p>\n<p style=\"text-align: justify;\">Desde el gobierno local valoran positivamente estos datos aunque se\u00f1alan que\u00a0<strong>el Ayuntamiento quiere presentar una alegaci\u00f3n<\/strong>\u00a0puesto que, aseguran, las cifras en el padr\u00f3n municipal son todav\u00eda mayores.\u00a0Esto se debe a que\u00a0<strong>el INE no reconoce a las personas extranjeras<\/strong>\u00a0que llevan m\u00e1s de dos a\u00f1os empadronadas, si no renuevan su situaci\u00f3n. A pesar de este incremento,\u00a0<strong>el crecimiento vegetativo sigue siendo negativo<\/strong>\u00a0debido a que continua muriendo m\u00e1s gente de la que nace \u00ab<em>la ciudad es cada a d\u00eda m\u00e1s atractiva y que m\u00e1s personas establecen aqu\u00ed su residencia, atra\u00eddas por las posibilidades que ofrece Alcoy, una ciudad que apuesta por la ocupaci\u00f3n de calidad y el talento, con dos campus universitarios y una escuela superior de dise\u00f1o. Somos una ciudad industrial con muy buenos servicios, y muy comunicada<\/em>\u00ab, afirmaba este mi\u00e9rcoles al respecto el alcalde de la ciudad;\u00a0<strong>Toni Franc\u00e9s<\/strong>.\u00a0 Se\u00f1alar que\u00a0<strong>Alcoy tiene una poblaci\u00f3n flotante de 2.000 personas<\/strong>, que viven en la ciudad, pero no est\u00e1n empadronadas y que en su mayor\u00eda son estudiantes. Muchos de ellos una vez acaban sus estudios,\u00a0<strong>se quedan a vivir aqu\u00ed<\/strong>, creando en la ciudad sus empresas o peque\u00f1as industrias tecnol\u00f3gicas.<\/p>\n<p style=\"text-align: justify;\">El aumento de poblaci\u00f3n se traduce\u00a0<strong>adem\u00e1s en una notable mejor\u00eda de los resultados econ\u00f3micos<\/strong>.\u00a0 Nuestra ciudad cerr\u00f3 2023 con\u00a0<strong>17.484 personas afiliadas a la Seguridad Social<\/strong>\u00a0y esto supone que casi 17.500 personas est\u00e1n trabajando en estos momentos en Alcoy, el n\u00famero m\u00e1s alto de los \u00faltimos 15 a\u00f1os. Por \u00faltimo, en cuanto a empleo se refiere,\u00a0<strong>tenemos ahora 2.497 parados menos que en junio de 2011<\/strong>, un 34,66%.<\/p>\n","protected":false},"excerpt":{"rendered":"<p>Hoy jueves os hemos contado que los j\u00f3venes consideran que ampliar la oferta de formaci\u00f3n en FP podr\u00eda ser una&#8230;<\/p>\n","protected":false},"author":1,"featured_media":110612,"comment_status":"open","ping_status":"open","sticky":false,"template":"","format":"standard","meta":{"footnotes":""},"categories":[6909,97,89,91,75],"tags":[],"class_list":["post-131038","post","type-post","status-publish","format-standard","has-post-thumbnail","hentry","category-actualidad","category-alcoy","category-audiosdelosprogramas","category-informativos","category-noticias"],"yoast_head":"<!-- This site is optimized with the Yoast SEO plugin v27.3 - https:\/\/yoast.com\/product\/yoast-seo-wordpress\/ -->\n<title>\u2018Mediod\u00eda Cope\u2019 Alcoy mi\u00e9rcoles 27 de marzo (14:20h) - COPE Alcoy<\/title>\n<meta name=\"robots\" content=\"index, follow, max-snippet:-1, max-image-preview:large, max-video-preview:-1\" \/>\n<link rel=\"canonical\" href=\"https:\/\/www.copealcoy.es\/es\/mediodia-cope-alcoy-miercoles-27-de-marzo-1420h\/\" \/>\n<meta property=\"og:locale\" content=\"es_ES\" \/>\n<meta property=\"og:type\" content=\"article\" \/>\n<meta property=\"og:title\" content=\"\u2018Mediod\u00eda Cope\u2019 Alcoy mi\u00e9rcoles 27 de marzo (14:20h) - COPE Alcoy\" \/>\n<meta property=\"og:description\" content=\"Hoy jueves os hemos contado que los j\u00f3venes consideran que ampliar la oferta de formaci\u00f3n en FP podr\u00eda ser una...\" \/>\n<meta property=\"og:url\" content=\"https:\/\/www.copealcoy.es\/es\/mediodia-cope-alcoy-miercoles-27-de-marzo-1420h\/\" \/>\n<meta property=\"og:site_name\" content=\"COPE Alcoy\" \/>\n<meta property=\"article:published_time\" content=\"2024-03-27T06:35:39+00:00\" \/>\n<meta property=\"article:modified_time\" content=\"2024-03-27T16:31:18+00:00\" \/>\n<meta property=\"og:image\" content=\"https:\/\/www.copealcoy.es\/wp-content\/uploads\/2023\/02\/Herrera-en-COPE-Alcoy-4.png\" \/>\n\t<meta property=\"og:image:width\" content=\"357\" \/>\n\t<meta property=\"og:image:height\" content=\"290\" \/>\n\t<meta property=\"og:image:type\" content=\"image\/png\" \/>\n<meta name=\"author\" content=\"Cope Alcoy\" \/>\n<meta name=\"twitter:label1\" content=\"Escrito por\" \/>\n\t<meta name=\"twitter:data1\" content=\"Cope Alcoy\" \/>\n\t<meta name=\"twitter:label2\" content=\"Tiempo de lectura\" \/>\n\t<meta name=\"twitter:data2\" content=\"2 minutos\" \/>\n<script type=\"application\/ld+json\" class=\"yoast-schema-graph\">{\"@context\":\"https:\\\/\\\/schema.org\",\"@graph\":[{\"@type\":\"Article\",\"@id\":\"https:\\\/\\\/www.copealcoy.es\\\/es\\\/mediodia-cope-alcoy-miercoles-27-de-marzo-1420h\\\/#article\",\"isPartOf\":{\"@id\":\"https:\\\/\\\/www.copealcoy.es\\\/es\\\/mediodia-cope-alcoy-miercoles-27-de-marzo-1420h\\\/\"},\"author\":{\"name\":\"Cope Alcoy\",\"@id\":\"https:\\\/\\\/www.copealcoy.es\\\/es\\\/#\\\/schema\\\/person\\\/e777c87fa024e57d40170af9df39882c\"},\"headline\":\"\u2018Mediod\u00eda Cope\u2019 Alcoy mi\u00e9rcoles 27 de marzo (14:20h)\",\"datePublished\":\"2024-03-27T06:35:39+00:00\",\"dateModified\":\"2024-03-27T16:31:18+00:00\",\"mainEntityOfPage\":{\"@id\":\"https:\\\/\\\/www.copealcoy.es\\\/es\\\/mediodia-cope-alcoy-miercoles-27-de-marzo-1420h\\\/\"},\"wordCount\":417,\"commentCount\":0,\"image\":{\"@id\":\"https:\\\/\\\/www.copealcoy.es\\\/es\\\/mediodia-cope-alcoy-miercoles-27-de-marzo-1420h\\\/#primaryimage\"},\"thumbnailUrl\":\"https:\\\/\\\/www.copealcoy.es\\\/wp-content\\\/uploads\\\/2023\\\/02\\\/Herrera-en-COPE-Alcoy-4.png\",\"articleSection\":[\"Actualidad\",\"Alcoy\",\"Audios de los programas\",\"Informativos\",\"Noticias\"],\"inLanguage\":\"es\"},{\"@type\":\"WebPage\",\"@id\":\"https:\\\/\\\/www.copealcoy.es\\\/es\\\/mediodia-cope-alcoy-miercoles-27-de-marzo-1420h\\\/\",\"url\":\"https:\\\/\\\/www.copealcoy.es\\\/es\\\/mediodia-cope-alcoy-miercoles-27-de-marzo-1420h\\\/\",\"name\":\"\u2018Mediod\u00eda Cope\u2019 Alcoy mi\u00e9rcoles 27 de marzo (14:20h) - COPE Alcoy\",\"isPartOf\":{\"@id\":\"https:\\\/\\\/www.copealcoy.es\\\/es\\\/#website\"},\"primaryImageOfPage\":{\"@id\":\"https:\\\/\\\/www.copealcoy.es\\\/es\\\/mediodia-cope-alcoy-miercoles-27-de-marzo-1420h\\\/#primaryimage\"},\"image\":{\"@id\":\"https:\\\/\\\/www.copealcoy.es\\\/es\\\/mediodia-cope-alcoy-miercoles-27-de-marzo-1420h\\\/#primaryimage\"},\"thumbnailUrl\":\"https:\\\/\\\/www.copealcoy.es\\\/wp-content\\\/uploads\\\/2023\\\/02\\\/Herrera-en-COPE-Alcoy-4.png\",\"datePublished\":\"2024-03-27T06:35:39+00:00\",\"dateModified\":\"2024-03-27T16:31:18+00:00\",\"author\":{\"@id\":\"https:\\\/\\\/www.copealcoy.es\\\/es\\\/#\\\/schema\\\/person\\\/e777c87fa024e57d40170af9df39882c\"},\"breadcrumb\":{\"@id\":\"https:\\\/\\\/www.copealcoy.es\\\/es\\\/mediodia-cope-alcoy-miercoles-27-de-marzo-1420h\\\/#breadcrumb\"},\"inLanguage\":\"es\",\"potentialAction\":[{\"@type\":\"ReadAction\",\"target\":[\"https:\\\/\\\/www.copealcoy.es\\\/es\\\/mediodia-cope-alcoy-miercoles-27-de-marzo-1420h\\\/\"]}]},{\"@type\":\"ImageObject\",\"inLanguage\":\"es\",\"@id\":\"https:\\\/\\\/www.copealcoy.es\\\/es\\\/mediodia-cope-alcoy-miercoles-27-de-marzo-1420h\\\/#primaryimage\",\"url\":\"https:\\\/\\\/www.copealcoy.es\\\/wp-content\\\/uploads\\\/2023\\\/02\\\/Herrera-en-COPE-Alcoy-4.png\",\"contentUrl\":\"https:\\\/\\\/www.copealcoy.es\\\/wp-content\\\/uploads\\\/2023\\\/02\\\/Herrera-en-COPE-Alcoy-4.png\",\"width\":357,\"height\":290},{\"@type\":\"BreadcrumbList\",\"@id\":\"https:\\\/\\\/www.copealcoy.es\\\/es\\\/mediodia-cope-alcoy-miercoles-27-de-marzo-1420h\\\/#breadcrumb\",\"itemListElement\":[{\"@type\":\"ListItem\",\"position\":1,\"name\":\"Portada\",\"item\":\"https:\\\/\\\/www.copealcoy.es\\\/es\\\/\"},{\"@type\":\"ListItem\",\"position\":2,\"name\":\"\u2018Mediod\u00eda Cope\u2019 Alcoy mi\u00e9rcoles 27 de marzo (14:20h)\"}]},{\"@type\":\"WebSite\",\"@id\":\"https:\\\/\\\/www.copealcoy.es\\\/es\\\/#website\",\"url\":\"https:\\\/\\\/www.copealcoy.es\\\/es\\\/\",\"name\":\"COPE Alcoy\",\"description\":\"Emisora COPE de radio local con emisi\u00f3n online. Pont de Sant Jordi 8-10 03803 Alcoy\",\"potentialAction\":[{\"@type\":\"SearchAction\",\"target\":{\"@type\":\"EntryPoint\",\"urlTemplate\":\"https:\\\/\\\/www.copealcoy.es\\\/es\\\/?s={search_term_string}\"},\"query-input\":{\"@type\":\"PropertyValueSpecification\",\"valueRequired\":true,\"valueName\":\"search_term_string\"}}],\"inLanguage\":\"es\"},{\"@type\":\"Person\",\"@id\":\"https:\\\/\\\/www.copealcoy.es\\\/es\\\/#\\\/schema\\\/person\\\/e777c87fa024e57d40170af9df39882c\",\"name\":\"Cope Alcoy\",\"image\":{\"@type\":\"ImageObject\",\"inLanguage\":\"es\",\"@id\":\"https:\\\/\\\/secure.gravatar.com\\\/avatar\\\/bb65d0283347e303893ba14f0692005417c1e0e690a325a4c5d8bb2b3943ee14?s=96&d=mm&r=g\",\"url\":\"https:\\\/\\\/secure.gravatar.com\\\/avatar\\\/bb65d0283347e303893ba14f0692005417c1e0e690a325a4c5d8bb2b3943ee14?s=96&d=mm&r=g\",\"contentUrl\":\"https:\\\/\\\/secure.gravatar.com\\\/avatar\\\/bb65d0283347e303893ba14f0692005417c1e0e690a325a4c5d8bb2b3943ee14?s=96&d=mm&r=g\",\"caption\":\"Cope Alcoy\"}}]}<\/script>\n<!-- \/ Yoast SEO plugin. -->","yoast_head_json":{"title":"\u2018Mediod\u00eda Cope\u2019 Alcoy mi\u00e9rcoles 27 de marzo (14:20h) - COPE Alcoy","robots":{"index":"index","follow":"follow","max-snippet":"max-snippet:-1","max-image-preview":"max-image-preview:large","max-video-preview":"max-video-preview:-1"},"canonical":"https:\/\/www.copealcoy.es\/es\/mediodia-cope-alcoy-miercoles-27-de-marzo-1420h\/","og_locale":"es_ES","og_type":"article","og_title":"\u2018Mediod\u00eda Cope\u2019 Alcoy mi\u00e9rcoles 27 de marzo (14:20h) - COPE Alcoy","og_description":"Hoy jueves os hemos contado que los j\u00f3venes consideran que ampliar la oferta de formaci\u00f3n en FP podr\u00eda ser una...","og_url":"https:\/\/www.copealcoy.es\/es\/mediodia-cope-alcoy-miercoles-27-de-marzo-1420h\/","og_site_name":"COPE Alcoy","article_published_time":"2024-03-27T06:35:39+00:00","article_modified_time":"2024-03-27T16:31:18+00:00","og_image":[{"width":357,"height":290,"url":"https:\/\/www.copealcoy.es\/wp-content\/uploads\/2023\/02\/Herrera-en-COPE-Alcoy-4.png","type":"image\/png"}],"author":"Cope Alcoy","twitter_misc":{"Escrito por":"Cope Alcoy","Tiempo de lectura":"2 minutos"},"schema":{"@context":"https:\/\/schema.org","@graph":[{"@type":"Article","@id":"https:\/\/www.copealcoy.es\/es\/mediodia-cope-alcoy-miercoles-27-de-marzo-1420h\/#article","isPartOf":{"@id":"https:\/\/www.copealcoy.es\/es\/mediodia-cope-alcoy-miercoles-27-de-marzo-1420h\/"},"author":{"name":"Cope Alcoy","@id":"https:\/\/www.copealcoy.es\/es\/#\/schema\/person\/e777c87fa024e57d40170af9df39882c"},"headline":"\u2018Mediod\u00eda Cope\u2019 Alcoy mi\u00e9rcoles 27 de marzo (14:20h)","datePublished":"2024-03-27T06:35:39+00:00","dateModified":"2024-03-27T16:31:18+00:00","mainEntityOfPage":{"@id":"https:\/\/www.copealcoy.es\/es\/mediodia-cope-alcoy-miercoles-27-de-marzo-1420h\/"},"wordCount":417,"commentCount":0,"image":{"@id":"https:\/\/www.copealcoy.es\/es\/mediodia-cope-alcoy-miercoles-27-de-marzo-1420h\/#primaryimage"},"thumbnailUrl":"https:\/\/www.copealcoy.es\/wp-content\/uploads\/2023\/02\/Herrera-en-COPE-Alcoy-4.png","articleSection":["Actualidad","Alcoy","Audios de los programas","Informativos","Noticias"],"inLanguage":"es"},{"@type":"WebPage","@id":"https:\/\/www.copealcoy.es\/es\/mediodia-cope-alcoy-miercoles-27-de-marzo-1420h\/","url":"https:\/\/www.copealcoy.es\/es\/mediodia-cope-alcoy-miercoles-27-de-marzo-1420h\/","name":"\u2018Mediod\u00eda Cope\u2019 Alcoy mi\u00e9rcoles 27 de marzo (14:20h) - COPE Alcoy","isPartOf":{"@id":"https:\/\/www.copealcoy.es\/es\/#website"},"primaryImageOfPage":{"@id":"https:\/\/www.copealcoy.es\/es\/mediodia-cope-alcoy-miercoles-27-de-marzo-1420h\/#primaryimage"},"image":{"@id":"https:\/\/www.copealcoy.es\/es\/mediodia-cope-alcoy-miercoles-27-de-marzo-1420h\/#primaryimage"},"thumbnailUrl":"https:\/\/www.copealcoy.es\/wp-content\/uploads\/2023\/02\/Herrera-en-COPE-Alcoy-4.png","datePublished":"2024-03-27T06:35:39+00:00","dateModified":"2024-03-27T16:31:18+00:00","author":{"@id":"https:\/\/www.copealcoy.es\/es\/#\/schema\/person\/e777c87fa024e57d40170af9df39882c"},"breadcrumb":{"@id":"https:\/\/www.copealcoy.es\/es\/mediodia-cope-alcoy-miercoles-27-de-marzo-1420h\/#breadcrumb"},"inLanguage":"es","potentialAction":[{"@type":"ReadAction","target":["https:\/\/www.copealcoy.es\/es\/mediodia-cope-alcoy-miercoles-27-de-marzo-1420h\/"]}]},{"@type":"ImageObject","inLanguage":"es","@id":"https:\/\/www.copealcoy.es\/es\/mediodia-cope-alcoy-miercoles-27-de-marzo-1420h\/#primaryimage","url":"https:\/\/www.copealcoy.es\/wp-content\/uploads\/2023\/02\/Herrera-en-COPE-Alcoy-4.png","contentUrl":"https:\/\/www.copealcoy.es\/wp-content\/uploads\/2023\/02\/Herrera-en-COPE-Alcoy-4.png","width":357,"height":290},{"@type":"BreadcrumbList","@id":"https:\/\/www.copealcoy.es\/es\/mediodia-cope-alcoy-miercoles-27-de-marzo-1420h\/#breadcrumb","itemListElement":[{"@type":"ListItem","position":1,"name":"Portada","item":"https:\/\/www.copealcoy.es\/es\/"},{"@type":"ListItem","position":2,"name":"\u2018Mediod\u00eda Cope\u2019 Alcoy mi\u00e9rcoles 27 de marzo (14:20h)"}]},{"@type":"WebSite","@id":"https:\/\/www.copealcoy.es\/es\/#website","url":"https:\/\/www.copealcoy.es\/es\/","name":"COPE Alcoy","description":"Emisora COPE de radio local con emisi\u00f3n online. Pont de Sant Jordi 8-10 03803 Alcoy","potentialAction":[{"@type":"SearchAction","target":{"@type":"EntryPoint","urlTemplate":"https:\/\/www.copealcoy.es\/es\/?s={search_term_string}"},"query-input":{"@type":"PropertyValueSpecification","valueRequired":true,"valueName":"search_term_string"}}],"inLanguage":"es"},{"@type":"Person","@id":"https:\/\/www.copealcoy.es\/es\/#\/schema\/person\/e777c87fa024e57d40170af9df39882c","name":"Cope Alcoy","image":{"@type":"ImageObject","inLanguage":"es","@id":"https:\/\/secure.gravatar.com\/avatar\/bb65d0283347e303893ba14f0692005417c1e0e690a325a4c5d8bb2b3943ee14?s=96&d=mm&r=g","url":"https:\/\/secure.gravatar.com\/avatar\/bb65d0283347e303893ba14f0692005417c1e0e690a325a4c5d8bb2b3943ee14?s=96&d=mm&r=g","contentUrl":"https:\/\/secure.gravatar.com\/avatar\/bb65d0283347e303893ba14f0692005417c1e0e690a325a4c5d8bb2b3943ee14?s=96&d=mm&r=g","caption":"Cope Alcoy"}}]}},"_links":{"self":[{"href":"https:\/\/www.copealcoy.es\/es\/wp-json\/wp\/v2\/posts\/131038","targetHints":{"allow":["GET"]}}],"collection":[{"href":"https:\/\/www.copealcoy.es\/es\/wp-json\/wp\/v2\/posts"}],"about":[{"href":"https:\/\/www.copealcoy.es\/es\/wp-json\/wp\/v2\/types\/post"}],"author":[{"embeddable":true,"href":"https:\/\/www.copealcoy.es\/es\/wp-json\/wp\/v2\/users\/1"}],"replies":[{"embeddable":true,"href":"https:\/\/www.copealcoy.es\/es\/wp-json\/wp\/v2\/comments?post=131038"}],"version-history":[{"count":0,"href":"https:\/\/www.copealcoy.es\/es\/wp-json\/wp\/v2\/posts\/131038\/revisions"}],"wp:featuredmedia":[{"embeddable":true,"href":"https:\/\/www.copealcoy.es\/es\/wp-json\/wp\/v2\/media\/110612"}],"wp:attachment":[{"href":"https:\/\/www.copealcoy.es\/es\/wp-json\/wp\/v2\/media?parent=131038"}],"wp:term":[{"taxonomy":"category","embeddable":true,"href":"https:\/\/www.copealcoy.es\/es\/wp-json\/wp\/v2\/categories?post=131038"},{"taxonomy":"post_tag","embeddable":true,"href":"https:\/\/www.copealcoy.es\/es\/wp-json\/wp\/v2\/tags?post=131038"}],"curies":[{"name":"wp","href":"https:\/\/api.w.org\/{rel}","templated":true}]}}