{"id":131015,"date":"2024-03-27T13:21:32","date_gmt":"2024-03-27T12:21:32","guid":{"rendered":"https:\/\/www.copealcoy.es\/?p=131015"},"modified":"2024-03-27T13:23:59","modified_gmt":"2024-03-27T12:23:59","slug":"hallan-la-muralla-original-del-palau-comtal-que-data-del-siglo-xiii","status":"publish","type":"post","link":"https:\/\/www.copealcoy.es\/es\/hallan-la-muralla-original-del-palau-comtal-que-data-del-siglo-xiii\/","title":{"rendered":"Hallan la muralla original del Palau Comtal que data del siglo XIII"},"content":{"rendered":"<p style=\"text-align: justify;\">Las <strong>excavaciones<\/strong> que en los \u00faltimos meses se est\u00e1n realizando en el Palau Comtal de Cocentaina, para <strong>habilitar una nueva salida de emergencia<\/strong>, han permitido<strong> hallar la muralla original del hist\u00f3rico edificio<\/strong>, una construcci\u00f3n que data del Siglo XIII y que es la primera de origen cristiano que se realiz\u00f3 en el inmueble. El siguiente paso <strong>se ha centrado en consolidar el muro que ha aparecido<\/strong> y ahora se contempla <strong>hacerlo accesible<\/strong> para que lo puedan conocer de cerca aquellos visitantes que acudan en el futuro al Palau \u201c<em>esper\u00e1bamos encontrar solo algunos restos de mamposter\u00eda, pero al hacerse las correspondientes excavaciones, siguiendo el Plan Director del edificio, nos hemos topado con esta sorpresa que pertenece al antiguo alc\u00e1zar que m\u00e1s tarde se convertir\u00eda en la edificaci\u00f3n que hoy conocemos<\/em>\u201d, explicaba esta semana la arqueol\u00f3gica municipal; <strong>Elisa Dom\u00e9nech<\/strong>.<\/p>\n<p style=\"text-align: justify;\">Ante este nuevo escenario <strong>se va a tener que modificar la hoja de ruta<\/strong> que inicialmente contemplaba el citado Plan Director con el fin de seguir realizando m\u00e1s trabajos e incluso habilitar esa nueva evacuaci\u00f3n para casos de emergencia que se requiere en el propio Palau Comtal. Para todas las intervenciones previstas, <a href=\"https:\/\/www.diputacionalicante.es\/\" target=\"_blank\" rel=\"noopener\"><strong><span style=\"color: #0000ff;\">la Diputaci\u00f3n de Alicante<\/span><\/strong><\/a> ha concedido<strong> una subvenci\u00f3n de cerca de 46.000<\/strong> <strong>euros<\/strong> que podr\u00eda ser ampliada pr\u00f3ximamente \u201c<em>estamos muy contentos de participar en el proyecto y, aunque son tiempos complicados, vamos a tratar de aportar nuevo apoyo econ\u00f3mico a las intervenciones que se vayan a realizar en este elemento patrimonial<\/em>\u201d destac\u00f3 el martes la diputada de arquitectura <strong>Carmen Sell\u00e9s<\/strong> durante la visita que hizo el martes a la capital del Comtat. Desde el <strong>Ayuntamiento de Cocentaina<\/strong> aprovecharon tambi\u00e9n este encuentro para anunciar<strong> una segunda fase<\/strong> del proceso \u201c<em>que permita conservar, poner en valor este patrimonio y seguir consolidando un elemento tan importante para Cocentaina como el Palau Comtal<\/em>\u201d expres\u00f3 el alcalde de la poblaci\u00f3n; <strong>Jordi Pla<\/strong>.<\/p>\n<p style=\"text-align: justify;\">A la mencionada visita a las obras de ayer acudieron<strong> el Primer Teniente de alcalde<\/strong> (Rub\u00e9n Mu\u00f1oz) y <strong>ediles del equipo de gobierno<\/strong>. Tambi\u00e9n <strong>estuvieron presentes<\/strong> la portavoz del Grupo Municipal de VOX y concejales del Partido Popular.<\/p>\n","protected":false},"excerpt":{"rendered":"<p>Las excavaciones que en los \u00faltimos meses se est\u00e1n realizando en el Palau Comtal de Cocentaina, para habilitar una nueva&#8230;<\/p>\n","protected":false},"author":1,"featured_media":131016,"comment_status":"open","ping_status":"open","sticky":false,"template":"","format":"standard","meta":{"footnotes":""},"categories":[6909,98,75],"tags":[132,947,3837,2092,3583,782],"class_list":["post-131015","post","type-post","status-publish","format-standard","has-post-thumbnail","hentry","category-actualidad","category-comarcas","category-noticias","tag-cocentaina","tag-diputacion-de-alicante","tag-hallazgo","tag-jordi-pla","tag-muralla","tag-palau-comtal"],"yoast_head":"<!-- This site is optimized with the Yoast SEO plugin v27.3 - https:\/\/yoast.com\/product\/yoast-seo-wordpress\/ -->\n<title>Hallan la muralla original del Palau Comtal que data del siglo XIII - COPE Alcoy<\/title>\n<meta name=\"description\" content=\"Las excavaciones que en los \u00faltimos meses se est\u00e1n realizando en el Palau Comtal de Cocentaina han permitido hallar la muralla original del edificio\" \/>\n<meta name=\"robots\" content=\"index, follow, max-snippet:-1, max-image-preview:large, max-video-preview:-1\" \/>\n<link rel=\"canonical\" href=\"https:\/\/www.copealcoy.es\/es\/hallan-la-muralla-original-del-palau-comtal-que-data-del-siglo-xiii\/\" \/>\n<meta property=\"og:locale\" content=\"es_ES\" \/>\n<meta property=\"og:type\" content=\"article\" \/>\n<meta property=\"og:title\" content=\"Hallan la muralla original del Palau Comtal que data del siglo XIII - COPE Alcoy\" \/>\n<meta property=\"og:description\" content=\"Las excavaciones que en los \u00faltimos meses se est\u00e1n realizando en el Palau Comtal de Cocentaina han permitido hallar la muralla original del edificio\" \/>\n<meta property=\"og:url\" content=\"https:\/\/www.copealcoy.es\/es\/hallan-la-muralla-original-del-palau-comtal-que-data-del-siglo-xiii\/\" \/>\n<meta property=\"og:site_name\" content=\"COPE Alcoy\" \/>\n<meta property=\"article:published_time\" content=\"2024-03-27T12:21:32+00:00\" \/>\n<meta property=\"article:modified_time\" content=\"2024-03-27T12:23:59+00:00\" \/>\n<meta property=\"og:image\" content=\"https:\/\/www.copealcoy.es\/wp-content\/uploads\/2024\/03\/16-El-alcalde-y-la-Diputada-de-Arquitectura-junto-a-la-visita-a-las-obras-Foto-Diputacion-de-Alicante-scaled.jpg\" \/>\n\t<meta property=\"og:image:width\" content=\"1620\" \/>\n\t<meta property=\"og:image:height\" content=\"1080\" \/>\n\t<meta property=\"og:image:type\" content=\"image\/jpeg\" \/>\n<meta name=\"author\" content=\"Cope Alcoy\" \/>\n<meta name=\"twitter:label1\" content=\"Escrito por\" \/>\n\t<meta name=\"twitter:data1\" content=\"Cope Alcoy\" \/>\n\t<meta name=\"twitter:label2\" content=\"Tiempo de lectura\" \/>\n\t<meta name=\"twitter:data2\" content=\"2 minutos\" \/>\n<script type=\"application\/ld+json\" class=\"yoast-schema-graph\">{\"@context\":\"https:\\\/\\\/schema.org\",\"@graph\":[{\"@type\":\"Article\",\"@id\":\"https:\\\/\\\/www.copealcoy.es\\\/es\\\/hallan-la-muralla-original-del-palau-comtal-que-data-del-siglo-xiii\\\/#article\",\"isPartOf\":{\"@id\":\"https:\\\/\\\/www.copealcoy.es\\\/es\\\/hallan-la-muralla-original-del-palau-comtal-que-data-del-siglo-xiii\\\/\"},\"author\":{\"name\":\"Cope Alcoy\",\"@id\":\"https:\\\/\\\/www.copealcoy.es\\\/es\\\/#\\\/schema\\\/person\\\/e777c87fa024e57d40170af9df39882c\"},\"headline\":\"Hallan la muralla original del Palau Comtal que data del siglo XIII\",\"datePublished\":\"2024-03-27T12:21:32+00:00\",\"dateModified\":\"2024-03-27T12:23:59+00:00\",\"mainEntityOfPage\":{\"@id\":\"https:\\\/\\\/www.copealcoy.es\\\/es\\\/hallan-la-muralla-original-del-palau-comtal-que-data-del-siglo-xiii\\\/\"},\"wordCount\":379,\"commentCount\":0,\"image\":{\"@id\":\"https:\\\/\\\/www.copealcoy.es\\\/es\\\/hallan-la-muralla-original-del-palau-comtal-que-data-del-siglo-xiii\\\/#primaryimage\"},\"thumbnailUrl\":\"https:\\\/\\\/www.copealcoy.es\\\/wp-content\\\/uploads\\\/2024\\\/03\\\/16-El-alcalde-y-la-Diputada-de-Arquitectura-junto-a-la-visita-a-las-obras-Foto-Diputacion-de-Alicante-scaled.jpg\",\"keywords\":[\"Cocentaina\",\"Diputaci\u00f3n de Alicante\",\"hallazgo\",\"Jordi Pla\",\"Muralla\",\"Palau Comtal\"],\"articleSection\":[\"Actualidad\",\"Comarcas\",\"Noticias\"],\"inLanguage\":\"es\"},{\"@type\":\"WebPage\",\"@id\":\"https:\\\/\\\/www.copealcoy.es\\\/es\\\/hallan-la-muralla-original-del-palau-comtal-que-data-del-siglo-xiii\\\/\",\"url\":\"https:\\\/\\\/www.copealcoy.es\\\/es\\\/hallan-la-muralla-original-del-palau-comtal-que-data-del-siglo-xiii\\\/\",\"name\":\"Hallan la muralla original del Palau Comtal que data del siglo XIII - COPE Alcoy\",\"isPartOf\":{\"@id\":\"https:\\\/\\\/www.copealcoy.es\\\/es\\\/#website\"},\"primaryImageOfPage\":{\"@id\":\"https:\\\/\\\/www.copealcoy.es\\\/es\\\/hallan-la-muralla-original-del-palau-comtal-que-data-del-siglo-xiii\\\/#primaryimage\"},\"image\":{\"@id\":\"https:\\\/\\\/www.copealcoy.es\\\/es\\\/hallan-la-muralla-original-del-palau-comtal-que-data-del-siglo-xiii\\\/#primaryimage\"},\"thumbnailUrl\":\"https:\\\/\\\/www.copealcoy.es\\\/wp-content\\\/uploads\\\/2024\\\/03\\\/16-El-alcalde-y-la-Diputada-de-Arquitectura-junto-a-la-visita-a-las-obras-Foto-Diputacion-de-Alicante-scaled.jpg\",\"datePublished\":\"2024-03-27T12:21:32+00:00\",\"dateModified\":\"2024-03-27T12:23:59+00:00\",\"author\":{\"@id\":\"https:\\\/\\\/www.copealcoy.es\\\/es\\\/#\\\/schema\\\/person\\\/e777c87fa024e57d40170af9df39882c\"},\"description\":\"Las excavaciones que en los \u00faltimos meses se est\u00e1n realizando en el Palau Comtal de Cocentaina han permitido hallar la muralla original del edificio\",\"breadcrumb\":{\"@id\":\"https:\\\/\\\/www.copealcoy.es\\\/es\\\/hallan-la-muralla-original-del-palau-comtal-que-data-del-siglo-xiii\\\/#breadcrumb\"},\"inLanguage\":\"es\",\"potentialAction\":[{\"@type\":\"ReadAction\",\"target\":[\"https:\\\/\\\/www.copealcoy.es\\\/es\\\/hallan-la-muralla-original-del-palau-comtal-que-data-del-siglo-xiii\\\/\"]}]},{\"@type\":\"ImageObject\",\"inLanguage\":\"es\",\"@id\":\"https:\\\/\\\/www.copealcoy.es\\\/es\\\/hallan-la-muralla-original-del-palau-comtal-que-data-del-siglo-xiii\\\/#primaryimage\",\"url\":\"https:\\\/\\\/www.copealcoy.es\\\/wp-content\\\/uploads\\\/2024\\\/03\\\/16-El-alcalde-y-la-Diputada-de-Arquitectura-junto-a-la-visita-a-las-obras-Foto-Diputacion-de-Alicante-scaled.jpg\",\"contentUrl\":\"https:\\\/\\\/www.copealcoy.es\\\/wp-content\\\/uploads\\\/2024\\\/03\\\/16-El-alcalde-y-la-Diputada-de-Arquitectura-junto-a-la-visita-a-las-obras-Foto-Diputacion-de-Alicante-scaled.jpg\",\"width\":1620,\"height\":1080},{\"@type\":\"BreadcrumbList\",\"@id\":\"https:\\\/\\\/www.copealcoy.es\\\/es\\\/hallan-la-muralla-original-del-palau-comtal-que-data-del-siglo-xiii\\\/#breadcrumb\",\"itemListElement\":[{\"@type\":\"ListItem\",\"position\":1,\"name\":\"Portada\",\"item\":\"https:\\\/\\\/www.copealcoy.es\\\/es\\\/\"},{\"@type\":\"ListItem\",\"position\":2,\"name\":\"Hallan la muralla original del Palau Comtal que data del siglo XIII\"}]},{\"@type\":\"WebSite\",\"@id\":\"https:\\\/\\\/www.copealcoy.es\\\/es\\\/#website\",\"url\":\"https:\\\/\\\/www.copealcoy.es\\\/es\\\/\",\"name\":\"COPE Alcoy\",\"description\":\"Emisora COPE de radio local con emisi\u00f3n online. Pont de Sant Jordi 8-10 03803 Alcoy\",\"potentialAction\":[{\"@type\":\"SearchAction\",\"target\":{\"@type\":\"EntryPoint\",\"urlTemplate\":\"https:\\\/\\\/www.copealcoy.es\\\/es\\\/?s={search_term_string}\"},\"query-input\":{\"@type\":\"PropertyValueSpecification\",\"valueRequired\":true,\"valueName\":\"search_term_string\"}}],\"inLanguage\":\"es\"},{\"@type\":\"Person\",\"@id\":\"https:\\\/\\\/www.copealcoy.es\\\/es\\\/#\\\/schema\\\/person\\\/e777c87fa024e57d40170af9df39882c\",\"name\":\"Cope Alcoy\",\"image\":{\"@type\":\"ImageObject\",\"inLanguage\":\"es\",\"@id\":\"https:\\\/\\\/secure.gravatar.com\\\/avatar\\\/bb65d0283347e303893ba14f0692005417c1e0e690a325a4c5d8bb2b3943ee14?s=96&d=mm&r=g\",\"url\":\"https:\\\/\\\/secure.gravatar.com\\\/avatar\\\/bb65d0283347e303893ba14f0692005417c1e0e690a325a4c5d8bb2b3943ee14?s=96&d=mm&r=g\",\"contentUrl\":\"https:\\\/\\\/secure.gravatar.com\\\/avatar\\\/bb65d0283347e303893ba14f0692005417c1e0e690a325a4c5d8bb2b3943ee14?s=96&d=mm&r=g\",\"caption\":\"Cope Alcoy\"}}]}<\/script>\n<!-- \/ Yoast SEO plugin. -->","yoast_head_json":{"title":"Hallan la muralla original del Palau Comtal que data del siglo XIII - COPE Alcoy","description":"Las excavaciones que en los \u00faltimos meses se est\u00e1n realizando en el Palau Comtal de Cocentaina han permitido hallar la muralla original del edificio","robots":{"index":"index","follow":"follow","max-snippet":"max-snippet:-1","max-image-preview":"max-image-preview:large","max-video-preview":"max-video-preview:-1"},"canonical":"https:\/\/www.copealcoy.es\/es\/hallan-la-muralla-original-del-palau-comtal-que-data-del-siglo-xiii\/","og_locale":"es_ES","og_type":"article","og_title":"Hallan la muralla original del Palau Comtal que data del siglo XIII - COPE Alcoy","og_description":"Las excavaciones que en los \u00faltimos meses se est\u00e1n realizando en el Palau Comtal de Cocentaina han permitido hallar la muralla original del edificio","og_url":"https:\/\/www.copealcoy.es\/es\/hallan-la-muralla-original-del-palau-comtal-que-data-del-siglo-xiii\/","og_site_name":"COPE Alcoy","article_published_time":"2024-03-27T12:21:32+00:00","article_modified_time":"2024-03-27T12:23:59+00:00","og_image":[{"width":1620,"height":1080,"url":"https:\/\/www.copealcoy.es\/wp-content\/uploads\/2024\/03\/16-El-alcalde-y-la-Diputada-de-Arquitectura-junto-a-la-visita-a-las-obras-Foto-Diputacion-de-Alicante-scaled.jpg","type":"image\/jpeg"}],"author":"Cope Alcoy","twitter_misc":{"Escrito por":"Cope Alcoy","Tiempo de lectura":"2 minutos"},"schema":{"@context":"https:\/\/schema.org","@graph":[{"@type":"Article","@id":"https:\/\/www.copealcoy.es\/es\/hallan-la-muralla-original-del-palau-comtal-que-data-del-siglo-xiii\/#article","isPartOf":{"@id":"https:\/\/www.copealcoy.es\/es\/hallan-la-muralla-original-del-palau-comtal-que-data-del-siglo-xiii\/"},"author":{"name":"Cope Alcoy","@id":"https:\/\/www.copealcoy.es\/es\/#\/schema\/person\/e777c87fa024e57d40170af9df39882c"},"headline":"Hallan la muralla original del Palau Comtal que data del siglo XIII","datePublished":"2024-03-27T12:21:32+00:00","dateModified":"2024-03-27T12:23:59+00:00","mainEntityOfPage":{"@id":"https:\/\/www.copealcoy.es\/es\/hallan-la-muralla-original-del-palau-comtal-que-data-del-siglo-xiii\/"},"wordCount":379,"commentCount":0,"image":{"@id":"https:\/\/www.copealcoy.es\/es\/hallan-la-muralla-original-del-palau-comtal-que-data-del-siglo-xiii\/#primaryimage"},"thumbnailUrl":"https:\/\/www.copealcoy.es\/wp-content\/uploads\/2024\/03\/16-El-alcalde-y-la-Diputada-de-Arquitectura-junto-a-la-visita-a-las-obras-Foto-Diputacion-de-Alicante-scaled.jpg","keywords":["Cocentaina","Diputaci\u00f3n de Alicante","hallazgo","Jordi Pla","Muralla","Palau Comtal"],"articleSection":["Actualidad","Comarcas","Noticias"],"inLanguage":"es"},{"@type":"WebPage","@id":"https:\/\/www.copealcoy.es\/es\/hallan-la-muralla-original-del-palau-comtal-que-data-del-siglo-xiii\/","url":"https:\/\/www.copealcoy.es\/es\/hallan-la-muralla-original-del-palau-comtal-que-data-del-siglo-xiii\/","name":"Hallan la muralla original del Palau Comtal que data del siglo XIII - COPE Alcoy","isPartOf":{"@id":"https:\/\/www.copealcoy.es\/es\/#website"},"primaryImageOfPage":{"@id":"https:\/\/www.copealcoy.es\/es\/hallan-la-muralla-original-del-palau-comtal-que-data-del-siglo-xiii\/#primaryimage"},"image":{"@id":"https:\/\/www.copealcoy.es\/es\/hallan-la-muralla-original-del-palau-comtal-que-data-del-siglo-xiii\/#primaryimage"},"thumbnailUrl":"https:\/\/www.copealcoy.es\/wp-content\/uploads\/2024\/03\/16-El-alcalde-y-la-Diputada-de-Arquitectura-junto-a-la-visita-a-las-obras-Foto-Diputacion-de-Alicante-scaled.jpg","datePublished":"2024-03-27T12:21:32+00:00","dateModified":"2024-03-27T12:23:59+00:00","author":{"@id":"https:\/\/www.copealcoy.es\/es\/#\/schema\/person\/e777c87fa024e57d40170af9df39882c"},"description":"Las excavaciones que en los \u00faltimos meses se est\u00e1n realizando en el Palau Comtal de Cocentaina han permitido hallar la muralla original del edificio","breadcrumb":{"@id":"https:\/\/www.copealcoy.es\/es\/hallan-la-muralla-original-del-palau-comtal-que-data-del-siglo-xiii\/#breadcrumb"},"inLanguage":"es","potentialAction":[{"@type":"ReadAction","target":["https:\/\/www.copealcoy.es\/es\/hallan-la-muralla-original-del-palau-comtal-que-data-del-siglo-xiii\/"]}]},{"@type":"ImageObject","inLanguage":"es","@id":"https:\/\/www.copealcoy.es\/es\/hallan-la-muralla-original-del-palau-comtal-que-data-del-siglo-xiii\/#primaryimage","url":"https:\/\/www.copealcoy.es\/wp-content\/uploads\/2024\/03\/16-El-alcalde-y-la-Diputada-de-Arquitectura-junto-a-la-visita-a-las-obras-Foto-Diputacion-de-Alicante-scaled.jpg","contentUrl":"https:\/\/www.copealcoy.es\/wp-content\/uploads\/2024\/03\/16-El-alcalde-y-la-Diputada-de-Arquitectura-junto-a-la-visita-a-las-obras-Foto-Diputacion-de-Alicante-scaled.jpg","width":1620,"height":1080},{"@type":"BreadcrumbList","@id":"https:\/\/www.copealcoy.es\/es\/hallan-la-muralla-original-del-palau-comtal-que-data-del-siglo-xiii\/#breadcrumb","itemListElement":[{"@type":"ListItem","position":1,"name":"Portada","item":"https:\/\/www.copealcoy.es\/es\/"},{"@type":"ListItem","position":2,"name":"Hallan la muralla original del Palau Comtal que data del siglo XIII"}]},{"@type":"WebSite","@id":"https:\/\/www.copealcoy.es\/es\/#website","url":"https:\/\/www.copealcoy.es\/es\/","name":"COPE Alcoy","description":"Emisora COPE de radio local con emisi\u00f3n online. Pont de Sant Jordi 8-10 03803 Alcoy","potentialAction":[{"@type":"SearchAction","target":{"@type":"EntryPoint","urlTemplate":"https:\/\/www.copealcoy.es\/es\/?s={search_term_string}"},"query-input":{"@type":"PropertyValueSpecification","valueRequired":true,"valueName":"search_term_string"}}],"inLanguage":"es"},{"@type":"Person","@id":"https:\/\/www.copealcoy.es\/es\/#\/schema\/person\/e777c87fa024e57d40170af9df39882c","name":"Cope Alcoy","image":{"@type":"ImageObject","inLanguage":"es","@id":"https:\/\/secure.gravatar.com\/avatar\/bb65d0283347e303893ba14f0692005417c1e0e690a325a4c5d8bb2b3943ee14?s=96&d=mm&r=g","url":"https:\/\/secure.gravatar.com\/avatar\/bb65d0283347e303893ba14f0692005417c1e0e690a325a4c5d8bb2b3943ee14?s=96&d=mm&r=g","contentUrl":"https:\/\/secure.gravatar.com\/avatar\/bb65d0283347e303893ba14f0692005417c1e0e690a325a4c5d8bb2b3943ee14?s=96&d=mm&r=g","caption":"Cope Alcoy"}}]}},"_links":{"self":[{"href":"https:\/\/www.copealcoy.es\/es\/wp-json\/wp\/v2\/posts\/131015","targetHints":{"allow":["GET"]}}],"collection":[{"href":"https:\/\/www.copealcoy.es\/es\/wp-json\/wp\/v2\/posts"}],"about":[{"href":"https:\/\/www.copealcoy.es\/es\/wp-json\/wp\/v2\/types\/post"}],"author":[{"embeddable":true,"href":"https:\/\/www.copealcoy.es\/es\/wp-json\/wp\/v2\/users\/1"}],"replies":[{"embeddable":true,"href":"https:\/\/www.copealcoy.es\/es\/wp-json\/wp\/v2\/comments?post=131015"}],"version-history":[{"count":0,"href":"https:\/\/www.copealcoy.es\/es\/wp-json\/wp\/v2\/posts\/131015\/revisions"}],"wp:featuredmedia":[{"embeddable":true,"href":"https:\/\/www.copealcoy.es\/es\/wp-json\/wp\/v2\/media\/131016"}],"wp:attachment":[{"href":"https:\/\/www.copealcoy.es\/es\/wp-json\/wp\/v2\/media?parent=131015"}],"wp:term":[{"taxonomy":"category","embeddable":true,"href":"https:\/\/www.copealcoy.es\/es\/wp-json\/wp\/v2\/categories?post=131015"},{"taxonomy":"post_tag","embeddable":true,"href":"https:\/\/www.copealcoy.es\/es\/wp-json\/wp\/v2\/tags?post=131015"}],"curies":[{"name":"wp","href":"https:\/\/api.w.org\/{rel}","templated":true}]}}