{"id":130982,"date":"2024-03-26T13:42:41","date_gmt":"2024-03-26T12:42:41","guid":{"rendered":"https:\/\/www.copealcoy.es\/?p=130982"},"modified":"2024-03-26T13:45:51","modified_gmt":"2024-03-26T12:45:51","slug":"alcoy-y-nuestras-comarcas-siguen-siendo-destino-de-interior-para-semana-santa","status":"publish","type":"post","link":"https:\/\/www.copealcoy.es\/es\/alcoy-y-nuestras-comarcas-siguen-siendo-destino-de-interior-para-semana-santa\/","title":{"rendered":"Alcoy y nuestras comarcas siguen siendo destino de interior para Semana Santa"},"content":{"rendered":"<p style=\"text-align: justify;\">Las\u00a0<strong>previsiones de ocupaci\u00f3n tur\u00edstica<\/strong>\u00a0para la Semana Santa\u00a0<strong>son de nuevo bastante \u00f3ptimas<\/strong> en este a\u00f1o 2024, tanto en Alcoy como en el conjunto de nuestras comarcas, seg\u00fan aseguran desde<strong>\u00a0<a href=\"https:\/\/www.facebook.com\/turismoalicanteinterior\" target=\"_blank\" rel=\"noopener\"><span style=\"color: #0000ff;\">la<\/span> <span style=\"color: #0000ff;\">Asociaci\u00f3n de Turismo Alicante Interior<\/span><\/a><\/strong>. A d\u00eda de hoy, <strong>Martes Santo<\/strong>, los datos son ligeramente inferiores al pasado a\u00f1o y se roza el 70% en los diferentes alojamientos rurales de la zona.<\/p>\n<p style=\"text-align: justify;\">El sector conf\u00eda en que <strong>las reservas de \u00faltima hora<\/strong> hagan incrementar esos niveles de ocupaci\u00f3n tur\u00edstica y se\u00f1alan <strong>los motivos que hay detr\u00e1s<\/strong> de que, a las puertas de los d\u00edas grandes de Semana Santa, no estemos cerca de la plena ocupaci\u00f3n en la comarca. Atribuyen el hecho a que <strong>Pascua ha ca\u00eddo pronto en el calendario este a\u00f1o<\/strong> y <strong>coinciden con el diagn\u00f3stico que hacen los responsables de los hoteles del casco urbano de Alcoy<\/strong> &#8220;<em>como ha hecho buen tiempo en las \u00faltimas semanas, muchos han optado por destinos de sol y playa como anticipo del verano. Tambi\u00e9n mucha gente ha decidido viajar a otros pa\u00edses en estos d\u00edas<\/em>&#8220;, afirmaba en COPE ALCOY <strong>Ram\u00f3n Reche<\/strong>; nuevo presidente de la citada Asociaci\u00f3n de Turismo Alicante Interior.<\/p>\n<p style=\"text-align: justify;\">Desde la misma instituci\u00f3n destacan <strong>la necesidad de seguir trabajando para consolidar a nuestras comarcas como una potente destinaci\u00f3n tur\u00edstica de interior<\/strong>. De igual forma <strong>detallan el perfil de turista que escoge Alcoy, o l&#8217;Alcoi\u00e0 y el Comtat, para pasar la Semana Santa<\/strong> &#8220;<em>buscan descubrir el entorno natural de Font Roja y Mariola y son en su mayor\u00eda familias o grupos de amigos que<\/em> <em>quieren<\/em> <em>disfrutar del patrimonio, la gastronom\u00eda y nuestros pueblos en una peque\u00f1a escapada para el descanso. Adem\u00e1s, despiertan inter\u00e9s las procesiones o los actos previos a las Fiestas de Moros y Cristianos aunque el hecho de que este a\u00f1o la trilog\u00eda este separada de Semana Santa no ha sido un aliciente para la ocupaci\u00f3n tur\u00edstica de estos d\u00edas&#8221;<\/em>, significa Reche.<\/p>\n<p style=\"text-align: justify;\">Los n\u00fameros en la ocupaci\u00f3n tur\u00edstica del interior para Semana Santa es similar <strong>a la de los hoteles<\/strong> del casco urbano de Alcoy donde, a d\u00eda de hoy, se est\u00e1 a un 60%. Todo ello, a expensas tambi\u00e9n de las reservas que se puedan hacer en el \u00faltimo momento.<\/p>\n","protected":false},"excerpt":{"rendered":"<p>Las\u00a0previsiones de ocupaci\u00f3n tur\u00edstica\u00a0para la Semana Santa\u00a0son de nuevo bastante \u00f3ptimas en este a\u00f1o 2024, tanto en Alcoy como en&#8230;<\/p>\n","protected":false},"author":1,"featured_media":8938,"comment_status":"open","ping_status":"open","sticky":false,"template":"","format":"standard","meta":{"footnotes":""},"categories":[6909,97,98,75,125],"tags":[482,1494,3122,237,4001,745],"class_list":["post-130982","post","type-post","status-publish","format-standard","has-post-thumbnail","hentry","category-actualidad","category-alcoy","category-comarcas","category-noticias","category-portada","tag-alcoia","tag-alcoy","tag-asociacion-alicante-interior","tag-comtat","tag-ocupacion-turistica","tag-semana-santa"],"yoast_head":"<!-- This site is optimized with the Yoast SEO plugin v27.3 - https:\/\/yoast.com\/product\/yoast-seo-wordpress\/ -->\n<title>Alcoy y nuestras comarcas siguen siendo destino de interior para Semana Santa - COPE Alcoy<\/title>\n<meta name=\"description\" content=\"Las\u00a0previsiones de ocupaci\u00f3n tur\u00edstica\u00a0para la Semana Santa\u00a0son de nuevo bastante \u00f3ptimas en este a\u00f1o 2024\" \/>\n<meta name=\"robots\" content=\"index, follow, max-snippet:-1, max-image-preview:large, max-video-preview:-1\" \/>\n<link rel=\"canonical\" href=\"https:\/\/www.copealcoy.es\/es\/alcoy-y-nuestras-comarcas-siguen-siendo-destino-de-interior-para-semana-santa\/\" \/>\n<meta property=\"og:locale\" content=\"es_ES\" \/>\n<meta property=\"og:type\" content=\"article\" \/>\n<meta property=\"og:title\" content=\"Alcoy y nuestras comarcas siguen siendo destino de interior para Semana Santa - COPE Alcoy\" \/>\n<meta property=\"og:description\" content=\"Las\u00a0previsiones de ocupaci\u00f3n tur\u00edstica\u00a0para la Semana Santa\u00a0son de nuevo bastante \u00f3ptimas en este a\u00f1o 2024\" \/>\n<meta property=\"og:url\" content=\"https:\/\/www.copealcoy.es\/es\/alcoy-y-nuestras-comarcas-siguen-siendo-destino-de-interior-para-semana-santa\/\" \/>\n<meta property=\"og:site_name\" content=\"COPE Alcoy\" \/>\n<meta property=\"article:published_time\" content=\"2024-03-26T12:42:41+00:00\" \/>\n<meta property=\"article:modified_time\" content=\"2024-03-26T12:45:51+00:00\" \/>\n<meta property=\"og:image\" content=\"https:\/\/www.copealcoy.es\/wp-content\/uploads\/2014\/12\/image50.jpg\" \/>\n\t<meta property=\"og:image:width\" content=\"1437\" \/>\n\t<meta property=\"og:image:height\" content=\"1080\" \/>\n\t<meta property=\"og:image:type\" content=\"image\/jpeg\" \/>\n<meta name=\"author\" content=\"Cope Alcoy\" \/>\n<meta name=\"twitter:label1\" content=\"Escrito por\" \/>\n\t<meta name=\"twitter:data1\" content=\"Cope Alcoy\" \/>\n\t<meta name=\"twitter:label2\" content=\"Tiempo de lectura\" \/>\n\t<meta name=\"twitter:data2\" content=\"2 minutos\" \/>\n<script type=\"application\/ld+json\" class=\"yoast-schema-graph\">{\"@context\":\"https:\\\/\\\/schema.org\",\"@graph\":[{\"@type\":\"Article\",\"@id\":\"https:\\\/\\\/www.copealcoy.es\\\/es\\\/alcoy-y-nuestras-comarcas-siguen-siendo-destino-de-interior-para-semana-santa\\\/#article\",\"isPartOf\":{\"@id\":\"https:\\\/\\\/www.copealcoy.es\\\/es\\\/alcoy-y-nuestras-comarcas-siguen-siendo-destino-de-interior-para-semana-santa\\\/\"},\"author\":{\"name\":\"Cope Alcoy\",\"@id\":\"https:\\\/\\\/www.copealcoy.es\\\/es\\\/#\\\/schema\\\/person\\\/e777c87fa024e57d40170af9df39882c\"},\"headline\":\"Alcoy y nuestras comarcas siguen siendo destino de interior para Semana Santa\",\"datePublished\":\"2024-03-26T12:42:41+00:00\",\"dateModified\":\"2024-03-26T12:45:51+00:00\",\"mainEntityOfPage\":{\"@id\":\"https:\\\/\\\/www.copealcoy.es\\\/es\\\/alcoy-y-nuestras-comarcas-siguen-siendo-destino-de-interior-para-semana-santa\\\/\"},\"wordCount\":414,\"commentCount\":0,\"image\":{\"@id\":\"https:\\\/\\\/www.copealcoy.es\\\/es\\\/alcoy-y-nuestras-comarcas-siguen-siendo-destino-de-interior-para-semana-santa\\\/#primaryimage\"},\"thumbnailUrl\":\"https:\\\/\\\/www.copealcoy.es\\\/wp-content\\\/uploads\\\/2014\\\/12\\\/image50.jpg\",\"keywords\":[\"Alcoi\u00e0\",\"Alcoy\",\"Asociaci\u00f3n Alicante Interior\",\"Comtat\",\"ocupaci\u00f3n tur\u00edstica\",\"Semana Santa\"],\"articleSection\":[\"Actualidad\",\"Alcoy\",\"Comarcas\",\"Noticias\",\"Portada\"],\"inLanguage\":\"es\"},{\"@type\":\"WebPage\",\"@id\":\"https:\\\/\\\/www.copealcoy.es\\\/es\\\/alcoy-y-nuestras-comarcas-siguen-siendo-destino-de-interior-para-semana-santa\\\/\",\"url\":\"https:\\\/\\\/www.copealcoy.es\\\/es\\\/alcoy-y-nuestras-comarcas-siguen-siendo-destino-de-interior-para-semana-santa\\\/\",\"name\":\"Alcoy y nuestras comarcas siguen siendo destino de interior para Semana Santa - COPE Alcoy\",\"isPartOf\":{\"@id\":\"https:\\\/\\\/www.copealcoy.es\\\/es\\\/#website\"},\"primaryImageOfPage\":{\"@id\":\"https:\\\/\\\/www.copealcoy.es\\\/es\\\/alcoy-y-nuestras-comarcas-siguen-siendo-destino-de-interior-para-semana-santa\\\/#primaryimage\"},\"image\":{\"@id\":\"https:\\\/\\\/www.copealcoy.es\\\/es\\\/alcoy-y-nuestras-comarcas-siguen-siendo-destino-de-interior-para-semana-santa\\\/#primaryimage\"},\"thumbnailUrl\":\"https:\\\/\\\/www.copealcoy.es\\\/wp-content\\\/uploads\\\/2014\\\/12\\\/image50.jpg\",\"datePublished\":\"2024-03-26T12:42:41+00:00\",\"dateModified\":\"2024-03-26T12:45:51+00:00\",\"author\":{\"@id\":\"https:\\\/\\\/www.copealcoy.es\\\/es\\\/#\\\/schema\\\/person\\\/e777c87fa024e57d40170af9df39882c\"},\"description\":\"Las\u00a0previsiones de ocupaci\u00f3n tur\u00edstica\u00a0para la Semana Santa\u00a0son de nuevo bastante \u00f3ptimas en este a\u00f1o 2024\",\"breadcrumb\":{\"@id\":\"https:\\\/\\\/www.copealcoy.es\\\/es\\\/alcoy-y-nuestras-comarcas-siguen-siendo-destino-de-interior-para-semana-santa\\\/#breadcrumb\"},\"inLanguage\":\"es\",\"potentialAction\":[{\"@type\":\"ReadAction\",\"target\":[\"https:\\\/\\\/www.copealcoy.es\\\/es\\\/alcoy-y-nuestras-comarcas-siguen-siendo-destino-de-interior-para-semana-santa\\\/\"]}]},{\"@type\":\"ImageObject\",\"inLanguage\":\"es\",\"@id\":\"https:\\\/\\\/www.copealcoy.es\\\/es\\\/alcoy-y-nuestras-comarcas-siguen-siendo-destino-de-interior-para-semana-santa\\\/#primaryimage\",\"url\":\"https:\\\/\\\/www.copealcoy.es\\\/wp-content\\\/uploads\\\/2014\\\/12\\\/image50.jpg\",\"contentUrl\":\"https:\\\/\\\/www.copealcoy.es\\\/wp-content\\\/uploads\\\/2014\\\/12\\\/image50.jpg\",\"width\":1437,\"height\":1080},{\"@type\":\"BreadcrumbList\",\"@id\":\"https:\\\/\\\/www.copealcoy.es\\\/es\\\/alcoy-y-nuestras-comarcas-siguen-siendo-destino-de-interior-para-semana-santa\\\/#breadcrumb\",\"itemListElement\":[{\"@type\":\"ListItem\",\"position\":1,\"name\":\"Portada\",\"item\":\"https:\\\/\\\/www.copealcoy.es\\\/es\\\/\"},{\"@type\":\"ListItem\",\"position\":2,\"name\":\"Alcoy y nuestras comarcas siguen siendo destino de interior para Semana Santa\"}]},{\"@type\":\"WebSite\",\"@id\":\"https:\\\/\\\/www.copealcoy.es\\\/es\\\/#website\",\"url\":\"https:\\\/\\\/www.copealcoy.es\\\/es\\\/\",\"name\":\"COPE Alcoy\",\"description\":\"Emisora COPE de radio local con emisi\u00f3n online. Pont de Sant Jordi 8-10 03803 Alcoy\",\"potentialAction\":[{\"@type\":\"SearchAction\",\"target\":{\"@type\":\"EntryPoint\",\"urlTemplate\":\"https:\\\/\\\/www.copealcoy.es\\\/es\\\/?s={search_term_string}\"},\"query-input\":{\"@type\":\"PropertyValueSpecification\",\"valueRequired\":true,\"valueName\":\"search_term_string\"}}],\"inLanguage\":\"es\"},{\"@type\":\"Person\",\"@id\":\"https:\\\/\\\/www.copealcoy.es\\\/es\\\/#\\\/schema\\\/person\\\/e777c87fa024e57d40170af9df39882c\",\"name\":\"Cope Alcoy\",\"image\":{\"@type\":\"ImageObject\",\"inLanguage\":\"es\",\"@id\":\"https:\\\/\\\/secure.gravatar.com\\\/avatar\\\/bb65d0283347e303893ba14f0692005417c1e0e690a325a4c5d8bb2b3943ee14?s=96&d=mm&r=g\",\"url\":\"https:\\\/\\\/secure.gravatar.com\\\/avatar\\\/bb65d0283347e303893ba14f0692005417c1e0e690a325a4c5d8bb2b3943ee14?s=96&d=mm&r=g\",\"contentUrl\":\"https:\\\/\\\/secure.gravatar.com\\\/avatar\\\/bb65d0283347e303893ba14f0692005417c1e0e690a325a4c5d8bb2b3943ee14?s=96&d=mm&r=g\",\"caption\":\"Cope Alcoy\"}}]}<\/script>\n<!-- \/ Yoast SEO plugin. -->","yoast_head_json":{"title":"Alcoy y nuestras comarcas siguen siendo destino de interior para Semana Santa - COPE Alcoy","description":"Las\u00a0previsiones de ocupaci\u00f3n tur\u00edstica\u00a0para la Semana Santa\u00a0son de nuevo bastante \u00f3ptimas en este a\u00f1o 2024","robots":{"index":"index","follow":"follow","max-snippet":"max-snippet:-1","max-image-preview":"max-image-preview:large","max-video-preview":"max-video-preview:-1"},"canonical":"https:\/\/www.copealcoy.es\/es\/alcoy-y-nuestras-comarcas-siguen-siendo-destino-de-interior-para-semana-santa\/","og_locale":"es_ES","og_type":"article","og_title":"Alcoy y nuestras comarcas siguen siendo destino de interior para Semana Santa - COPE Alcoy","og_description":"Las\u00a0previsiones de ocupaci\u00f3n tur\u00edstica\u00a0para la Semana Santa\u00a0son de nuevo bastante \u00f3ptimas en este a\u00f1o 2024","og_url":"https:\/\/www.copealcoy.es\/es\/alcoy-y-nuestras-comarcas-siguen-siendo-destino-de-interior-para-semana-santa\/","og_site_name":"COPE Alcoy","article_published_time":"2024-03-26T12:42:41+00:00","article_modified_time":"2024-03-26T12:45:51+00:00","og_image":[{"width":1437,"height":1080,"url":"https:\/\/www.copealcoy.es\/wp-content\/uploads\/2014\/12\/image50.jpg","type":"image\/jpeg"}],"author":"Cope Alcoy","twitter_misc":{"Escrito por":"Cope Alcoy","Tiempo de lectura":"2 minutos"},"schema":{"@context":"https:\/\/schema.org","@graph":[{"@type":"Article","@id":"https:\/\/www.copealcoy.es\/es\/alcoy-y-nuestras-comarcas-siguen-siendo-destino-de-interior-para-semana-santa\/#article","isPartOf":{"@id":"https:\/\/www.copealcoy.es\/es\/alcoy-y-nuestras-comarcas-siguen-siendo-destino-de-interior-para-semana-santa\/"},"author":{"name":"Cope Alcoy","@id":"https:\/\/www.copealcoy.es\/es\/#\/schema\/person\/e777c87fa024e57d40170af9df39882c"},"headline":"Alcoy y nuestras comarcas siguen siendo destino de interior para Semana Santa","datePublished":"2024-03-26T12:42:41+00:00","dateModified":"2024-03-26T12:45:51+00:00","mainEntityOfPage":{"@id":"https:\/\/www.copealcoy.es\/es\/alcoy-y-nuestras-comarcas-siguen-siendo-destino-de-interior-para-semana-santa\/"},"wordCount":414,"commentCount":0,"image":{"@id":"https:\/\/www.copealcoy.es\/es\/alcoy-y-nuestras-comarcas-siguen-siendo-destino-de-interior-para-semana-santa\/#primaryimage"},"thumbnailUrl":"https:\/\/www.copealcoy.es\/wp-content\/uploads\/2014\/12\/image50.jpg","keywords":["Alcoi\u00e0","Alcoy","Asociaci\u00f3n Alicante Interior","Comtat","ocupaci\u00f3n tur\u00edstica","Semana Santa"],"articleSection":["Actualidad","Alcoy","Comarcas","Noticias","Portada"],"inLanguage":"es"},{"@type":"WebPage","@id":"https:\/\/www.copealcoy.es\/es\/alcoy-y-nuestras-comarcas-siguen-siendo-destino-de-interior-para-semana-santa\/","url":"https:\/\/www.copealcoy.es\/es\/alcoy-y-nuestras-comarcas-siguen-siendo-destino-de-interior-para-semana-santa\/","name":"Alcoy y nuestras comarcas siguen siendo destino de interior para Semana Santa - COPE Alcoy","isPartOf":{"@id":"https:\/\/www.copealcoy.es\/es\/#website"},"primaryImageOfPage":{"@id":"https:\/\/www.copealcoy.es\/es\/alcoy-y-nuestras-comarcas-siguen-siendo-destino-de-interior-para-semana-santa\/#primaryimage"},"image":{"@id":"https:\/\/www.copealcoy.es\/es\/alcoy-y-nuestras-comarcas-siguen-siendo-destino-de-interior-para-semana-santa\/#primaryimage"},"thumbnailUrl":"https:\/\/www.copealcoy.es\/wp-content\/uploads\/2014\/12\/image50.jpg","datePublished":"2024-03-26T12:42:41+00:00","dateModified":"2024-03-26T12:45:51+00:00","author":{"@id":"https:\/\/www.copealcoy.es\/es\/#\/schema\/person\/e777c87fa024e57d40170af9df39882c"},"description":"Las\u00a0previsiones de ocupaci\u00f3n tur\u00edstica\u00a0para la Semana Santa\u00a0son de nuevo bastante \u00f3ptimas en este a\u00f1o 2024","breadcrumb":{"@id":"https:\/\/www.copealcoy.es\/es\/alcoy-y-nuestras-comarcas-siguen-siendo-destino-de-interior-para-semana-santa\/#breadcrumb"},"inLanguage":"es","potentialAction":[{"@type":"ReadAction","target":["https:\/\/www.copealcoy.es\/es\/alcoy-y-nuestras-comarcas-siguen-siendo-destino-de-interior-para-semana-santa\/"]}]},{"@type":"ImageObject","inLanguage":"es","@id":"https:\/\/www.copealcoy.es\/es\/alcoy-y-nuestras-comarcas-siguen-siendo-destino-de-interior-para-semana-santa\/#primaryimage","url":"https:\/\/www.copealcoy.es\/wp-content\/uploads\/2014\/12\/image50.jpg","contentUrl":"https:\/\/www.copealcoy.es\/wp-content\/uploads\/2014\/12\/image50.jpg","width":1437,"height":1080},{"@type":"BreadcrumbList","@id":"https:\/\/www.copealcoy.es\/es\/alcoy-y-nuestras-comarcas-siguen-siendo-destino-de-interior-para-semana-santa\/#breadcrumb","itemListElement":[{"@type":"ListItem","position":1,"name":"Portada","item":"https:\/\/www.copealcoy.es\/es\/"},{"@type":"ListItem","position":2,"name":"Alcoy y nuestras comarcas siguen siendo destino de interior para Semana Santa"}]},{"@type":"WebSite","@id":"https:\/\/www.copealcoy.es\/es\/#website","url":"https:\/\/www.copealcoy.es\/es\/","name":"COPE Alcoy","description":"Emisora COPE de radio local con emisi\u00f3n online. Pont de Sant Jordi 8-10 03803 Alcoy","potentialAction":[{"@type":"SearchAction","target":{"@type":"EntryPoint","urlTemplate":"https:\/\/www.copealcoy.es\/es\/?s={search_term_string}"},"query-input":{"@type":"PropertyValueSpecification","valueRequired":true,"valueName":"search_term_string"}}],"inLanguage":"es"},{"@type":"Person","@id":"https:\/\/www.copealcoy.es\/es\/#\/schema\/person\/e777c87fa024e57d40170af9df39882c","name":"Cope Alcoy","image":{"@type":"ImageObject","inLanguage":"es","@id":"https:\/\/secure.gravatar.com\/avatar\/bb65d0283347e303893ba14f0692005417c1e0e690a325a4c5d8bb2b3943ee14?s=96&d=mm&r=g","url":"https:\/\/secure.gravatar.com\/avatar\/bb65d0283347e303893ba14f0692005417c1e0e690a325a4c5d8bb2b3943ee14?s=96&d=mm&r=g","contentUrl":"https:\/\/secure.gravatar.com\/avatar\/bb65d0283347e303893ba14f0692005417c1e0e690a325a4c5d8bb2b3943ee14?s=96&d=mm&r=g","caption":"Cope Alcoy"}}]}},"_links":{"self":[{"href":"https:\/\/www.copealcoy.es\/es\/wp-json\/wp\/v2\/posts\/130982","targetHints":{"allow":["GET"]}}],"collection":[{"href":"https:\/\/www.copealcoy.es\/es\/wp-json\/wp\/v2\/posts"}],"about":[{"href":"https:\/\/www.copealcoy.es\/es\/wp-json\/wp\/v2\/types\/post"}],"author":[{"embeddable":true,"href":"https:\/\/www.copealcoy.es\/es\/wp-json\/wp\/v2\/users\/1"}],"replies":[{"embeddable":true,"href":"https:\/\/www.copealcoy.es\/es\/wp-json\/wp\/v2\/comments?post=130982"}],"version-history":[{"count":0,"href":"https:\/\/www.copealcoy.es\/es\/wp-json\/wp\/v2\/posts\/130982\/revisions"}],"wp:featuredmedia":[{"embeddable":true,"href":"https:\/\/www.copealcoy.es\/es\/wp-json\/wp\/v2\/media\/8938"}],"wp:attachment":[{"href":"https:\/\/www.copealcoy.es\/es\/wp-json\/wp\/v2\/media?parent=130982"}],"wp:term":[{"taxonomy":"category","embeddable":true,"href":"https:\/\/www.copealcoy.es\/es\/wp-json\/wp\/v2\/categories?post=130982"},{"taxonomy":"post_tag","embeddable":true,"href":"https:\/\/www.copealcoy.es\/es\/wp-json\/wp\/v2\/tags?post=130982"}],"curies":[{"name":"wp","href":"https:\/\/api.w.org\/{rel}","templated":true}]}}