{"id":130967,"date":"2024-03-26T11:28:46","date_gmt":"2024-03-26T10:28:46","guid":{"rendered":"https:\/\/www.copealcoy.es\/?p=130967"},"modified":"2024-03-27T11:08:05","modified_gmt":"2024-03-27T10:08:05","slug":"los-centros-de-salud-de-alcoy-cerraran-por-las-tardes-durante-los-proximos-dias","status":"publish","type":"post","link":"https:\/\/www.copealcoy.es\/es\/los-centros-de-salud-de-alcoy-cerraran-por-las-tardes-durante-los-proximos-dias\/","title":{"rendered":"Los Centros de Salud de Alcoy cerrar\u00e1n por las tardes durante los pr\u00f3ximos d\u00edas"},"content":{"rendered":"<p style=\"text-align: justify;\">La <strong>situaci\u00f3n de la sanidad<\/strong> de nuestras comarcas sigue de plena actualidad y en los \u00faltimos d\u00edas hemos conocido que <strong>los Centros de Salud de Alcoy van a cerrar durante las tardes<\/strong>. Ser\u00e1 el <strong>28 de marzo<\/strong>, Jueves Santo, y <strong>la semana comprendida entre el 2 y el 5 de abril<\/strong> despu\u00e9s de Pascua. Durante todo este tiempo, <strong>si necesitamos atenci\u00f3n a partir de las 15:00h<\/strong>, podremos seguir acudiendo a los puntos de urgencias habituales de los Centros de Salud o al propio servicio de urgencias del Hospital Virgen de los Lirios.<\/p>\n<p style=\"text-align: justify;\">Desde Comprom\u00eds Alcoi <strong>han lamentado la situaci\u00f3n<\/strong> y han asegurado que la misma <strong>es fruto de no haber declarado a nuestro Departamento de Salud como zona de dif\u00edcil cobertura<\/strong>. Adem\u00e1s insisten en que <strong>la falta de personal hace que se den estos cierres en periodos vacacionales e incluso en verano<\/strong> &#8220;<em>el hecho de no haber declarado nuestra \u00e1rea de salud como zona de dif\u00edcil cobertura tiene consecuencias negativas para el servicio sanitario y los efectos de la decisi\u00f3n del PP ya se est\u00e1n demostrando. Desde el Partido Popular se han negado a que los facultativos sanitarios reciban incentivos para ocupar plazas en nuestra ciudad, en contra de lo que el Ayuntamiento hab\u00eda defendido hace un par de meses, con el voto favorable de todos los partidos. Esto era una reivindicaci\u00f3n que pretend\u00eda mejorar la falta de personal y evitar situaciones como este nuevo cierre de los Centros de Salud<\/em>&#8220;, ha manifestado al respecto el concejal de Salud P\u00fablica; <strong>Carles Sansalvador<\/strong>.<\/p>\n<p style=\"text-align: justify;\">El cierre del Centro de Salud en Pascua<strong> tambi\u00e9n afecta a otras poblaciones de estas comarcas<\/strong>. <strong>Ibi<\/strong>, por ejemplo, es otro de los municipios donde se reducir\u00e1 el horario de atenci\u00f3n a partir del Jueves Santo y desde el Ayuntamiento de la Villa Juguetera quieren insistir en que el Departamento de Salud sea considerado de dif\u00edcil cobertura y a trav\u00e9s del pleno instan a <a href=\"https:\/\/www.san.gva.es\/ca\/web\/sanidad\" target=\"_blank\" rel=\"noopener\"><strong><span style=\"color: #0000ff;\">la Conselleria de Sanitat<\/span><\/strong><\/a> a que reconsidere el planteamiento.<\/p>\n","protected":false},"excerpt":{"rendered":"<p>La situaci\u00f3n de la sanidad de nuestras comarcas sigue de plena actualidad y en los \u00faltimos d\u00edas hemos conocido que&#8230;<\/p>\n","protected":false},"author":1,"featured_media":118475,"comment_status":"open","ping_status":"open","sticky":false,"template":"","format":"standard","meta":{"footnotes":""},"categories":[6909,97,75],"tags":[1494,16525,7805,1200,745,7806],"class_list":["post-130967","post","type-post","status-publish","format-standard","has-post-thumbnail","hentry","category-actualidad","category-alcoy","category-noticias","tag-alcoy","tag-carles-sansalvador","tag-centros-de-salud","tag-cierre","tag-semana-santa","tag-tardes"],"yoast_head":"<!-- This site is optimized with the Yoast SEO plugin v27.3 - https:\/\/yoast.com\/product\/yoast-seo-wordpress\/ -->\n<title>Los Centros de Salud de Alcoy cerrar\u00e1n por las tardes durante los pr\u00f3ximos d\u00edas - COPE Alcoy<\/title>\n<meta name=\"robots\" content=\"index, follow, max-snippet:-1, max-image-preview:large, max-video-preview:-1\" \/>\n<link rel=\"canonical\" href=\"https:\/\/www.copealcoy.es\/es\/los-centros-de-salud-de-alcoy-cerraran-por-las-tardes-durante-los-proximos-dias\/\" \/>\n<meta property=\"og:locale\" content=\"es_ES\" \/>\n<meta property=\"og:type\" content=\"article\" \/>\n<meta property=\"og:title\" content=\"Los Centros de Salud de Alcoy cerrar\u00e1n por las tardes durante los pr\u00f3ximos d\u00edas - COPE Alcoy\" \/>\n<meta property=\"og:description\" content=\"La situaci\u00f3n de la sanidad de nuestras comarcas sigue de plena actualidad y en los \u00faltimos d\u00edas hemos conocido que...\" \/>\n<meta property=\"og:url\" content=\"https:\/\/www.copealcoy.es\/es\/los-centros-de-salud-de-alcoy-cerraran-por-las-tardes-durante-los-proximos-dias\/\" \/>\n<meta property=\"og:site_name\" content=\"COPE Alcoy\" \/>\n<meta property=\"article:published_time\" content=\"2024-03-26T10:28:46+00:00\" \/>\n<meta property=\"article:modified_time\" content=\"2024-03-27T10:08:05+00:00\" \/>\n<meta property=\"og:image\" content=\"https:\/\/www.copealcoy.es\/wp-content\/uploads\/2023\/06\/consultori-zona-alta_lg.jpg\" \/>\n\t<meta property=\"og:image:width\" content=\"690\" \/>\n\t<meta property=\"og:image:height\" content=\"460\" \/>\n\t<meta property=\"og:image:type\" content=\"image\/jpeg\" \/>\n<meta name=\"author\" content=\"Cope Alcoy\" \/>\n<meta name=\"twitter:label1\" content=\"Escrito por\" \/>\n\t<meta name=\"twitter:data1\" content=\"Cope Alcoy\" \/>\n\t<meta name=\"twitter:label2\" content=\"Tiempo de lectura\" \/>\n\t<meta name=\"twitter:data2\" content=\"2 minutos\" \/>\n<script type=\"application\/ld+json\" class=\"yoast-schema-graph\">{\"@context\":\"https:\\\/\\\/schema.org\",\"@graph\":[{\"@type\":\"Article\",\"@id\":\"https:\\\/\\\/www.copealcoy.es\\\/es\\\/los-centros-de-salud-de-alcoy-cerraran-por-las-tardes-durante-los-proximos-dias\\\/#article\",\"isPartOf\":{\"@id\":\"https:\\\/\\\/www.copealcoy.es\\\/es\\\/los-centros-de-salud-de-alcoy-cerraran-por-las-tardes-durante-los-proximos-dias\\\/\"},\"author\":{\"name\":\"Cope Alcoy\",\"@id\":\"https:\\\/\\\/www.copealcoy.es\\\/es\\\/#\\\/schema\\\/person\\\/e777c87fa024e57d40170af9df39882c\"},\"headline\":\"Los Centros de Salud de Alcoy cerrar\u00e1n por las tardes durante los pr\u00f3ximos d\u00edas\",\"datePublished\":\"2024-03-26T10:28:46+00:00\",\"dateModified\":\"2024-03-27T10:08:05+00:00\",\"mainEntityOfPage\":{\"@id\":\"https:\\\/\\\/www.copealcoy.es\\\/es\\\/los-centros-de-salud-de-alcoy-cerraran-por-las-tardes-durante-los-proximos-dias\\\/\"},\"wordCount\":358,\"commentCount\":0,\"image\":{\"@id\":\"https:\\\/\\\/www.copealcoy.es\\\/es\\\/los-centros-de-salud-de-alcoy-cerraran-por-las-tardes-durante-los-proximos-dias\\\/#primaryimage\"},\"thumbnailUrl\":\"https:\\\/\\\/www.copealcoy.es\\\/wp-content\\\/uploads\\\/2023\\\/06\\\/consultori-zona-alta_lg.jpg\",\"keywords\":[\"Alcoy\",\"Carles Sansalvador\",\"Centros de Salud\",\"cierre\",\"Semana Santa\",\"tardes\"],\"articleSection\":[\"Actualidad\",\"Alcoy\",\"Noticias\"],\"inLanguage\":\"es\"},{\"@type\":\"WebPage\",\"@id\":\"https:\\\/\\\/www.copealcoy.es\\\/es\\\/los-centros-de-salud-de-alcoy-cerraran-por-las-tardes-durante-los-proximos-dias\\\/\",\"url\":\"https:\\\/\\\/www.copealcoy.es\\\/es\\\/los-centros-de-salud-de-alcoy-cerraran-por-las-tardes-durante-los-proximos-dias\\\/\",\"name\":\"Los Centros de Salud de Alcoy cerrar\u00e1n por las tardes durante los pr\u00f3ximos d\u00edas - COPE Alcoy\",\"isPartOf\":{\"@id\":\"https:\\\/\\\/www.copealcoy.es\\\/es\\\/#website\"},\"primaryImageOfPage\":{\"@id\":\"https:\\\/\\\/www.copealcoy.es\\\/es\\\/los-centros-de-salud-de-alcoy-cerraran-por-las-tardes-durante-los-proximos-dias\\\/#primaryimage\"},\"image\":{\"@id\":\"https:\\\/\\\/www.copealcoy.es\\\/es\\\/los-centros-de-salud-de-alcoy-cerraran-por-las-tardes-durante-los-proximos-dias\\\/#primaryimage\"},\"thumbnailUrl\":\"https:\\\/\\\/www.copealcoy.es\\\/wp-content\\\/uploads\\\/2023\\\/06\\\/consultori-zona-alta_lg.jpg\",\"datePublished\":\"2024-03-26T10:28:46+00:00\",\"dateModified\":\"2024-03-27T10:08:05+00:00\",\"author\":{\"@id\":\"https:\\\/\\\/www.copealcoy.es\\\/es\\\/#\\\/schema\\\/person\\\/e777c87fa024e57d40170af9df39882c\"},\"breadcrumb\":{\"@id\":\"https:\\\/\\\/www.copealcoy.es\\\/es\\\/los-centros-de-salud-de-alcoy-cerraran-por-las-tardes-durante-los-proximos-dias\\\/#breadcrumb\"},\"inLanguage\":\"es\",\"potentialAction\":[{\"@type\":\"ReadAction\",\"target\":[\"https:\\\/\\\/www.copealcoy.es\\\/es\\\/los-centros-de-salud-de-alcoy-cerraran-por-las-tardes-durante-los-proximos-dias\\\/\"]}]},{\"@type\":\"ImageObject\",\"inLanguage\":\"es\",\"@id\":\"https:\\\/\\\/www.copealcoy.es\\\/es\\\/los-centros-de-salud-de-alcoy-cerraran-por-las-tardes-durante-los-proximos-dias\\\/#primaryimage\",\"url\":\"https:\\\/\\\/www.copealcoy.es\\\/wp-content\\\/uploads\\\/2023\\\/06\\\/consultori-zona-alta_lg.jpg\",\"contentUrl\":\"https:\\\/\\\/www.copealcoy.es\\\/wp-content\\\/uploads\\\/2023\\\/06\\\/consultori-zona-alta_lg.jpg\",\"width\":690,\"height\":460},{\"@type\":\"BreadcrumbList\",\"@id\":\"https:\\\/\\\/www.copealcoy.es\\\/es\\\/los-centros-de-salud-de-alcoy-cerraran-por-las-tardes-durante-los-proximos-dias\\\/#breadcrumb\",\"itemListElement\":[{\"@type\":\"ListItem\",\"position\":1,\"name\":\"Portada\",\"item\":\"https:\\\/\\\/www.copealcoy.es\\\/es\\\/\"},{\"@type\":\"ListItem\",\"position\":2,\"name\":\"Los Centros de Salud de Alcoy cerrar\u00e1n por las tardes durante los pr\u00f3ximos d\u00edas\"}]},{\"@type\":\"WebSite\",\"@id\":\"https:\\\/\\\/www.copealcoy.es\\\/es\\\/#website\",\"url\":\"https:\\\/\\\/www.copealcoy.es\\\/es\\\/\",\"name\":\"COPE Alcoy\",\"description\":\"Emisora COPE de radio local con emisi\u00f3n online. Pont de Sant Jordi 8-10 03803 Alcoy\",\"potentialAction\":[{\"@type\":\"SearchAction\",\"target\":{\"@type\":\"EntryPoint\",\"urlTemplate\":\"https:\\\/\\\/www.copealcoy.es\\\/es\\\/?s={search_term_string}\"},\"query-input\":{\"@type\":\"PropertyValueSpecification\",\"valueRequired\":true,\"valueName\":\"search_term_string\"}}],\"inLanguage\":\"es\"},{\"@type\":\"Person\",\"@id\":\"https:\\\/\\\/www.copealcoy.es\\\/es\\\/#\\\/schema\\\/person\\\/e777c87fa024e57d40170af9df39882c\",\"name\":\"Cope Alcoy\",\"image\":{\"@type\":\"ImageObject\",\"inLanguage\":\"es\",\"@id\":\"https:\\\/\\\/secure.gravatar.com\\\/avatar\\\/bb65d0283347e303893ba14f0692005417c1e0e690a325a4c5d8bb2b3943ee14?s=96&d=mm&r=g\",\"url\":\"https:\\\/\\\/secure.gravatar.com\\\/avatar\\\/bb65d0283347e303893ba14f0692005417c1e0e690a325a4c5d8bb2b3943ee14?s=96&d=mm&r=g\",\"contentUrl\":\"https:\\\/\\\/secure.gravatar.com\\\/avatar\\\/bb65d0283347e303893ba14f0692005417c1e0e690a325a4c5d8bb2b3943ee14?s=96&d=mm&r=g\",\"caption\":\"Cope Alcoy\"}}]}<\/script>\n<!-- \/ Yoast SEO plugin. -->","yoast_head_json":{"title":"Los Centros de Salud de Alcoy cerrar\u00e1n por las tardes durante los pr\u00f3ximos d\u00edas - COPE Alcoy","robots":{"index":"index","follow":"follow","max-snippet":"max-snippet:-1","max-image-preview":"max-image-preview:large","max-video-preview":"max-video-preview:-1"},"canonical":"https:\/\/www.copealcoy.es\/es\/los-centros-de-salud-de-alcoy-cerraran-por-las-tardes-durante-los-proximos-dias\/","og_locale":"es_ES","og_type":"article","og_title":"Los Centros de Salud de Alcoy cerrar\u00e1n por las tardes durante los pr\u00f3ximos d\u00edas - COPE Alcoy","og_description":"La situaci\u00f3n de la sanidad de nuestras comarcas sigue de plena actualidad y en los \u00faltimos d\u00edas hemos conocido que...","og_url":"https:\/\/www.copealcoy.es\/es\/los-centros-de-salud-de-alcoy-cerraran-por-las-tardes-durante-los-proximos-dias\/","og_site_name":"COPE Alcoy","article_published_time":"2024-03-26T10:28:46+00:00","article_modified_time":"2024-03-27T10:08:05+00:00","og_image":[{"width":690,"height":460,"url":"https:\/\/www.copealcoy.es\/wp-content\/uploads\/2023\/06\/consultori-zona-alta_lg.jpg","type":"image\/jpeg"}],"author":"Cope Alcoy","twitter_misc":{"Escrito por":"Cope Alcoy","Tiempo de lectura":"2 minutos"},"schema":{"@context":"https:\/\/schema.org","@graph":[{"@type":"Article","@id":"https:\/\/www.copealcoy.es\/es\/los-centros-de-salud-de-alcoy-cerraran-por-las-tardes-durante-los-proximos-dias\/#article","isPartOf":{"@id":"https:\/\/www.copealcoy.es\/es\/los-centros-de-salud-de-alcoy-cerraran-por-las-tardes-durante-los-proximos-dias\/"},"author":{"name":"Cope Alcoy","@id":"https:\/\/www.copealcoy.es\/es\/#\/schema\/person\/e777c87fa024e57d40170af9df39882c"},"headline":"Los Centros de Salud de Alcoy cerrar\u00e1n por las tardes durante los pr\u00f3ximos d\u00edas","datePublished":"2024-03-26T10:28:46+00:00","dateModified":"2024-03-27T10:08:05+00:00","mainEntityOfPage":{"@id":"https:\/\/www.copealcoy.es\/es\/los-centros-de-salud-de-alcoy-cerraran-por-las-tardes-durante-los-proximos-dias\/"},"wordCount":358,"commentCount":0,"image":{"@id":"https:\/\/www.copealcoy.es\/es\/los-centros-de-salud-de-alcoy-cerraran-por-las-tardes-durante-los-proximos-dias\/#primaryimage"},"thumbnailUrl":"https:\/\/www.copealcoy.es\/wp-content\/uploads\/2023\/06\/consultori-zona-alta_lg.jpg","keywords":["Alcoy","Carles Sansalvador","Centros de Salud","cierre","Semana Santa","tardes"],"articleSection":["Actualidad","Alcoy","Noticias"],"inLanguage":"es"},{"@type":"WebPage","@id":"https:\/\/www.copealcoy.es\/es\/los-centros-de-salud-de-alcoy-cerraran-por-las-tardes-durante-los-proximos-dias\/","url":"https:\/\/www.copealcoy.es\/es\/los-centros-de-salud-de-alcoy-cerraran-por-las-tardes-durante-los-proximos-dias\/","name":"Los Centros de Salud de Alcoy cerrar\u00e1n por las tardes durante los pr\u00f3ximos d\u00edas - COPE Alcoy","isPartOf":{"@id":"https:\/\/www.copealcoy.es\/es\/#website"},"primaryImageOfPage":{"@id":"https:\/\/www.copealcoy.es\/es\/los-centros-de-salud-de-alcoy-cerraran-por-las-tardes-durante-los-proximos-dias\/#primaryimage"},"image":{"@id":"https:\/\/www.copealcoy.es\/es\/los-centros-de-salud-de-alcoy-cerraran-por-las-tardes-durante-los-proximos-dias\/#primaryimage"},"thumbnailUrl":"https:\/\/www.copealcoy.es\/wp-content\/uploads\/2023\/06\/consultori-zona-alta_lg.jpg","datePublished":"2024-03-26T10:28:46+00:00","dateModified":"2024-03-27T10:08:05+00:00","author":{"@id":"https:\/\/www.copealcoy.es\/es\/#\/schema\/person\/e777c87fa024e57d40170af9df39882c"},"breadcrumb":{"@id":"https:\/\/www.copealcoy.es\/es\/los-centros-de-salud-de-alcoy-cerraran-por-las-tardes-durante-los-proximos-dias\/#breadcrumb"},"inLanguage":"es","potentialAction":[{"@type":"ReadAction","target":["https:\/\/www.copealcoy.es\/es\/los-centros-de-salud-de-alcoy-cerraran-por-las-tardes-durante-los-proximos-dias\/"]}]},{"@type":"ImageObject","inLanguage":"es","@id":"https:\/\/www.copealcoy.es\/es\/los-centros-de-salud-de-alcoy-cerraran-por-las-tardes-durante-los-proximos-dias\/#primaryimage","url":"https:\/\/www.copealcoy.es\/wp-content\/uploads\/2023\/06\/consultori-zona-alta_lg.jpg","contentUrl":"https:\/\/www.copealcoy.es\/wp-content\/uploads\/2023\/06\/consultori-zona-alta_lg.jpg","width":690,"height":460},{"@type":"BreadcrumbList","@id":"https:\/\/www.copealcoy.es\/es\/los-centros-de-salud-de-alcoy-cerraran-por-las-tardes-durante-los-proximos-dias\/#breadcrumb","itemListElement":[{"@type":"ListItem","position":1,"name":"Portada","item":"https:\/\/www.copealcoy.es\/es\/"},{"@type":"ListItem","position":2,"name":"Los Centros de Salud de Alcoy cerrar\u00e1n por las tardes durante los pr\u00f3ximos d\u00edas"}]},{"@type":"WebSite","@id":"https:\/\/www.copealcoy.es\/es\/#website","url":"https:\/\/www.copealcoy.es\/es\/","name":"COPE Alcoy","description":"Emisora COPE de radio local con emisi\u00f3n online. Pont de Sant Jordi 8-10 03803 Alcoy","potentialAction":[{"@type":"SearchAction","target":{"@type":"EntryPoint","urlTemplate":"https:\/\/www.copealcoy.es\/es\/?s={search_term_string}"},"query-input":{"@type":"PropertyValueSpecification","valueRequired":true,"valueName":"search_term_string"}}],"inLanguage":"es"},{"@type":"Person","@id":"https:\/\/www.copealcoy.es\/es\/#\/schema\/person\/e777c87fa024e57d40170af9df39882c","name":"Cope Alcoy","image":{"@type":"ImageObject","inLanguage":"es","@id":"https:\/\/secure.gravatar.com\/avatar\/bb65d0283347e303893ba14f0692005417c1e0e690a325a4c5d8bb2b3943ee14?s=96&d=mm&r=g","url":"https:\/\/secure.gravatar.com\/avatar\/bb65d0283347e303893ba14f0692005417c1e0e690a325a4c5d8bb2b3943ee14?s=96&d=mm&r=g","contentUrl":"https:\/\/secure.gravatar.com\/avatar\/bb65d0283347e303893ba14f0692005417c1e0e690a325a4c5d8bb2b3943ee14?s=96&d=mm&r=g","caption":"Cope Alcoy"}}]}},"_links":{"self":[{"href":"https:\/\/www.copealcoy.es\/es\/wp-json\/wp\/v2\/posts\/130967","targetHints":{"allow":["GET"]}}],"collection":[{"href":"https:\/\/www.copealcoy.es\/es\/wp-json\/wp\/v2\/posts"}],"about":[{"href":"https:\/\/www.copealcoy.es\/es\/wp-json\/wp\/v2\/types\/post"}],"author":[{"embeddable":true,"href":"https:\/\/www.copealcoy.es\/es\/wp-json\/wp\/v2\/users\/1"}],"replies":[{"embeddable":true,"href":"https:\/\/www.copealcoy.es\/es\/wp-json\/wp\/v2\/comments?post=130967"}],"version-history":[{"count":0,"href":"https:\/\/www.copealcoy.es\/es\/wp-json\/wp\/v2\/posts\/130967\/revisions"}],"wp:featuredmedia":[{"embeddable":true,"href":"https:\/\/www.copealcoy.es\/es\/wp-json\/wp\/v2\/media\/118475"}],"wp:attachment":[{"href":"https:\/\/www.copealcoy.es\/es\/wp-json\/wp\/v2\/media?parent=130967"}],"wp:term":[{"taxonomy":"category","embeddable":true,"href":"https:\/\/www.copealcoy.es\/es\/wp-json\/wp\/v2\/categories?post=130967"},{"taxonomy":"post_tag","embeddable":true,"href":"https:\/\/www.copealcoy.es\/es\/wp-json\/wp\/v2\/tags?post=130967"}],"curies":[{"name":"wp","href":"https:\/\/api.w.org\/{rel}","templated":true}]}}