{"id":130953,"date":"2024-03-26T10:00:44","date_gmt":"2024-03-26T09:00:44","guid":{"rendered":"https:\/\/www.copealcoy.es\/?p=130953"},"modified":"2024-03-26T13:46:52","modified_gmt":"2024-03-26T12:46:52","slug":"la-despedida-entre-el-nazareno-y-la-dolorosa-vuelve-a-emocionar-a-alcoy","status":"publish","type":"post","link":"https:\/\/www.copealcoy.es\/es\/la-despedida-entre-el-nazareno-y-la-dolorosa-vuelve-a-emocionar-a-alcoy\/","title":{"rendered":"La Despedida entre el Nazareno y la Dolorosa vuelve a emocionar a Alcoy"},"content":{"rendered":"<p style=\"text-align: justify;\">El\u00a0<strong>Domingo de Ramos<\/strong> volvi\u00f3 a culminar en Alcoy con <strong>la tradicional procesi\u00f3n de la Despedida entre el Nazareno y La Dolorosa<\/strong>. Ambas im\u00e1genes, que despiertan mucha devoci\u00f3n en la ciudad, <strong>protagonizaron <\/strong><strong>un sentido Encuentro en el Cant\u00f3 Piny\u00f3<\/strong> que sirvi\u00f3 para <strong>dar paso a los d\u00edas de fervor y recogimiento<\/strong>\u00a0propios de la <a href=\"https:\/\/www.alcoyturismo.com\/pag\/4043\/semana-santa.html?lang=1\"><span style=\"color: #0000ff;\"><strong>Semana Santa<\/strong><\/span><\/a>.<\/p>\n<p style=\"text-align: justify;\">Precisamente, <strong>el hecho de que la Semana Santa caiga este a\u00f1o pronta en el calendario y a finales del mes de marzo<\/strong> propici\u00f3 que <strong>el Nazareno<\/strong> saliera casi de noche de su nueva capilla ubicada en la calle Sant Blai. Posteriormente, se dirigi\u00f3 hasta la Plaza de Espa\u00f1a <strong>acompa\u00f1ado por el Gremio de Labradores<\/strong>\u00a0y la m\u00fasica tradicional. A su vez hizo lo propio<strong>\u00a0la Virgen de los Dolores<\/strong>, desde la parroquia de San Mauro y San Francisco,\u00a0<strong>siendo portada en esta ocasi\u00f3n por mujeres<\/strong> y un buen n\u00famero de fieles que quisieron arropar a la Mare de D\u00e9u en este acto tan significativo del Domingo de Ramos alcoyano.<\/p>\n<p style=\"text-align: justify;\">Uno de los momentos m\u00e1s \u00e1lgidos<strong>\u00a0se produjo en el citado Cant\u00f3 Piny\u00f3 con el emotivo Encuentro entre las dos im\u00e1genes<\/strong>. En esos instantes<strong> la Colla de Campaners d&#8217;Alcoi<\/strong> hizo voltear las tres campanas mayores de la igles\u00eda de Santa Mar\u00eda, interpretando unos toques de car\u00e1cter penitencial, mientras que<strong> la Coral Polif\u00f3nica Alcoyana<\/strong> interpret\u00f3 diferentes cantos que contribuyeron a crear una atm\u00f3sfera especial a la Despedida entre Nuestro Padre Jes\u00fas Nazareno y la Dolorosa.<\/p>\n<p style=\"text-align: justify;\">A continuaci\u00f3n,<strong> las dos tallas reemprendieron juntos el camino<\/strong> y la segunda fue depositada en la iglesia de Santa Mar\u00eda mientras que la primera continu\u00f3 la procesi\u00f3n hasta unos metros m\u00e1s abajo para ser depositada en su capilla. Cerr\u00f3 la procesi\u00f3n una representaci\u00f3n del Ayuntamiento de Alcoy junto al titular de las parroquias del Centro de nuestra ciudad, <strong>Don Jes\u00fas Fuentes<\/strong>.<\/p>\n<div id='gallery-1' class='gallery galleryid-130953 gallery-columns-2 gallery-size-full'><figure class='gallery-item'>\n\t\t\t<div class='gallery-icon landscape'>\n\t\t\t\t<a href='https:\/\/www.copealcoy.es\/es\/la-despedida-entre-el-nazareno-y-la-dolorosa-vuelve-a-emocionar-a-alcoy\/5714ff64-ee7f-4931-943f-f7942240d662\/'><img loading=\"lazy\" decoding=\"async\" width=\"1920\" height=\"886\" src=\"https:\/\/www.copealcoy.es\/wp-content\/uploads\/2024\/03\/5714ff64-ee7f-4931-943f-f7942240d662-scaled.jpg\" class=\"attachment-full size-full\" alt=\"\" srcset=\"https:\/\/www.copealcoy.es\/wp-content\/uploads\/2024\/03\/5714ff64-ee7f-4931-943f-f7942240d662-scaled.jpg 1920w, https:\/\/www.copealcoy.es\/wp-content\/uploads\/2024\/03\/5714ff64-ee7f-4931-943f-f7942240d662-768x354.jpg 768w, https:\/\/www.copealcoy.es\/wp-content\/uploads\/2024\/03\/5714ff64-ee7f-4931-943f-f7942240d662-1536x709.jpg 1536w\" sizes=\"auto, (max-width: 1920px) 100vw, 1920px\" \/><\/a>\n\t\t\t<\/div><\/figure><figure class='gallery-item'>\n\t\t\t<div class='gallery-icon landscape'>\n\t\t\t\t<a href='https:\/\/www.copealcoy.es\/es\/la-despedida-entre-el-nazareno-y-la-dolorosa-vuelve-a-emocionar-a-alcoy\/unnamed-1-332\/'><img loading=\"lazy\" decoding=\"async\" width=\"1600\" height=\"738\" src=\"https:\/\/www.copealcoy.es\/wp-content\/uploads\/2024\/03\/unnamed-1-27.jpg\" class=\"attachment-full size-full\" alt=\"\" srcset=\"https:\/\/www.copealcoy.es\/wp-content\/uploads\/2024\/03\/unnamed-1-27.jpg 1600w, https:\/\/www.copealcoy.es\/wp-content\/uploads\/2024\/03\/unnamed-1-27-768x354.jpg 768w, https:\/\/www.copealcoy.es\/wp-content\/uploads\/2024\/03\/unnamed-1-27-1536x708.jpg 1536w\" sizes=\"auto, (max-width: 1600px) 100vw, 1600px\" \/><\/a>\n\t\t\t<\/div><\/figure><figure class='gallery-item'>\n\t\t\t<div class='gallery-icon landscape'>\n\t\t\t\t<a href='https:\/\/www.copealcoy.es\/es\/la-despedida-entre-el-nazareno-y-la-dolorosa-vuelve-a-emocionar-a-alcoy\/ab714aba-4577-479e-a4dd-ddf786c09831-1\/'><img loading=\"lazy\" decoding=\"async\" width=\"1600\" height=\"738\" src=\"https:\/\/www.copealcoy.es\/wp-content\/uploads\/2024\/03\/ab714aba-4577-479e-a4dd-ddf786c09831-1.jpg\" class=\"attachment-full size-full\" alt=\"\" srcset=\"https:\/\/www.copealcoy.es\/wp-content\/uploads\/2024\/03\/ab714aba-4577-479e-a4dd-ddf786c09831-1.jpg 1600w, https:\/\/www.copealcoy.es\/wp-content\/uploads\/2024\/03\/ab714aba-4577-479e-a4dd-ddf786c09831-1-768x354.jpg 768w, https:\/\/www.copealcoy.es\/wp-content\/uploads\/2024\/03\/ab714aba-4577-479e-a4dd-ddf786c09831-1-1536x708.jpg 1536w\" sizes=\"auto, (max-width: 1600px) 100vw, 1600px\" \/><\/a>\n\t\t\t<\/div><\/figure><figure class='gallery-item'>\n\t\t\t<div class='gallery-icon landscape'>\n\t\t\t\t<a href='https:\/\/www.copealcoy.es\/es\/la-despedida-entre-el-nazareno-y-la-dolorosa-vuelve-a-emocionar-a-alcoy\/1ccba922-29d1-4151-8664-61d731d739f5\/'><img loading=\"lazy\" decoding=\"async\" width=\"1920\" height=\"886\" src=\"https:\/\/www.copealcoy.es\/wp-content\/uploads\/2024\/03\/1ccba922-29d1-4151-8664-61d731d739f5-scaled.jpg\" class=\"attachment-full size-full\" alt=\"\" srcset=\"https:\/\/www.copealcoy.es\/wp-content\/uploads\/2024\/03\/1ccba922-29d1-4151-8664-61d731d739f5-scaled.jpg 1920w, https:\/\/www.copealcoy.es\/wp-content\/uploads\/2024\/03\/1ccba922-29d1-4151-8664-61d731d739f5-768x354.jpg 768w, https:\/\/www.copealcoy.es\/wp-content\/uploads\/2024\/03\/1ccba922-29d1-4151-8664-61d731d739f5-1536x709.jpg 1536w\" sizes=\"auto, (max-width: 1920px) 100vw, 1920px\" \/><\/a>\n\t\t\t<\/div><\/figure>\n\t\t<\/div>\n\n","protected":false},"excerpt":{"rendered":"<p>El\u00a0Domingo de Ramos volvi\u00f3 a culminar en Alcoy con la tradicional procesi\u00f3n de la Despedida entre el Nazareno y La&#8230;<\/p>\n","protected":false},"author":1,"featured_media":130954,"comment_status":"open","ping_status":"open","sticky":false,"template":"","format":"standard","meta":{"footnotes":""},"categories":[6909,97,78,75],"tags":[1494,2027,2029,1006,2028,917],"class_list":["post-130953","post","type-post","status-publish","format-standard","has-post-thumbnail","hentry","category-actualidad","category-alcoy","category-fiestaycultura","category-noticias","tag-alcoy","tag-despedida","tag-dolorosa","tag-encuentro","tag-nazareno","tag-procesion"],"yoast_head":"<!-- This site is optimized with the Yoast SEO plugin v27.3 - https:\/\/yoast.com\/product\/yoast-seo-wordpress\/ -->\n<title>La Despedida entre el Nazareno y la Dolorosa vuelve a emocionar a Alcoy - COPE Alcoy<\/title>\n<meta name=\"description\" content=\"El\u00a0Domingo de Ramos volvi\u00f3 a culminar en Alcoy con la tradicional procesi\u00f3n de la Despedida entre el Nazareno y La Dolorosa\" \/>\n<meta name=\"robots\" content=\"index, follow, max-snippet:-1, max-image-preview:large, max-video-preview:-1\" \/>\n<link rel=\"canonical\" href=\"https:\/\/www.copealcoy.es\/es\/la-despedida-entre-el-nazareno-y-la-dolorosa-vuelve-a-emocionar-a-alcoy\/\" \/>\n<meta property=\"og:locale\" content=\"es_ES\" \/>\n<meta property=\"og:type\" content=\"article\" \/>\n<meta property=\"og:title\" content=\"La Despedida entre el Nazareno y la Dolorosa vuelve a emocionar a Alcoy - COPE Alcoy\" \/>\n<meta property=\"og:description\" content=\"El\u00a0Domingo de Ramos volvi\u00f3 a culminar en Alcoy con la tradicional procesi\u00f3n de la Despedida entre el Nazareno y La Dolorosa\" \/>\n<meta property=\"og:url\" content=\"https:\/\/www.copealcoy.es\/es\/la-despedida-entre-el-nazareno-y-la-dolorosa-vuelve-a-emocionar-a-alcoy\/\" \/>\n<meta property=\"og:site_name\" content=\"COPE Alcoy\" \/>\n<meta property=\"article:published_time\" content=\"2024-03-26T09:00:44+00:00\" \/>\n<meta property=\"article:modified_time\" content=\"2024-03-26T12:46:52+00:00\" \/>\n<meta property=\"og:image\" content=\"https:\/\/www.copealcoy.es\/wp-content\/uploads\/2024\/03\/1ccba922-29d1-4151-8664-61d731d739f5-scaled.jpg\" \/>\n\t<meta property=\"og:image:width\" content=\"1920\" \/>\n\t<meta property=\"og:image:height\" content=\"886\" \/>\n\t<meta property=\"og:image:type\" content=\"image\/jpeg\" \/>\n<meta name=\"author\" content=\"Cope Alcoy\" \/>\n<meta name=\"twitter:label1\" content=\"Escrito por\" \/>\n\t<meta name=\"twitter:data1\" content=\"Cope Alcoy\" \/>\n\t<meta name=\"twitter:label2\" content=\"Tiempo de lectura\" \/>\n\t<meta name=\"twitter:data2\" content=\"2 minutos\" \/>\n<script type=\"application\/ld+json\" class=\"yoast-schema-graph\">{\"@context\":\"https:\\\/\\\/schema.org\",\"@graph\":[{\"@type\":\"Article\",\"@id\":\"https:\\\/\\\/www.copealcoy.es\\\/es\\\/la-despedida-entre-el-nazareno-y-la-dolorosa-vuelve-a-emocionar-a-alcoy\\\/#article\",\"isPartOf\":{\"@id\":\"https:\\\/\\\/www.copealcoy.es\\\/es\\\/la-despedida-entre-el-nazareno-y-la-dolorosa-vuelve-a-emocionar-a-alcoy\\\/\"},\"author\":{\"name\":\"Cope Alcoy\",\"@id\":\"https:\\\/\\\/www.copealcoy.es\\\/es\\\/#\\\/schema\\\/person\\\/e777c87fa024e57d40170af9df39882c\"},\"headline\":\"La Despedida entre el Nazareno y la Dolorosa vuelve a emocionar a Alcoy\",\"datePublished\":\"2024-03-26T09:00:44+00:00\",\"dateModified\":\"2024-03-26T12:46:52+00:00\",\"mainEntityOfPage\":{\"@id\":\"https:\\\/\\\/www.copealcoy.es\\\/es\\\/la-despedida-entre-el-nazareno-y-la-dolorosa-vuelve-a-emocionar-a-alcoy\\\/\"},\"wordCount\":345,\"commentCount\":0,\"image\":{\"@id\":\"https:\\\/\\\/www.copealcoy.es\\\/es\\\/la-despedida-entre-el-nazareno-y-la-dolorosa-vuelve-a-emocionar-a-alcoy\\\/#primaryimage\"},\"thumbnailUrl\":\"https:\\\/\\\/www.copealcoy.es\\\/wp-content\\\/uploads\\\/2024\\\/03\\\/1ccba922-29d1-4151-8664-61d731d739f5-scaled.jpg\",\"keywords\":[\"Alcoy\",\"Despedida\",\"Dolorosa\",\"Encuentro\",\"Nazareno\",\"Procesi\u00f3n\"],\"articleSection\":[\"Actualidad\",\"Alcoy\",\"Fiesta y Cultura\",\"Noticias\"],\"inLanguage\":\"es\"},{\"@type\":\"WebPage\",\"@id\":\"https:\\\/\\\/www.copealcoy.es\\\/es\\\/la-despedida-entre-el-nazareno-y-la-dolorosa-vuelve-a-emocionar-a-alcoy\\\/\",\"url\":\"https:\\\/\\\/www.copealcoy.es\\\/es\\\/la-despedida-entre-el-nazareno-y-la-dolorosa-vuelve-a-emocionar-a-alcoy\\\/\",\"name\":\"La Despedida entre el Nazareno y la Dolorosa vuelve a emocionar a Alcoy - COPE Alcoy\",\"isPartOf\":{\"@id\":\"https:\\\/\\\/www.copealcoy.es\\\/es\\\/#website\"},\"primaryImageOfPage\":{\"@id\":\"https:\\\/\\\/www.copealcoy.es\\\/es\\\/la-despedida-entre-el-nazareno-y-la-dolorosa-vuelve-a-emocionar-a-alcoy\\\/#primaryimage\"},\"image\":{\"@id\":\"https:\\\/\\\/www.copealcoy.es\\\/es\\\/la-despedida-entre-el-nazareno-y-la-dolorosa-vuelve-a-emocionar-a-alcoy\\\/#primaryimage\"},\"thumbnailUrl\":\"https:\\\/\\\/www.copealcoy.es\\\/wp-content\\\/uploads\\\/2024\\\/03\\\/1ccba922-29d1-4151-8664-61d731d739f5-scaled.jpg\",\"datePublished\":\"2024-03-26T09:00:44+00:00\",\"dateModified\":\"2024-03-26T12:46:52+00:00\",\"author\":{\"@id\":\"https:\\\/\\\/www.copealcoy.es\\\/es\\\/#\\\/schema\\\/person\\\/e777c87fa024e57d40170af9df39882c\"},\"description\":\"El\u00a0Domingo de Ramos volvi\u00f3 a culminar en Alcoy con la tradicional procesi\u00f3n de la Despedida entre el Nazareno y La Dolorosa\",\"breadcrumb\":{\"@id\":\"https:\\\/\\\/www.copealcoy.es\\\/es\\\/la-despedida-entre-el-nazareno-y-la-dolorosa-vuelve-a-emocionar-a-alcoy\\\/#breadcrumb\"},\"inLanguage\":\"es\",\"potentialAction\":[{\"@type\":\"ReadAction\",\"target\":[\"https:\\\/\\\/www.copealcoy.es\\\/es\\\/la-despedida-entre-el-nazareno-y-la-dolorosa-vuelve-a-emocionar-a-alcoy\\\/\"]}]},{\"@type\":\"ImageObject\",\"inLanguage\":\"es\",\"@id\":\"https:\\\/\\\/www.copealcoy.es\\\/es\\\/la-despedida-entre-el-nazareno-y-la-dolorosa-vuelve-a-emocionar-a-alcoy\\\/#primaryimage\",\"url\":\"https:\\\/\\\/www.copealcoy.es\\\/wp-content\\\/uploads\\\/2024\\\/03\\\/1ccba922-29d1-4151-8664-61d731d739f5-scaled.jpg\",\"contentUrl\":\"https:\\\/\\\/www.copealcoy.es\\\/wp-content\\\/uploads\\\/2024\\\/03\\\/1ccba922-29d1-4151-8664-61d731d739f5-scaled.jpg\",\"width\":1920,\"height\":886},{\"@type\":\"BreadcrumbList\",\"@id\":\"https:\\\/\\\/www.copealcoy.es\\\/es\\\/la-despedida-entre-el-nazareno-y-la-dolorosa-vuelve-a-emocionar-a-alcoy\\\/#breadcrumb\",\"itemListElement\":[{\"@type\":\"ListItem\",\"position\":1,\"name\":\"Portada\",\"item\":\"https:\\\/\\\/www.copealcoy.es\\\/es\\\/\"},{\"@type\":\"ListItem\",\"position\":2,\"name\":\"La Despedida entre el Nazareno y la Dolorosa vuelve a emocionar a Alcoy\"}]},{\"@type\":\"WebSite\",\"@id\":\"https:\\\/\\\/www.copealcoy.es\\\/es\\\/#website\",\"url\":\"https:\\\/\\\/www.copealcoy.es\\\/es\\\/\",\"name\":\"COPE Alcoy\",\"description\":\"Emisora COPE de radio local con emisi\u00f3n online. Pont de Sant Jordi 8-10 03803 Alcoy\",\"potentialAction\":[{\"@type\":\"SearchAction\",\"target\":{\"@type\":\"EntryPoint\",\"urlTemplate\":\"https:\\\/\\\/www.copealcoy.es\\\/es\\\/?s={search_term_string}\"},\"query-input\":{\"@type\":\"PropertyValueSpecification\",\"valueRequired\":true,\"valueName\":\"search_term_string\"}}],\"inLanguage\":\"es\"},{\"@type\":\"Person\",\"@id\":\"https:\\\/\\\/www.copealcoy.es\\\/es\\\/#\\\/schema\\\/person\\\/e777c87fa024e57d40170af9df39882c\",\"name\":\"Cope Alcoy\",\"image\":{\"@type\":\"ImageObject\",\"inLanguage\":\"es\",\"@id\":\"https:\\\/\\\/secure.gravatar.com\\\/avatar\\\/bb65d0283347e303893ba14f0692005417c1e0e690a325a4c5d8bb2b3943ee14?s=96&d=mm&r=g\",\"url\":\"https:\\\/\\\/secure.gravatar.com\\\/avatar\\\/bb65d0283347e303893ba14f0692005417c1e0e690a325a4c5d8bb2b3943ee14?s=96&d=mm&r=g\",\"contentUrl\":\"https:\\\/\\\/secure.gravatar.com\\\/avatar\\\/bb65d0283347e303893ba14f0692005417c1e0e690a325a4c5d8bb2b3943ee14?s=96&d=mm&r=g\",\"caption\":\"Cope Alcoy\"}}]}<\/script>\n<!-- \/ Yoast SEO plugin. -->","yoast_head_json":{"title":"La Despedida entre el Nazareno y la Dolorosa vuelve a emocionar a Alcoy - COPE Alcoy","description":"El\u00a0Domingo de Ramos volvi\u00f3 a culminar en Alcoy con la tradicional procesi\u00f3n de la Despedida entre el Nazareno y La Dolorosa","robots":{"index":"index","follow":"follow","max-snippet":"max-snippet:-1","max-image-preview":"max-image-preview:large","max-video-preview":"max-video-preview:-1"},"canonical":"https:\/\/www.copealcoy.es\/es\/la-despedida-entre-el-nazareno-y-la-dolorosa-vuelve-a-emocionar-a-alcoy\/","og_locale":"es_ES","og_type":"article","og_title":"La Despedida entre el Nazareno y la Dolorosa vuelve a emocionar a Alcoy - COPE Alcoy","og_description":"El\u00a0Domingo de Ramos volvi\u00f3 a culminar en Alcoy con la tradicional procesi\u00f3n de la Despedida entre el Nazareno y La Dolorosa","og_url":"https:\/\/www.copealcoy.es\/es\/la-despedida-entre-el-nazareno-y-la-dolorosa-vuelve-a-emocionar-a-alcoy\/","og_site_name":"COPE Alcoy","article_published_time":"2024-03-26T09:00:44+00:00","article_modified_time":"2024-03-26T12:46:52+00:00","og_image":[{"width":1920,"height":886,"url":"https:\/\/www.copealcoy.es\/wp-content\/uploads\/2024\/03\/1ccba922-29d1-4151-8664-61d731d739f5-scaled.jpg","type":"image\/jpeg"}],"author":"Cope Alcoy","twitter_misc":{"Escrito por":"Cope Alcoy","Tiempo de lectura":"2 minutos"},"schema":{"@context":"https:\/\/schema.org","@graph":[{"@type":"Article","@id":"https:\/\/www.copealcoy.es\/es\/la-despedida-entre-el-nazareno-y-la-dolorosa-vuelve-a-emocionar-a-alcoy\/#article","isPartOf":{"@id":"https:\/\/www.copealcoy.es\/es\/la-despedida-entre-el-nazareno-y-la-dolorosa-vuelve-a-emocionar-a-alcoy\/"},"author":{"name":"Cope Alcoy","@id":"https:\/\/www.copealcoy.es\/es\/#\/schema\/person\/e777c87fa024e57d40170af9df39882c"},"headline":"La Despedida entre el Nazareno y la Dolorosa vuelve a emocionar a Alcoy","datePublished":"2024-03-26T09:00:44+00:00","dateModified":"2024-03-26T12:46:52+00:00","mainEntityOfPage":{"@id":"https:\/\/www.copealcoy.es\/es\/la-despedida-entre-el-nazareno-y-la-dolorosa-vuelve-a-emocionar-a-alcoy\/"},"wordCount":345,"commentCount":0,"image":{"@id":"https:\/\/www.copealcoy.es\/es\/la-despedida-entre-el-nazareno-y-la-dolorosa-vuelve-a-emocionar-a-alcoy\/#primaryimage"},"thumbnailUrl":"https:\/\/www.copealcoy.es\/wp-content\/uploads\/2024\/03\/1ccba922-29d1-4151-8664-61d731d739f5-scaled.jpg","keywords":["Alcoy","Despedida","Dolorosa","Encuentro","Nazareno","Procesi\u00f3n"],"articleSection":["Actualidad","Alcoy","Fiesta y Cultura","Noticias"],"inLanguage":"es"},{"@type":"WebPage","@id":"https:\/\/www.copealcoy.es\/es\/la-despedida-entre-el-nazareno-y-la-dolorosa-vuelve-a-emocionar-a-alcoy\/","url":"https:\/\/www.copealcoy.es\/es\/la-despedida-entre-el-nazareno-y-la-dolorosa-vuelve-a-emocionar-a-alcoy\/","name":"La Despedida entre el Nazareno y la Dolorosa vuelve a emocionar a Alcoy - COPE Alcoy","isPartOf":{"@id":"https:\/\/www.copealcoy.es\/es\/#website"},"primaryImageOfPage":{"@id":"https:\/\/www.copealcoy.es\/es\/la-despedida-entre-el-nazareno-y-la-dolorosa-vuelve-a-emocionar-a-alcoy\/#primaryimage"},"image":{"@id":"https:\/\/www.copealcoy.es\/es\/la-despedida-entre-el-nazareno-y-la-dolorosa-vuelve-a-emocionar-a-alcoy\/#primaryimage"},"thumbnailUrl":"https:\/\/www.copealcoy.es\/wp-content\/uploads\/2024\/03\/1ccba922-29d1-4151-8664-61d731d739f5-scaled.jpg","datePublished":"2024-03-26T09:00:44+00:00","dateModified":"2024-03-26T12:46:52+00:00","author":{"@id":"https:\/\/www.copealcoy.es\/es\/#\/schema\/person\/e777c87fa024e57d40170af9df39882c"},"description":"El\u00a0Domingo de Ramos volvi\u00f3 a culminar en Alcoy con la tradicional procesi\u00f3n de la Despedida entre el Nazareno y La Dolorosa","breadcrumb":{"@id":"https:\/\/www.copealcoy.es\/es\/la-despedida-entre-el-nazareno-y-la-dolorosa-vuelve-a-emocionar-a-alcoy\/#breadcrumb"},"inLanguage":"es","potentialAction":[{"@type":"ReadAction","target":["https:\/\/www.copealcoy.es\/es\/la-despedida-entre-el-nazareno-y-la-dolorosa-vuelve-a-emocionar-a-alcoy\/"]}]},{"@type":"ImageObject","inLanguage":"es","@id":"https:\/\/www.copealcoy.es\/es\/la-despedida-entre-el-nazareno-y-la-dolorosa-vuelve-a-emocionar-a-alcoy\/#primaryimage","url":"https:\/\/www.copealcoy.es\/wp-content\/uploads\/2024\/03\/1ccba922-29d1-4151-8664-61d731d739f5-scaled.jpg","contentUrl":"https:\/\/www.copealcoy.es\/wp-content\/uploads\/2024\/03\/1ccba922-29d1-4151-8664-61d731d739f5-scaled.jpg","width":1920,"height":886},{"@type":"BreadcrumbList","@id":"https:\/\/www.copealcoy.es\/es\/la-despedida-entre-el-nazareno-y-la-dolorosa-vuelve-a-emocionar-a-alcoy\/#breadcrumb","itemListElement":[{"@type":"ListItem","position":1,"name":"Portada","item":"https:\/\/www.copealcoy.es\/es\/"},{"@type":"ListItem","position":2,"name":"La Despedida entre el Nazareno y la Dolorosa vuelve a emocionar a Alcoy"}]},{"@type":"WebSite","@id":"https:\/\/www.copealcoy.es\/es\/#website","url":"https:\/\/www.copealcoy.es\/es\/","name":"COPE Alcoy","description":"Emisora COPE de radio local con emisi\u00f3n online. Pont de Sant Jordi 8-10 03803 Alcoy","potentialAction":[{"@type":"SearchAction","target":{"@type":"EntryPoint","urlTemplate":"https:\/\/www.copealcoy.es\/es\/?s={search_term_string}"},"query-input":{"@type":"PropertyValueSpecification","valueRequired":true,"valueName":"search_term_string"}}],"inLanguage":"es"},{"@type":"Person","@id":"https:\/\/www.copealcoy.es\/es\/#\/schema\/person\/e777c87fa024e57d40170af9df39882c","name":"Cope Alcoy","image":{"@type":"ImageObject","inLanguage":"es","@id":"https:\/\/secure.gravatar.com\/avatar\/bb65d0283347e303893ba14f0692005417c1e0e690a325a4c5d8bb2b3943ee14?s=96&d=mm&r=g","url":"https:\/\/secure.gravatar.com\/avatar\/bb65d0283347e303893ba14f0692005417c1e0e690a325a4c5d8bb2b3943ee14?s=96&d=mm&r=g","contentUrl":"https:\/\/secure.gravatar.com\/avatar\/bb65d0283347e303893ba14f0692005417c1e0e690a325a4c5d8bb2b3943ee14?s=96&d=mm&r=g","caption":"Cope Alcoy"}}]}},"_links":{"self":[{"href":"https:\/\/www.copealcoy.es\/es\/wp-json\/wp\/v2\/posts\/130953","targetHints":{"allow":["GET"]}}],"collection":[{"href":"https:\/\/www.copealcoy.es\/es\/wp-json\/wp\/v2\/posts"}],"about":[{"href":"https:\/\/www.copealcoy.es\/es\/wp-json\/wp\/v2\/types\/post"}],"author":[{"embeddable":true,"href":"https:\/\/www.copealcoy.es\/es\/wp-json\/wp\/v2\/users\/1"}],"replies":[{"embeddable":true,"href":"https:\/\/www.copealcoy.es\/es\/wp-json\/wp\/v2\/comments?post=130953"}],"version-history":[{"count":0,"href":"https:\/\/www.copealcoy.es\/es\/wp-json\/wp\/v2\/posts\/130953\/revisions"}],"wp:featuredmedia":[{"embeddable":true,"href":"https:\/\/www.copealcoy.es\/es\/wp-json\/wp\/v2\/media\/130954"}],"wp:attachment":[{"href":"https:\/\/www.copealcoy.es\/es\/wp-json\/wp\/v2\/media?parent=130953"}],"wp:term":[{"taxonomy":"category","embeddable":true,"href":"https:\/\/www.copealcoy.es\/es\/wp-json\/wp\/v2\/categories?post=130953"},{"taxonomy":"post_tag","embeddable":true,"href":"https:\/\/www.copealcoy.es\/es\/wp-json\/wp\/v2\/tags?post=130953"}],"curies":[{"name":"wp","href":"https:\/\/api.w.org\/{rel}","templated":true}]}}