{"id":130938,"date":"2024-03-25T12:05:07","date_gmt":"2024-03-25T11:05:07","guid":{"rendered":"https:\/\/www.copealcoy.es\/?p=130938"},"modified":"2024-03-25T12:06:45","modified_gmt":"2024-03-25T11:06:45","slug":"la-ocupacion-en-los-hoteles-de-alcoy-para-semana-santa-a-expensas-de-las-reservas-de-ultima-hora","status":"publish","type":"post","link":"https:\/\/www.copealcoy.es\/es\/la-ocupacion-en-los-hoteles-de-alcoy-para-semana-santa-a-expensas-de-las-reservas-de-ultima-hora\/","title":{"rendered":"La ocupaci\u00f3n en los hoteles de Alcoy para Semana Santa a expensas de las reservas de \u00faltima hora"},"content":{"rendered":"<p style=\"text-align: justify;\">A d\u00eda de hoy <strong>es posible encontrar una habitaci\u00f3n libre para los principales d\u00edas de Semana Santa<\/strong> en los hoteles del casco urbano de Alcoy o en los hostales del Centro de la ciudad. Desde <a href=\"https:\/\/www.facebook.com\/turismoalicanteinterior\" target=\"_blank\" rel=\"noopener\"><span style=\"color: #0000ff;\"><strong>la Asociaci\u00f3n Alicante Interior<\/strong><\/span><\/a> barajan que los \u00edndices est\u00e1n en torno a un 60% en este inicio de semana y destacan que<strong> las reservas de \u00faltima hora<\/strong>, en v\u00edsperas ya del mismo Jueves Santo, <strong>pueden mejorar<\/strong> algo las cifras.<\/p>\n<p style=\"text-align: justify;\">Tambi\u00e9n los hoteles de la ciudad coinciden en que <strong>el hecho de que se escoja Alcoy como destino tur\u00edstico<\/strong>, a \u00faltima hora, <strong>puede animar las reservas de cara a los d\u00edas grandes de la Semana Santa y Pascua<\/strong>. El sector <strong>atribuye esta situaci\u00f3n a un hecho<\/strong> &#8220;<em>despu\u00e9s de la pandemia son muchos los que quieren salir fuera de Espa\u00f1a y aprovechan la Semana Santa para hacer viajes a pa\u00edses como Portugal o Italia que est\u00e1n considerados como un potente destino en estas fechas. Tambi\u00e9n el hecho de que hayamos tenido tan buen tiempo en las semanas pasadas ha animado tambi\u00e9n a los turistas a escoger sol y playa o una escapada a otros puntos del interior antes que venir aqu\u00ed<\/em>&#8220;, afirma <strong>Luc\u00eda Cap\u00f3<\/strong>; gerente de un conocido establecimiento hotelero de la capital de l&#8217;Alcoi\u00e0.<\/p>\n<p><strong><span style=\"color: #0000ff;\">Ni una habitaci\u00f3n libre para el D\u00eda de Las Entradas<\/span><\/strong><\/p>\n<p style=\"text-align: justify;\">Este hecho, al igual que sucedi\u00f3 el pasado a\u00f1o, contrasta con los datos que ya hay para las pr\u00f3ximas Fiestas de Moros y Cristianos. A menos de un mes vista para las Entradas, que ser\u00e1n el s\u00e1bado 20 de abril, <strong>los hoteles del casco urbano de Alcoy est\u00e1n al 100% de ocupaci\u00f3n<\/strong>\u00a0tanto para\u00a0<strong>esta jornada<\/strong>\u00a0como para\u00a0<strong>el viernes 19 de abril<\/strong>, fecha en la que oficialmente arrancar\u00e1n las Fiestas con la interpretaci\u00f3n del Himno en la Plaza de Espa\u00f1a. Para\u00a0<strong>el d\u00eda de San Jorge<\/strong>\u00a0la ocupaci\u00f3n est\u00e1 al 80% a d\u00eda de hoy y ya las cifras bajan considerablemente para\u00a0<strong>el lunes 22 de abril<\/strong>, jornada que tan solo ser\u00e1 festivo local en Alcoy. As\u00ed lo ha explicado tambi\u00e9n en COPE ALCOY <strong>Luc\u00eda Cap\u00f3<\/strong>, al frente de un conocido hotel de la ciudad del Serpis, y que detalla tambi\u00e9n\u00a0<strong>la procedencia de aquellos que ya han hecho las reservas<\/strong>\u00a0\u00ab<em>hay turistas que vienen a ver las Fiestas, pero la mayor\u00eda de las habitaciones las han reservado personas de Alcoy que residen fuera y que buscan el hotel para alojarse as\u00ed como para prepararse de cara a participar en los diferentes actos\u00bb,\u00a0<\/em>afirma<em>.\u00a0<\/em>Cap\u00f3 insiste tambi\u00e9n en que estos datos ya se rozaron el a\u00f1o pasado e incluso en Navidad<em>\u00a0\u00abdespu\u00e9s de la pandemia todo ha vuelto a la normalidad y podemos decir que, tanto 2022 como 2023, han ayudado a recuperar a un sector que tan da\u00f1ado se vio durante la crisis sanitaria del Coronavirus a al no celebrarse las Fiestas o momentos tan esperados como la Cabalgata de Reyes\u00bb<\/em>, concluye.<\/p>\n","protected":false},"excerpt":{"rendered":"<p>A d\u00eda de hoy es posible encontrar una habitaci\u00f3n libre para los principales d\u00edas de Semana Santa en los hoteles&#8230;<\/p>\n","protected":false},"author":1,"featured_media":130116,"comment_status":"open","ping_status":"open","sticky":false,"template":"","format":"standard","meta":{"footnotes":""},"categories":[6909,97,75,125],"tags":[1494,10703,4001,745],"class_list":["post-130938","post","type-post","status-publish","format-standard","has-post-thumbnail","hentry","category-actualidad","category-alcoy","category-noticias","category-portada","tag-alcoy","tag-hoteles","tag-ocupacion-turistica","tag-semana-santa"],"yoast_head":"<!-- This site is optimized with the Yoast SEO plugin v27.3 - https:\/\/yoast.com\/product\/yoast-seo-wordpress\/ -->\n<title>La ocupaci\u00f3n en los hoteles de Alcoy para Semana Santa a expensas de las reservas de \u00faltima hora - COPE Alcoy<\/title>\n<meta name=\"description\" content=\"A d\u00eda de hoy es posible encontrar una habitaci\u00f3n libre para los principales d\u00edas de Semana Santa en los hoteles del casco urbano de Alcoy\" \/>\n<meta name=\"robots\" content=\"index, follow, max-snippet:-1, max-image-preview:large, max-video-preview:-1\" \/>\n<link rel=\"canonical\" href=\"https:\/\/www.copealcoy.es\/es\/la-ocupacion-en-los-hoteles-de-alcoy-para-semana-santa-a-expensas-de-las-reservas-de-ultima-hora\/\" \/>\n<meta property=\"og:locale\" content=\"es_ES\" \/>\n<meta property=\"og:type\" content=\"article\" \/>\n<meta property=\"og:title\" content=\"La ocupaci\u00f3n en los hoteles de Alcoy para Semana Santa a expensas de las reservas de \u00faltima hora - COPE Alcoy\" \/>\n<meta property=\"og:description\" content=\"A d\u00eda de hoy es posible encontrar una habitaci\u00f3n libre para los principales d\u00edas de Semana Santa en los hoteles del casco urbano de Alcoy\" \/>\n<meta property=\"og:url\" content=\"https:\/\/www.copealcoy.es\/es\/la-ocupacion-en-los-hoteles-de-alcoy-para-semana-santa-a-expensas-de-las-reservas-de-ultima-hora\/\" \/>\n<meta property=\"og:site_name\" content=\"COPE Alcoy\" \/>\n<meta property=\"article:published_time\" content=\"2024-03-25T11:05:07+00:00\" \/>\n<meta property=\"article:modified_time\" content=\"2024-03-25T11:06:45+00:00\" \/>\n<meta property=\"og:image\" content=\"https:\/\/www.copealcoy.es\/wp-content\/uploads\/2024\/03\/Captura-de-Pantalla-2024-03-04-a-las-18.09.14-1.png\" \/>\n\t<meta property=\"og:image:width\" content=\"841\" \/>\n\t<meta property=\"og:image:height\" content=\"538\" \/>\n\t<meta property=\"og:image:type\" content=\"image\/png\" \/>\n<meta name=\"author\" content=\"Cope Alcoy\" \/>\n<meta name=\"twitter:label1\" content=\"Escrito por\" \/>\n\t<meta name=\"twitter:data1\" content=\"Cope Alcoy\" \/>\n\t<meta name=\"twitter:label2\" content=\"Tiempo de lectura\" \/>\n\t<meta name=\"twitter:data2\" content=\"3 minutos\" \/>\n<script type=\"application\/ld+json\" class=\"yoast-schema-graph\">{\"@context\":\"https:\\\/\\\/schema.org\",\"@graph\":[{\"@type\":\"Article\",\"@id\":\"https:\\\/\\\/www.copealcoy.es\\\/es\\\/la-ocupacion-en-los-hoteles-de-alcoy-para-semana-santa-a-expensas-de-las-reservas-de-ultima-hora\\\/#article\",\"isPartOf\":{\"@id\":\"https:\\\/\\\/www.copealcoy.es\\\/es\\\/la-ocupacion-en-los-hoteles-de-alcoy-para-semana-santa-a-expensas-de-las-reservas-de-ultima-hora\\\/\"},\"author\":{\"name\":\"Cope Alcoy\",\"@id\":\"https:\\\/\\\/www.copealcoy.es\\\/es\\\/#\\\/schema\\\/person\\\/e777c87fa024e57d40170af9df39882c\"},\"headline\":\"La ocupaci\u00f3n en los hoteles de Alcoy para Semana Santa a expensas de las reservas de \u00faltima hora\",\"datePublished\":\"2024-03-25T11:05:07+00:00\",\"dateModified\":\"2024-03-25T11:06:45+00:00\",\"mainEntityOfPage\":{\"@id\":\"https:\\\/\\\/www.copealcoy.es\\\/es\\\/la-ocupacion-en-los-hoteles-de-alcoy-para-semana-santa-a-expensas-de-las-reservas-de-ultima-hora\\\/\"},\"wordCount\":533,\"commentCount\":0,\"image\":{\"@id\":\"https:\\\/\\\/www.copealcoy.es\\\/es\\\/la-ocupacion-en-los-hoteles-de-alcoy-para-semana-santa-a-expensas-de-las-reservas-de-ultima-hora\\\/#primaryimage\"},\"thumbnailUrl\":\"https:\\\/\\\/www.copealcoy.es\\\/wp-content\\\/uploads\\\/2024\\\/03\\\/Captura-de-Pantalla-2024-03-04-a-las-18.09.14-1.png\",\"keywords\":[\"Alcoy\",\"hoteles\",\"ocupaci\u00f3n tur\u00edstica\",\"Semana Santa\"],\"articleSection\":[\"Actualidad\",\"Alcoy\",\"Noticias\",\"Portada\"],\"inLanguage\":\"es\"},{\"@type\":\"WebPage\",\"@id\":\"https:\\\/\\\/www.copealcoy.es\\\/es\\\/la-ocupacion-en-los-hoteles-de-alcoy-para-semana-santa-a-expensas-de-las-reservas-de-ultima-hora\\\/\",\"url\":\"https:\\\/\\\/www.copealcoy.es\\\/es\\\/la-ocupacion-en-los-hoteles-de-alcoy-para-semana-santa-a-expensas-de-las-reservas-de-ultima-hora\\\/\",\"name\":\"La ocupaci\u00f3n en los hoteles de Alcoy para Semana Santa a expensas de las reservas de \u00faltima hora - COPE Alcoy\",\"isPartOf\":{\"@id\":\"https:\\\/\\\/www.copealcoy.es\\\/es\\\/#website\"},\"primaryImageOfPage\":{\"@id\":\"https:\\\/\\\/www.copealcoy.es\\\/es\\\/la-ocupacion-en-los-hoteles-de-alcoy-para-semana-santa-a-expensas-de-las-reservas-de-ultima-hora\\\/#primaryimage\"},\"image\":{\"@id\":\"https:\\\/\\\/www.copealcoy.es\\\/es\\\/la-ocupacion-en-los-hoteles-de-alcoy-para-semana-santa-a-expensas-de-las-reservas-de-ultima-hora\\\/#primaryimage\"},\"thumbnailUrl\":\"https:\\\/\\\/www.copealcoy.es\\\/wp-content\\\/uploads\\\/2024\\\/03\\\/Captura-de-Pantalla-2024-03-04-a-las-18.09.14-1.png\",\"datePublished\":\"2024-03-25T11:05:07+00:00\",\"dateModified\":\"2024-03-25T11:06:45+00:00\",\"author\":{\"@id\":\"https:\\\/\\\/www.copealcoy.es\\\/es\\\/#\\\/schema\\\/person\\\/e777c87fa024e57d40170af9df39882c\"},\"description\":\"A d\u00eda de hoy es posible encontrar una habitaci\u00f3n libre para los principales d\u00edas de Semana Santa en los hoteles del casco urbano de Alcoy\",\"breadcrumb\":{\"@id\":\"https:\\\/\\\/www.copealcoy.es\\\/es\\\/la-ocupacion-en-los-hoteles-de-alcoy-para-semana-santa-a-expensas-de-las-reservas-de-ultima-hora\\\/#breadcrumb\"},\"inLanguage\":\"es\",\"potentialAction\":[{\"@type\":\"ReadAction\",\"target\":[\"https:\\\/\\\/www.copealcoy.es\\\/es\\\/la-ocupacion-en-los-hoteles-de-alcoy-para-semana-santa-a-expensas-de-las-reservas-de-ultima-hora\\\/\"]}]},{\"@type\":\"ImageObject\",\"inLanguage\":\"es\",\"@id\":\"https:\\\/\\\/www.copealcoy.es\\\/es\\\/la-ocupacion-en-los-hoteles-de-alcoy-para-semana-santa-a-expensas-de-las-reservas-de-ultima-hora\\\/#primaryimage\",\"url\":\"https:\\\/\\\/www.copealcoy.es\\\/wp-content\\\/uploads\\\/2024\\\/03\\\/Captura-de-Pantalla-2024-03-04-a-las-18.09.14-1.png\",\"contentUrl\":\"https:\\\/\\\/www.copealcoy.es\\\/wp-content\\\/uploads\\\/2024\\\/03\\\/Captura-de-Pantalla-2024-03-04-a-las-18.09.14-1.png\",\"width\":841,\"height\":538},{\"@type\":\"BreadcrumbList\",\"@id\":\"https:\\\/\\\/www.copealcoy.es\\\/es\\\/la-ocupacion-en-los-hoteles-de-alcoy-para-semana-santa-a-expensas-de-las-reservas-de-ultima-hora\\\/#breadcrumb\",\"itemListElement\":[{\"@type\":\"ListItem\",\"position\":1,\"name\":\"Portada\",\"item\":\"https:\\\/\\\/www.copealcoy.es\\\/es\\\/\"},{\"@type\":\"ListItem\",\"position\":2,\"name\":\"La ocupaci\u00f3n en los hoteles de Alcoy para Semana Santa a expensas de las reservas de \u00faltima hora\"}]},{\"@type\":\"WebSite\",\"@id\":\"https:\\\/\\\/www.copealcoy.es\\\/es\\\/#website\",\"url\":\"https:\\\/\\\/www.copealcoy.es\\\/es\\\/\",\"name\":\"COPE Alcoy\",\"description\":\"Emisora COPE de radio local con emisi\u00f3n online. Pont de Sant Jordi 8-10 03803 Alcoy\",\"potentialAction\":[{\"@type\":\"SearchAction\",\"target\":{\"@type\":\"EntryPoint\",\"urlTemplate\":\"https:\\\/\\\/www.copealcoy.es\\\/es\\\/?s={search_term_string}\"},\"query-input\":{\"@type\":\"PropertyValueSpecification\",\"valueRequired\":true,\"valueName\":\"search_term_string\"}}],\"inLanguage\":\"es\"},{\"@type\":\"Person\",\"@id\":\"https:\\\/\\\/www.copealcoy.es\\\/es\\\/#\\\/schema\\\/person\\\/e777c87fa024e57d40170af9df39882c\",\"name\":\"Cope Alcoy\",\"image\":{\"@type\":\"ImageObject\",\"inLanguage\":\"es\",\"@id\":\"https:\\\/\\\/secure.gravatar.com\\\/avatar\\\/bb65d0283347e303893ba14f0692005417c1e0e690a325a4c5d8bb2b3943ee14?s=96&d=mm&r=g\",\"url\":\"https:\\\/\\\/secure.gravatar.com\\\/avatar\\\/bb65d0283347e303893ba14f0692005417c1e0e690a325a4c5d8bb2b3943ee14?s=96&d=mm&r=g\",\"contentUrl\":\"https:\\\/\\\/secure.gravatar.com\\\/avatar\\\/bb65d0283347e303893ba14f0692005417c1e0e690a325a4c5d8bb2b3943ee14?s=96&d=mm&r=g\",\"caption\":\"Cope Alcoy\"}}]}<\/script>\n<!-- \/ Yoast SEO plugin. -->","yoast_head_json":{"title":"La ocupaci\u00f3n en los hoteles de Alcoy para Semana Santa a expensas de las reservas de \u00faltima hora - COPE Alcoy","description":"A d\u00eda de hoy es posible encontrar una habitaci\u00f3n libre para los principales d\u00edas de Semana Santa en los hoteles del casco urbano de Alcoy","robots":{"index":"index","follow":"follow","max-snippet":"max-snippet:-1","max-image-preview":"max-image-preview:large","max-video-preview":"max-video-preview:-1"},"canonical":"https:\/\/www.copealcoy.es\/es\/la-ocupacion-en-los-hoteles-de-alcoy-para-semana-santa-a-expensas-de-las-reservas-de-ultima-hora\/","og_locale":"es_ES","og_type":"article","og_title":"La ocupaci\u00f3n en los hoteles de Alcoy para Semana Santa a expensas de las reservas de \u00faltima hora - COPE Alcoy","og_description":"A d\u00eda de hoy es posible encontrar una habitaci\u00f3n libre para los principales d\u00edas de Semana Santa en los hoteles del casco urbano de Alcoy","og_url":"https:\/\/www.copealcoy.es\/es\/la-ocupacion-en-los-hoteles-de-alcoy-para-semana-santa-a-expensas-de-las-reservas-de-ultima-hora\/","og_site_name":"COPE Alcoy","article_published_time":"2024-03-25T11:05:07+00:00","article_modified_time":"2024-03-25T11:06:45+00:00","og_image":[{"width":841,"height":538,"url":"https:\/\/www.copealcoy.es\/wp-content\/uploads\/2024\/03\/Captura-de-Pantalla-2024-03-04-a-las-18.09.14-1.png","type":"image\/png"}],"author":"Cope Alcoy","twitter_misc":{"Escrito por":"Cope Alcoy","Tiempo de lectura":"3 minutos"},"schema":{"@context":"https:\/\/schema.org","@graph":[{"@type":"Article","@id":"https:\/\/www.copealcoy.es\/es\/la-ocupacion-en-los-hoteles-de-alcoy-para-semana-santa-a-expensas-de-las-reservas-de-ultima-hora\/#article","isPartOf":{"@id":"https:\/\/www.copealcoy.es\/es\/la-ocupacion-en-los-hoteles-de-alcoy-para-semana-santa-a-expensas-de-las-reservas-de-ultima-hora\/"},"author":{"name":"Cope Alcoy","@id":"https:\/\/www.copealcoy.es\/es\/#\/schema\/person\/e777c87fa024e57d40170af9df39882c"},"headline":"La ocupaci\u00f3n en los hoteles de Alcoy para Semana Santa a expensas de las reservas de \u00faltima hora","datePublished":"2024-03-25T11:05:07+00:00","dateModified":"2024-03-25T11:06:45+00:00","mainEntityOfPage":{"@id":"https:\/\/www.copealcoy.es\/es\/la-ocupacion-en-los-hoteles-de-alcoy-para-semana-santa-a-expensas-de-las-reservas-de-ultima-hora\/"},"wordCount":533,"commentCount":0,"image":{"@id":"https:\/\/www.copealcoy.es\/es\/la-ocupacion-en-los-hoteles-de-alcoy-para-semana-santa-a-expensas-de-las-reservas-de-ultima-hora\/#primaryimage"},"thumbnailUrl":"https:\/\/www.copealcoy.es\/wp-content\/uploads\/2024\/03\/Captura-de-Pantalla-2024-03-04-a-las-18.09.14-1.png","keywords":["Alcoy","hoteles","ocupaci\u00f3n tur\u00edstica","Semana Santa"],"articleSection":["Actualidad","Alcoy","Noticias","Portada"],"inLanguage":"es"},{"@type":"WebPage","@id":"https:\/\/www.copealcoy.es\/es\/la-ocupacion-en-los-hoteles-de-alcoy-para-semana-santa-a-expensas-de-las-reservas-de-ultima-hora\/","url":"https:\/\/www.copealcoy.es\/es\/la-ocupacion-en-los-hoteles-de-alcoy-para-semana-santa-a-expensas-de-las-reservas-de-ultima-hora\/","name":"La ocupaci\u00f3n en los hoteles de Alcoy para Semana Santa a expensas de las reservas de \u00faltima hora - COPE Alcoy","isPartOf":{"@id":"https:\/\/www.copealcoy.es\/es\/#website"},"primaryImageOfPage":{"@id":"https:\/\/www.copealcoy.es\/es\/la-ocupacion-en-los-hoteles-de-alcoy-para-semana-santa-a-expensas-de-las-reservas-de-ultima-hora\/#primaryimage"},"image":{"@id":"https:\/\/www.copealcoy.es\/es\/la-ocupacion-en-los-hoteles-de-alcoy-para-semana-santa-a-expensas-de-las-reservas-de-ultima-hora\/#primaryimage"},"thumbnailUrl":"https:\/\/www.copealcoy.es\/wp-content\/uploads\/2024\/03\/Captura-de-Pantalla-2024-03-04-a-las-18.09.14-1.png","datePublished":"2024-03-25T11:05:07+00:00","dateModified":"2024-03-25T11:06:45+00:00","author":{"@id":"https:\/\/www.copealcoy.es\/es\/#\/schema\/person\/e777c87fa024e57d40170af9df39882c"},"description":"A d\u00eda de hoy es posible encontrar una habitaci\u00f3n libre para los principales d\u00edas de Semana Santa en los hoteles del casco urbano de Alcoy","breadcrumb":{"@id":"https:\/\/www.copealcoy.es\/es\/la-ocupacion-en-los-hoteles-de-alcoy-para-semana-santa-a-expensas-de-las-reservas-de-ultima-hora\/#breadcrumb"},"inLanguage":"es","potentialAction":[{"@type":"ReadAction","target":["https:\/\/www.copealcoy.es\/es\/la-ocupacion-en-los-hoteles-de-alcoy-para-semana-santa-a-expensas-de-las-reservas-de-ultima-hora\/"]}]},{"@type":"ImageObject","inLanguage":"es","@id":"https:\/\/www.copealcoy.es\/es\/la-ocupacion-en-los-hoteles-de-alcoy-para-semana-santa-a-expensas-de-las-reservas-de-ultima-hora\/#primaryimage","url":"https:\/\/www.copealcoy.es\/wp-content\/uploads\/2024\/03\/Captura-de-Pantalla-2024-03-04-a-las-18.09.14-1.png","contentUrl":"https:\/\/www.copealcoy.es\/wp-content\/uploads\/2024\/03\/Captura-de-Pantalla-2024-03-04-a-las-18.09.14-1.png","width":841,"height":538},{"@type":"BreadcrumbList","@id":"https:\/\/www.copealcoy.es\/es\/la-ocupacion-en-los-hoteles-de-alcoy-para-semana-santa-a-expensas-de-las-reservas-de-ultima-hora\/#breadcrumb","itemListElement":[{"@type":"ListItem","position":1,"name":"Portada","item":"https:\/\/www.copealcoy.es\/es\/"},{"@type":"ListItem","position":2,"name":"La ocupaci\u00f3n en los hoteles de Alcoy para Semana Santa a expensas de las reservas de \u00faltima hora"}]},{"@type":"WebSite","@id":"https:\/\/www.copealcoy.es\/es\/#website","url":"https:\/\/www.copealcoy.es\/es\/","name":"COPE Alcoy","description":"Emisora COPE de radio local con emisi\u00f3n online. Pont de Sant Jordi 8-10 03803 Alcoy","potentialAction":[{"@type":"SearchAction","target":{"@type":"EntryPoint","urlTemplate":"https:\/\/www.copealcoy.es\/es\/?s={search_term_string}"},"query-input":{"@type":"PropertyValueSpecification","valueRequired":true,"valueName":"search_term_string"}}],"inLanguage":"es"},{"@type":"Person","@id":"https:\/\/www.copealcoy.es\/es\/#\/schema\/person\/e777c87fa024e57d40170af9df39882c","name":"Cope Alcoy","image":{"@type":"ImageObject","inLanguage":"es","@id":"https:\/\/secure.gravatar.com\/avatar\/bb65d0283347e303893ba14f0692005417c1e0e690a325a4c5d8bb2b3943ee14?s=96&d=mm&r=g","url":"https:\/\/secure.gravatar.com\/avatar\/bb65d0283347e303893ba14f0692005417c1e0e690a325a4c5d8bb2b3943ee14?s=96&d=mm&r=g","contentUrl":"https:\/\/secure.gravatar.com\/avatar\/bb65d0283347e303893ba14f0692005417c1e0e690a325a4c5d8bb2b3943ee14?s=96&d=mm&r=g","caption":"Cope Alcoy"}}]}},"_links":{"self":[{"href":"https:\/\/www.copealcoy.es\/es\/wp-json\/wp\/v2\/posts\/130938","targetHints":{"allow":["GET"]}}],"collection":[{"href":"https:\/\/www.copealcoy.es\/es\/wp-json\/wp\/v2\/posts"}],"about":[{"href":"https:\/\/www.copealcoy.es\/es\/wp-json\/wp\/v2\/types\/post"}],"author":[{"embeddable":true,"href":"https:\/\/www.copealcoy.es\/es\/wp-json\/wp\/v2\/users\/1"}],"replies":[{"embeddable":true,"href":"https:\/\/www.copealcoy.es\/es\/wp-json\/wp\/v2\/comments?post=130938"}],"version-history":[{"count":0,"href":"https:\/\/www.copealcoy.es\/es\/wp-json\/wp\/v2\/posts\/130938\/revisions"}],"wp:featuredmedia":[{"embeddable":true,"href":"https:\/\/www.copealcoy.es\/es\/wp-json\/wp\/v2\/media\/130116"}],"wp:attachment":[{"href":"https:\/\/www.copealcoy.es\/es\/wp-json\/wp\/v2\/media?parent=130938"}],"wp:term":[{"taxonomy":"category","embeddable":true,"href":"https:\/\/www.copealcoy.es\/es\/wp-json\/wp\/v2\/categories?post=130938"},{"taxonomy":"post_tag","embeddable":true,"href":"https:\/\/www.copealcoy.es\/es\/wp-json\/wp\/v2\/tags?post=130938"}],"curies":[{"name":"wp","href":"https:\/\/api.w.org\/{rel}","templated":true}]}}