{"id":130904,"date":"2024-03-25T07:30:49","date_gmt":"2024-03-25T06:30:49","guid":{"rendered":"https:\/\/www.copealcoy.es\/?p=130904"},"modified":"2024-03-25T11:04:51","modified_gmt":"2024-03-25T10:04:51","slug":"informativo-matinal-lunes-25-de-marzo-2024-0720h","status":"publish","type":"post","link":"https:\/\/www.copealcoy.es\/es\/informativo-matinal-lunes-25-de-marzo-2024-0720h\/","title":{"rendered":"Informativo matinal lunes 25 de marzo 2024 (07:20h)"},"content":{"rendered":"<p><iframe loading=\"lazy\" title=\"Informatiu Matinal Dilluns 25 De Mar\u00e7 2024 (07:20h)\" width=\"100%\" height=\"120\" src=\"https:\/\/www.mixcloud.com\/widget\/iframe\/?feed=https%3A%2F%2Fwww.mixcloud.com%2FCOPEAlcoy%2Finformatiu-matinal-dilluns-25-de-mar%25C3%25A7-2024-0720h%2F&amp;hide_cover=1\" frameborder=\"0\"><\/iframe><\/p>\n<p style=\"text-align: justify;\">Hoy lunes os hemos contado que <strong>arranca la venta online de sillas<\/strong> para presenciar las Entradas de las Fiestas de Alcoy. Adem\u00e1s hemos hecho referencia al<strong> terremoto<\/strong> que se dej\u00f3 sentir ayer en algunos municipios de nuestras comarcas.<\/p>\n<p style=\"text-align: justify;\">Desde el\u00a0<a href=\"https:\/\/www.ign.es\/web\/ign\/portal\/ultimos-terremotos\/-\/ultimos-terremotos\/getDetails?evid=es2024fwyez\" target=\"_blank\" rel=\"noopener\"><span style=\"color: #0000ff;\"><strong>Instituto Geogr\u00e1fico Nacional<\/strong>\u00a0<\/span><\/a>registraron <strong>un leve terremoto<\/strong> en nuestras comarcas durante la tarde de Domingo de Ramos. El epicentro del temblor, que afect\u00f3 a la provincia de Alicante, <strong>se localiz\u00f3 finalmente en Banyeres de Mariola <\/strong>tras la revisi\u00f3n de c\u00e1lculo hecha por el mismo Instituto Geogr\u00e1fico Nacional. Seg\u00fan confirmaron algunos oyentes a COPE ALCOY, el terremoto se not\u00f3 en puntos de la Zona Alta de Alcoy e incluso en poblaciones como Onil, Castalla o Ibi. La magnitud del sismo <strong>fue de 3,0 grados<\/strong> tal y como confirman desde el IGN. Por \u00faltimo, desde el Centro de Coordinaci\u00f3n de Emergencias de la Generalitat Valenciana, destacaron en sus redes sociales que <strong>el Tel\u00e9fono de Emergencias 112<\/strong> no hab\u00eda recibido ninguna llamada relacionada con el suceso.<\/p>\n<p style=\"text-align: justify;\"><span style=\"color: #0000ff;\"><strong>Unos cuatro movimientos m\u00e1s\u00a0<\/strong><\/span><\/p>\n<p style=\"text-align: justify;\">Durante la tarde\u00a0<strong>se repetieron movimientos s\u00edsmicos<\/strong>\u00a0entre 1 y 3 grados, con epicentro en poblaciones como Ibi u Onil.\u00a0 Tambi\u00e9n en Bocairent se han notado estos leves terremotos.<\/p>\n<p style=\"text-align: justify;\"><span style=\"color: #0000ff;\"><strong>Los terremotos, algo com\u00fan en Alcoy<\/strong><\/span><\/p>\n<p style=\"text-align: justify;\">En Alcoy, los temblores de tierra han estado presentes a lo largo de la historia.\u00a0<strong>La ciudad es tierra de terremotos<\/strong>, pues se encuentra en el borde entre la placa tect\u00f3nica euroasi\u00e1tica y la africana. Entre los m\u00e1s fuertes ocurridos recientemente, m\u00e1s all\u00e1 del de este domingo,<strong><a href=\"https:\/\/www.copealcoy.es\/es\/un-terremoto-de-magnitud-36-despierta-a-la-comarca\/\" target=\"_blank\" rel=\"noopener\">\u00a0<span style=\"color: #0000ff;\">se encuentra el que tuvo lugar el pasado 3 de noviembre de 2020<\/span><\/a><\/strong>.\u00a0<strong>Un temblor de magnitud 3,6<\/strong>\u00a0en la Escala de Richter con varias r\u00e9plicas y epicentro en Relleu, que se dej\u00f3 notar en buena parte del norte de la provincia de Alicante.<\/p>\n<p style=\"text-align: justify;\">Posteriormente, pero tambi\u00e9n previamente, hay registrados otros movimientos s\u00edsmicos que han afectado a la ciudad. Precisamente, por este motivo,\u00a0<span style=\"color: #0000ff;\"><strong><a style=\"color: #0000ff;\" href=\"https:\/\/www.copealcoy.es\/es\/400-anos-del-patronazgo-de-san-mauro\/\" target=\"_blank\" rel=\"noopener\">San Mauro es patr\u00f3n de Alcoy<\/a><\/strong><\/span>. Est\u00e1 documentado que\u00a0<strong>en 1620, concretamente el 2 de diciembre, un terremoto de magnitud VII-VIII caus\u00f3 importantes estragos en Alcoy<\/strong>. Seg\u00fan se cuenta en los\u00a0<strong>escritos del cronista Carbonell<\/strong>, el terremoto provoc\u00f3 da\u00f1os en la arquitectura religiosa: se parti\u00f3 la Iglesia Parroquial por la mitad; el monasterio de San Agust\u00edn perdi\u00f3 tres de las cuatro torres que rodeaban el recinto, se hundi\u00f3 el coro de su iglesia y murieron sepultadas siete personas, y el convento de San Francisco qued\u00f3 inhabitable. Adem\u00e1s, se hundieron varias casas y partes de la muralla, lo que caus\u00f3 la muerte de 22 personas.<\/p>\n<p style=\"text-align: justify;\">A ra\u00edz de los hechos, los vecinos acordaron el 3 de diciembre de 1620 la elecci\u00f3n de San Mauro m\u00e1rtir como patrono protector contra los terremotos.<\/p>\n<p>&nbsp;<\/p>\n","protected":false},"excerpt":{"rendered":"<p>Hoy lunes os hemos contado que arranca la venta online de sillas para presenciar las Entradas de las Fiestas de&#8230;<\/p>\n","protected":false},"author":1,"featured_media":110612,"comment_status":"open","ping_status":"open","sticky":false,"template":"","format":"standard","meta":{"footnotes":""},"categories":[6909,89,91],"tags":[],"class_list":["post-130904","post","type-post","status-publish","format-standard","has-post-thumbnail","hentry","category-actualidad","category-audiosdelosprogramas","category-informativos"],"yoast_head":"<!-- This site is optimized with the Yoast SEO plugin v27.3 - https:\/\/yoast.com\/product\/yoast-seo-wordpress\/ -->\n<title>Informativo matinal lunes 25 de marzo 2024 (07:20h) - COPE Alcoy<\/title>\n<meta name=\"robots\" content=\"index, follow, max-snippet:-1, max-image-preview:large, max-video-preview:-1\" \/>\n<link rel=\"canonical\" href=\"https:\/\/www.copealcoy.es\/es\/informativo-matinal-lunes-25-de-marzo-2024-0720h\/\" \/>\n<meta property=\"og:locale\" content=\"es_ES\" \/>\n<meta property=\"og:type\" content=\"article\" \/>\n<meta property=\"og:title\" content=\"Informativo matinal lunes 25 de marzo 2024 (07:20h) - COPE Alcoy\" \/>\n<meta property=\"og:description\" content=\"Hoy lunes os hemos contado que arranca la venta online de sillas para presenciar las Entradas de las Fiestas de...\" \/>\n<meta property=\"og:url\" content=\"https:\/\/www.copealcoy.es\/es\/informativo-matinal-lunes-25-de-marzo-2024-0720h\/\" \/>\n<meta property=\"og:site_name\" content=\"COPE Alcoy\" \/>\n<meta property=\"article:published_time\" content=\"2024-03-25T06:30:49+00:00\" \/>\n<meta property=\"article:modified_time\" content=\"2024-03-25T10:04:51+00:00\" \/>\n<meta property=\"og:image\" content=\"https:\/\/www.copealcoy.es\/wp-content\/uploads\/2023\/02\/Herrera-en-COPE-Alcoy-4.png\" \/>\n\t<meta property=\"og:image:width\" content=\"357\" \/>\n\t<meta property=\"og:image:height\" content=\"290\" \/>\n\t<meta property=\"og:image:type\" content=\"image\/png\" \/>\n<meta name=\"author\" content=\"Cope Alcoy\" \/>\n<meta name=\"twitter:label1\" content=\"Escrito por\" \/>\n\t<meta name=\"twitter:data1\" content=\"Cope Alcoy\" \/>\n\t<meta name=\"twitter:label2\" content=\"Tiempo de lectura\" \/>\n\t<meta name=\"twitter:data2\" content=\"3 minutos\" \/>\n<script type=\"application\/ld+json\" class=\"yoast-schema-graph\">{\"@context\":\"https:\\\/\\\/schema.org\",\"@graph\":[{\"@type\":\"Article\",\"@id\":\"https:\\\/\\\/www.copealcoy.es\\\/es\\\/informativo-matinal-lunes-25-de-marzo-2024-0720h\\\/#article\",\"isPartOf\":{\"@id\":\"https:\\\/\\\/www.copealcoy.es\\\/es\\\/informativo-matinal-lunes-25-de-marzo-2024-0720h\\\/\"},\"author\":{\"name\":\"Cope Alcoy\",\"@id\":\"https:\\\/\\\/www.copealcoy.es\\\/es\\\/#\\\/schema\\\/person\\\/e777c87fa024e57d40170af9df39882c\"},\"headline\":\"Informativo matinal lunes 25 de marzo 2024 (07:20h)\",\"datePublished\":\"2024-03-25T06:30:49+00:00\",\"dateModified\":\"2024-03-25T10:04:51+00:00\",\"mainEntityOfPage\":{\"@id\":\"https:\\\/\\\/www.copealcoy.es\\\/es\\\/informativo-matinal-lunes-25-de-marzo-2024-0720h\\\/\"},\"wordCount\":477,\"commentCount\":0,\"image\":{\"@id\":\"https:\\\/\\\/www.copealcoy.es\\\/es\\\/informativo-matinal-lunes-25-de-marzo-2024-0720h\\\/#primaryimage\"},\"thumbnailUrl\":\"https:\\\/\\\/www.copealcoy.es\\\/wp-content\\\/uploads\\\/2023\\\/02\\\/Herrera-en-COPE-Alcoy-4.png\",\"articleSection\":[\"Actualidad\",\"Audios de los programas\",\"Informativos\"],\"inLanguage\":\"es\"},{\"@type\":\"WebPage\",\"@id\":\"https:\\\/\\\/www.copealcoy.es\\\/es\\\/informativo-matinal-lunes-25-de-marzo-2024-0720h\\\/\",\"url\":\"https:\\\/\\\/www.copealcoy.es\\\/es\\\/informativo-matinal-lunes-25-de-marzo-2024-0720h\\\/\",\"name\":\"Informativo matinal lunes 25 de marzo 2024 (07:20h) - COPE Alcoy\",\"isPartOf\":{\"@id\":\"https:\\\/\\\/www.copealcoy.es\\\/es\\\/#website\"},\"primaryImageOfPage\":{\"@id\":\"https:\\\/\\\/www.copealcoy.es\\\/es\\\/informativo-matinal-lunes-25-de-marzo-2024-0720h\\\/#primaryimage\"},\"image\":{\"@id\":\"https:\\\/\\\/www.copealcoy.es\\\/es\\\/informativo-matinal-lunes-25-de-marzo-2024-0720h\\\/#primaryimage\"},\"thumbnailUrl\":\"https:\\\/\\\/www.copealcoy.es\\\/wp-content\\\/uploads\\\/2023\\\/02\\\/Herrera-en-COPE-Alcoy-4.png\",\"datePublished\":\"2024-03-25T06:30:49+00:00\",\"dateModified\":\"2024-03-25T10:04:51+00:00\",\"author\":{\"@id\":\"https:\\\/\\\/www.copealcoy.es\\\/es\\\/#\\\/schema\\\/person\\\/e777c87fa024e57d40170af9df39882c\"},\"breadcrumb\":{\"@id\":\"https:\\\/\\\/www.copealcoy.es\\\/es\\\/informativo-matinal-lunes-25-de-marzo-2024-0720h\\\/#breadcrumb\"},\"inLanguage\":\"es\",\"potentialAction\":[{\"@type\":\"ReadAction\",\"target\":[\"https:\\\/\\\/www.copealcoy.es\\\/es\\\/informativo-matinal-lunes-25-de-marzo-2024-0720h\\\/\"]}]},{\"@type\":\"ImageObject\",\"inLanguage\":\"es\",\"@id\":\"https:\\\/\\\/www.copealcoy.es\\\/es\\\/informativo-matinal-lunes-25-de-marzo-2024-0720h\\\/#primaryimage\",\"url\":\"https:\\\/\\\/www.copealcoy.es\\\/wp-content\\\/uploads\\\/2023\\\/02\\\/Herrera-en-COPE-Alcoy-4.png\",\"contentUrl\":\"https:\\\/\\\/www.copealcoy.es\\\/wp-content\\\/uploads\\\/2023\\\/02\\\/Herrera-en-COPE-Alcoy-4.png\",\"width\":357,\"height\":290},{\"@type\":\"BreadcrumbList\",\"@id\":\"https:\\\/\\\/www.copealcoy.es\\\/es\\\/informativo-matinal-lunes-25-de-marzo-2024-0720h\\\/#breadcrumb\",\"itemListElement\":[{\"@type\":\"ListItem\",\"position\":1,\"name\":\"Portada\",\"item\":\"https:\\\/\\\/www.copealcoy.es\\\/es\\\/\"},{\"@type\":\"ListItem\",\"position\":2,\"name\":\"Informativo matinal lunes 25 de marzo 2024 (07:20h)\"}]},{\"@type\":\"WebSite\",\"@id\":\"https:\\\/\\\/www.copealcoy.es\\\/es\\\/#website\",\"url\":\"https:\\\/\\\/www.copealcoy.es\\\/es\\\/\",\"name\":\"COPE Alcoy\",\"description\":\"Emisora COPE de radio local con emisi\u00f3n online. Pont de Sant Jordi 8-10 03803 Alcoy\",\"potentialAction\":[{\"@type\":\"SearchAction\",\"target\":{\"@type\":\"EntryPoint\",\"urlTemplate\":\"https:\\\/\\\/www.copealcoy.es\\\/es\\\/?s={search_term_string}\"},\"query-input\":{\"@type\":\"PropertyValueSpecification\",\"valueRequired\":true,\"valueName\":\"search_term_string\"}}],\"inLanguage\":\"es\"},{\"@type\":\"Person\",\"@id\":\"https:\\\/\\\/www.copealcoy.es\\\/es\\\/#\\\/schema\\\/person\\\/e777c87fa024e57d40170af9df39882c\",\"name\":\"Cope Alcoy\",\"image\":{\"@type\":\"ImageObject\",\"inLanguage\":\"es\",\"@id\":\"https:\\\/\\\/secure.gravatar.com\\\/avatar\\\/bb65d0283347e303893ba14f0692005417c1e0e690a325a4c5d8bb2b3943ee14?s=96&d=mm&r=g\",\"url\":\"https:\\\/\\\/secure.gravatar.com\\\/avatar\\\/bb65d0283347e303893ba14f0692005417c1e0e690a325a4c5d8bb2b3943ee14?s=96&d=mm&r=g\",\"contentUrl\":\"https:\\\/\\\/secure.gravatar.com\\\/avatar\\\/bb65d0283347e303893ba14f0692005417c1e0e690a325a4c5d8bb2b3943ee14?s=96&d=mm&r=g\",\"caption\":\"Cope Alcoy\"}}]}<\/script>\n<!-- \/ Yoast SEO plugin. -->","yoast_head_json":{"title":"Informativo matinal lunes 25 de marzo 2024 (07:20h) - COPE Alcoy","robots":{"index":"index","follow":"follow","max-snippet":"max-snippet:-1","max-image-preview":"max-image-preview:large","max-video-preview":"max-video-preview:-1"},"canonical":"https:\/\/www.copealcoy.es\/es\/informativo-matinal-lunes-25-de-marzo-2024-0720h\/","og_locale":"es_ES","og_type":"article","og_title":"Informativo matinal lunes 25 de marzo 2024 (07:20h) - COPE Alcoy","og_description":"Hoy lunes os hemos contado que arranca la venta online de sillas para presenciar las Entradas de las Fiestas de...","og_url":"https:\/\/www.copealcoy.es\/es\/informativo-matinal-lunes-25-de-marzo-2024-0720h\/","og_site_name":"COPE Alcoy","article_published_time":"2024-03-25T06:30:49+00:00","article_modified_time":"2024-03-25T10:04:51+00:00","og_image":[{"width":357,"height":290,"url":"https:\/\/www.copealcoy.es\/wp-content\/uploads\/2023\/02\/Herrera-en-COPE-Alcoy-4.png","type":"image\/png"}],"author":"Cope Alcoy","twitter_misc":{"Escrito por":"Cope Alcoy","Tiempo de lectura":"3 minutos"},"schema":{"@context":"https:\/\/schema.org","@graph":[{"@type":"Article","@id":"https:\/\/www.copealcoy.es\/es\/informativo-matinal-lunes-25-de-marzo-2024-0720h\/#article","isPartOf":{"@id":"https:\/\/www.copealcoy.es\/es\/informativo-matinal-lunes-25-de-marzo-2024-0720h\/"},"author":{"name":"Cope Alcoy","@id":"https:\/\/www.copealcoy.es\/es\/#\/schema\/person\/e777c87fa024e57d40170af9df39882c"},"headline":"Informativo matinal lunes 25 de marzo 2024 (07:20h)","datePublished":"2024-03-25T06:30:49+00:00","dateModified":"2024-03-25T10:04:51+00:00","mainEntityOfPage":{"@id":"https:\/\/www.copealcoy.es\/es\/informativo-matinal-lunes-25-de-marzo-2024-0720h\/"},"wordCount":477,"commentCount":0,"image":{"@id":"https:\/\/www.copealcoy.es\/es\/informativo-matinal-lunes-25-de-marzo-2024-0720h\/#primaryimage"},"thumbnailUrl":"https:\/\/www.copealcoy.es\/wp-content\/uploads\/2023\/02\/Herrera-en-COPE-Alcoy-4.png","articleSection":["Actualidad","Audios de los programas","Informativos"],"inLanguage":"es"},{"@type":"WebPage","@id":"https:\/\/www.copealcoy.es\/es\/informativo-matinal-lunes-25-de-marzo-2024-0720h\/","url":"https:\/\/www.copealcoy.es\/es\/informativo-matinal-lunes-25-de-marzo-2024-0720h\/","name":"Informativo matinal lunes 25 de marzo 2024 (07:20h) - COPE Alcoy","isPartOf":{"@id":"https:\/\/www.copealcoy.es\/es\/#website"},"primaryImageOfPage":{"@id":"https:\/\/www.copealcoy.es\/es\/informativo-matinal-lunes-25-de-marzo-2024-0720h\/#primaryimage"},"image":{"@id":"https:\/\/www.copealcoy.es\/es\/informativo-matinal-lunes-25-de-marzo-2024-0720h\/#primaryimage"},"thumbnailUrl":"https:\/\/www.copealcoy.es\/wp-content\/uploads\/2023\/02\/Herrera-en-COPE-Alcoy-4.png","datePublished":"2024-03-25T06:30:49+00:00","dateModified":"2024-03-25T10:04:51+00:00","author":{"@id":"https:\/\/www.copealcoy.es\/es\/#\/schema\/person\/e777c87fa024e57d40170af9df39882c"},"breadcrumb":{"@id":"https:\/\/www.copealcoy.es\/es\/informativo-matinal-lunes-25-de-marzo-2024-0720h\/#breadcrumb"},"inLanguage":"es","potentialAction":[{"@type":"ReadAction","target":["https:\/\/www.copealcoy.es\/es\/informativo-matinal-lunes-25-de-marzo-2024-0720h\/"]}]},{"@type":"ImageObject","inLanguage":"es","@id":"https:\/\/www.copealcoy.es\/es\/informativo-matinal-lunes-25-de-marzo-2024-0720h\/#primaryimage","url":"https:\/\/www.copealcoy.es\/wp-content\/uploads\/2023\/02\/Herrera-en-COPE-Alcoy-4.png","contentUrl":"https:\/\/www.copealcoy.es\/wp-content\/uploads\/2023\/02\/Herrera-en-COPE-Alcoy-4.png","width":357,"height":290},{"@type":"BreadcrumbList","@id":"https:\/\/www.copealcoy.es\/es\/informativo-matinal-lunes-25-de-marzo-2024-0720h\/#breadcrumb","itemListElement":[{"@type":"ListItem","position":1,"name":"Portada","item":"https:\/\/www.copealcoy.es\/es\/"},{"@type":"ListItem","position":2,"name":"Informativo matinal lunes 25 de marzo 2024 (07:20h)"}]},{"@type":"WebSite","@id":"https:\/\/www.copealcoy.es\/es\/#website","url":"https:\/\/www.copealcoy.es\/es\/","name":"COPE Alcoy","description":"Emisora COPE de radio local con emisi\u00f3n online. Pont de Sant Jordi 8-10 03803 Alcoy","potentialAction":[{"@type":"SearchAction","target":{"@type":"EntryPoint","urlTemplate":"https:\/\/www.copealcoy.es\/es\/?s={search_term_string}"},"query-input":{"@type":"PropertyValueSpecification","valueRequired":true,"valueName":"search_term_string"}}],"inLanguage":"es"},{"@type":"Person","@id":"https:\/\/www.copealcoy.es\/es\/#\/schema\/person\/e777c87fa024e57d40170af9df39882c","name":"Cope Alcoy","image":{"@type":"ImageObject","inLanguage":"es","@id":"https:\/\/secure.gravatar.com\/avatar\/bb65d0283347e303893ba14f0692005417c1e0e690a325a4c5d8bb2b3943ee14?s=96&d=mm&r=g","url":"https:\/\/secure.gravatar.com\/avatar\/bb65d0283347e303893ba14f0692005417c1e0e690a325a4c5d8bb2b3943ee14?s=96&d=mm&r=g","contentUrl":"https:\/\/secure.gravatar.com\/avatar\/bb65d0283347e303893ba14f0692005417c1e0e690a325a4c5d8bb2b3943ee14?s=96&d=mm&r=g","caption":"Cope Alcoy"}}]}},"_links":{"self":[{"href":"https:\/\/www.copealcoy.es\/es\/wp-json\/wp\/v2\/posts\/130904","targetHints":{"allow":["GET"]}}],"collection":[{"href":"https:\/\/www.copealcoy.es\/es\/wp-json\/wp\/v2\/posts"}],"about":[{"href":"https:\/\/www.copealcoy.es\/es\/wp-json\/wp\/v2\/types\/post"}],"author":[{"embeddable":true,"href":"https:\/\/www.copealcoy.es\/es\/wp-json\/wp\/v2\/users\/1"}],"replies":[{"embeddable":true,"href":"https:\/\/www.copealcoy.es\/es\/wp-json\/wp\/v2\/comments?post=130904"}],"version-history":[{"count":0,"href":"https:\/\/www.copealcoy.es\/es\/wp-json\/wp\/v2\/posts\/130904\/revisions"}],"wp:featuredmedia":[{"embeddable":true,"href":"https:\/\/www.copealcoy.es\/es\/wp-json\/wp\/v2\/media\/110612"}],"wp:attachment":[{"href":"https:\/\/www.copealcoy.es\/es\/wp-json\/wp\/v2\/media?parent=130904"}],"wp:term":[{"taxonomy":"category","embeddable":true,"href":"https:\/\/www.copealcoy.es\/es\/wp-json\/wp\/v2\/categories?post=130904"},{"taxonomy":"post_tag","embeddable":true,"href":"https:\/\/www.copealcoy.es\/es\/wp-json\/wp\/v2\/tags?post=130904"}],"curies":[{"name":"wp","href":"https:\/\/api.w.org\/{rel}","templated":true}]}}