{"id":130862,"date":"2024-03-24T19:13:49","date_gmt":"2024-03-24T18:13:49","guid":{"rendered":"https:\/\/www.copealcoy.es\/?p=130862"},"modified":"2024-03-24T22:49:49","modified_gmt":"2024-03-24T21:49:49","slug":"el-domingo-de-ramos-adentra-a-cocentaina-en-la-semana-santa","status":"publish","type":"post","link":"https:\/\/www.copealcoy.es\/es\/el-domingo-de-ramos-adentra-a-cocentaina-en-la-semana-santa\/","title":{"rendered":"El Domingo de Ramos adentra a Cocentaina en la Semana Santa"},"content":{"rendered":"<p style=\"text-align: justify;\">Las <strong>celebraciones del Domingo de Ramos<\/strong> han marcado tambi\u00e9n el inicio de <a href=\"https:\/\/www.facebook.com\/semanasanta.cocentaina\" target=\"_blank\" rel=\"noopener\"><strong><span style=\"color: #0000ff;\">la Semana Santa<\/span><\/strong><\/a> en Cocentaina. A diferencia de los \u00faltimos a\u00f1os, <strong>la jornada de hoy<\/strong> ha destacado por unas temperaturas m\u00e1s bajas que en d\u00edas pasados e incluso por cielos cubiertos aunque <strong>la climatolog\u00eda apenas ha condicionado<\/strong> el desarrollo de todos los actos previstos.<\/p>\n<p style=\"text-align: justify;\">Como suele ser habitual, la <strong>plaza exterior del Convento de los Padres Franciscanos<\/strong>\u00a0ha acogido a las once de la ma\u00f1ana\u00a0<strong>la bendici\u00f3n de las palmas<\/strong>\u00a0en la que han tomado parte\u00a0<strong>numerosos fieles<\/strong>\u00a0as\u00ed como los\u00a0<strong>representantes de las cofrad\u00edas de la Semana Santa<\/strong>\u00a0e incluso\u00a0<strong>los peque\u00f1os que este a\u00f1o recibir\u00e1n la Primera Comuni\u00f3n<\/strong>\u00a0ataviados con trajes de hebreos y de ac\u00f3litos. El p\u00e1rroco de Santa Mar\u00eda,\u00a0<strong>Don Eduardo Rengel<\/strong>, ha sido el encargado de efectuar\u00a0<strong>la mencionada bendici\u00f3n de los ramos<\/strong>\u00a0a las puertas de la iglesia del Convento acompa\u00f1ado por el Guardi\u00e1n de este \u00faltimo,\u00a0<strong>Fray Fernando Fuertes<\/strong>, y el titular de la parroquia del Salvador;\u00a0<strong>Don Javier Sanchiz<\/strong>.<\/p>\n<p style=\"text-align: justify;\">Tras la bendici\u00f3n ha comenzado\u00a0<strong>la procesi\u00f3n de las palmas<\/strong>\u00a0hasta El Pla en la que la mayor\u00eda de los participantes portaban en sus manos\u00a0<strong>palmas y ramos de laurel o olivo<\/strong>. La actividad matinal ha finalizado con\u00a0<strong>una Misa Solemne de campa\u00f1a ante el Palau Comtal<\/strong>, con car\u00e1cter interparroquial, que tambi\u00e9n ha contado con\u00a0<strong>una destacada participaci\u00f3n<\/strong>.<\/p>\n<p style=\"text-align: justify;\">El Domingo de Ramos ha finalizado con el <strong>V\u00eda Crucis<\/strong> organizado por la Orden Franciscana Seglar en el Convento, a las 17:30h, mientras que al anochecer estaba prevista<strong> la procesi\u00f3n con la imagen de La Dolorosa<\/strong> desde la parroquia del Salvador. Los actos se retoman el <strong>Lunes Santo<\/strong> con el inicio del Triduo al Nazareno, a partir de las 18:30h en el Monasterio de la Mare de D\u00e9u del Miracle, mientras que a las 20:15h se llevar\u00e1 a cabo la Oraci\u00f3n de Getseman\u00ed en el Convento de los Franciscanos.<\/p>\n<div id='gallery-1' class='gallery galleryid-130862 gallery-columns-1 gallery-size-full'><figure class='gallery-item'>\n\t\t\t<div class='gallery-icon landscape'>\n\t\t\t\t<a href='https:\/\/www.copealcoy.es\/es\/el-domingo-de-ramos-adentra-a-cocentaina-en-la-semana-santa\/0-3-3\/'><img loading=\"lazy\" decoding=\"async\" width=\"893\" height=\"692\" src=\"https:\/\/www.copealcoy.es\/wp-content\/uploads\/2024\/03\/0-3-1.jpg\" class=\"attachment-full size-full\" alt=\"\" srcset=\"https:\/\/www.copealcoy.es\/wp-content\/uploads\/2024\/03\/0-3-1.jpg 893w, https:\/\/www.copealcoy.es\/wp-content\/uploads\/2024\/03\/0-3-1-768x595.jpg 768w\" sizes=\"auto, (max-width: 893px) 100vw, 893px\" \/><\/a>\n\t\t\t<\/div><\/figure><figure class='gallery-item'>\n\t\t\t<div class='gallery-icon landscape'>\n\t\t\t\t<a href='https:\/\/www.copealcoy.es\/es\/el-domingo-de-ramos-adentra-a-cocentaina-en-la-semana-santa\/domingo-de-ramos-cocentaina-2024\/'><img loading=\"lazy\" decoding=\"async\" width=\"923\" height=\"692\" src=\"https:\/\/www.copealcoy.es\/wp-content\/uploads\/2024\/03\/0-7.jpg\" class=\"attachment-full size-full\" alt=\"\" srcset=\"https:\/\/www.copealcoy.es\/wp-content\/uploads\/2024\/03\/0-7.jpg 923w, https:\/\/www.copealcoy.es\/wp-content\/uploads\/2024\/03\/0-7-768x576.jpg 768w\" sizes=\"auto, (max-width: 923px) 100vw, 923px\" \/><\/a>\n\t\t\t<\/div><\/figure><figure class='gallery-item'>\n\t\t\t<div class='gallery-icon landscape'>\n\t\t\t\t<a href='https:\/\/www.copealcoy.es\/es\/el-domingo-de-ramos-adentra-a-cocentaina-en-la-semana-santa\/unnamed-1-329\/'><img loading=\"lazy\" decoding=\"async\" width=\"1596\" height=\"1080\" src=\"https:\/\/www.copealcoy.es\/wp-content\/uploads\/2024\/03\/unnamed-1-23-scaled.jpg\" class=\"attachment-full size-full\" alt=\"\" srcset=\"https:\/\/www.copealcoy.es\/wp-content\/uploads\/2024\/03\/unnamed-1-23-scaled.jpg 1596w, https:\/\/www.copealcoy.es\/wp-content\/uploads\/2024\/03\/unnamed-1-23-768x520.jpg 768w, https:\/\/www.copealcoy.es\/wp-content\/uploads\/2024\/03\/unnamed-1-23-1536x1039.jpg 1536w, https:\/\/www.copealcoy.es\/wp-content\/uploads\/2024\/03\/unnamed-1-23-2048x1385.jpg 2048w\" sizes=\"auto, (max-width: 1596px) 100vw, 1596px\" \/><\/a>\n\t\t\t<\/div><\/figure><figure class='gallery-item'>\n\t\t\t<div class='gallery-icon landscape'>\n\t\t\t\t<a href='https:\/\/www.copealcoy.es\/es\/el-domingo-de-ramos-adentra-a-cocentaina-en-la-semana-santa\/unnamed-1-330\/'><img loading=\"lazy\" decoding=\"async\" width=\"1518\" height=\"1080\" src=\"https:\/\/www.copealcoy.es\/wp-content\/uploads\/2024\/03\/unnamed-1-24-scaled.jpg\" class=\"attachment-full size-full\" alt=\"\" srcset=\"https:\/\/www.copealcoy.es\/wp-content\/uploads\/2024\/03\/unnamed-1-24-scaled.jpg 1518w, https:\/\/www.copealcoy.es\/wp-content\/uploads\/2024\/03\/unnamed-1-24-768x546.jpg 768w, https:\/\/www.copealcoy.es\/wp-content\/uploads\/2024\/03\/unnamed-1-24-1536x1093.jpg 1536w, https:\/\/www.copealcoy.es\/wp-content\/uploads\/2024\/03\/unnamed-1-24-2048x1457.jpg 2048w\" sizes=\"auto, (max-width: 1518px) 100vw, 1518px\" \/><\/a>\n\t\t\t<\/div><\/figure>\n\t\t<\/div>\n\n","protected":false},"excerpt":{"rendered":"<p>Las celebraciones del Domingo de Ramos han marcado tambi\u00e9n el inicio de la Semana Santa en Cocentaina. A diferencia de&#8230;<\/p>\n","protected":false},"author":1,"featured_media":130899,"comment_status":"open","ping_status":"open","sticky":false,"template":"","format":"standard","meta":{"footnotes":""},"categories":[6909,98,75],"tags":[16513,132,16483,889,745],"class_list":["post-130862","post","type-post","status-publish","format-standard","has-post-thumbnail","hentry","category-actualidad","category-comarcas","category-noticias","tag-bendicion-palmas","tag-cocentaina","tag-convento-de-los-franciscanos","tag-domingo-de-ramos","tag-semana-santa"],"yoast_head":"<!-- This site is optimized with the Yoast SEO plugin v27.3 - https:\/\/yoast.com\/product\/yoast-seo-wordpress\/ -->\n<title>El Domingo de Ramos adentra a Cocentaina en la Semana Santa - COPE Alcoy<\/title>\n<meta name=\"description\" content=\"Las celebraciones del Domingo de Ramos han marcado tambi\u00e9n el inicio de la Semana Santa en Cocentaina con una destacada participaci\u00f3n\" \/>\n<meta name=\"robots\" content=\"index, follow, max-snippet:-1, max-image-preview:large, max-video-preview:-1\" \/>\n<link rel=\"canonical\" href=\"https:\/\/www.copealcoy.es\/es\/el-domingo-de-ramos-adentra-a-cocentaina-en-la-semana-santa\/\" \/>\n<meta property=\"og:locale\" content=\"es_ES\" \/>\n<meta property=\"og:type\" content=\"article\" \/>\n<meta property=\"og:title\" content=\"El Domingo de Ramos adentra a Cocentaina en la Semana Santa - COPE Alcoy\" \/>\n<meta property=\"og:description\" content=\"Las celebraciones del Domingo de Ramos han marcado tambi\u00e9n el inicio de la Semana Santa en Cocentaina con una destacada participaci\u00f3n\" \/>\n<meta property=\"og:url\" content=\"https:\/\/www.copealcoy.es\/es\/el-domingo-de-ramos-adentra-a-cocentaina-en-la-semana-santa\/\" \/>\n<meta property=\"og:site_name\" content=\"COPE Alcoy\" \/>\n<meta property=\"article:published_time\" content=\"2024-03-24T18:13:49+00:00\" \/>\n<meta property=\"article:modified_time\" content=\"2024-03-24T21:49:49+00:00\" \/>\n<meta property=\"og:image\" content=\"https:\/\/www.copealcoy.es\/wp-content\/uploads\/2024\/03\/unnamed-1-5-2-scaled.jpg\" \/>\n\t<meta property=\"og:image:width\" content=\"1647\" \/>\n\t<meta property=\"og:image:height\" content=\"1080\" \/>\n\t<meta property=\"og:image:type\" content=\"image\/jpeg\" \/>\n<meta name=\"author\" content=\"Cope Alcoy\" \/>\n<meta name=\"twitter:label1\" content=\"Escrito por\" \/>\n\t<meta name=\"twitter:data1\" content=\"Cope Alcoy\" \/>\n\t<meta name=\"twitter:label2\" content=\"Tiempo de lectura\" \/>\n\t<meta name=\"twitter:data2\" content=\"2 minutos\" \/>\n<script type=\"application\/ld+json\" class=\"yoast-schema-graph\">{\"@context\":\"https:\\\/\\\/schema.org\",\"@graph\":[{\"@type\":\"Article\",\"@id\":\"https:\\\/\\\/www.copealcoy.es\\\/es\\\/el-domingo-de-ramos-adentra-a-cocentaina-en-la-semana-santa\\\/#article\",\"isPartOf\":{\"@id\":\"https:\\\/\\\/www.copealcoy.es\\\/es\\\/el-domingo-de-ramos-adentra-a-cocentaina-en-la-semana-santa\\\/\"},\"author\":{\"name\":\"Cope Alcoy\",\"@id\":\"https:\\\/\\\/www.copealcoy.es\\\/es\\\/#\\\/schema\\\/person\\\/e777c87fa024e57d40170af9df39882c\"},\"headline\":\"El Domingo de Ramos adentra a Cocentaina en la Semana Santa\",\"datePublished\":\"2024-03-24T18:13:49+00:00\",\"dateModified\":\"2024-03-24T21:49:49+00:00\",\"mainEntityOfPage\":{\"@id\":\"https:\\\/\\\/www.copealcoy.es\\\/es\\\/el-domingo-de-ramos-adentra-a-cocentaina-en-la-semana-santa\\\/\"},\"wordCount\":361,\"commentCount\":0,\"image\":{\"@id\":\"https:\\\/\\\/www.copealcoy.es\\\/es\\\/el-domingo-de-ramos-adentra-a-cocentaina-en-la-semana-santa\\\/#primaryimage\"},\"thumbnailUrl\":\"https:\\\/\\\/www.copealcoy.es\\\/wp-content\\\/uploads\\\/2024\\\/03\\\/unnamed-1-5-2-scaled.jpg\",\"keywords\":[\"bendici\u00f3n palmas\",\"Cocentaina\",\"Convento de los Franciscanos\",\"Domingo de Ramos\",\"Semana Santa\"],\"articleSection\":[\"Actualidad\",\"Comarcas\",\"Noticias\"],\"inLanguage\":\"es\"},{\"@type\":\"WebPage\",\"@id\":\"https:\\\/\\\/www.copealcoy.es\\\/es\\\/el-domingo-de-ramos-adentra-a-cocentaina-en-la-semana-santa\\\/\",\"url\":\"https:\\\/\\\/www.copealcoy.es\\\/es\\\/el-domingo-de-ramos-adentra-a-cocentaina-en-la-semana-santa\\\/\",\"name\":\"El Domingo de Ramos adentra a Cocentaina en la Semana Santa - COPE Alcoy\",\"isPartOf\":{\"@id\":\"https:\\\/\\\/www.copealcoy.es\\\/es\\\/#website\"},\"primaryImageOfPage\":{\"@id\":\"https:\\\/\\\/www.copealcoy.es\\\/es\\\/el-domingo-de-ramos-adentra-a-cocentaina-en-la-semana-santa\\\/#primaryimage\"},\"image\":{\"@id\":\"https:\\\/\\\/www.copealcoy.es\\\/es\\\/el-domingo-de-ramos-adentra-a-cocentaina-en-la-semana-santa\\\/#primaryimage\"},\"thumbnailUrl\":\"https:\\\/\\\/www.copealcoy.es\\\/wp-content\\\/uploads\\\/2024\\\/03\\\/unnamed-1-5-2-scaled.jpg\",\"datePublished\":\"2024-03-24T18:13:49+00:00\",\"dateModified\":\"2024-03-24T21:49:49+00:00\",\"author\":{\"@id\":\"https:\\\/\\\/www.copealcoy.es\\\/es\\\/#\\\/schema\\\/person\\\/e777c87fa024e57d40170af9df39882c\"},\"description\":\"Las celebraciones del Domingo de Ramos han marcado tambi\u00e9n el inicio de la Semana Santa en Cocentaina con una destacada participaci\u00f3n\",\"breadcrumb\":{\"@id\":\"https:\\\/\\\/www.copealcoy.es\\\/es\\\/el-domingo-de-ramos-adentra-a-cocentaina-en-la-semana-santa\\\/#breadcrumb\"},\"inLanguage\":\"es\",\"potentialAction\":[{\"@type\":\"ReadAction\",\"target\":[\"https:\\\/\\\/www.copealcoy.es\\\/es\\\/el-domingo-de-ramos-adentra-a-cocentaina-en-la-semana-santa\\\/\"]}]},{\"@type\":\"ImageObject\",\"inLanguage\":\"es\",\"@id\":\"https:\\\/\\\/www.copealcoy.es\\\/es\\\/el-domingo-de-ramos-adentra-a-cocentaina-en-la-semana-santa\\\/#primaryimage\",\"url\":\"https:\\\/\\\/www.copealcoy.es\\\/wp-content\\\/uploads\\\/2024\\\/03\\\/unnamed-1-5-2-scaled.jpg\",\"contentUrl\":\"https:\\\/\\\/www.copealcoy.es\\\/wp-content\\\/uploads\\\/2024\\\/03\\\/unnamed-1-5-2-scaled.jpg\",\"width\":1647,\"height\":1080},{\"@type\":\"BreadcrumbList\",\"@id\":\"https:\\\/\\\/www.copealcoy.es\\\/es\\\/el-domingo-de-ramos-adentra-a-cocentaina-en-la-semana-santa\\\/#breadcrumb\",\"itemListElement\":[{\"@type\":\"ListItem\",\"position\":1,\"name\":\"Portada\",\"item\":\"https:\\\/\\\/www.copealcoy.es\\\/es\\\/\"},{\"@type\":\"ListItem\",\"position\":2,\"name\":\"El Domingo de Ramos adentra a Cocentaina en la Semana Santa\"}]},{\"@type\":\"WebSite\",\"@id\":\"https:\\\/\\\/www.copealcoy.es\\\/es\\\/#website\",\"url\":\"https:\\\/\\\/www.copealcoy.es\\\/es\\\/\",\"name\":\"COPE Alcoy\",\"description\":\"Emisora COPE de radio local con emisi\u00f3n online. Pont de Sant Jordi 8-10 03803 Alcoy\",\"potentialAction\":[{\"@type\":\"SearchAction\",\"target\":{\"@type\":\"EntryPoint\",\"urlTemplate\":\"https:\\\/\\\/www.copealcoy.es\\\/es\\\/?s={search_term_string}\"},\"query-input\":{\"@type\":\"PropertyValueSpecification\",\"valueRequired\":true,\"valueName\":\"search_term_string\"}}],\"inLanguage\":\"es\"},{\"@type\":\"Person\",\"@id\":\"https:\\\/\\\/www.copealcoy.es\\\/es\\\/#\\\/schema\\\/person\\\/e777c87fa024e57d40170af9df39882c\",\"name\":\"Cope Alcoy\",\"image\":{\"@type\":\"ImageObject\",\"inLanguage\":\"es\",\"@id\":\"https:\\\/\\\/secure.gravatar.com\\\/avatar\\\/bb65d0283347e303893ba14f0692005417c1e0e690a325a4c5d8bb2b3943ee14?s=96&d=mm&r=g\",\"url\":\"https:\\\/\\\/secure.gravatar.com\\\/avatar\\\/bb65d0283347e303893ba14f0692005417c1e0e690a325a4c5d8bb2b3943ee14?s=96&d=mm&r=g\",\"contentUrl\":\"https:\\\/\\\/secure.gravatar.com\\\/avatar\\\/bb65d0283347e303893ba14f0692005417c1e0e690a325a4c5d8bb2b3943ee14?s=96&d=mm&r=g\",\"caption\":\"Cope Alcoy\"}}]}<\/script>\n<!-- \/ Yoast SEO plugin. -->","yoast_head_json":{"title":"El Domingo de Ramos adentra a Cocentaina en la Semana Santa - COPE Alcoy","description":"Las celebraciones del Domingo de Ramos han marcado tambi\u00e9n el inicio de la Semana Santa en Cocentaina con una destacada participaci\u00f3n","robots":{"index":"index","follow":"follow","max-snippet":"max-snippet:-1","max-image-preview":"max-image-preview:large","max-video-preview":"max-video-preview:-1"},"canonical":"https:\/\/www.copealcoy.es\/es\/el-domingo-de-ramos-adentra-a-cocentaina-en-la-semana-santa\/","og_locale":"es_ES","og_type":"article","og_title":"El Domingo de Ramos adentra a Cocentaina en la Semana Santa - COPE Alcoy","og_description":"Las celebraciones del Domingo de Ramos han marcado tambi\u00e9n el inicio de la Semana Santa en Cocentaina con una destacada participaci\u00f3n","og_url":"https:\/\/www.copealcoy.es\/es\/el-domingo-de-ramos-adentra-a-cocentaina-en-la-semana-santa\/","og_site_name":"COPE Alcoy","article_published_time":"2024-03-24T18:13:49+00:00","article_modified_time":"2024-03-24T21:49:49+00:00","og_image":[{"width":1647,"height":1080,"url":"https:\/\/www.copealcoy.es\/wp-content\/uploads\/2024\/03\/unnamed-1-5-2-scaled.jpg","type":"image\/jpeg"}],"author":"Cope Alcoy","twitter_misc":{"Escrito por":"Cope Alcoy","Tiempo de lectura":"2 minutos"},"schema":{"@context":"https:\/\/schema.org","@graph":[{"@type":"Article","@id":"https:\/\/www.copealcoy.es\/es\/el-domingo-de-ramos-adentra-a-cocentaina-en-la-semana-santa\/#article","isPartOf":{"@id":"https:\/\/www.copealcoy.es\/es\/el-domingo-de-ramos-adentra-a-cocentaina-en-la-semana-santa\/"},"author":{"name":"Cope Alcoy","@id":"https:\/\/www.copealcoy.es\/es\/#\/schema\/person\/e777c87fa024e57d40170af9df39882c"},"headline":"El Domingo de Ramos adentra a Cocentaina en la Semana Santa","datePublished":"2024-03-24T18:13:49+00:00","dateModified":"2024-03-24T21:49:49+00:00","mainEntityOfPage":{"@id":"https:\/\/www.copealcoy.es\/es\/el-domingo-de-ramos-adentra-a-cocentaina-en-la-semana-santa\/"},"wordCount":361,"commentCount":0,"image":{"@id":"https:\/\/www.copealcoy.es\/es\/el-domingo-de-ramos-adentra-a-cocentaina-en-la-semana-santa\/#primaryimage"},"thumbnailUrl":"https:\/\/www.copealcoy.es\/wp-content\/uploads\/2024\/03\/unnamed-1-5-2-scaled.jpg","keywords":["bendici\u00f3n palmas","Cocentaina","Convento de los Franciscanos","Domingo de Ramos","Semana Santa"],"articleSection":["Actualidad","Comarcas","Noticias"],"inLanguage":"es"},{"@type":"WebPage","@id":"https:\/\/www.copealcoy.es\/es\/el-domingo-de-ramos-adentra-a-cocentaina-en-la-semana-santa\/","url":"https:\/\/www.copealcoy.es\/es\/el-domingo-de-ramos-adentra-a-cocentaina-en-la-semana-santa\/","name":"El Domingo de Ramos adentra a Cocentaina en la Semana Santa - COPE Alcoy","isPartOf":{"@id":"https:\/\/www.copealcoy.es\/es\/#website"},"primaryImageOfPage":{"@id":"https:\/\/www.copealcoy.es\/es\/el-domingo-de-ramos-adentra-a-cocentaina-en-la-semana-santa\/#primaryimage"},"image":{"@id":"https:\/\/www.copealcoy.es\/es\/el-domingo-de-ramos-adentra-a-cocentaina-en-la-semana-santa\/#primaryimage"},"thumbnailUrl":"https:\/\/www.copealcoy.es\/wp-content\/uploads\/2024\/03\/unnamed-1-5-2-scaled.jpg","datePublished":"2024-03-24T18:13:49+00:00","dateModified":"2024-03-24T21:49:49+00:00","author":{"@id":"https:\/\/www.copealcoy.es\/es\/#\/schema\/person\/e777c87fa024e57d40170af9df39882c"},"description":"Las celebraciones del Domingo de Ramos han marcado tambi\u00e9n el inicio de la Semana Santa en Cocentaina con una destacada participaci\u00f3n","breadcrumb":{"@id":"https:\/\/www.copealcoy.es\/es\/el-domingo-de-ramos-adentra-a-cocentaina-en-la-semana-santa\/#breadcrumb"},"inLanguage":"es","potentialAction":[{"@type":"ReadAction","target":["https:\/\/www.copealcoy.es\/es\/el-domingo-de-ramos-adentra-a-cocentaina-en-la-semana-santa\/"]}]},{"@type":"ImageObject","inLanguage":"es","@id":"https:\/\/www.copealcoy.es\/es\/el-domingo-de-ramos-adentra-a-cocentaina-en-la-semana-santa\/#primaryimage","url":"https:\/\/www.copealcoy.es\/wp-content\/uploads\/2024\/03\/unnamed-1-5-2-scaled.jpg","contentUrl":"https:\/\/www.copealcoy.es\/wp-content\/uploads\/2024\/03\/unnamed-1-5-2-scaled.jpg","width":1647,"height":1080},{"@type":"BreadcrumbList","@id":"https:\/\/www.copealcoy.es\/es\/el-domingo-de-ramos-adentra-a-cocentaina-en-la-semana-santa\/#breadcrumb","itemListElement":[{"@type":"ListItem","position":1,"name":"Portada","item":"https:\/\/www.copealcoy.es\/es\/"},{"@type":"ListItem","position":2,"name":"El Domingo de Ramos adentra a Cocentaina en la Semana Santa"}]},{"@type":"WebSite","@id":"https:\/\/www.copealcoy.es\/es\/#website","url":"https:\/\/www.copealcoy.es\/es\/","name":"COPE Alcoy","description":"Emisora COPE de radio local con emisi\u00f3n online. Pont de Sant Jordi 8-10 03803 Alcoy","potentialAction":[{"@type":"SearchAction","target":{"@type":"EntryPoint","urlTemplate":"https:\/\/www.copealcoy.es\/es\/?s={search_term_string}"},"query-input":{"@type":"PropertyValueSpecification","valueRequired":true,"valueName":"search_term_string"}}],"inLanguage":"es"},{"@type":"Person","@id":"https:\/\/www.copealcoy.es\/es\/#\/schema\/person\/e777c87fa024e57d40170af9df39882c","name":"Cope Alcoy","image":{"@type":"ImageObject","inLanguage":"es","@id":"https:\/\/secure.gravatar.com\/avatar\/bb65d0283347e303893ba14f0692005417c1e0e690a325a4c5d8bb2b3943ee14?s=96&d=mm&r=g","url":"https:\/\/secure.gravatar.com\/avatar\/bb65d0283347e303893ba14f0692005417c1e0e690a325a4c5d8bb2b3943ee14?s=96&d=mm&r=g","contentUrl":"https:\/\/secure.gravatar.com\/avatar\/bb65d0283347e303893ba14f0692005417c1e0e690a325a4c5d8bb2b3943ee14?s=96&d=mm&r=g","caption":"Cope Alcoy"}}]}},"_links":{"self":[{"href":"https:\/\/www.copealcoy.es\/es\/wp-json\/wp\/v2\/posts\/130862","targetHints":{"allow":["GET"]}}],"collection":[{"href":"https:\/\/www.copealcoy.es\/es\/wp-json\/wp\/v2\/posts"}],"about":[{"href":"https:\/\/www.copealcoy.es\/es\/wp-json\/wp\/v2\/types\/post"}],"author":[{"embeddable":true,"href":"https:\/\/www.copealcoy.es\/es\/wp-json\/wp\/v2\/users\/1"}],"replies":[{"embeddable":true,"href":"https:\/\/www.copealcoy.es\/es\/wp-json\/wp\/v2\/comments?post=130862"}],"version-history":[{"count":0,"href":"https:\/\/www.copealcoy.es\/es\/wp-json\/wp\/v2\/posts\/130862\/revisions"}],"wp:featuredmedia":[{"embeddable":true,"href":"https:\/\/www.copealcoy.es\/es\/wp-json\/wp\/v2\/media\/130899"}],"wp:attachment":[{"href":"https:\/\/www.copealcoy.es\/es\/wp-json\/wp\/v2\/media?parent=130862"}],"wp:term":[{"taxonomy":"category","embeddable":true,"href":"https:\/\/www.copealcoy.es\/es\/wp-json\/wp\/v2\/categories?post=130862"},{"taxonomy":"post_tag","embeddable":true,"href":"https:\/\/www.copealcoy.es\/es\/wp-json\/wp\/v2\/tags?post=130862"}],"curies":[{"name":"wp","href":"https:\/\/api.w.org\/{rel}","templated":true}]}}