{"id":130844,"date":"2024-03-20T09:20:31","date_gmt":"2024-03-20T08:20:31","guid":{"rendered":"https:\/\/www.copealcoy.es\/?p=130844"},"modified":"2024-03-24T09:54:33","modified_gmt":"2024-03-24T08:54:33","slug":"brillante-concierto-de-la-union-musical-de-alcoy-en-el-portico-de-la-festa","status":"publish","type":"post","link":"https:\/\/www.copealcoy.es\/es\/brillante-concierto-de-la-union-musical-de-alcoy-en-el-portico-de-la-festa\/","title":{"rendered":"Brillante concierto de la Uni\u00f3n Musical de Alcoy en el p\u00f3rtico de la Festa"},"content":{"rendered":"<p style=\"text-align: justify;\">El pasado domingo 17 de marzo fue el turno de la <a href=\"https:\/\/www.facebook.com\/UnioMusicalAlcoi\/?locale=es_ES\" target=\"_blank\" rel=\"noopener\"><strong><span style=\"color: #0000ff;\">Uni\u00f3n Musical de Alcoy<\/span><\/strong><\/a> en el <strong>Ciclo de Conciertos de Exaltaci\u00f3n de la M\u00fasica Festera<\/strong>, cita que anticipa cada a\u00f1o la llegada de nuestras Fiestas de Moros y Cristianos. La actuaci\u00f3n <strong>tuvo lugar en el Teatre Calder\u00f3n<\/strong> a mediod\u00eda y reuni\u00f3n a una amplia representaci\u00f3n del \u00e1mbito de la Festa pero tambi\u00e9n mucho p\u00fablico que quiso disfrutar de las piezas que interpret\u00f3 a banda.<\/p>\n<p style=\"text-align: justify;\">La formaci\u00f3n prepar\u00f3 <strong>un repertorio dividido en dos partes<\/strong> en el que se pudieron escuchar diferentes composiciones de m\u00fasica festera, algunas de reciente creaci\u00f3n y otras que forman parte del patrimonio que existe en torno a este g\u00e9nero musical. Durante <strong>la primera parte<\/strong> se pudieron escuchar el pasodoble <em>El Capit\u00e1n\u00a0<\/em>de Camilo P\u00e9rez Laporta,\u00a0<em>La locura de Boabdil<\/em> compuesta por Jos\u00e9 Carbonell y catalogada como marcha \u00e1rabe o el ballet\u00a0<em>Lliure\u00a0<\/em>de Bene Ripoll. Tambi\u00e9n destac\u00f3\u00a0<em>El Mexuar<\/em>, marcha oriental de Evaristo P\u00e9rez Monllor, o la marcha cristiana\u00a0<em>Jordiana\u00a0<\/em>creada por Jos\u00e9 Mar\u00eda Valls Satorres. Por \u00faltimo sonaron\u00a0<em>Mareva,\u00a0<\/em>pasodoble de Andr\u00e9s Ar\u00e9valo Cots, y la marcha mora\u00a0<em>Elda\u00a0<\/em>del recordado Amando Blanquer Ponsoda. La <strong>segunda parte<\/strong> vino tambi\u00e9n repleta de m\u00fasica con composiciones como la cl\u00e1sica marcha cristiana\u00a0<em>L&#8217;Embaixador Cristi\u00e0,\u00a0<\/em>de Rafael Mullor Grau, o la marcha mora\u00a0<em>Cap d&#8217;Esquadra\u00a0<\/em>alumbrada por Alfonso Y\u00e9pez Santamar\u00eda; a su vez presidente de la Uni\u00f3n Musical de Alcoy. Tras ellas destacaron el pasodoble de Sa\u00fcl G\u00f3mez i Soler <em>It\u2019ram, <\/em>la marcha cristiana\u00a0<em>David\u00a0<\/em>de Ram\u00f3n Garc\u00eda i Soler, la marcha solemne <em>Semper in unum\u00a0<\/em>de Enrique Alborch Tarras\u00f3 y la marcha cristiana <em>Piccadilly Circus\u00a0<\/em>del contestano Josep Vicent Egea Insa.<\/p>\n<p style=\"text-align: justify;\">Con las notas del Himno de Fiestas <strong>se puso fin a concierto que marca el ecuador<\/strong> en el ciclo previo a nuestros moros y cristianos en honor a San Jorge.\u00a0El evento sirvi\u00f3 para dar la bienvenida a <strong>Rafael Garrig\u00f3s Garcia<\/strong>, quien se estren\u00f3 al frente de la banda alcoyana en el concierto.<\/p>\n","protected":false},"excerpt":{"rendered":"<p>El pasado domingo 17 de marzo fue el turno de la Uni\u00f3n Musical de Alcoy en el Ciclo de Conciertos&#8230;<\/p>\n","protected":false},"author":1,"featured_media":130845,"comment_status":"open","ping_status":"open","sticky":false,"template":"","format":"standard","meta":{"footnotes":""},"categories":[6909,97,78,75],"tags":[1494,701,4907,700,16509],"class_list":["post-130844","post","type-post","status-publish","format-standard","has-post-thumbnail","hentry","category-actualidad","category-alcoy","category-fiestaycultura","category-noticias","tag-alcoy","tag-concierto","tag-exaltacion","tag-musica-festera","tag-union-musical-alcoy"],"yoast_head":"<!-- This site is optimized with the Yoast SEO plugin v27.3 - https:\/\/yoast.com\/product\/yoast-seo-wordpress\/ -->\n<title>Brillante concierto de la Uni\u00f3n Musical de Alcoy en el p\u00f3rtico de la Festa - COPE Alcoy<\/title>\n<meta name=\"description\" content=\"La Uni\u00f3n Musical de Alcoy tambi\u00e9n ha tomado parte en el Ciclo de Conciertos de Exaltaci\u00f3n de la M\u00fasica Festera\" \/>\n<meta name=\"robots\" content=\"index, follow, max-snippet:-1, max-image-preview:large, max-video-preview:-1\" \/>\n<link rel=\"canonical\" href=\"https:\/\/www.copealcoy.es\/es\/brillante-concierto-de-la-union-musical-de-alcoy-en-el-portico-de-la-festa\/\" \/>\n<meta property=\"og:locale\" content=\"es_ES\" \/>\n<meta property=\"og:type\" content=\"article\" \/>\n<meta property=\"og:title\" content=\"Brillante concierto de la Uni\u00f3n Musical de Alcoy en el p\u00f3rtico de la Festa - COPE Alcoy\" \/>\n<meta property=\"og:description\" content=\"La Uni\u00f3n Musical de Alcoy tambi\u00e9n ha tomado parte en el Ciclo de Conciertos de Exaltaci\u00f3n de la M\u00fasica Festera\" \/>\n<meta property=\"og:url\" content=\"https:\/\/www.copealcoy.es\/es\/brillante-concierto-de-la-union-musical-de-alcoy-en-el-portico-de-la-festa\/\" \/>\n<meta property=\"og:site_name\" content=\"COPE Alcoy\" \/>\n<meta property=\"article:published_time\" content=\"2024-03-20T08:20:31+00:00\" \/>\n<meta property=\"article:modified_time\" content=\"2024-03-24T08:54:33+00:00\" \/>\n<meta property=\"og:image\" content=\"https:\/\/www.copealcoy.es\/wp-content\/uploads\/2024\/03\/unnamed-1-21.jpg\" \/>\n\t<meta property=\"og:image:width\" content=\"1249\" \/>\n\t<meta property=\"og:image:height\" content=\"662\" \/>\n\t<meta property=\"og:image:type\" content=\"image\/jpeg\" \/>\n<meta name=\"author\" content=\"Cope Alcoy\" \/>\n<meta name=\"twitter:label1\" content=\"Escrito por\" \/>\n\t<meta name=\"twitter:data1\" content=\"Cope Alcoy\" \/>\n\t<meta name=\"twitter:label2\" content=\"Tiempo de lectura\" \/>\n\t<meta name=\"twitter:data2\" content=\"2 minutos\" \/>\n<script type=\"application\/ld+json\" class=\"yoast-schema-graph\">{\"@context\":\"https:\\\/\\\/schema.org\",\"@graph\":[{\"@type\":\"Article\",\"@id\":\"https:\\\/\\\/www.copealcoy.es\\\/es\\\/brillante-concierto-de-la-union-musical-de-alcoy-en-el-portico-de-la-festa\\\/#article\",\"isPartOf\":{\"@id\":\"https:\\\/\\\/www.copealcoy.es\\\/es\\\/brillante-concierto-de-la-union-musical-de-alcoy-en-el-portico-de-la-festa\\\/\"},\"author\":{\"name\":\"Cope Alcoy\",\"@id\":\"https:\\\/\\\/www.copealcoy.es\\\/es\\\/#\\\/schema\\\/person\\\/e777c87fa024e57d40170af9df39882c\"},\"headline\":\"Brillante concierto de la Uni\u00f3n Musical de Alcoy en el p\u00f3rtico de la Festa\",\"datePublished\":\"2024-03-20T08:20:31+00:00\",\"dateModified\":\"2024-03-24T08:54:33+00:00\",\"mainEntityOfPage\":{\"@id\":\"https:\\\/\\\/www.copealcoy.es\\\/es\\\/brillante-concierto-de-la-union-musical-de-alcoy-en-el-portico-de-la-festa\\\/\"},\"wordCount\":377,\"commentCount\":0,\"image\":{\"@id\":\"https:\\\/\\\/www.copealcoy.es\\\/es\\\/brillante-concierto-de-la-union-musical-de-alcoy-en-el-portico-de-la-festa\\\/#primaryimage\"},\"thumbnailUrl\":\"https:\\\/\\\/www.copealcoy.es\\\/wp-content\\\/uploads\\\/2024\\\/03\\\/unnamed-1-21.jpg\",\"keywords\":[\"Alcoy\",\"Concierto\",\"Exaltaci\u00f3n\",\"M\u00fasica Festera\",\"Uni\u00f3n Musical Alcoy\"],\"articleSection\":[\"Actualidad\",\"Alcoy\",\"Fiesta y Cultura\",\"Noticias\"],\"inLanguage\":\"es\"},{\"@type\":\"WebPage\",\"@id\":\"https:\\\/\\\/www.copealcoy.es\\\/es\\\/brillante-concierto-de-la-union-musical-de-alcoy-en-el-portico-de-la-festa\\\/\",\"url\":\"https:\\\/\\\/www.copealcoy.es\\\/es\\\/brillante-concierto-de-la-union-musical-de-alcoy-en-el-portico-de-la-festa\\\/\",\"name\":\"Brillante concierto de la Uni\u00f3n Musical de Alcoy en el p\u00f3rtico de la Festa - COPE Alcoy\",\"isPartOf\":{\"@id\":\"https:\\\/\\\/www.copealcoy.es\\\/es\\\/#website\"},\"primaryImageOfPage\":{\"@id\":\"https:\\\/\\\/www.copealcoy.es\\\/es\\\/brillante-concierto-de-la-union-musical-de-alcoy-en-el-portico-de-la-festa\\\/#primaryimage\"},\"image\":{\"@id\":\"https:\\\/\\\/www.copealcoy.es\\\/es\\\/brillante-concierto-de-la-union-musical-de-alcoy-en-el-portico-de-la-festa\\\/#primaryimage\"},\"thumbnailUrl\":\"https:\\\/\\\/www.copealcoy.es\\\/wp-content\\\/uploads\\\/2024\\\/03\\\/unnamed-1-21.jpg\",\"datePublished\":\"2024-03-20T08:20:31+00:00\",\"dateModified\":\"2024-03-24T08:54:33+00:00\",\"author\":{\"@id\":\"https:\\\/\\\/www.copealcoy.es\\\/es\\\/#\\\/schema\\\/person\\\/e777c87fa024e57d40170af9df39882c\"},\"description\":\"La Uni\u00f3n Musical de Alcoy tambi\u00e9n ha tomado parte en el Ciclo de Conciertos de Exaltaci\u00f3n de la M\u00fasica Festera\",\"breadcrumb\":{\"@id\":\"https:\\\/\\\/www.copealcoy.es\\\/es\\\/brillante-concierto-de-la-union-musical-de-alcoy-en-el-portico-de-la-festa\\\/#breadcrumb\"},\"inLanguage\":\"es\",\"potentialAction\":[{\"@type\":\"ReadAction\",\"target\":[\"https:\\\/\\\/www.copealcoy.es\\\/es\\\/brillante-concierto-de-la-union-musical-de-alcoy-en-el-portico-de-la-festa\\\/\"]}]},{\"@type\":\"ImageObject\",\"inLanguage\":\"es\",\"@id\":\"https:\\\/\\\/www.copealcoy.es\\\/es\\\/brillante-concierto-de-la-union-musical-de-alcoy-en-el-portico-de-la-festa\\\/#primaryimage\",\"url\":\"https:\\\/\\\/www.copealcoy.es\\\/wp-content\\\/uploads\\\/2024\\\/03\\\/unnamed-1-21.jpg\",\"contentUrl\":\"https:\\\/\\\/www.copealcoy.es\\\/wp-content\\\/uploads\\\/2024\\\/03\\\/unnamed-1-21.jpg\",\"width\":1249,\"height\":662},{\"@type\":\"BreadcrumbList\",\"@id\":\"https:\\\/\\\/www.copealcoy.es\\\/es\\\/brillante-concierto-de-la-union-musical-de-alcoy-en-el-portico-de-la-festa\\\/#breadcrumb\",\"itemListElement\":[{\"@type\":\"ListItem\",\"position\":1,\"name\":\"Portada\",\"item\":\"https:\\\/\\\/www.copealcoy.es\\\/es\\\/\"},{\"@type\":\"ListItem\",\"position\":2,\"name\":\"Brillante concierto de la Uni\u00f3n Musical de Alcoy en el p\u00f3rtico de la Festa\"}]},{\"@type\":\"WebSite\",\"@id\":\"https:\\\/\\\/www.copealcoy.es\\\/es\\\/#website\",\"url\":\"https:\\\/\\\/www.copealcoy.es\\\/es\\\/\",\"name\":\"COPE Alcoy\",\"description\":\"Emisora COPE de radio local con emisi\u00f3n online. Pont de Sant Jordi 8-10 03803 Alcoy\",\"potentialAction\":[{\"@type\":\"SearchAction\",\"target\":{\"@type\":\"EntryPoint\",\"urlTemplate\":\"https:\\\/\\\/www.copealcoy.es\\\/es\\\/?s={search_term_string}\"},\"query-input\":{\"@type\":\"PropertyValueSpecification\",\"valueRequired\":true,\"valueName\":\"search_term_string\"}}],\"inLanguage\":\"es\"},{\"@type\":\"Person\",\"@id\":\"https:\\\/\\\/www.copealcoy.es\\\/es\\\/#\\\/schema\\\/person\\\/e777c87fa024e57d40170af9df39882c\",\"name\":\"Cope Alcoy\",\"image\":{\"@type\":\"ImageObject\",\"inLanguage\":\"es\",\"@id\":\"https:\\\/\\\/secure.gravatar.com\\\/avatar\\\/bb65d0283347e303893ba14f0692005417c1e0e690a325a4c5d8bb2b3943ee14?s=96&d=mm&r=g\",\"url\":\"https:\\\/\\\/secure.gravatar.com\\\/avatar\\\/bb65d0283347e303893ba14f0692005417c1e0e690a325a4c5d8bb2b3943ee14?s=96&d=mm&r=g\",\"contentUrl\":\"https:\\\/\\\/secure.gravatar.com\\\/avatar\\\/bb65d0283347e303893ba14f0692005417c1e0e690a325a4c5d8bb2b3943ee14?s=96&d=mm&r=g\",\"caption\":\"Cope Alcoy\"}}]}<\/script>\n<!-- \/ Yoast SEO plugin. -->","yoast_head_json":{"title":"Brillante concierto de la Uni\u00f3n Musical de Alcoy en el p\u00f3rtico de la Festa - COPE Alcoy","description":"La Uni\u00f3n Musical de Alcoy tambi\u00e9n ha tomado parte en el Ciclo de Conciertos de Exaltaci\u00f3n de la M\u00fasica Festera","robots":{"index":"index","follow":"follow","max-snippet":"max-snippet:-1","max-image-preview":"max-image-preview:large","max-video-preview":"max-video-preview:-1"},"canonical":"https:\/\/www.copealcoy.es\/es\/brillante-concierto-de-la-union-musical-de-alcoy-en-el-portico-de-la-festa\/","og_locale":"es_ES","og_type":"article","og_title":"Brillante concierto de la Uni\u00f3n Musical de Alcoy en el p\u00f3rtico de la Festa - COPE Alcoy","og_description":"La Uni\u00f3n Musical de Alcoy tambi\u00e9n ha tomado parte en el Ciclo de Conciertos de Exaltaci\u00f3n de la M\u00fasica Festera","og_url":"https:\/\/www.copealcoy.es\/es\/brillante-concierto-de-la-union-musical-de-alcoy-en-el-portico-de-la-festa\/","og_site_name":"COPE Alcoy","article_published_time":"2024-03-20T08:20:31+00:00","article_modified_time":"2024-03-24T08:54:33+00:00","og_image":[{"width":1249,"height":662,"url":"https:\/\/www.copealcoy.es\/wp-content\/uploads\/2024\/03\/unnamed-1-21.jpg","type":"image\/jpeg"}],"author":"Cope Alcoy","twitter_misc":{"Escrito por":"Cope Alcoy","Tiempo de lectura":"2 minutos"},"schema":{"@context":"https:\/\/schema.org","@graph":[{"@type":"Article","@id":"https:\/\/www.copealcoy.es\/es\/brillante-concierto-de-la-union-musical-de-alcoy-en-el-portico-de-la-festa\/#article","isPartOf":{"@id":"https:\/\/www.copealcoy.es\/es\/brillante-concierto-de-la-union-musical-de-alcoy-en-el-portico-de-la-festa\/"},"author":{"name":"Cope Alcoy","@id":"https:\/\/www.copealcoy.es\/es\/#\/schema\/person\/e777c87fa024e57d40170af9df39882c"},"headline":"Brillante concierto de la Uni\u00f3n Musical de Alcoy en el p\u00f3rtico de la Festa","datePublished":"2024-03-20T08:20:31+00:00","dateModified":"2024-03-24T08:54:33+00:00","mainEntityOfPage":{"@id":"https:\/\/www.copealcoy.es\/es\/brillante-concierto-de-la-union-musical-de-alcoy-en-el-portico-de-la-festa\/"},"wordCount":377,"commentCount":0,"image":{"@id":"https:\/\/www.copealcoy.es\/es\/brillante-concierto-de-la-union-musical-de-alcoy-en-el-portico-de-la-festa\/#primaryimage"},"thumbnailUrl":"https:\/\/www.copealcoy.es\/wp-content\/uploads\/2024\/03\/unnamed-1-21.jpg","keywords":["Alcoy","Concierto","Exaltaci\u00f3n","M\u00fasica Festera","Uni\u00f3n Musical Alcoy"],"articleSection":["Actualidad","Alcoy","Fiesta y Cultura","Noticias"],"inLanguage":"es"},{"@type":"WebPage","@id":"https:\/\/www.copealcoy.es\/es\/brillante-concierto-de-la-union-musical-de-alcoy-en-el-portico-de-la-festa\/","url":"https:\/\/www.copealcoy.es\/es\/brillante-concierto-de-la-union-musical-de-alcoy-en-el-portico-de-la-festa\/","name":"Brillante concierto de la Uni\u00f3n Musical de Alcoy en el p\u00f3rtico de la Festa - COPE Alcoy","isPartOf":{"@id":"https:\/\/www.copealcoy.es\/es\/#website"},"primaryImageOfPage":{"@id":"https:\/\/www.copealcoy.es\/es\/brillante-concierto-de-la-union-musical-de-alcoy-en-el-portico-de-la-festa\/#primaryimage"},"image":{"@id":"https:\/\/www.copealcoy.es\/es\/brillante-concierto-de-la-union-musical-de-alcoy-en-el-portico-de-la-festa\/#primaryimage"},"thumbnailUrl":"https:\/\/www.copealcoy.es\/wp-content\/uploads\/2024\/03\/unnamed-1-21.jpg","datePublished":"2024-03-20T08:20:31+00:00","dateModified":"2024-03-24T08:54:33+00:00","author":{"@id":"https:\/\/www.copealcoy.es\/es\/#\/schema\/person\/e777c87fa024e57d40170af9df39882c"},"description":"La Uni\u00f3n Musical de Alcoy tambi\u00e9n ha tomado parte en el Ciclo de Conciertos de Exaltaci\u00f3n de la M\u00fasica Festera","breadcrumb":{"@id":"https:\/\/www.copealcoy.es\/es\/brillante-concierto-de-la-union-musical-de-alcoy-en-el-portico-de-la-festa\/#breadcrumb"},"inLanguage":"es","potentialAction":[{"@type":"ReadAction","target":["https:\/\/www.copealcoy.es\/es\/brillante-concierto-de-la-union-musical-de-alcoy-en-el-portico-de-la-festa\/"]}]},{"@type":"ImageObject","inLanguage":"es","@id":"https:\/\/www.copealcoy.es\/es\/brillante-concierto-de-la-union-musical-de-alcoy-en-el-portico-de-la-festa\/#primaryimage","url":"https:\/\/www.copealcoy.es\/wp-content\/uploads\/2024\/03\/unnamed-1-21.jpg","contentUrl":"https:\/\/www.copealcoy.es\/wp-content\/uploads\/2024\/03\/unnamed-1-21.jpg","width":1249,"height":662},{"@type":"BreadcrumbList","@id":"https:\/\/www.copealcoy.es\/es\/brillante-concierto-de-la-union-musical-de-alcoy-en-el-portico-de-la-festa\/#breadcrumb","itemListElement":[{"@type":"ListItem","position":1,"name":"Portada","item":"https:\/\/www.copealcoy.es\/es\/"},{"@type":"ListItem","position":2,"name":"Brillante concierto de la Uni\u00f3n Musical de Alcoy en el p\u00f3rtico de la Festa"}]},{"@type":"WebSite","@id":"https:\/\/www.copealcoy.es\/es\/#website","url":"https:\/\/www.copealcoy.es\/es\/","name":"COPE Alcoy","description":"Emisora COPE de radio local con emisi\u00f3n online. Pont de Sant Jordi 8-10 03803 Alcoy","potentialAction":[{"@type":"SearchAction","target":{"@type":"EntryPoint","urlTemplate":"https:\/\/www.copealcoy.es\/es\/?s={search_term_string}"},"query-input":{"@type":"PropertyValueSpecification","valueRequired":true,"valueName":"search_term_string"}}],"inLanguage":"es"},{"@type":"Person","@id":"https:\/\/www.copealcoy.es\/es\/#\/schema\/person\/e777c87fa024e57d40170af9df39882c","name":"Cope Alcoy","image":{"@type":"ImageObject","inLanguage":"es","@id":"https:\/\/secure.gravatar.com\/avatar\/bb65d0283347e303893ba14f0692005417c1e0e690a325a4c5d8bb2b3943ee14?s=96&d=mm&r=g","url":"https:\/\/secure.gravatar.com\/avatar\/bb65d0283347e303893ba14f0692005417c1e0e690a325a4c5d8bb2b3943ee14?s=96&d=mm&r=g","contentUrl":"https:\/\/secure.gravatar.com\/avatar\/bb65d0283347e303893ba14f0692005417c1e0e690a325a4c5d8bb2b3943ee14?s=96&d=mm&r=g","caption":"Cope Alcoy"}}]}},"_links":{"self":[{"href":"https:\/\/www.copealcoy.es\/es\/wp-json\/wp\/v2\/posts\/130844","targetHints":{"allow":["GET"]}}],"collection":[{"href":"https:\/\/www.copealcoy.es\/es\/wp-json\/wp\/v2\/posts"}],"about":[{"href":"https:\/\/www.copealcoy.es\/es\/wp-json\/wp\/v2\/types\/post"}],"author":[{"embeddable":true,"href":"https:\/\/www.copealcoy.es\/es\/wp-json\/wp\/v2\/users\/1"}],"replies":[{"embeddable":true,"href":"https:\/\/www.copealcoy.es\/es\/wp-json\/wp\/v2\/comments?post=130844"}],"version-history":[{"count":0,"href":"https:\/\/www.copealcoy.es\/es\/wp-json\/wp\/v2\/posts\/130844\/revisions"}],"wp:featuredmedia":[{"embeddable":true,"href":"https:\/\/www.copealcoy.es\/es\/wp-json\/wp\/v2\/media\/130845"}],"wp:attachment":[{"href":"https:\/\/www.copealcoy.es\/es\/wp-json\/wp\/v2\/media?parent=130844"}],"wp:term":[{"taxonomy":"category","embeddable":true,"href":"https:\/\/www.copealcoy.es\/es\/wp-json\/wp\/v2\/categories?post=130844"},{"taxonomy":"post_tag","embeddable":true,"href":"https:\/\/www.copealcoy.es\/es\/wp-json\/wp\/v2\/tags?post=130844"}],"curies":[{"name":"wp","href":"https:\/\/api.w.org\/{rel}","templated":true}]}}