{"id":130806,"date":"2024-03-23T23:44:19","date_gmt":"2024-03-23T22:44:19","guid":{"rendered":"https:\/\/www.copealcoy.es\/?p=130806"},"modified":"2024-03-24T00:30:10","modified_gmt":"2024-03-23T23:30:10","slug":"multitudinaria-representacion-de-la-pasion-por-las-calles-de-cocentaina","status":"publish","type":"post","link":"https:\/\/www.copealcoy.es\/es\/multitudinaria-representacion-de-la-pasion-por-las-calles-de-cocentaina\/","title":{"rendered":"Multitudinaria representaci\u00f3n de La Pasi\u00f3n por las calles de Cocentaina"},"content":{"rendered":"<p style=\"text-align: justify;\">Cocentaina <strong>se ha adentrado en la <a href=\"https:\/\/www.facebook.com\/semanasanta.cocentaina\"><span style=\"color: #0000ff;\">Semana Santa<\/span><\/a><\/strong> con <strong>una multitudinaria representaci\u00f3n de La Pasi\u00f3n<\/strong>, un acto que <strong>lleva m\u00e1s de una d\u00e9cada realiz\u00e1ndose<\/strong> <strong>en las calles de la poblaci\u00f3n<\/strong> durante la v\u00edspera del Domingo de Ramos y que ha vuelto a reunir a gran cantidad de p\u00fablico. M\u00e1s de doscientos actores, <strong>guiados por el Grup de Teatre del Patronat<\/strong>, han llevado a cabo una escenificaci\u00f3n que se centra en la Pasi\u00f3n, Muerte y Resurrecci\u00f3n de Cristo, y que, sin duda alguna, constituye <strong>una se\u00f1a de identidad<\/strong> de la capital del Comtat.<\/p>\n<p style=\"text-align: justify;\">La escenificaci\u00f3n comenz\u00f3 pasadas las ocho de la tarde en el <strong>Pla de la Font<\/strong>\u00a0con la\u00a0<strong>recreaci\u00f3n de la Entrada de Jes\u00fas en Jerusal\u00e9n<\/strong>\u00a0y continu\u00f3 a las<strong>\u00a0puertas de la iglesia de Santa Mar\u00eda<\/strong>\u00a0con la\u00a0<strong>\u00daltima Cena<\/strong>. Ya en la\u00a0<strong>Plaza del Pla<\/strong>\u00a0se pudo ver\u00a0<strong>la Oraci\u00f3n en el Huerto de Getseman\u00ed<\/strong> y el <strong>Prendimiento<\/strong>\u00a0mientras que dentro del\u00a0<strong>patio de armas del Palau Comtal<\/strong>\u00a0se simul\u00f3\u00a0<strong>el Juicio ante Pilatos<\/strong>. Una vez m\u00e1s se aprovecharon las ventanas situadas encima de las arcadas para representar <strong>la Flagelaci\u00f3n \u00a0y las escenas b\u00edblicas<\/strong>\u00a0en las que la esposa de Pilatos le pide a este \u00faltimo que no condene a Jes\u00fas. Finalmente\u00a0<strong>se pudo ver la subida al Monte Calvario y la Crucifixi\u00f3n en lo alto de la calle Sant\u00edsima Trinidad<\/strong>. En este enclave, situado a los pies de la Serra de Mariola, destac\u00f3 tambi\u00e9n el momento en el que <strong>la Virgen Mar\u00eda recibe en sus brazos a Cristo Yacente<\/strong> tras ser bajado de la cruz. Esta obra viviente, a la que se sum\u00f3 adem\u00e1s un nutrido grupo de percusi\u00f3n para acompa\u00f1ar el instante de la subida al calvario, finaliz\u00f3 con <strong>la Resurrecci\u00f3n<\/strong>.<\/p>\n<p style=\"text-align: justify;\">Gente de Cocentaina, pero tambi\u00e9n vecinos de l&#8217;Alcoi\u00e0 y el Comtat e incluso de comarcas cercanas; <strong>no quisieron perderse la La Pasi\u00f3n por las calles<\/strong> dejando estampas como la calle Sant\u00edsima Trinidad completamente llena de p\u00fablico en el tramo final del acto. Los actos del inicio de la Semana Santa <strong>contin\u00faan en este Domingo de Ramos<\/strong> con la bendici\u00f3n de palmas en el Convento de los Franciscanos a las once de la ma\u00f1ana seguida de la procesi\u00f3n hasta El Pla donde se oficiar\u00e1 la misa solemne. A las 17:30h ser\u00e1 el V\u00eda Crucis en el calvario del mismo Convento de los Franciscanos y a las 20:00h saldr\u00e1 la procesi\u00f3n de La Dolorosa desde la parroquia del Salvador.<\/p>\n<div id='gallery-1' class='gallery galleryid-130806 gallery-columns-2 gallery-size-full'><figure class='gallery-item'>\n\t\t\t<div class='gallery-icon landscape'>\n\t\t\t\t<a href='https:\/\/www.copealcoy.es\/es\/multitudinaria-representacion-de-la-pasion-por-las-calles-de-cocentaina\/img_2058\/'><img loading=\"lazy\" decoding=\"async\" width=\"1620\" height=\"1080\" src=\"https:\/\/www.copealcoy.es\/wp-content\/uploads\/2024\/03\/IMG_2058-scaled.jpg\" class=\"attachment-full size-full\" alt=\"\" srcset=\"https:\/\/www.copealcoy.es\/wp-content\/uploads\/2024\/03\/IMG_2058-scaled.jpg 1620w, https:\/\/www.copealcoy.es\/wp-content\/uploads\/2024\/03\/IMG_2058-768x512.jpg 768w, https:\/\/www.copealcoy.es\/wp-content\/uploads\/2024\/03\/IMG_2058-1536x1024.jpg 1536w, https:\/\/www.copealcoy.es\/wp-content\/uploads\/2024\/03\/IMG_2058-2048x1365.jpg 2048w, https:\/\/www.copealcoy.es\/wp-content\/uploads\/2024\/03\/IMG_2058-300x200.jpg 300w, https:\/\/www.copealcoy.es\/wp-content\/uploads\/2024\/03\/IMG_2058-600x400.jpg 600w, https:\/\/www.copealcoy.es\/wp-content\/uploads\/2024\/03\/IMG_2058-1200x800.jpg 1200w\" sizes=\"auto, (max-width: 1620px) 100vw, 1620px\" \/><\/a>\n\t\t\t<\/div><\/figure><figure class='gallery-item'>\n\t\t\t<div class='gallery-icon landscape'>\n\t\t\t\t<a href='https:\/\/www.copealcoy.es\/es\/multitudinaria-representacion-de-la-pasion-por-las-calles-de-cocentaina\/img_2069\/'><img loading=\"lazy\" decoding=\"async\" width=\"1920\" height=\"1280\" src=\"https:\/\/www.copealcoy.es\/wp-content\/uploads\/2024\/03\/IMG_2069-scaled.jpg\" class=\"attachment-full size-full\" alt=\"\" srcset=\"https:\/\/www.copealcoy.es\/wp-content\/uploads\/2024\/03\/IMG_2069-scaled.jpg 1920w, https:\/\/www.copealcoy.es\/wp-content\/uploads\/2024\/03\/IMG_2069-768x512.jpg 768w, https:\/\/www.copealcoy.es\/wp-content\/uploads\/2024\/03\/IMG_2069-1536x1024.jpg 1536w, https:\/\/www.copealcoy.es\/wp-content\/uploads\/2024\/03\/IMG_2069-2048x1365.jpg 2048w, https:\/\/www.copealcoy.es\/wp-content\/uploads\/2024\/03\/IMG_2069-300x200.jpg 300w, https:\/\/www.copealcoy.es\/wp-content\/uploads\/2024\/03\/IMG_2069-600x400.jpg 600w, https:\/\/www.copealcoy.es\/wp-content\/uploads\/2024\/03\/IMG_2069-1200x800.jpg 1200w\" sizes=\"auto, (max-width: 1920px) 100vw, 1920px\" \/><\/a>\n\t\t\t<\/div><\/figure><figure class='gallery-item'>\n\t\t\t<div class='gallery-icon landscape'>\n\t\t\t\t<a href='https:\/\/www.copealcoy.es\/es\/multitudinaria-representacion-de-la-pasion-por-las-calles-de-cocentaina\/img_2071\/'><img loading=\"lazy\" decoding=\"async\" width=\"1620\" height=\"1080\" src=\"https:\/\/www.copealcoy.es\/wp-content\/uploads\/2024\/03\/IMG_2071-scaled.jpg\" class=\"attachment-full size-full\" alt=\"\" srcset=\"https:\/\/www.copealcoy.es\/wp-content\/uploads\/2024\/03\/IMG_2071-scaled.jpg 1620w, https:\/\/www.copealcoy.es\/wp-content\/uploads\/2024\/03\/IMG_2071-768x512.jpg 768w, https:\/\/www.copealcoy.es\/wp-content\/uploads\/2024\/03\/IMG_2071-1536x1024.jpg 1536w, https:\/\/www.copealcoy.es\/wp-content\/uploads\/2024\/03\/IMG_2071-2048x1365.jpg 2048w, https:\/\/www.copealcoy.es\/wp-content\/uploads\/2024\/03\/IMG_2071-300x200.jpg 300w, https:\/\/www.copealcoy.es\/wp-content\/uploads\/2024\/03\/IMG_2071-600x400.jpg 600w, https:\/\/www.copealcoy.es\/wp-content\/uploads\/2024\/03\/IMG_2071-1200x800.jpg 1200w\" sizes=\"auto, (max-width: 1620px) 100vw, 1620px\" \/><\/a>\n\t\t\t<\/div><\/figure><figure class='gallery-item'>\n\t\t\t<div class='gallery-icon landscape'>\n\t\t\t\t<a href='https:\/\/www.copealcoy.es\/es\/multitudinaria-representacion-de-la-pasion-por-las-calles-de-cocentaina\/img_2088\/'><img loading=\"lazy\" decoding=\"async\" width=\"1620\" height=\"1080\" src=\"https:\/\/www.copealcoy.es\/wp-content\/uploads\/2024\/03\/IMG_2088-scaled.jpg\" class=\"attachment-full size-full\" alt=\"\" srcset=\"https:\/\/www.copealcoy.es\/wp-content\/uploads\/2024\/03\/IMG_2088-scaled.jpg 1620w, https:\/\/www.copealcoy.es\/wp-content\/uploads\/2024\/03\/IMG_2088-768x512.jpg 768w, https:\/\/www.copealcoy.es\/wp-content\/uploads\/2024\/03\/IMG_2088-1536x1024.jpg 1536w, https:\/\/www.copealcoy.es\/wp-content\/uploads\/2024\/03\/IMG_2088-2048x1365.jpg 2048w, https:\/\/www.copealcoy.es\/wp-content\/uploads\/2024\/03\/IMG_2088-300x200.jpg 300w, https:\/\/www.copealcoy.es\/wp-content\/uploads\/2024\/03\/IMG_2088-600x400.jpg 600w, https:\/\/www.copealcoy.es\/wp-content\/uploads\/2024\/03\/IMG_2088-1200x800.jpg 1200w\" sizes=\"auto, (max-width: 1620px) 100vw, 1620px\" \/><\/a>\n\t\t\t<\/div><\/figure><figure class='gallery-item'>\n\t\t\t<div class='gallery-icon landscape'>\n\t\t\t\t<a href='https:\/\/www.copealcoy.es\/es\/multitudinaria-representacion-de-la-pasion-por-las-calles-de-cocentaina\/img_2100\/'><img loading=\"lazy\" decoding=\"async\" width=\"1479\" height=\"955\" src=\"https:\/\/www.copealcoy.es\/wp-content\/uploads\/2024\/03\/IMG_2100-scaled-e1711233950792.jpg\" class=\"attachment-full size-full\" alt=\"\" srcset=\"https:\/\/www.copealcoy.es\/wp-content\/uploads\/2024\/03\/IMG_2100-scaled-e1711233950792.jpg 1479w, https:\/\/www.copealcoy.es\/wp-content\/uploads\/2024\/03\/IMG_2100-scaled-e1711233950792-768x496.jpg 768w\" sizes=\"auto, (max-width: 1479px) 100vw, 1479px\" \/><\/a>\n\t\t\t<\/div><\/figure><figure class='gallery-item'>\n\t\t\t<div class='gallery-icon landscape'>\n\t\t\t\t<a href='https:\/\/www.copealcoy.es\/es\/multitudinaria-representacion-de-la-pasion-por-las-calles-de-cocentaina\/img_2111\/'><img loading=\"lazy\" decoding=\"async\" width=\"1620\" height=\"1080\" src=\"https:\/\/www.copealcoy.es\/wp-content\/uploads\/2024\/03\/IMG_2111-scaled.jpg\" class=\"attachment-full size-full\" alt=\"\" srcset=\"https:\/\/www.copealcoy.es\/wp-content\/uploads\/2024\/03\/IMG_2111-scaled.jpg 1620w, https:\/\/www.copealcoy.es\/wp-content\/uploads\/2024\/03\/IMG_2111-768x512.jpg 768w, https:\/\/www.copealcoy.es\/wp-content\/uploads\/2024\/03\/IMG_2111-1536x1024.jpg 1536w, https:\/\/www.copealcoy.es\/wp-content\/uploads\/2024\/03\/IMG_2111-2048x1365.jpg 2048w, https:\/\/www.copealcoy.es\/wp-content\/uploads\/2024\/03\/IMG_2111-300x200.jpg 300w, https:\/\/www.copealcoy.es\/wp-content\/uploads\/2024\/03\/IMG_2111-600x400.jpg 600w, https:\/\/www.copealcoy.es\/wp-content\/uploads\/2024\/03\/IMG_2111-1200x800.jpg 1200w\" sizes=\"auto, (max-width: 1620px) 100vw, 1620px\" \/><\/a>\n\t\t\t<\/div><\/figure><figure class='gallery-item'>\n\t\t\t<div class='gallery-icon landscape'>\n\t\t\t\t<a href='https:\/\/www.copealcoy.es\/es\/multitudinaria-representacion-de-la-pasion-por-las-calles-de-cocentaina\/img_2120\/'><img loading=\"lazy\" decoding=\"async\" width=\"1620\" height=\"1080\" src=\"https:\/\/www.copealcoy.es\/wp-content\/uploads\/2024\/03\/IMG_2120-scaled.jpg\" class=\"attachment-full size-full\" alt=\"\" srcset=\"https:\/\/www.copealcoy.es\/wp-content\/uploads\/2024\/03\/IMG_2120-scaled.jpg 1620w, https:\/\/www.copealcoy.es\/wp-content\/uploads\/2024\/03\/IMG_2120-768x512.jpg 768w, https:\/\/www.copealcoy.es\/wp-content\/uploads\/2024\/03\/IMG_2120-1536x1024.jpg 1536w, https:\/\/www.copealcoy.es\/wp-content\/uploads\/2024\/03\/IMG_2120-2048x1365.jpg 2048w, https:\/\/www.copealcoy.es\/wp-content\/uploads\/2024\/03\/IMG_2120-300x200.jpg 300w, https:\/\/www.copealcoy.es\/wp-content\/uploads\/2024\/03\/IMG_2120-600x400.jpg 600w, https:\/\/www.copealcoy.es\/wp-content\/uploads\/2024\/03\/IMG_2120-1200x800.jpg 1200w\" sizes=\"auto, (max-width: 1620px) 100vw, 1620px\" \/><\/a>\n\t\t\t<\/div><\/figure><figure class='gallery-item'>\n\t\t\t<div class='gallery-icon landscape'>\n\t\t\t\t<a href='https:\/\/www.copealcoy.es\/es\/multitudinaria-representacion-de-la-pasion-por-las-calles-de-cocentaina\/img_2126\/'><img loading=\"lazy\" decoding=\"async\" width=\"1620\" height=\"1080\" src=\"https:\/\/www.copealcoy.es\/wp-content\/uploads\/2024\/03\/IMG_2126-scaled.jpg\" class=\"attachment-full size-full\" alt=\"\" srcset=\"https:\/\/www.copealcoy.es\/wp-content\/uploads\/2024\/03\/IMG_2126-scaled.jpg 1620w, https:\/\/www.copealcoy.es\/wp-content\/uploads\/2024\/03\/IMG_2126-768x512.jpg 768w, https:\/\/www.copealcoy.es\/wp-content\/uploads\/2024\/03\/IMG_2126-1536x1024.jpg 1536w, https:\/\/www.copealcoy.es\/wp-content\/uploads\/2024\/03\/IMG_2126-2048x1365.jpg 2048w, https:\/\/www.copealcoy.es\/wp-content\/uploads\/2024\/03\/IMG_2126-300x200.jpg 300w, https:\/\/www.copealcoy.es\/wp-content\/uploads\/2024\/03\/IMG_2126-600x400.jpg 600w, https:\/\/www.copealcoy.es\/wp-content\/uploads\/2024\/03\/IMG_2126-1200x800.jpg 1200w\" sizes=\"auto, (max-width: 1620px) 100vw, 1620px\" \/><\/a>\n\t\t\t<\/div><\/figure><figure class='gallery-item'>\n\t\t\t<div class='gallery-icon landscape'>\n\t\t\t\t<a href='https:\/\/www.copealcoy.es\/es\/multitudinaria-representacion-de-la-pasion-por-las-calles-de-cocentaina\/img_2134\/'><img loading=\"lazy\" decoding=\"async\" width=\"1620\" height=\"1080\" src=\"https:\/\/www.copealcoy.es\/wp-content\/uploads\/2024\/03\/IMG_2134-scaled.jpg\" class=\"attachment-full size-full\" alt=\"\" srcset=\"https:\/\/www.copealcoy.es\/wp-content\/uploads\/2024\/03\/IMG_2134-scaled.jpg 1620w, https:\/\/www.copealcoy.es\/wp-content\/uploads\/2024\/03\/IMG_2134-768x512.jpg 768w, https:\/\/www.copealcoy.es\/wp-content\/uploads\/2024\/03\/IMG_2134-1536x1024.jpg 1536w, https:\/\/www.copealcoy.es\/wp-content\/uploads\/2024\/03\/IMG_2134-2048x1365.jpg 2048w, https:\/\/www.copealcoy.es\/wp-content\/uploads\/2024\/03\/IMG_2134-300x200.jpg 300w, https:\/\/www.copealcoy.es\/wp-content\/uploads\/2024\/03\/IMG_2134-600x400.jpg 600w, https:\/\/www.copealcoy.es\/wp-content\/uploads\/2024\/03\/IMG_2134-1200x800.jpg 1200w\" sizes=\"auto, (max-width: 1620px) 100vw, 1620px\" \/><\/a>\n\t\t\t<\/div><\/figure><figure class='gallery-item'>\n\t\t\t<div class='gallery-icon landscape'>\n\t\t\t\t<a href='https:\/\/www.copealcoy.es\/es\/multitudinaria-representacion-de-la-pasion-por-las-calles-de-cocentaina\/img_2129\/'><img loading=\"lazy\" decoding=\"async\" width=\"1620\" height=\"1080\" src=\"https:\/\/www.copealcoy.es\/wp-content\/uploads\/2024\/03\/IMG_2129-scaled.jpg\" class=\"attachment-full size-full\" alt=\"\" srcset=\"https:\/\/www.copealcoy.es\/wp-content\/uploads\/2024\/03\/IMG_2129-scaled.jpg 1620w, https:\/\/www.copealcoy.es\/wp-content\/uploads\/2024\/03\/IMG_2129-768x512.jpg 768w, https:\/\/www.copealcoy.es\/wp-content\/uploads\/2024\/03\/IMG_2129-1536x1024.jpg 1536w, https:\/\/www.copealcoy.es\/wp-content\/uploads\/2024\/03\/IMG_2129-2048x1365.jpg 2048w, https:\/\/www.copealcoy.es\/wp-content\/uploads\/2024\/03\/IMG_2129-300x200.jpg 300w, https:\/\/www.copealcoy.es\/wp-content\/uploads\/2024\/03\/IMG_2129-600x400.jpg 600w, https:\/\/www.copealcoy.es\/wp-content\/uploads\/2024\/03\/IMG_2129-1200x800.jpg 1200w\" sizes=\"auto, (max-width: 1620px) 100vw, 1620px\" \/><\/a>\n\t\t\t<\/div><\/figure><figure class='gallery-item'>\n\t\t\t<div class='gallery-icon landscape'>\n\t\t\t\t<a href='https:\/\/www.copealcoy.es\/es\/multitudinaria-representacion-de-la-pasion-por-las-calles-de-cocentaina\/img_2136\/'><img loading=\"lazy\" decoding=\"async\" width=\"1620\" height=\"1080\" src=\"https:\/\/www.copealcoy.es\/wp-content\/uploads\/2024\/03\/IMG_2136-scaled.jpg\" class=\"attachment-full size-full\" alt=\"\" srcset=\"https:\/\/www.copealcoy.es\/wp-content\/uploads\/2024\/03\/IMG_2136-scaled.jpg 1620w, https:\/\/www.copealcoy.es\/wp-content\/uploads\/2024\/03\/IMG_2136-768x512.jpg 768w, https:\/\/www.copealcoy.es\/wp-content\/uploads\/2024\/03\/IMG_2136-1536x1024.jpg 1536w, https:\/\/www.copealcoy.es\/wp-content\/uploads\/2024\/03\/IMG_2136-2048x1365.jpg 2048w, https:\/\/www.copealcoy.es\/wp-content\/uploads\/2024\/03\/IMG_2136-300x200.jpg 300w, https:\/\/www.copealcoy.es\/wp-content\/uploads\/2024\/03\/IMG_2136-600x400.jpg 600w, https:\/\/www.copealcoy.es\/wp-content\/uploads\/2024\/03\/IMG_2136-1200x800.jpg 1200w\" sizes=\"auto, (max-width: 1620px) 100vw, 1620px\" \/><\/a>\n\t\t\t<\/div><\/figure><figure class='gallery-item'>\n\t\t\t<div class='gallery-icon landscape'>\n\t\t\t\t<a href='https:\/\/www.copealcoy.es\/es\/multitudinaria-representacion-de-la-pasion-por-las-calles-de-cocentaina\/img_2141\/'><img loading=\"lazy\" decoding=\"async\" width=\"1620\" height=\"1080\" src=\"https:\/\/www.copealcoy.es\/wp-content\/uploads\/2024\/03\/IMG_2141-scaled.jpg\" class=\"attachment-full size-full\" alt=\"\" srcset=\"https:\/\/www.copealcoy.es\/wp-content\/uploads\/2024\/03\/IMG_2141-scaled.jpg 1620w, https:\/\/www.copealcoy.es\/wp-content\/uploads\/2024\/03\/IMG_2141-768x512.jpg 768w, https:\/\/www.copealcoy.es\/wp-content\/uploads\/2024\/03\/IMG_2141-1536x1024.jpg 1536w, https:\/\/www.copealcoy.es\/wp-content\/uploads\/2024\/03\/IMG_2141-2048x1365.jpg 2048w, https:\/\/www.copealcoy.es\/wp-content\/uploads\/2024\/03\/IMG_2141-300x200.jpg 300w, https:\/\/www.copealcoy.es\/wp-content\/uploads\/2024\/03\/IMG_2141-600x400.jpg 600w, https:\/\/www.copealcoy.es\/wp-content\/uploads\/2024\/03\/IMG_2141-1200x800.jpg 1200w\" sizes=\"auto, (max-width: 1620px) 100vw, 1620px\" \/><\/a>\n\t\t\t<\/div><\/figure>\n\t\t<\/div>\n\n","protected":false},"excerpt":{"rendered":"<p>Cocentaina se ha adentrado en la Semana Santa con una multitudinaria representaci\u00f3n de La Pasi\u00f3n, un acto que lleva m\u00e1s&#8230;<\/p>\n","protected":false},"author":1,"featured_media":130807,"comment_status":"open","ping_status":"open","sticky":false,"template":"","format":"standard","meta":{"footnotes":""},"categories":[6909,98,75],"tags":[132,16507,3967,4011,745],"class_list":["post-130806","post","type-post","status-publish","format-standard","has-post-thumbnail","hentry","category-actualidad","category-comarcas","category-noticias","tag-cocentaina","tag-grup-de-teatre-del-patronat","tag-la-pasion","tag-representacion","tag-semana-santa"],"yoast_head":"<!-- This site is optimized with the Yoast SEO plugin v27.3 - https:\/\/yoast.com\/product\/yoast-seo-wordpress\/ -->\n<title>Multitudinaria representaci\u00f3n de La Pasi\u00f3n por las calles de Cocentaina - COPE Alcoy<\/title>\n<meta name=\"description\" content=\"Cocentaina se ha adentrado en la Semana Santa con una multitudinaria representaci\u00f3n de La Pasi\u00f3n por las calles\" \/>\n<meta name=\"robots\" content=\"index, follow, max-snippet:-1, max-image-preview:large, max-video-preview:-1\" \/>\n<link rel=\"canonical\" href=\"https:\/\/www.copealcoy.es\/es\/multitudinaria-representacion-de-la-pasion-por-las-calles-de-cocentaina\/\" \/>\n<meta property=\"og:locale\" content=\"es_ES\" \/>\n<meta property=\"og:type\" content=\"article\" \/>\n<meta property=\"og:title\" content=\"Multitudinaria representaci\u00f3n de La Pasi\u00f3n por las calles de Cocentaina - COPE Alcoy\" \/>\n<meta property=\"og:description\" content=\"Cocentaina se ha adentrado en la Semana Santa con una multitudinaria representaci\u00f3n de La Pasi\u00f3n por las calles\" \/>\n<meta property=\"og:url\" content=\"https:\/\/www.copealcoy.es\/es\/multitudinaria-representacion-de-la-pasion-por-las-calles-de-cocentaina\/\" \/>\n<meta property=\"og:site_name\" content=\"COPE Alcoy\" \/>\n<meta property=\"article:published_time\" content=\"2024-03-23T22:44:19+00:00\" \/>\n<meta property=\"article:modified_time\" content=\"2024-03-23T23:30:10+00:00\" \/>\n<meta property=\"og:image\" content=\"https:\/\/www.copealcoy.es\/wp-content\/uploads\/2024\/03\/IMG_2100-scaled-e1711233950792.jpg\" \/>\n\t<meta property=\"og:image:width\" content=\"1479\" \/>\n\t<meta property=\"og:image:height\" content=\"955\" \/>\n\t<meta property=\"og:image:type\" content=\"image\/jpeg\" \/>\n<meta name=\"author\" content=\"Cope Alcoy\" \/>\n<meta name=\"twitter:label1\" content=\"Escrito por\" \/>\n\t<meta name=\"twitter:data1\" content=\"Cope Alcoy\" \/>\n\t<meta name=\"twitter:label2\" content=\"Tiempo de lectura\" \/>\n\t<meta name=\"twitter:data2\" content=\"3 minutos\" \/>\n<script type=\"application\/ld+json\" class=\"yoast-schema-graph\">{\"@context\":\"https:\\\/\\\/schema.org\",\"@graph\":[{\"@type\":\"Article\",\"@id\":\"https:\\\/\\\/www.copealcoy.es\\\/es\\\/multitudinaria-representacion-de-la-pasion-por-las-calles-de-cocentaina\\\/#article\",\"isPartOf\":{\"@id\":\"https:\\\/\\\/www.copealcoy.es\\\/es\\\/multitudinaria-representacion-de-la-pasion-por-las-calles-de-cocentaina\\\/\"},\"author\":{\"name\":\"Cope Alcoy\",\"@id\":\"https:\\\/\\\/www.copealcoy.es\\\/es\\\/#\\\/schema\\\/person\\\/e777c87fa024e57d40170af9df39882c\"},\"headline\":\"Multitudinaria representaci\u00f3n de La Pasi\u00f3n por las calles de Cocentaina\",\"datePublished\":\"2024-03-23T22:44:19+00:00\",\"dateModified\":\"2024-03-23T23:30:10+00:00\",\"mainEntityOfPage\":{\"@id\":\"https:\\\/\\\/www.copealcoy.es\\\/es\\\/multitudinaria-representacion-de-la-pasion-por-las-calles-de-cocentaina\\\/\"},\"wordCount\":462,\"commentCount\":0,\"image\":{\"@id\":\"https:\\\/\\\/www.copealcoy.es\\\/es\\\/multitudinaria-representacion-de-la-pasion-por-las-calles-de-cocentaina\\\/#primaryimage\"},\"thumbnailUrl\":\"https:\\\/\\\/www.copealcoy.es\\\/wp-content\\\/uploads\\\/2024\\\/03\\\/IMG_2100-scaled-e1711233950792.jpg\",\"keywords\":[\"Cocentaina\",\"Grup de Teatre del Patronat\",\"La Pasi\u00f3n\",\"representaci\u00f3n\",\"Semana Santa\"],\"articleSection\":[\"Actualidad\",\"Comarcas\",\"Noticias\"],\"inLanguage\":\"es\"},{\"@type\":\"WebPage\",\"@id\":\"https:\\\/\\\/www.copealcoy.es\\\/es\\\/multitudinaria-representacion-de-la-pasion-por-las-calles-de-cocentaina\\\/\",\"url\":\"https:\\\/\\\/www.copealcoy.es\\\/es\\\/multitudinaria-representacion-de-la-pasion-por-las-calles-de-cocentaina\\\/\",\"name\":\"Multitudinaria representaci\u00f3n de La Pasi\u00f3n por las calles de Cocentaina - COPE Alcoy\",\"isPartOf\":{\"@id\":\"https:\\\/\\\/www.copealcoy.es\\\/es\\\/#website\"},\"primaryImageOfPage\":{\"@id\":\"https:\\\/\\\/www.copealcoy.es\\\/es\\\/multitudinaria-representacion-de-la-pasion-por-las-calles-de-cocentaina\\\/#primaryimage\"},\"image\":{\"@id\":\"https:\\\/\\\/www.copealcoy.es\\\/es\\\/multitudinaria-representacion-de-la-pasion-por-las-calles-de-cocentaina\\\/#primaryimage\"},\"thumbnailUrl\":\"https:\\\/\\\/www.copealcoy.es\\\/wp-content\\\/uploads\\\/2024\\\/03\\\/IMG_2100-scaled-e1711233950792.jpg\",\"datePublished\":\"2024-03-23T22:44:19+00:00\",\"dateModified\":\"2024-03-23T23:30:10+00:00\",\"author\":{\"@id\":\"https:\\\/\\\/www.copealcoy.es\\\/es\\\/#\\\/schema\\\/person\\\/e777c87fa024e57d40170af9df39882c\"},\"description\":\"Cocentaina se ha adentrado en la Semana Santa con una multitudinaria representaci\u00f3n de La Pasi\u00f3n por las calles\",\"breadcrumb\":{\"@id\":\"https:\\\/\\\/www.copealcoy.es\\\/es\\\/multitudinaria-representacion-de-la-pasion-por-las-calles-de-cocentaina\\\/#breadcrumb\"},\"inLanguage\":\"es\",\"potentialAction\":[{\"@type\":\"ReadAction\",\"target\":[\"https:\\\/\\\/www.copealcoy.es\\\/es\\\/multitudinaria-representacion-de-la-pasion-por-las-calles-de-cocentaina\\\/\"]}]},{\"@type\":\"ImageObject\",\"inLanguage\":\"es\",\"@id\":\"https:\\\/\\\/www.copealcoy.es\\\/es\\\/multitudinaria-representacion-de-la-pasion-por-las-calles-de-cocentaina\\\/#primaryimage\",\"url\":\"https:\\\/\\\/www.copealcoy.es\\\/wp-content\\\/uploads\\\/2024\\\/03\\\/IMG_2100-scaled-e1711233950792.jpg\",\"contentUrl\":\"https:\\\/\\\/www.copealcoy.es\\\/wp-content\\\/uploads\\\/2024\\\/03\\\/IMG_2100-scaled-e1711233950792.jpg\",\"width\":1479,\"height\":955},{\"@type\":\"BreadcrumbList\",\"@id\":\"https:\\\/\\\/www.copealcoy.es\\\/es\\\/multitudinaria-representacion-de-la-pasion-por-las-calles-de-cocentaina\\\/#breadcrumb\",\"itemListElement\":[{\"@type\":\"ListItem\",\"position\":1,\"name\":\"Portada\",\"item\":\"https:\\\/\\\/www.copealcoy.es\\\/es\\\/\"},{\"@type\":\"ListItem\",\"position\":2,\"name\":\"Multitudinaria representaci\u00f3n de La Pasi\u00f3n por las calles de Cocentaina\"}]},{\"@type\":\"WebSite\",\"@id\":\"https:\\\/\\\/www.copealcoy.es\\\/es\\\/#website\",\"url\":\"https:\\\/\\\/www.copealcoy.es\\\/es\\\/\",\"name\":\"COPE Alcoy\",\"description\":\"Emisora COPE de radio local con emisi\u00f3n online. Pont de Sant Jordi 8-10 03803 Alcoy\",\"potentialAction\":[{\"@type\":\"SearchAction\",\"target\":{\"@type\":\"EntryPoint\",\"urlTemplate\":\"https:\\\/\\\/www.copealcoy.es\\\/es\\\/?s={search_term_string}\"},\"query-input\":{\"@type\":\"PropertyValueSpecification\",\"valueRequired\":true,\"valueName\":\"search_term_string\"}}],\"inLanguage\":\"es\"},{\"@type\":\"Person\",\"@id\":\"https:\\\/\\\/www.copealcoy.es\\\/es\\\/#\\\/schema\\\/person\\\/e777c87fa024e57d40170af9df39882c\",\"name\":\"Cope Alcoy\",\"image\":{\"@type\":\"ImageObject\",\"inLanguage\":\"es\",\"@id\":\"https:\\\/\\\/secure.gravatar.com\\\/avatar\\\/bb65d0283347e303893ba14f0692005417c1e0e690a325a4c5d8bb2b3943ee14?s=96&d=mm&r=g\",\"url\":\"https:\\\/\\\/secure.gravatar.com\\\/avatar\\\/bb65d0283347e303893ba14f0692005417c1e0e690a325a4c5d8bb2b3943ee14?s=96&d=mm&r=g\",\"contentUrl\":\"https:\\\/\\\/secure.gravatar.com\\\/avatar\\\/bb65d0283347e303893ba14f0692005417c1e0e690a325a4c5d8bb2b3943ee14?s=96&d=mm&r=g\",\"caption\":\"Cope Alcoy\"}}]}<\/script>\n<!-- \/ Yoast SEO plugin. -->","yoast_head_json":{"title":"Multitudinaria representaci\u00f3n de La Pasi\u00f3n por las calles de Cocentaina - COPE Alcoy","description":"Cocentaina se ha adentrado en la Semana Santa con una multitudinaria representaci\u00f3n de La Pasi\u00f3n por las calles","robots":{"index":"index","follow":"follow","max-snippet":"max-snippet:-1","max-image-preview":"max-image-preview:large","max-video-preview":"max-video-preview:-1"},"canonical":"https:\/\/www.copealcoy.es\/es\/multitudinaria-representacion-de-la-pasion-por-las-calles-de-cocentaina\/","og_locale":"es_ES","og_type":"article","og_title":"Multitudinaria representaci\u00f3n de La Pasi\u00f3n por las calles de Cocentaina - COPE Alcoy","og_description":"Cocentaina se ha adentrado en la Semana Santa con una multitudinaria representaci\u00f3n de La Pasi\u00f3n por las calles","og_url":"https:\/\/www.copealcoy.es\/es\/multitudinaria-representacion-de-la-pasion-por-las-calles-de-cocentaina\/","og_site_name":"COPE Alcoy","article_published_time":"2024-03-23T22:44:19+00:00","article_modified_time":"2024-03-23T23:30:10+00:00","og_image":[{"width":1479,"height":955,"url":"https:\/\/www.copealcoy.es\/wp-content\/uploads\/2024\/03\/IMG_2100-scaled-e1711233950792.jpg","type":"image\/jpeg"}],"author":"Cope Alcoy","twitter_misc":{"Escrito por":"Cope Alcoy","Tiempo de lectura":"3 minutos"},"schema":{"@context":"https:\/\/schema.org","@graph":[{"@type":"Article","@id":"https:\/\/www.copealcoy.es\/es\/multitudinaria-representacion-de-la-pasion-por-las-calles-de-cocentaina\/#article","isPartOf":{"@id":"https:\/\/www.copealcoy.es\/es\/multitudinaria-representacion-de-la-pasion-por-las-calles-de-cocentaina\/"},"author":{"name":"Cope Alcoy","@id":"https:\/\/www.copealcoy.es\/es\/#\/schema\/person\/e777c87fa024e57d40170af9df39882c"},"headline":"Multitudinaria representaci\u00f3n de La Pasi\u00f3n por las calles de Cocentaina","datePublished":"2024-03-23T22:44:19+00:00","dateModified":"2024-03-23T23:30:10+00:00","mainEntityOfPage":{"@id":"https:\/\/www.copealcoy.es\/es\/multitudinaria-representacion-de-la-pasion-por-las-calles-de-cocentaina\/"},"wordCount":462,"commentCount":0,"image":{"@id":"https:\/\/www.copealcoy.es\/es\/multitudinaria-representacion-de-la-pasion-por-las-calles-de-cocentaina\/#primaryimage"},"thumbnailUrl":"https:\/\/www.copealcoy.es\/wp-content\/uploads\/2024\/03\/IMG_2100-scaled-e1711233950792.jpg","keywords":["Cocentaina","Grup de Teatre del Patronat","La Pasi\u00f3n","representaci\u00f3n","Semana Santa"],"articleSection":["Actualidad","Comarcas","Noticias"],"inLanguage":"es"},{"@type":"WebPage","@id":"https:\/\/www.copealcoy.es\/es\/multitudinaria-representacion-de-la-pasion-por-las-calles-de-cocentaina\/","url":"https:\/\/www.copealcoy.es\/es\/multitudinaria-representacion-de-la-pasion-por-las-calles-de-cocentaina\/","name":"Multitudinaria representaci\u00f3n de La Pasi\u00f3n por las calles de Cocentaina - COPE Alcoy","isPartOf":{"@id":"https:\/\/www.copealcoy.es\/es\/#website"},"primaryImageOfPage":{"@id":"https:\/\/www.copealcoy.es\/es\/multitudinaria-representacion-de-la-pasion-por-las-calles-de-cocentaina\/#primaryimage"},"image":{"@id":"https:\/\/www.copealcoy.es\/es\/multitudinaria-representacion-de-la-pasion-por-las-calles-de-cocentaina\/#primaryimage"},"thumbnailUrl":"https:\/\/www.copealcoy.es\/wp-content\/uploads\/2024\/03\/IMG_2100-scaled-e1711233950792.jpg","datePublished":"2024-03-23T22:44:19+00:00","dateModified":"2024-03-23T23:30:10+00:00","author":{"@id":"https:\/\/www.copealcoy.es\/es\/#\/schema\/person\/e777c87fa024e57d40170af9df39882c"},"description":"Cocentaina se ha adentrado en la Semana Santa con una multitudinaria representaci\u00f3n de La Pasi\u00f3n por las calles","breadcrumb":{"@id":"https:\/\/www.copealcoy.es\/es\/multitudinaria-representacion-de-la-pasion-por-las-calles-de-cocentaina\/#breadcrumb"},"inLanguage":"es","potentialAction":[{"@type":"ReadAction","target":["https:\/\/www.copealcoy.es\/es\/multitudinaria-representacion-de-la-pasion-por-las-calles-de-cocentaina\/"]}]},{"@type":"ImageObject","inLanguage":"es","@id":"https:\/\/www.copealcoy.es\/es\/multitudinaria-representacion-de-la-pasion-por-las-calles-de-cocentaina\/#primaryimage","url":"https:\/\/www.copealcoy.es\/wp-content\/uploads\/2024\/03\/IMG_2100-scaled-e1711233950792.jpg","contentUrl":"https:\/\/www.copealcoy.es\/wp-content\/uploads\/2024\/03\/IMG_2100-scaled-e1711233950792.jpg","width":1479,"height":955},{"@type":"BreadcrumbList","@id":"https:\/\/www.copealcoy.es\/es\/multitudinaria-representacion-de-la-pasion-por-las-calles-de-cocentaina\/#breadcrumb","itemListElement":[{"@type":"ListItem","position":1,"name":"Portada","item":"https:\/\/www.copealcoy.es\/es\/"},{"@type":"ListItem","position":2,"name":"Multitudinaria representaci\u00f3n de La Pasi\u00f3n por las calles de Cocentaina"}]},{"@type":"WebSite","@id":"https:\/\/www.copealcoy.es\/es\/#website","url":"https:\/\/www.copealcoy.es\/es\/","name":"COPE Alcoy","description":"Emisora COPE de radio local con emisi\u00f3n online. Pont de Sant Jordi 8-10 03803 Alcoy","potentialAction":[{"@type":"SearchAction","target":{"@type":"EntryPoint","urlTemplate":"https:\/\/www.copealcoy.es\/es\/?s={search_term_string}"},"query-input":{"@type":"PropertyValueSpecification","valueRequired":true,"valueName":"search_term_string"}}],"inLanguage":"es"},{"@type":"Person","@id":"https:\/\/www.copealcoy.es\/es\/#\/schema\/person\/e777c87fa024e57d40170af9df39882c","name":"Cope Alcoy","image":{"@type":"ImageObject","inLanguage":"es","@id":"https:\/\/secure.gravatar.com\/avatar\/bb65d0283347e303893ba14f0692005417c1e0e690a325a4c5d8bb2b3943ee14?s=96&d=mm&r=g","url":"https:\/\/secure.gravatar.com\/avatar\/bb65d0283347e303893ba14f0692005417c1e0e690a325a4c5d8bb2b3943ee14?s=96&d=mm&r=g","contentUrl":"https:\/\/secure.gravatar.com\/avatar\/bb65d0283347e303893ba14f0692005417c1e0e690a325a4c5d8bb2b3943ee14?s=96&d=mm&r=g","caption":"Cope Alcoy"}}]}},"_links":{"self":[{"href":"https:\/\/www.copealcoy.es\/es\/wp-json\/wp\/v2\/posts\/130806","targetHints":{"allow":["GET"]}}],"collection":[{"href":"https:\/\/www.copealcoy.es\/es\/wp-json\/wp\/v2\/posts"}],"about":[{"href":"https:\/\/www.copealcoy.es\/es\/wp-json\/wp\/v2\/types\/post"}],"author":[{"embeddable":true,"href":"https:\/\/www.copealcoy.es\/es\/wp-json\/wp\/v2\/users\/1"}],"replies":[{"embeddable":true,"href":"https:\/\/www.copealcoy.es\/es\/wp-json\/wp\/v2\/comments?post=130806"}],"version-history":[{"count":0,"href":"https:\/\/www.copealcoy.es\/es\/wp-json\/wp\/v2\/posts\/130806\/revisions"}],"wp:featuredmedia":[{"embeddable":true,"href":"https:\/\/www.copealcoy.es\/es\/wp-json\/wp\/v2\/media\/130807"}],"wp:attachment":[{"href":"https:\/\/www.copealcoy.es\/es\/wp-json\/wp\/v2\/media?parent=130806"}],"wp:term":[{"taxonomy":"category","embeddable":true,"href":"https:\/\/www.copealcoy.es\/es\/wp-json\/wp\/v2\/categories?post=130806"},{"taxonomy":"post_tag","embeddable":true,"href":"https:\/\/www.copealcoy.es\/es\/wp-json\/wp\/v2\/tags?post=130806"}],"curies":[{"name":"wp","href":"https:\/\/api.w.org\/{rel}","templated":true}]}}