{"id":13074,"date":"2015-05-14T18:31:52","date_gmt":"2015-05-14T18:31:52","guid":{"rendered":"http:\/\/copealcoi.es\/new\/?p=13074"},"modified":"2015-05-14T18:33:59","modified_gmt":"2015-05-14T18:33:59","slug":"rafael-montava-conoce-el-proyecto-de-la-ampliacion-del-centro-de-salud-de-cocentaina","status":"publish","type":"post","link":"https:\/\/www.copealcoy.es\/es\/rafael-montava-conoce-el-proyecto-de-la-ampliacion-del-centro-de-salud-de-cocentaina\/","title":{"rendered":"Rafael Montava conoce el proyecto de la ampliaci\u00f3n del Centro de Salud de Cocentaina"},"content":{"rendered":"<p style=\"text-align: justify;\">El candidato a la alcald\u00eda del Partido Popular de Cocentaina, Rafael Montava, ha conocido de cerca el proyecto de ampliaci\u00f3n del Centro de Salud de la Villa Condal. Los populares han destacado en un comunicado que el alcaldable ha mantenido una reuni\u00f3n con el Director del Hospital Virgen de los Lirios de Alcoy, Carlos Aracil, para obtener informaci\u00f3n sobre\u00a0la situaci\u00f3n de esta actuaci\u00f3n. En el encuentro el\u00a0propio Aracil asegur\u00f3 que la ampliaci\u00f3n est\u00e1 contemplada en los presupuestos de la Generalitat Valenciana de este 2015 con una inversi\u00f3n de 1\u00b48 millones de euros. Adem\u00e1s le inform\u00f3 que se est\u00e1n realizando los tr\u00e1mites para que en los pr\u00f3ximos meses est\u00e9n licitadas las tres primeras fases y as\u00ed poder iniciar las obras a partir del pr\u00f3ximo mes de septiembre.<\/p>\n<p style=\"text-align: justify;\">Rafael Montava ha destacado que es una buena noticia para el municipio &#8220;se ha dado un impulso definitivo por parte del Gobierno de Alberto Fabra a este proyecto y realmente nos alegramos porque era una importante demanda de Cocentaina&#8221;, indica.<\/p>\n<p style=\"text-align: justify;\">Apuntar que la ampliaci\u00f3n permitir\u00e1 dotar al Centro de Salud de nuevas salas de consulta, urgencias, departamentos, as\u00ed como de un nuevo gimnasio para la rehabilitaci\u00f3n.<\/p>\n","protected":false},"excerpt":{"rendered":"<p>El candidato a la alcald\u00eda del Partido Popular de Cocentaina, Rafael Montava, ha conocido de cerca el proyecto de ampliaci\u00f3n&#8230;<\/p>\n","protected":false},"author":1,"featured_media":13075,"comment_status":"open","ping_status":"open","sticky":false,"template":"","format":"standard","meta":{"footnotes":""},"categories":[744,75],"tags":[1022,132,237,448],"class_list":["post-13074","post","type-post","status-publish","format-standard","has-post-thumbnail","hentry","category-elecciones","category-noticias","tag-centro-de-salud","tag-cocentaina","tag-comtat","tag-partido-popular"],"yoast_head":"<!-- This site is optimized with the Yoast SEO plugin v27.3 - https:\/\/yoast.com\/product\/yoast-seo-wordpress\/ -->\n<title>Rafael Montava conoce el proyecto de la ampliaci\u00f3n del Centro de Salud de Cocentaina - COPE Alcoy<\/title>\n<meta name=\"robots\" content=\"index, follow, max-snippet:-1, max-image-preview:large, max-video-preview:-1\" \/>\n<link rel=\"canonical\" href=\"https:\/\/www.copealcoy.es\/es\/rafael-montava-conoce-el-proyecto-de-la-ampliacion-del-centro-de-salud-de-cocentaina\/\" \/>\n<meta property=\"og:locale\" content=\"es_ES\" \/>\n<meta property=\"og:type\" content=\"article\" \/>\n<meta property=\"og:title\" content=\"Rafael Montava conoce el proyecto de la ampliaci\u00f3n del Centro de Salud de Cocentaina - COPE Alcoy\" \/>\n<meta property=\"og:description\" content=\"El candidato a la alcald\u00eda del Partido Popular de Cocentaina, Rafael Montava, ha conocido de cerca el proyecto de ampliaci\u00f3n...\" \/>\n<meta property=\"og:url\" content=\"https:\/\/www.copealcoy.es\/es\/rafael-montava-conoce-el-proyecto-de-la-ampliacion-del-centro-de-salud-de-cocentaina\/\" \/>\n<meta property=\"og:site_name\" content=\"COPE Alcoy\" \/>\n<meta property=\"article:published_time\" content=\"2015-05-14T18:31:52+00:00\" \/>\n<meta property=\"article:modified_time\" content=\"2015-05-14T18:33:59+00:00\" \/>\n<meta property=\"og:image\" content=\"https:\/\/www.copealcoy.es\/wp-content\/uploads\/2015\/05\/img_16876.jpg\" \/>\n\t<meta property=\"og:image:width\" content=\"670\" \/>\n\t<meta property=\"og:image:height\" content=\"377\" \/>\n\t<meta property=\"og:image:type\" content=\"image\/jpeg\" \/>\n<meta name=\"author\" content=\"Cope Alcoy\" \/>\n<meta name=\"twitter:label1\" content=\"Escrito por\" \/>\n\t<meta name=\"twitter:data1\" content=\"Cope Alcoy\" \/>\n\t<meta name=\"twitter:label2\" content=\"Tiempo de lectura\" \/>\n\t<meta name=\"twitter:data2\" content=\"1 minuto\" \/>\n<script type=\"application\/ld+json\" class=\"yoast-schema-graph\">{\"@context\":\"https:\\\/\\\/schema.org\",\"@graph\":[{\"@type\":\"Article\",\"@id\":\"https:\\\/\\\/www.copealcoy.es\\\/es\\\/rafael-montava-conoce-el-proyecto-de-la-ampliacion-del-centro-de-salud-de-cocentaina\\\/#article\",\"isPartOf\":{\"@id\":\"https:\\\/\\\/www.copealcoy.es\\\/es\\\/rafael-montava-conoce-el-proyecto-de-la-ampliacion-del-centro-de-salud-de-cocentaina\\\/\"},\"author\":{\"name\":\"Cope Alcoy\",\"@id\":\"https:\\\/\\\/www.copealcoy.es\\\/es\\\/#\\\/schema\\\/person\\\/e777c87fa024e57d40170af9df39882c\"},\"headline\":\"Rafael Montava conoce el proyecto de la ampliaci\u00f3n del Centro de Salud de Cocentaina\",\"datePublished\":\"2015-05-14T18:31:52+00:00\",\"dateModified\":\"2015-05-14T18:33:59+00:00\",\"mainEntityOfPage\":{\"@id\":\"https:\\\/\\\/www.copealcoy.es\\\/es\\\/rafael-montava-conoce-el-proyecto-de-la-ampliacion-del-centro-de-salud-de-cocentaina\\\/\"},\"wordCount\":223,\"commentCount\":0,\"image\":{\"@id\":\"https:\\\/\\\/www.copealcoy.es\\\/es\\\/rafael-montava-conoce-el-proyecto-de-la-ampliacion-del-centro-de-salud-de-cocentaina\\\/#primaryimage\"},\"thumbnailUrl\":\"https:\\\/\\\/www.copealcoy.es\\\/wp-content\\\/uploads\\\/2015\\\/05\\\/img_16876.jpg\",\"keywords\":[\"Centro de Salud\",\"Cocentaina\",\"Comtat\",\"Partido Popular\"],\"articleSection\":[\"Elecciones\",\"Noticias\"],\"inLanguage\":\"es\"},{\"@type\":\"WebPage\",\"@id\":\"https:\\\/\\\/www.copealcoy.es\\\/es\\\/rafael-montava-conoce-el-proyecto-de-la-ampliacion-del-centro-de-salud-de-cocentaina\\\/\",\"url\":\"https:\\\/\\\/www.copealcoy.es\\\/es\\\/rafael-montava-conoce-el-proyecto-de-la-ampliacion-del-centro-de-salud-de-cocentaina\\\/\",\"name\":\"Rafael Montava conoce el proyecto de la ampliaci\u00f3n del Centro de Salud de Cocentaina - COPE Alcoy\",\"isPartOf\":{\"@id\":\"https:\\\/\\\/www.copealcoy.es\\\/es\\\/#website\"},\"primaryImageOfPage\":{\"@id\":\"https:\\\/\\\/www.copealcoy.es\\\/es\\\/rafael-montava-conoce-el-proyecto-de-la-ampliacion-del-centro-de-salud-de-cocentaina\\\/#primaryimage\"},\"image\":{\"@id\":\"https:\\\/\\\/www.copealcoy.es\\\/es\\\/rafael-montava-conoce-el-proyecto-de-la-ampliacion-del-centro-de-salud-de-cocentaina\\\/#primaryimage\"},\"thumbnailUrl\":\"https:\\\/\\\/www.copealcoy.es\\\/wp-content\\\/uploads\\\/2015\\\/05\\\/img_16876.jpg\",\"datePublished\":\"2015-05-14T18:31:52+00:00\",\"dateModified\":\"2015-05-14T18:33:59+00:00\",\"author\":{\"@id\":\"https:\\\/\\\/www.copealcoy.es\\\/es\\\/#\\\/schema\\\/person\\\/e777c87fa024e57d40170af9df39882c\"},\"breadcrumb\":{\"@id\":\"https:\\\/\\\/www.copealcoy.es\\\/es\\\/rafael-montava-conoce-el-proyecto-de-la-ampliacion-del-centro-de-salud-de-cocentaina\\\/#breadcrumb\"},\"inLanguage\":\"es\",\"potentialAction\":[{\"@type\":\"ReadAction\",\"target\":[\"https:\\\/\\\/www.copealcoy.es\\\/es\\\/rafael-montava-conoce-el-proyecto-de-la-ampliacion-del-centro-de-salud-de-cocentaina\\\/\"]}]},{\"@type\":\"ImageObject\",\"inLanguage\":\"es\",\"@id\":\"https:\\\/\\\/www.copealcoy.es\\\/es\\\/rafael-montava-conoce-el-proyecto-de-la-ampliacion-del-centro-de-salud-de-cocentaina\\\/#primaryimage\",\"url\":\"https:\\\/\\\/www.copealcoy.es\\\/wp-content\\\/uploads\\\/2015\\\/05\\\/img_16876.jpg\",\"contentUrl\":\"https:\\\/\\\/www.copealcoy.es\\\/wp-content\\\/uploads\\\/2015\\\/05\\\/img_16876.jpg\",\"width\":670,\"height\":377,\"caption\":\"Adolfo Sancho, Elena Sanz, y Rafael Montava junto a Carlos Aracil\"},{\"@type\":\"BreadcrumbList\",\"@id\":\"https:\\\/\\\/www.copealcoy.es\\\/es\\\/rafael-montava-conoce-el-proyecto-de-la-ampliacion-del-centro-de-salud-de-cocentaina\\\/#breadcrumb\",\"itemListElement\":[{\"@type\":\"ListItem\",\"position\":1,\"name\":\"Portada\",\"item\":\"https:\\\/\\\/www.copealcoy.es\\\/es\\\/\"},{\"@type\":\"ListItem\",\"position\":2,\"name\":\"Rafael Montava conoce el proyecto de la ampliaci\u00f3n del Centro de Salud de Cocentaina\"}]},{\"@type\":\"WebSite\",\"@id\":\"https:\\\/\\\/www.copealcoy.es\\\/es\\\/#website\",\"url\":\"https:\\\/\\\/www.copealcoy.es\\\/es\\\/\",\"name\":\"COPE Alcoy\",\"description\":\"Emisora COPE de radio local con emisi\u00f3n online. Pont de Sant Jordi 8-10 03803 Alcoy\",\"potentialAction\":[{\"@type\":\"SearchAction\",\"target\":{\"@type\":\"EntryPoint\",\"urlTemplate\":\"https:\\\/\\\/www.copealcoy.es\\\/es\\\/?s={search_term_string}\"},\"query-input\":{\"@type\":\"PropertyValueSpecification\",\"valueRequired\":true,\"valueName\":\"search_term_string\"}}],\"inLanguage\":\"es\"},{\"@type\":\"Person\",\"@id\":\"https:\\\/\\\/www.copealcoy.es\\\/es\\\/#\\\/schema\\\/person\\\/e777c87fa024e57d40170af9df39882c\",\"name\":\"Cope Alcoy\",\"image\":{\"@type\":\"ImageObject\",\"inLanguage\":\"es\",\"@id\":\"https:\\\/\\\/secure.gravatar.com\\\/avatar\\\/bb65d0283347e303893ba14f0692005417c1e0e690a325a4c5d8bb2b3943ee14?s=96&d=mm&r=g\",\"url\":\"https:\\\/\\\/secure.gravatar.com\\\/avatar\\\/bb65d0283347e303893ba14f0692005417c1e0e690a325a4c5d8bb2b3943ee14?s=96&d=mm&r=g\",\"contentUrl\":\"https:\\\/\\\/secure.gravatar.com\\\/avatar\\\/bb65d0283347e303893ba14f0692005417c1e0e690a325a4c5d8bb2b3943ee14?s=96&d=mm&r=g\",\"caption\":\"Cope Alcoy\"}}]}<\/script>\n<!-- \/ Yoast SEO plugin. -->","yoast_head_json":{"title":"Rafael Montava conoce el proyecto de la ampliaci\u00f3n del Centro de Salud de Cocentaina - COPE Alcoy","robots":{"index":"index","follow":"follow","max-snippet":"max-snippet:-1","max-image-preview":"max-image-preview:large","max-video-preview":"max-video-preview:-1"},"canonical":"https:\/\/www.copealcoy.es\/es\/rafael-montava-conoce-el-proyecto-de-la-ampliacion-del-centro-de-salud-de-cocentaina\/","og_locale":"es_ES","og_type":"article","og_title":"Rafael Montava conoce el proyecto de la ampliaci\u00f3n del Centro de Salud de Cocentaina - COPE Alcoy","og_description":"El candidato a la alcald\u00eda del Partido Popular de Cocentaina, Rafael Montava, ha conocido de cerca el proyecto de ampliaci\u00f3n...","og_url":"https:\/\/www.copealcoy.es\/es\/rafael-montava-conoce-el-proyecto-de-la-ampliacion-del-centro-de-salud-de-cocentaina\/","og_site_name":"COPE Alcoy","article_published_time":"2015-05-14T18:31:52+00:00","article_modified_time":"2015-05-14T18:33:59+00:00","og_image":[{"width":670,"height":377,"url":"https:\/\/www.copealcoy.es\/wp-content\/uploads\/2015\/05\/img_16876.jpg","type":"image\/jpeg"}],"author":"Cope Alcoy","twitter_misc":{"Escrito por":"Cope Alcoy","Tiempo de lectura":"1 minuto"},"schema":{"@context":"https:\/\/schema.org","@graph":[{"@type":"Article","@id":"https:\/\/www.copealcoy.es\/es\/rafael-montava-conoce-el-proyecto-de-la-ampliacion-del-centro-de-salud-de-cocentaina\/#article","isPartOf":{"@id":"https:\/\/www.copealcoy.es\/es\/rafael-montava-conoce-el-proyecto-de-la-ampliacion-del-centro-de-salud-de-cocentaina\/"},"author":{"name":"Cope Alcoy","@id":"https:\/\/www.copealcoy.es\/es\/#\/schema\/person\/e777c87fa024e57d40170af9df39882c"},"headline":"Rafael Montava conoce el proyecto de la ampliaci\u00f3n del Centro de Salud de Cocentaina","datePublished":"2015-05-14T18:31:52+00:00","dateModified":"2015-05-14T18:33:59+00:00","mainEntityOfPage":{"@id":"https:\/\/www.copealcoy.es\/es\/rafael-montava-conoce-el-proyecto-de-la-ampliacion-del-centro-de-salud-de-cocentaina\/"},"wordCount":223,"commentCount":0,"image":{"@id":"https:\/\/www.copealcoy.es\/es\/rafael-montava-conoce-el-proyecto-de-la-ampliacion-del-centro-de-salud-de-cocentaina\/#primaryimage"},"thumbnailUrl":"https:\/\/www.copealcoy.es\/wp-content\/uploads\/2015\/05\/img_16876.jpg","keywords":["Centro de Salud","Cocentaina","Comtat","Partido Popular"],"articleSection":["Elecciones","Noticias"],"inLanguage":"es"},{"@type":"WebPage","@id":"https:\/\/www.copealcoy.es\/es\/rafael-montava-conoce-el-proyecto-de-la-ampliacion-del-centro-de-salud-de-cocentaina\/","url":"https:\/\/www.copealcoy.es\/es\/rafael-montava-conoce-el-proyecto-de-la-ampliacion-del-centro-de-salud-de-cocentaina\/","name":"Rafael Montava conoce el proyecto de la ampliaci\u00f3n del Centro de Salud de Cocentaina - COPE Alcoy","isPartOf":{"@id":"https:\/\/www.copealcoy.es\/es\/#website"},"primaryImageOfPage":{"@id":"https:\/\/www.copealcoy.es\/es\/rafael-montava-conoce-el-proyecto-de-la-ampliacion-del-centro-de-salud-de-cocentaina\/#primaryimage"},"image":{"@id":"https:\/\/www.copealcoy.es\/es\/rafael-montava-conoce-el-proyecto-de-la-ampliacion-del-centro-de-salud-de-cocentaina\/#primaryimage"},"thumbnailUrl":"https:\/\/www.copealcoy.es\/wp-content\/uploads\/2015\/05\/img_16876.jpg","datePublished":"2015-05-14T18:31:52+00:00","dateModified":"2015-05-14T18:33:59+00:00","author":{"@id":"https:\/\/www.copealcoy.es\/es\/#\/schema\/person\/e777c87fa024e57d40170af9df39882c"},"breadcrumb":{"@id":"https:\/\/www.copealcoy.es\/es\/rafael-montava-conoce-el-proyecto-de-la-ampliacion-del-centro-de-salud-de-cocentaina\/#breadcrumb"},"inLanguage":"es","potentialAction":[{"@type":"ReadAction","target":["https:\/\/www.copealcoy.es\/es\/rafael-montava-conoce-el-proyecto-de-la-ampliacion-del-centro-de-salud-de-cocentaina\/"]}]},{"@type":"ImageObject","inLanguage":"es","@id":"https:\/\/www.copealcoy.es\/es\/rafael-montava-conoce-el-proyecto-de-la-ampliacion-del-centro-de-salud-de-cocentaina\/#primaryimage","url":"https:\/\/www.copealcoy.es\/wp-content\/uploads\/2015\/05\/img_16876.jpg","contentUrl":"https:\/\/www.copealcoy.es\/wp-content\/uploads\/2015\/05\/img_16876.jpg","width":670,"height":377,"caption":"Adolfo Sancho, Elena Sanz, y Rafael Montava junto a Carlos Aracil"},{"@type":"BreadcrumbList","@id":"https:\/\/www.copealcoy.es\/es\/rafael-montava-conoce-el-proyecto-de-la-ampliacion-del-centro-de-salud-de-cocentaina\/#breadcrumb","itemListElement":[{"@type":"ListItem","position":1,"name":"Portada","item":"https:\/\/www.copealcoy.es\/es\/"},{"@type":"ListItem","position":2,"name":"Rafael Montava conoce el proyecto de la ampliaci\u00f3n del Centro de Salud de Cocentaina"}]},{"@type":"WebSite","@id":"https:\/\/www.copealcoy.es\/es\/#website","url":"https:\/\/www.copealcoy.es\/es\/","name":"COPE Alcoy","description":"Emisora COPE de radio local con emisi\u00f3n online. Pont de Sant Jordi 8-10 03803 Alcoy","potentialAction":[{"@type":"SearchAction","target":{"@type":"EntryPoint","urlTemplate":"https:\/\/www.copealcoy.es\/es\/?s={search_term_string}"},"query-input":{"@type":"PropertyValueSpecification","valueRequired":true,"valueName":"search_term_string"}}],"inLanguage":"es"},{"@type":"Person","@id":"https:\/\/www.copealcoy.es\/es\/#\/schema\/person\/e777c87fa024e57d40170af9df39882c","name":"Cope Alcoy","image":{"@type":"ImageObject","inLanguage":"es","@id":"https:\/\/secure.gravatar.com\/avatar\/bb65d0283347e303893ba14f0692005417c1e0e690a325a4c5d8bb2b3943ee14?s=96&d=mm&r=g","url":"https:\/\/secure.gravatar.com\/avatar\/bb65d0283347e303893ba14f0692005417c1e0e690a325a4c5d8bb2b3943ee14?s=96&d=mm&r=g","contentUrl":"https:\/\/secure.gravatar.com\/avatar\/bb65d0283347e303893ba14f0692005417c1e0e690a325a4c5d8bb2b3943ee14?s=96&d=mm&r=g","caption":"Cope Alcoy"}}]}},"_links":{"self":[{"href":"https:\/\/www.copealcoy.es\/es\/wp-json\/wp\/v2\/posts\/13074","targetHints":{"allow":["GET"]}}],"collection":[{"href":"https:\/\/www.copealcoy.es\/es\/wp-json\/wp\/v2\/posts"}],"about":[{"href":"https:\/\/www.copealcoy.es\/es\/wp-json\/wp\/v2\/types\/post"}],"author":[{"embeddable":true,"href":"https:\/\/www.copealcoy.es\/es\/wp-json\/wp\/v2\/users\/1"}],"replies":[{"embeddable":true,"href":"https:\/\/www.copealcoy.es\/es\/wp-json\/wp\/v2\/comments?post=13074"}],"version-history":[{"count":0,"href":"https:\/\/www.copealcoy.es\/es\/wp-json\/wp\/v2\/posts\/13074\/revisions"}],"wp:featuredmedia":[{"embeddable":true,"href":"https:\/\/www.copealcoy.es\/es\/wp-json\/wp\/v2\/media\/13075"}],"wp:attachment":[{"href":"https:\/\/www.copealcoy.es\/es\/wp-json\/wp\/v2\/media?parent=13074"}],"wp:term":[{"taxonomy":"category","embeddable":true,"href":"https:\/\/www.copealcoy.es\/es\/wp-json\/wp\/v2\/categories?post=13074"},{"taxonomy":"post_tag","embeddable":true,"href":"https:\/\/www.copealcoy.es\/es\/wp-json\/wp\/v2\/tags?post=13074"}],"curies":[{"name":"wp","href":"https:\/\/api.w.org\/{rel}","templated":true}]}}