{"id":130739,"date":"2024-03-22T06:00:41","date_gmt":"2024-03-22T05:00:41","guid":{"rendered":"https:\/\/www.copealcoy.es\/?p=130739"},"modified":"2024-03-22T20:09:07","modified_gmt":"2024-03-22T19:09:07","slug":"cocentaina-vive-con-fervor-los-dias-grandes-de-su-semana-santa","status":"publish","type":"post","link":"https:\/\/www.copealcoy.es\/es\/cocentaina-vive-con-fervor-los-dias-grandes-de-su-semana-santa\/","title":{"rendered":"Cocentaina vive con fervor los d\u00edas grandes de su Semana Santa"},"content":{"rendered":"<p style=\"text-align: justify;\">Cocentaina <strong>se adentra en la Semana Santa<\/strong> y lo hace reviviendo en la calle, o con los cultos en el interior de las iglesias, una tradici\u00f3n que est\u00e1 profundamente arraigada en el municipio.\u00a0La <a href=\"https:\/\/www.facebook.com\/profile.php?id=100009016662717\" target=\"_blank\" rel=\"noopener\"><strong><span style=\"color: #0000ff;\">Cofrad\u00eda de Jes\u00fas del Huerto<\/span><\/strong><\/a> coordina este a\u00f1o la organizaci\u00f3n de la Semana Santa Contestana y el grueso de la programaci\u00f3n arranca este s\u00e1bado por la tarde, a las 20:00h, con<strong> la representaci\u00f3n de La Pasi\u00f3n por las calles<\/strong> de la capital del Comtat en una propuesta que hacen posible m\u00e1s de 200 actores. Desde el Pla de la Font comenzar\u00e1 una escenificaci\u00f3n cuyo momento m\u00e1s destacado es la recreaci\u00f3n de la subida al Monte Calvario en la calle Sant\u00edsima Trinidad, en cuya parte alta y a los pies de la Serra de Mariola, se reproduce La Crucifixi\u00f3n.<\/p>\n<p style=\"text-align: justify;\">La bendici\u00f3n de palmas en el Convento de los Franciscanos, a las 11:00h de ma\u00f1ana, iniciar\u00e1 una intensa jornada de <strong>Domingo de Ramos<\/strong> que continuar\u00e1 con la procesi\u00f3n hasta El Pla seguida de la misa de campa\u00f1a ante el Palau Comtal. Por la tarde habr\u00e1 V\u00eda Crucis en el calvario del Convento a las 17:30h, y a las ocho saldr\u00e1 la imagen de La Dolorosa en procesi\u00f3n desde la parroquia del Salvador. Los actos se suceder\u00e1n durante los primeros d\u00edas de la Semana Santa destacando la Oraci\u00f3n de Getseman\u00ed <strong>Lunes Santo<\/strong> a las 20:15h en los franciscanos, celebraciones penitenciales <strong>Martes Santo<\/strong> en algunos templos de la Villa Condal o el triduo al Nazareno entre lunes y mi\u00e9rcoles, a las 18:30h, en el Monasterio de las Clarisas. Y antes de los d\u00edas del Triduo Pascual ser\u00e1 el momento de la procesi\u00f3n del Nazareno, a partir de las 21:00h del <strong>Mi\u00e9rcoles Santo<\/strong>, desde la misma iglesia de la Mare de D\u00e9u del Miracle.<\/p>\n<p style=\"text-align: justify;\">En los d\u00edas del Tr\u00edduo Pascual destaca la Misa Vespertina de la Cena del Se\u00f1or que se celebrar\u00e1 <strong>Jueves Santo<\/strong> en cada iglesia de la Villa Condal mientras que por la noche ser\u00e1 el turno de la tradicional Visita a los Monumentos finalizando la jornada con la Procesi\u00f3n del Silencio, que partir\u00e1 desde la iglesia de Santa Mar\u00eda a la medianoche para acompa\u00f1ar a la talle del Crist dels Llauradors. <strong>Viernes Santo<\/strong> se celebrar\u00e1 el V\u00eda Crucis interparroquial, a las 08:00h desde la Parroquia del Salvador, y entre el medio y la tarde se llevar\u00e1n a cabo los oficios de la Pasi\u00f3n y Muerte de Cristo en los diferentes templos. A las 20:30h, desde Santa Mar\u00eda, comenzar\u00e1 la procesi\u00f3n del Santo Entierro en la que toman parte las ocho cofrad\u00edas de la Semana Santa Contestana con la particularidad de que la imagen de Sant Crist\u00f2fol abre la comitiva dando paso a las siguientes im\u00e1genes.<\/p>\n<p style=\"text-align: justify;\">La Vigilia Pascual en la noche del <strong>S\u00e1bado Santo<\/strong>, en cada iglesia, servir\u00e1 para conmemorar la Resurrecci\u00f3n de Cristo y ya en la noche de Pascua saldr\u00e1 a la calle la procesi\u00f3n del Encuentro Glorioso por las calles del barrio del Raval desde la Parroquia del Salvador. <strong>Domingo de Pascua<\/strong> est\u00e1 reservado para la solemne eucarist\u00eda en los horarios habituales de un domingo, eucarist\u00edas que tendr\u00e1n lugar tanto en las iglesias del Salvador y de Santa Mar\u00eda como en el Convento de los Franciscanos y el Monasterio de la Mare de D\u00e9u.<\/p>\n<p><a href=\"https:\/\/www.copealcoy.es\/wp-content\/uploads\/2024\/03\/unnamed-1-19-scaled.jpg\"><img loading=\"lazy\" decoding=\"async\" class=\"wp-image-130743 aligncenter\" src=\"https:\/\/www.copealcoy.es\/wp-content\/uploads\/2024\/03\/unnamed-1-19-scaled.jpg\" alt=\"\" width=\"601\" height=\"389\" \/><\/a><\/p>\n<p>Aqu\u00ed <strong>puedes escuchar la entrevista<\/strong> que hemos mantenido antes del inicio de la Semana Santa con <strong>la Cofrad\u00eda de Jes\u00fas del Huerto<\/strong>, encargada de coordinar este a\u00f1o los diferentes actos:<\/p>\n<p><iframe loading=\"lazy\" title=\"Entrevista Semana Santa Cocentaina 2024\" width=\"100%\" height=\"120\" src=\"https:\/\/www.mixcloud.com\/widget\/iframe\/?feed=https%3A%2F%2Fwww.mixcloud.com%2FCOPEAlcoy%2Fentrevista-semana-santa-cocentaina-2024%2F&amp;hide_cover=1\" frameborder=\"0\"><\/iframe><\/p>\n<p>&nbsp;<\/p>\n","protected":false},"excerpt":{"rendered":"<p>Cocentaina se adentra en la Semana Santa y lo hace reviviendo en la calle, o con los cultos en el&#8230;<\/p>\n","protected":false},"author":1,"featured_media":113578,"comment_status":"open","ping_status":"open","sticky":false,"template":"","format":"standard","meta":{"footnotes":""},"categories":[98,75],"tags":[132,16503,3604,745],"class_list":["post-130739","post","type-post","status-publish","format-standard","has-post-thumbnail","hentry","category-comarcas","category-noticias","tag-cocentaina","tag-cofradia-jesus-del-huerto","tag-horarios","tag-semana-santa"],"yoast_head":"<!-- This site is optimized with the Yoast SEO plugin v27.3 - https:\/\/yoast.com\/product\/yoast-seo-wordpress\/ -->\n<title>Cocentaina vive con fervor los d\u00edas grandes de su Semana Santa - COPE Alcoy<\/title>\n<meta name=\"robots\" content=\"index, follow, max-snippet:-1, max-image-preview:large, max-video-preview:-1\" \/>\n<link rel=\"canonical\" href=\"https:\/\/www.copealcoy.es\/es\/cocentaina-vive-con-fervor-los-dias-grandes-de-su-semana-santa\/\" \/>\n<meta property=\"og:locale\" content=\"es_ES\" \/>\n<meta property=\"og:type\" content=\"article\" \/>\n<meta property=\"og:title\" content=\"Cocentaina vive con fervor los d\u00edas grandes de su Semana Santa - COPE Alcoy\" \/>\n<meta property=\"og:description\" content=\"Cocentaina se adentra en la Semana Santa y lo hace reviviendo en la calle, o con los cultos en el...\" \/>\n<meta property=\"og:url\" content=\"https:\/\/www.copealcoy.es\/es\/cocentaina-vive-con-fervor-los-dias-grandes-de-su-semana-santa\/\" \/>\n<meta property=\"og:site_name\" content=\"COPE Alcoy\" \/>\n<meta property=\"article:published_time\" content=\"2024-03-22T05:00:41+00:00\" \/>\n<meta property=\"article:modified_time\" content=\"2024-03-22T19:09:07+00:00\" \/>\n<meta property=\"og:image\" content=\"https:\/\/www.copealcoy.es\/wp-content\/uploads\/2023\/04\/unnamed-1-4-1-scaled.jpg\" \/>\n\t<meta property=\"og:image:width\" content=\"1610\" \/>\n\t<meta property=\"og:image:height\" content=\"1080\" \/>\n\t<meta property=\"og:image:type\" content=\"image\/jpeg\" \/>\n<meta name=\"author\" content=\"Cope Alcoy\" \/>\n<meta name=\"twitter:label1\" content=\"Escrito por\" \/>\n\t<meta name=\"twitter:data1\" content=\"Cope Alcoy\" \/>\n\t<meta name=\"twitter:label2\" content=\"Tiempo de lectura\" \/>\n\t<meta name=\"twitter:data2\" content=\"4 minutos\" \/>\n<script type=\"application\/ld+json\" class=\"yoast-schema-graph\">{\"@context\":\"https:\\\/\\\/schema.org\",\"@graph\":[{\"@type\":\"Article\",\"@id\":\"https:\\\/\\\/www.copealcoy.es\\\/es\\\/cocentaina-vive-con-fervor-los-dias-grandes-de-su-semana-santa\\\/#article\",\"isPartOf\":{\"@id\":\"https:\\\/\\\/www.copealcoy.es\\\/es\\\/cocentaina-vive-con-fervor-los-dias-grandes-de-su-semana-santa\\\/\"},\"author\":{\"name\":\"Cope Alcoy\",\"@id\":\"https:\\\/\\\/www.copealcoy.es\\\/es\\\/#\\\/schema\\\/person\\\/e777c87fa024e57d40170af9df39882c\"},\"headline\":\"Cocentaina vive con fervor los d\u00edas grandes de su Semana Santa\",\"datePublished\":\"2024-03-22T05:00:41+00:00\",\"dateModified\":\"2024-03-22T19:09:07+00:00\",\"mainEntityOfPage\":{\"@id\":\"https:\\\/\\\/www.copealcoy.es\\\/es\\\/cocentaina-vive-con-fervor-los-dias-grandes-de-su-semana-santa\\\/\"},\"wordCount\":641,\"commentCount\":0,\"image\":{\"@id\":\"https:\\\/\\\/www.copealcoy.es\\\/es\\\/cocentaina-vive-con-fervor-los-dias-grandes-de-su-semana-santa\\\/#primaryimage\"},\"thumbnailUrl\":\"https:\\\/\\\/www.copealcoy.es\\\/wp-content\\\/uploads\\\/2023\\\/04\\\/unnamed-1-4-1-scaled.jpg\",\"keywords\":[\"Cocentaina\",\"Cofrad\u00eda Jes\u00fas del Huerto\",\"Horarios\",\"Semana Santa\"],\"articleSection\":[\"Comarcas\",\"Noticias\"],\"inLanguage\":\"es\"},{\"@type\":\"WebPage\",\"@id\":\"https:\\\/\\\/www.copealcoy.es\\\/es\\\/cocentaina-vive-con-fervor-los-dias-grandes-de-su-semana-santa\\\/\",\"url\":\"https:\\\/\\\/www.copealcoy.es\\\/es\\\/cocentaina-vive-con-fervor-los-dias-grandes-de-su-semana-santa\\\/\",\"name\":\"Cocentaina vive con fervor los d\u00edas grandes de su Semana Santa - COPE Alcoy\",\"isPartOf\":{\"@id\":\"https:\\\/\\\/www.copealcoy.es\\\/es\\\/#website\"},\"primaryImageOfPage\":{\"@id\":\"https:\\\/\\\/www.copealcoy.es\\\/es\\\/cocentaina-vive-con-fervor-los-dias-grandes-de-su-semana-santa\\\/#primaryimage\"},\"image\":{\"@id\":\"https:\\\/\\\/www.copealcoy.es\\\/es\\\/cocentaina-vive-con-fervor-los-dias-grandes-de-su-semana-santa\\\/#primaryimage\"},\"thumbnailUrl\":\"https:\\\/\\\/www.copealcoy.es\\\/wp-content\\\/uploads\\\/2023\\\/04\\\/unnamed-1-4-1-scaled.jpg\",\"datePublished\":\"2024-03-22T05:00:41+00:00\",\"dateModified\":\"2024-03-22T19:09:07+00:00\",\"author\":{\"@id\":\"https:\\\/\\\/www.copealcoy.es\\\/es\\\/#\\\/schema\\\/person\\\/e777c87fa024e57d40170af9df39882c\"},\"breadcrumb\":{\"@id\":\"https:\\\/\\\/www.copealcoy.es\\\/es\\\/cocentaina-vive-con-fervor-los-dias-grandes-de-su-semana-santa\\\/#breadcrumb\"},\"inLanguage\":\"es\",\"potentialAction\":[{\"@type\":\"ReadAction\",\"target\":[\"https:\\\/\\\/www.copealcoy.es\\\/es\\\/cocentaina-vive-con-fervor-los-dias-grandes-de-su-semana-santa\\\/\"]}]},{\"@type\":\"ImageObject\",\"inLanguage\":\"es\",\"@id\":\"https:\\\/\\\/www.copealcoy.es\\\/es\\\/cocentaina-vive-con-fervor-los-dias-grandes-de-su-semana-santa\\\/#primaryimage\",\"url\":\"https:\\\/\\\/www.copealcoy.es\\\/wp-content\\\/uploads\\\/2023\\\/04\\\/unnamed-1-4-1-scaled.jpg\",\"contentUrl\":\"https:\\\/\\\/www.copealcoy.es\\\/wp-content\\\/uploads\\\/2023\\\/04\\\/unnamed-1-4-1-scaled.jpg\",\"width\":1610,\"height\":1080},{\"@type\":\"BreadcrumbList\",\"@id\":\"https:\\\/\\\/www.copealcoy.es\\\/es\\\/cocentaina-vive-con-fervor-los-dias-grandes-de-su-semana-santa\\\/#breadcrumb\",\"itemListElement\":[{\"@type\":\"ListItem\",\"position\":1,\"name\":\"Portada\",\"item\":\"https:\\\/\\\/www.copealcoy.es\\\/es\\\/\"},{\"@type\":\"ListItem\",\"position\":2,\"name\":\"Cocentaina vive con fervor los d\u00edas grandes de su Semana Santa\"}]},{\"@type\":\"WebSite\",\"@id\":\"https:\\\/\\\/www.copealcoy.es\\\/es\\\/#website\",\"url\":\"https:\\\/\\\/www.copealcoy.es\\\/es\\\/\",\"name\":\"COPE Alcoy\",\"description\":\"Emisora COPE de radio local con emisi\u00f3n online. Pont de Sant Jordi 8-10 03803 Alcoy\",\"potentialAction\":[{\"@type\":\"SearchAction\",\"target\":{\"@type\":\"EntryPoint\",\"urlTemplate\":\"https:\\\/\\\/www.copealcoy.es\\\/es\\\/?s={search_term_string}\"},\"query-input\":{\"@type\":\"PropertyValueSpecification\",\"valueRequired\":true,\"valueName\":\"search_term_string\"}}],\"inLanguage\":\"es\"},{\"@type\":\"Person\",\"@id\":\"https:\\\/\\\/www.copealcoy.es\\\/es\\\/#\\\/schema\\\/person\\\/e777c87fa024e57d40170af9df39882c\",\"name\":\"Cope Alcoy\",\"image\":{\"@type\":\"ImageObject\",\"inLanguage\":\"es\",\"@id\":\"https:\\\/\\\/secure.gravatar.com\\\/avatar\\\/bb65d0283347e303893ba14f0692005417c1e0e690a325a4c5d8bb2b3943ee14?s=96&d=mm&r=g\",\"url\":\"https:\\\/\\\/secure.gravatar.com\\\/avatar\\\/bb65d0283347e303893ba14f0692005417c1e0e690a325a4c5d8bb2b3943ee14?s=96&d=mm&r=g\",\"contentUrl\":\"https:\\\/\\\/secure.gravatar.com\\\/avatar\\\/bb65d0283347e303893ba14f0692005417c1e0e690a325a4c5d8bb2b3943ee14?s=96&d=mm&r=g\",\"caption\":\"Cope Alcoy\"}}]}<\/script>\n<!-- \/ Yoast SEO plugin. -->","yoast_head_json":{"title":"Cocentaina vive con fervor los d\u00edas grandes de su Semana Santa - COPE Alcoy","robots":{"index":"index","follow":"follow","max-snippet":"max-snippet:-1","max-image-preview":"max-image-preview:large","max-video-preview":"max-video-preview:-1"},"canonical":"https:\/\/www.copealcoy.es\/es\/cocentaina-vive-con-fervor-los-dias-grandes-de-su-semana-santa\/","og_locale":"es_ES","og_type":"article","og_title":"Cocentaina vive con fervor los d\u00edas grandes de su Semana Santa - COPE Alcoy","og_description":"Cocentaina se adentra en la Semana Santa y lo hace reviviendo en la calle, o con los cultos en el...","og_url":"https:\/\/www.copealcoy.es\/es\/cocentaina-vive-con-fervor-los-dias-grandes-de-su-semana-santa\/","og_site_name":"COPE Alcoy","article_published_time":"2024-03-22T05:00:41+00:00","article_modified_time":"2024-03-22T19:09:07+00:00","og_image":[{"width":1610,"height":1080,"url":"https:\/\/www.copealcoy.es\/wp-content\/uploads\/2023\/04\/unnamed-1-4-1-scaled.jpg","type":"image\/jpeg"}],"author":"Cope Alcoy","twitter_misc":{"Escrito por":"Cope Alcoy","Tiempo de lectura":"4 minutos"},"schema":{"@context":"https:\/\/schema.org","@graph":[{"@type":"Article","@id":"https:\/\/www.copealcoy.es\/es\/cocentaina-vive-con-fervor-los-dias-grandes-de-su-semana-santa\/#article","isPartOf":{"@id":"https:\/\/www.copealcoy.es\/es\/cocentaina-vive-con-fervor-los-dias-grandes-de-su-semana-santa\/"},"author":{"name":"Cope Alcoy","@id":"https:\/\/www.copealcoy.es\/es\/#\/schema\/person\/e777c87fa024e57d40170af9df39882c"},"headline":"Cocentaina vive con fervor los d\u00edas grandes de su Semana Santa","datePublished":"2024-03-22T05:00:41+00:00","dateModified":"2024-03-22T19:09:07+00:00","mainEntityOfPage":{"@id":"https:\/\/www.copealcoy.es\/es\/cocentaina-vive-con-fervor-los-dias-grandes-de-su-semana-santa\/"},"wordCount":641,"commentCount":0,"image":{"@id":"https:\/\/www.copealcoy.es\/es\/cocentaina-vive-con-fervor-los-dias-grandes-de-su-semana-santa\/#primaryimage"},"thumbnailUrl":"https:\/\/www.copealcoy.es\/wp-content\/uploads\/2023\/04\/unnamed-1-4-1-scaled.jpg","keywords":["Cocentaina","Cofrad\u00eda Jes\u00fas del Huerto","Horarios","Semana Santa"],"articleSection":["Comarcas","Noticias"],"inLanguage":"es"},{"@type":"WebPage","@id":"https:\/\/www.copealcoy.es\/es\/cocentaina-vive-con-fervor-los-dias-grandes-de-su-semana-santa\/","url":"https:\/\/www.copealcoy.es\/es\/cocentaina-vive-con-fervor-los-dias-grandes-de-su-semana-santa\/","name":"Cocentaina vive con fervor los d\u00edas grandes de su Semana Santa - COPE Alcoy","isPartOf":{"@id":"https:\/\/www.copealcoy.es\/es\/#website"},"primaryImageOfPage":{"@id":"https:\/\/www.copealcoy.es\/es\/cocentaina-vive-con-fervor-los-dias-grandes-de-su-semana-santa\/#primaryimage"},"image":{"@id":"https:\/\/www.copealcoy.es\/es\/cocentaina-vive-con-fervor-los-dias-grandes-de-su-semana-santa\/#primaryimage"},"thumbnailUrl":"https:\/\/www.copealcoy.es\/wp-content\/uploads\/2023\/04\/unnamed-1-4-1-scaled.jpg","datePublished":"2024-03-22T05:00:41+00:00","dateModified":"2024-03-22T19:09:07+00:00","author":{"@id":"https:\/\/www.copealcoy.es\/es\/#\/schema\/person\/e777c87fa024e57d40170af9df39882c"},"breadcrumb":{"@id":"https:\/\/www.copealcoy.es\/es\/cocentaina-vive-con-fervor-los-dias-grandes-de-su-semana-santa\/#breadcrumb"},"inLanguage":"es","potentialAction":[{"@type":"ReadAction","target":["https:\/\/www.copealcoy.es\/es\/cocentaina-vive-con-fervor-los-dias-grandes-de-su-semana-santa\/"]}]},{"@type":"ImageObject","inLanguage":"es","@id":"https:\/\/www.copealcoy.es\/es\/cocentaina-vive-con-fervor-los-dias-grandes-de-su-semana-santa\/#primaryimage","url":"https:\/\/www.copealcoy.es\/wp-content\/uploads\/2023\/04\/unnamed-1-4-1-scaled.jpg","contentUrl":"https:\/\/www.copealcoy.es\/wp-content\/uploads\/2023\/04\/unnamed-1-4-1-scaled.jpg","width":1610,"height":1080},{"@type":"BreadcrumbList","@id":"https:\/\/www.copealcoy.es\/es\/cocentaina-vive-con-fervor-los-dias-grandes-de-su-semana-santa\/#breadcrumb","itemListElement":[{"@type":"ListItem","position":1,"name":"Portada","item":"https:\/\/www.copealcoy.es\/es\/"},{"@type":"ListItem","position":2,"name":"Cocentaina vive con fervor los d\u00edas grandes de su Semana Santa"}]},{"@type":"WebSite","@id":"https:\/\/www.copealcoy.es\/es\/#website","url":"https:\/\/www.copealcoy.es\/es\/","name":"COPE Alcoy","description":"Emisora COPE de radio local con emisi\u00f3n online. Pont de Sant Jordi 8-10 03803 Alcoy","potentialAction":[{"@type":"SearchAction","target":{"@type":"EntryPoint","urlTemplate":"https:\/\/www.copealcoy.es\/es\/?s={search_term_string}"},"query-input":{"@type":"PropertyValueSpecification","valueRequired":true,"valueName":"search_term_string"}}],"inLanguage":"es"},{"@type":"Person","@id":"https:\/\/www.copealcoy.es\/es\/#\/schema\/person\/e777c87fa024e57d40170af9df39882c","name":"Cope Alcoy","image":{"@type":"ImageObject","inLanguage":"es","@id":"https:\/\/secure.gravatar.com\/avatar\/bb65d0283347e303893ba14f0692005417c1e0e690a325a4c5d8bb2b3943ee14?s=96&d=mm&r=g","url":"https:\/\/secure.gravatar.com\/avatar\/bb65d0283347e303893ba14f0692005417c1e0e690a325a4c5d8bb2b3943ee14?s=96&d=mm&r=g","contentUrl":"https:\/\/secure.gravatar.com\/avatar\/bb65d0283347e303893ba14f0692005417c1e0e690a325a4c5d8bb2b3943ee14?s=96&d=mm&r=g","caption":"Cope Alcoy"}}]}},"_links":{"self":[{"href":"https:\/\/www.copealcoy.es\/es\/wp-json\/wp\/v2\/posts\/130739","targetHints":{"allow":["GET"]}}],"collection":[{"href":"https:\/\/www.copealcoy.es\/es\/wp-json\/wp\/v2\/posts"}],"about":[{"href":"https:\/\/www.copealcoy.es\/es\/wp-json\/wp\/v2\/types\/post"}],"author":[{"embeddable":true,"href":"https:\/\/www.copealcoy.es\/es\/wp-json\/wp\/v2\/users\/1"}],"replies":[{"embeddable":true,"href":"https:\/\/www.copealcoy.es\/es\/wp-json\/wp\/v2\/comments?post=130739"}],"version-history":[{"count":0,"href":"https:\/\/www.copealcoy.es\/es\/wp-json\/wp\/v2\/posts\/130739\/revisions"}],"wp:featuredmedia":[{"embeddable":true,"href":"https:\/\/www.copealcoy.es\/es\/wp-json\/wp\/v2\/media\/113578"}],"wp:attachment":[{"href":"https:\/\/www.copealcoy.es\/es\/wp-json\/wp\/v2\/media?parent=130739"}],"wp:term":[{"taxonomy":"category","embeddable":true,"href":"https:\/\/www.copealcoy.es\/es\/wp-json\/wp\/v2\/categories?post=130739"},{"taxonomy":"post_tag","embeddable":true,"href":"https:\/\/www.copealcoy.es\/es\/wp-json\/wp\/v2\/tags?post=130739"}],"curies":[{"name":"wp","href":"https:\/\/api.w.org\/{rel}","templated":true}]}}