{"id":130716,"date":"2024-03-22T12:00:35","date_gmt":"2024-03-22T11:00:35","guid":{"rendered":"https:\/\/www.copealcoy.es\/?p=130716"},"modified":"2024-03-25T14:33:35","modified_gmt":"2024-03-25T13:33:35","slug":"tras-anos-de-espera-ya-es-una-realidad-la-pasarela-peatonal-bajo-el-puente-de-cervantes-de-alcoy","status":"publish","type":"post","link":"https:\/\/www.copealcoy.es\/es\/tras-anos-de-espera-ya-es-una-realidad-la-pasarela-peatonal-bajo-el-puente-de-cervantes-de-alcoy\/","title":{"rendered":"Tras a\u00f1os de espera, ya es una realidad la pasarela peatonal bajo el puente de Cervantes de Alcoy"},"content":{"rendered":"<p style=\"text-align: justify;\">Tard\u00f3, pero por fin lleg\u00f3. Ya <strong>ha empezado a colocarse la pasarela<\/strong> que conectar\u00e1 los dos tramos peatonales debajo del puente de Mar\u00eda Cristina de Alcoy, <strong>un proyecto de los Presupuestos Participativos de 2016<\/strong> y que comienza a ser una realidad <strong>tras superar un reguero de obst\u00e1culos<\/strong>. La actuaci\u00f3n <strong>supone una inversi\u00f3n de m\u00e1s de 300.000 euros<\/strong> y <strong>cuenta con financiaci\u00f3n<\/strong> de la Uni\u00f3n Europea despu\u00e9s de haber sido incluida en la estrategia Edusi Alcoi Dem\u00e0.<\/p>\n<p style=\"text-align: justify;\">El citado proyecto <strong>supone<\/strong> una estructura met\u00e1lica protegida con una celos\u00eda, con una anchura \u00fatil de 2,5 metros, una pendiente inferior al 6% y una longitud de 45 metros, que se sit\u00faa a 14 metros sobre el cauce del r\u00edo Riquer. La propia estructura lleg\u00f3 el mi\u00e9rcoles dividida en varias partes que est\u00e1n siendo colocadas y ensambladas sobre los pilones de la base. Las<strong> condiciones de los terrenos<\/strong> sobre los que se proyecta esta pasaela han obligado a modificar el proyecto en varias ocasiones e incluso a paralizar las obras para atender a los imprevistos t\u00e9cnicos. Esto llev\u00f3 a <strong>redactar un modificado del proyecto inicial y a licitarlo de forma independiente<\/strong>, con el consiguiente incremento del presupuesto, que finalmente ha sido de 336.674,65 euros (IVA incluido). La pasarela <strong>contribuir\u00e1 a establecer una conexi\u00f3n peatonal<\/strong> entre la zona deportiva de Santa Ana, en las inmediaciones de la antigua F\u00e1brica del Pl\u00e0 y el \u00e1mbito entre los puentes de Mar\u00eda Cristina y de Cadise\u00f1o, \u00e1rea urbanizada por el Ministerio de Medio Ambiente &#8220;<em>es un proyecto complejo pero que aportar\u00e1 una mejora importante. Con la instalaci\u00f3n de esta pasarela, no solo materializamos una propuesta ciudadana, surgida de un proceso participativo, sino que contribuimos a proteger, mejorar y poner en valor la infraestructura verde de Alcoy, comunicando la ciudad con su entorno natural<\/em>&#8220;, indica la edil de Transici\u00f3n Ecol\u00f3gica del <a href=\"https:\/\/www.alcoi.org\/ca\/portal\/index.html\" target=\"_blank\" rel=\"noopener\"><strong><span style=\"color: #0000ff;\">Consistorio<\/span><\/strong><\/a> de nuestra ciudad; <strong>Tere Sanjuan<\/strong>.<\/p>\n<p style=\"text-align: justify;\">Para garantizar el acceso peatonal a la pasarela <strong>se ha proyectado la ejecuci\u00f3n de un vial<\/strong>, que arrancar\u00e1 en el actual camino de la F\u00e1brica de Pl\u00e0 y finalizar\u00e1 en el estribo de la pasarela. Se prev\u00e9 que esta pasarela <strong>pueda ser utilizada a finales del pr\u00f3ximo mes de abril<\/strong>, una vez haya finalizado la adecuaci\u00f3n de estos accesos.<\/p>\n","protected":false},"excerpt":{"rendered":"<p>Tard\u00f3, pero por fin lleg\u00f3. Ya ha empezado a colocarse la pasarela que conectar\u00e1 los dos tramos peatonales debajo del&#8230;<\/p>\n","protected":false},"author":1,"featured_media":130717,"comment_status":"open","ping_status":"open","sticky":false,"template":"","format":"standard","meta":{"footnotes":""},"categories":[6909,97,75],"tags":[1494,12592,1931,16501],"class_list":["post-130716","post","type-post","status-publish","format-standard","has-post-thumbnail","hentry","category-actualidad","category-alcoy","category-noticias","tag-alcoy","tag-colocacion","tag-pasarela","tag-puente-de-cervantes"],"yoast_head":"<!-- This site is optimized with the Yoast SEO plugin v27.3 - https:\/\/yoast.com\/product\/yoast-seo-wordpress\/ -->\n<title>Tras a\u00f1os de espera, ya es una realidad la pasarela peatonal bajo el puente de Cervantes de Alcoy - COPE Alcoy<\/title>\n<meta name=\"description\" content=\"Ya ha empezado a colocarse la pasarela que conectar\u00e1 los dos tramos peatonales debajo del puente de Mar\u00eda Cristina de Alcoy\" \/>\n<meta name=\"robots\" content=\"index, follow, max-snippet:-1, max-image-preview:large, max-video-preview:-1\" \/>\n<link rel=\"canonical\" href=\"https:\/\/www.copealcoy.es\/es\/tras-anos-de-espera-ya-es-una-realidad-la-pasarela-peatonal-bajo-el-puente-de-cervantes-de-alcoy\/\" \/>\n<meta property=\"og:locale\" content=\"es_ES\" \/>\n<meta property=\"og:type\" content=\"article\" \/>\n<meta property=\"og:title\" content=\"Tras a\u00f1os de espera, ya es una realidad la pasarela peatonal bajo el puente de Cervantes de Alcoy - COPE Alcoy\" \/>\n<meta property=\"og:description\" content=\"Ya ha empezado a colocarse la pasarela que conectar\u00e1 los dos tramos peatonales debajo del puente de Mar\u00eda Cristina de Alcoy\" \/>\n<meta property=\"og:url\" content=\"https:\/\/www.copealcoy.es\/es\/tras-anos-de-espera-ya-es-una-realidad-la-pasarela-peatonal-bajo-el-puente-de-cervantes-de-alcoy\/\" \/>\n<meta property=\"og:site_name\" content=\"COPE Alcoy\" \/>\n<meta property=\"article:published_time\" content=\"2024-03-22T11:00:35+00:00\" \/>\n<meta property=\"article:modified_time\" content=\"2024-03-25T13:33:35+00:00\" \/>\n<meta property=\"og:image\" content=\"https:\/\/www.copealcoy.es\/wp-content\/uploads\/2024\/03\/pasarelacervantes.jpg_35257781.jpg\" \/>\n\t<meta property=\"og:image:width\" content=\"624\" \/>\n\t<meta property=\"og:image:height\" content=\"365\" \/>\n\t<meta property=\"og:image:type\" content=\"image\/jpeg\" \/>\n<meta name=\"author\" content=\"Cope Alcoy\" \/>\n<meta name=\"twitter:label1\" content=\"Escrito por\" \/>\n\t<meta name=\"twitter:data1\" content=\"Cope Alcoy\" \/>\n\t<meta name=\"twitter:label2\" content=\"Tiempo de lectura\" \/>\n\t<meta name=\"twitter:data2\" content=\"2 minutos\" \/>\n<script type=\"application\/ld+json\" class=\"yoast-schema-graph\">{\"@context\":\"https:\\\/\\\/schema.org\",\"@graph\":[{\"@type\":\"Article\",\"@id\":\"https:\\\/\\\/www.copealcoy.es\\\/es\\\/tras-anos-de-espera-ya-es-una-realidad-la-pasarela-peatonal-bajo-el-puente-de-cervantes-de-alcoy\\\/#article\",\"isPartOf\":{\"@id\":\"https:\\\/\\\/www.copealcoy.es\\\/es\\\/tras-anos-de-espera-ya-es-una-realidad-la-pasarela-peatonal-bajo-el-puente-de-cervantes-de-alcoy\\\/\"},\"author\":{\"name\":\"Cope Alcoy\",\"@id\":\"https:\\\/\\\/www.copealcoy.es\\\/es\\\/#\\\/schema\\\/person\\\/e777c87fa024e57d40170af9df39882c\"},\"headline\":\"Tras a\u00f1os de espera, ya es una realidad la pasarela peatonal bajo el puente de Cervantes de Alcoy\",\"datePublished\":\"2024-03-22T11:00:35+00:00\",\"dateModified\":\"2024-03-25T13:33:35+00:00\",\"mainEntityOfPage\":{\"@id\":\"https:\\\/\\\/www.copealcoy.es\\\/es\\\/tras-anos-de-espera-ya-es-una-realidad-la-pasarela-peatonal-bajo-el-puente-de-cervantes-de-alcoy\\\/\"},\"wordCount\":405,\"commentCount\":0,\"image\":{\"@id\":\"https:\\\/\\\/www.copealcoy.es\\\/es\\\/tras-anos-de-espera-ya-es-una-realidad-la-pasarela-peatonal-bajo-el-puente-de-cervantes-de-alcoy\\\/#primaryimage\"},\"thumbnailUrl\":\"https:\\\/\\\/www.copealcoy.es\\\/wp-content\\\/uploads\\\/2024\\\/03\\\/pasarelacervantes.jpg_35257781.jpg\",\"keywords\":[\"Alcoy\",\"colocaci\u00f3n\",\"Pasarela\",\"Puente de Cervantes\"],\"articleSection\":[\"Actualidad\",\"Alcoy\",\"Noticias\"],\"inLanguage\":\"es\"},{\"@type\":\"WebPage\",\"@id\":\"https:\\\/\\\/www.copealcoy.es\\\/es\\\/tras-anos-de-espera-ya-es-una-realidad-la-pasarela-peatonal-bajo-el-puente-de-cervantes-de-alcoy\\\/\",\"url\":\"https:\\\/\\\/www.copealcoy.es\\\/es\\\/tras-anos-de-espera-ya-es-una-realidad-la-pasarela-peatonal-bajo-el-puente-de-cervantes-de-alcoy\\\/\",\"name\":\"Tras a\u00f1os de espera, ya es una realidad la pasarela peatonal bajo el puente de Cervantes de Alcoy - COPE Alcoy\",\"isPartOf\":{\"@id\":\"https:\\\/\\\/www.copealcoy.es\\\/es\\\/#website\"},\"primaryImageOfPage\":{\"@id\":\"https:\\\/\\\/www.copealcoy.es\\\/es\\\/tras-anos-de-espera-ya-es-una-realidad-la-pasarela-peatonal-bajo-el-puente-de-cervantes-de-alcoy\\\/#primaryimage\"},\"image\":{\"@id\":\"https:\\\/\\\/www.copealcoy.es\\\/es\\\/tras-anos-de-espera-ya-es-una-realidad-la-pasarela-peatonal-bajo-el-puente-de-cervantes-de-alcoy\\\/#primaryimage\"},\"thumbnailUrl\":\"https:\\\/\\\/www.copealcoy.es\\\/wp-content\\\/uploads\\\/2024\\\/03\\\/pasarelacervantes.jpg_35257781.jpg\",\"datePublished\":\"2024-03-22T11:00:35+00:00\",\"dateModified\":\"2024-03-25T13:33:35+00:00\",\"author\":{\"@id\":\"https:\\\/\\\/www.copealcoy.es\\\/es\\\/#\\\/schema\\\/person\\\/e777c87fa024e57d40170af9df39882c\"},\"description\":\"Ya ha empezado a colocarse la pasarela que conectar\u00e1 los dos tramos peatonales debajo del puente de Mar\u00eda Cristina de Alcoy\",\"breadcrumb\":{\"@id\":\"https:\\\/\\\/www.copealcoy.es\\\/es\\\/tras-anos-de-espera-ya-es-una-realidad-la-pasarela-peatonal-bajo-el-puente-de-cervantes-de-alcoy\\\/#breadcrumb\"},\"inLanguage\":\"es\",\"potentialAction\":[{\"@type\":\"ReadAction\",\"target\":[\"https:\\\/\\\/www.copealcoy.es\\\/es\\\/tras-anos-de-espera-ya-es-una-realidad-la-pasarela-peatonal-bajo-el-puente-de-cervantes-de-alcoy\\\/\"]}]},{\"@type\":\"ImageObject\",\"inLanguage\":\"es\",\"@id\":\"https:\\\/\\\/www.copealcoy.es\\\/es\\\/tras-anos-de-espera-ya-es-una-realidad-la-pasarela-peatonal-bajo-el-puente-de-cervantes-de-alcoy\\\/#primaryimage\",\"url\":\"https:\\\/\\\/www.copealcoy.es\\\/wp-content\\\/uploads\\\/2024\\\/03\\\/pasarelacervantes.jpg_35257781.jpg\",\"contentUrl\":\"https:\\\/\\\/www.copealcoy.es\\\/wp-content\\\/uploads\\\/2024\\\/03\\\/pasarelacervantes.jpg_35257781.jpg\",\"width\":624,\"height\":365},{\"@type\":\"BreadcrumbList\",\"@id\":\"https:\\\/\\\/www.copealcoy.es\\\/es\\\/tras-anos-de-espera-ya-es-una-realidad-la-pasarela-peatonal-bajo-el-puente-de-cervantes-de-alcoy\\\/#breadcrumb\",\"itemListElement\":[{\"@type\":\"ListItem\",\"position\":1,\"name\":\"Portada\",\"item\":\"https:\\\/\\\/www.copealcoy.es\\\/es\\\/\"},{\"@type\":\"ListItem\",\"position\":2,\"name\":\"Tras a\u00f1os de espera, ya es una realidad la pasarela peatonal bajo el puente de Cervantes de Alcoy\"}]},{\"@type\":\"WebSite\",\"@id\":\"https:\\\/\\\/www.copealcoy.es\\\/es\\\/#website\",\"url\":\"https:\\\/\\\/www.copealcoy.es\\\/es\\\/\",\"name\":\"COPE Alcoy\",\"description\":\"Emisora COPE de radio local con emisi\u00f3n online. Pont de Sant Jordi 8-10 03803 Alcoy\",\"potentialAction\":[{\"@type\":\"SearchAction\",\"target\":{\"@type\":\"EntryPoint\",\"urlTemplate\":\"https:\\\/\\\/www.copealcoy.es\\\/es\\\/?s={search_term_string}\"},\"query-input\":{\"@type\":\"PropertyValueSpecification\",\"valueRequired\":true,\"valueName\":\"search_term_string\"}}],\"inLanguage\":\"es\"},{\"@type\":\"Person\",\"@id\":\"https:\\\/\\\/www.copealcoy.es\\\/es\\\/#\\\/schema\\\/person\\\/e777c87fa024e57d40170af9df39882c\",\"name\":\"Cope Alcoy\",\"image\":{\"@type\":\"ImageObject\",\"inLanguage\":\"es\",\"@id\":\"https:\\\/\\\/secure.gravatar.com\\\/avatar\\\/bb65d0283347e303893ba14f0692005417c1e0e690a325a4c5d8bb2b3943ee14?s=96&d=mm&r=g\",\"url\":\"https:\\\/\\\/secure.gravatar.com\\\/avatar\\\/bb65d0283347e303893ba14f0692005417c1e0e690a325a4c5d8bb2b3943ee14?s=96&d=mm&r=g\",\"contentUrl\":\"https:\\\/\\\/secure.gravatar.com\\\/avatar\\\/bb65d0283347e303893ba14f0692005417c1e0e690a325a4c5d8bb2b3943ee14?s=96&d=mm&r=g\",\"caption\":\"Cope Alcoy\"}}]}<\/script>\n<!-- \/ Yoast SEO plugin. -->","yoast_head_json":{"title":"Tras a\u00f1os de espera, ya es una realidad la pasarela peatonal bajo el puente de Cervantes de Alcoy - COPE Alcoy","description":"Ya ha empezado a colocarse la pasarela que conectar\u00e1 los dos tramos peatonales debajo del puente de Mar\u00eda Cristina de Alcoy","robots":{"index":"index","follow":"follow","max-snippet":"max-snippet:-1","max-image-preview":"max-image-preview:large","max-video-preview":"max-video-preview:-1"},"canonical":"https:\/\/www.copealcoy.es\/es\/tras-anos-de-espera-ya-es-una-realidad-la-pasarela-peatonal-bajo-el-puente-de-cervantes-de-alcoy\/","og_locale":"es_ES","og_type":"article","og_title":"Tras a\u00f1os de espera, ya es una realidad la pasarela peatonal bajo el puente de Cervantes de Alcoy - COPE Alcoy","og_description":"Ya ha empezado a colocarse la pasarela que conectar\u00e1 los dos tramos peatonales debajo del puente de Mar\u00eda Cristina de Alcoy","og_url":"https:\/\/www.copealcoy.es\/es\/tras-anos-de-espera-ya-es-una-realidad-la-pasarela-peatonal-bajo-el-puente-de-cervantes-de-alcoy\/","og_site_name":"COPE Alcoy","article_published_time":"2024-03-22T11:00:35+00:00","article_modified_time":"2024-03-25T13:33:35+00:00","og_image":[{"width":624,"height":365,"url":"https:\/\/www.copealcoy.es\/wp-content\/uploads\/2024\/03\/pasarelacervantes.jpg_35257781.jpg","type":"image\/jpeg"}],"author":"Cope Alcoy","twitter_misc":{"Escrito por":"Cope Alcoy","Tiempo de lectura":"2 minutos"},"schema":{"@context":"https:\/\/schema.org","@graph":[{"@type":"Article","@id":"https:\/\/www.copealcoy.es\/es\/tras-anos-de-espera-ya-es-una-realidad-la-pasarela-peatonal-bajo-el-puente-de-cervantes-de-alcoy\/#article","isPartOf":{"@id":"https:\/\/www.copealcoy.es\/es\/tras-anos-de-espera-ya-es-una-realidad-la-pasarela-peatonal-bajo-el-puente-de-cervantes-de-alcoy\/"},"author":{"name":"Cope Alcoy","@id":"https:\/\/www.copealcoy.es\/es\/#\/schema\/person\/e777c87fa024e57d40170af9df39882c"},"headline":"Tras a\u00f1os de espera, ya es una realidad la pasarela peatonal bajo el puente de Cervantes de Alcoy","datePublished":"2024-03-22T11:00:35+00:00","dateModified":"2024-03-25T13:33:35+00:00","mainEntityOfPage":{"@id":"https:\/\/www.copealcoy.es\/es\/tras-anos-de-espera-ya-es-una-realidad-la-pasarela-peatonal-bajo-el-puente-de-cervantes-de-alcoy\/"},"wordCount":405,"commentCount":0,"image":{"@id":"https:\/\/www.copealcoy.es\/es\/tras-anos-de-espera-ya-es-una-realidad-la-pasarela-peatonal-bajo-el-puente-de-cervantes-de-alcoy\/#primaryimage"},"thumbnailUrl":"https:\/\/www.copealcoy.es\/wp-content\/uploads\/2024\/03\/pasarelacervantes.jpg_35257781.jpg","keywords":["Alcoy","colocaci\u00f3n","Pasarela","Puente de Cervantes"],"articleSection":["Actualidad","Alcoy","Noticias"],"inLanguage":"es"},{"@type":"WebPage","@id":"https:\/\/www.copealcoy.es\/es\/tras-anos-de-espera-ya-es-una-realidad-la-pasarela-peatonal-bajo-el-puente-de-cervantes-de-alcoy\/","url":"https:\/\/www.copealcoy.es\/es\/tras-anos-de-espera-ya-es-una-realidad-la-pasarela-peatonal-bajo-el-puente-de-cervantes-de-alcoy\/","name":"Tras a\u00f1os de espera, ya es una realidad la pasarela peatonal bajo el puente de Cervantes de Alcoy - COPE Alcoy","isPartOf":{"@id":"https:\/\/www.copealcoy.es\/es\/#website"},"primaryImageOfPage":{"@id":"https:\/\/www.copealcoy.es\/es\/tras-anos-de-espera-ya-es-una-realidad-la-pasarela-peatonal-bajo-el-puente-de-cervantes-de-alcoy\/#primaryimage"},"image":{"@id":"https:\/\/www.copealcoy.es\/es\/tras-anos-de-espera-ya-es-una-realidad-la-pasarela-peatonal-bajo-el-puente-de-cervantes-de-alcoy\/#primaryimage"},"thumbnailUrl":"https:\/\/www.copealcoy.es\/wp-content\/uploads\/2024\/03\/pasarelacervantes.jpg_35257781.jpg","datePublished":"2024-03-22T11:00:35+00:00","dateModified":"2024-03-25T13:33:35+00:00","author":{"@id":"https:\/\/www.copealcoy.es\/es\/#\/schema\/person\/e777c87fa024e57d40170af9df39882c"},"description":"Ya ha empezado a colocarse la pasarela que conectar\u00e1 los dos tramos peatonales debajo del puente de Mar\u00eda Cristina de Alcoy","breadcrumb":{"@id":"https:\/\/www.copealcoy.es\/es\/tras-anos-de-espera-ya-es-una-realidad-la-pasarela-peatonal-bajo-el-puente-de-cervantes-de-alcoy\/#breadcrumb"},"inLanguage":"es","potentialAction":[{"@type":"ReadAction","target":["https:\/\/www.copealcoy.es\/es\/tras-anos-de-espera-ya-es-una-realidad-la-pasarela-peatonal-bajo-el-puente-de-cervantes-de-alcoy\/"]}]},{"@type":"ImageObject","inLanguage":"es","@id":"https:\/\/www.copealcoy.es\/es\/tras-anos-de-espera-ya-es-una-realidad-la-pasarela-peatonal-bajo-el-puente-de-cervantes-de-alcoy\/#primaryimage","url":"https:\/\/www.copealcoy.es\/wp-content\/uploads\/2024\/03\/pasarelacervantes.jpg_35257781.jpg","contentUrl":"https:\/\/www.copealcoy.es\/wp-content\/uploads\/2024\/03\/pasarelacervantes.jpg_35257781.jpg","width":624,"height":365},{"@type":"BreadcrumbList","@id":"https:\/\/www.copealcoy.es\/es\/tras-anos-de-espera-ya-es-una-realidad-la-pasarela-peatonal-bajo-el-puente-de-cervantes-de-alcoy\/#breadcrumb","itemListElement":[{"@type":"ListItem","position":1,"name":"Portada","item":"https:\/\/www.copealcoy.es\/es\/"},{"@type":"ListItem","position":2,"name":"Tras a\u00f1os de espera, ya es una realidad la pasarela peatonal bajo el puente de Cervantes de Alcoy"}]},{"@type":"WebSite","@id":"https:\/\/www.copealcoy.es\/es\/#website","url":"https:\/\/www.copealcoy.es\/es\/","name":"COPE Alcoy","description":"Emisora COPE de radio local con emisi\u00f3n online. Pont de Sant Jordi 8-10 03803 Alcoy","potentialAction":[{"@type":"SearchAction","target":{"@type":"EntryPoint","urlTemplate":"https:\/\/www.copealcoy.es\/es\/?s={search_term_string}"},"query-input":{"@type":"PropertyValueSpecification","valueRequired":true,"valueName":"search_term_string"}}],"inLanguage":"es"},{"@type":"Person","@id":"https:\/\/www.copealcoy.es\/es\/#\/schema\/person\/e777c87fa024e57d40170af9df39882c","name":"Cope Alcoy","image":{"@type":"ImageObject","inLanguage":"es","@id":"https:\/\/secure.gravatar.com\/avatar\/bb65d0283347e303893ba14f0692005417c1e0e690a325a4c5d8bb2b3943ee14?s=96&d=mm&r=g","url":"https:\/\/secure.gravatar.com\/avatar\/bb65d0283347e303893ba14f0692005417c1e0e690a325a4c5d8bb2b3943ee14?s=96&d=mm&r=g","contentUrl":"https:\/\/secure.gravatar.com\/avatar\/bb65d0283347e303893ba14f0692005417c1e0e690a325a4c5d8bb2b3943ee14?s=96&d=mm&r=g","caption":"Cope Alcoy"}}]}},"_links":{"self":[{"href":"https:\/\/www.copealcoy.es\/es\/wp-json\/wp\/v2\/posts\/130716","targetHints":{"allow":["GET"]}}],"collection":[{"href":"https:\/\/www.copealcoy.es\/es\/wp-json\/wp\/v2\/posts"}],"about":[{"href":"https:\/\/www.copealcoy.es\/es\/wp-json\/wp\/v2\/types\/post"}],"author":[{"embeddable":true,"href":"https:\/\/www.copealcoy.es\/es\/wp-json\/wp\/v2\/users\/1"}],"replies":[{"embeddable":true,"href":"https:\/\/www.copealcoy.es\/es\/wp-json\/wp\/v2\/comments?post=130716"}],"version-history":[{"count":0,"href":"https:\/\/www.copealcoy.es\/es\/wp-json\/wp\/v2\/posts\/130716\/revisions"}],"wp:featuredmedia":[{"embeddable":true,"href":"https:\/\/www.copealcoy.es\/es\/wp-json\/wp\/v2\/media\/130717"}],"wp:attachment":[{"href":"https:\/\/www.copealcoy.es\/es\/wp-json\/wp\/v2\/media?parent=130716"}],"wp:term":[{"taxonomy":"category","embeddable":true,"href":"https:\/\/www.copealcoy.es\/es\/wp-json\/wp\/v2\/categories?post=130716"},{"taxonomy":"post_tag","embeddable":true,"href":"https:\/\/www.copealcoy.es\/es\/wp-json\/wp\/v2\/tags?post=130716"}],"curies":[{"name":"wp","href":"https:\/\/api.w.org\/{rel}","templated":true}]}}