{"id":130663,"date":"2024-03-21T13:21:12","date_gmt":"2024-03-21T12:21:12","guid":{"rendered":"https:\/\/www.copealcoy.es\/?p=130663"},"modified":"2024-03-21T18:50:35","modified_gmt":"2024-03-21T17:50:35","slug":"los-hoteles-de-alcoy-al-100-de-ocupacion-para-el-dia-de-las-entradas","status":"publish","type":"post","link":"https:\/\/www.copealcoy.es\/es\/los-hoteles-de-alcoy-al-100-de-ocupacion-para-el-dia-de-las-entradas\/","title":{"rendered":"Los hoteles de Alcoy al 100% de ocupaci\u00f3n para el D\u00eda de Las Entradas"},"content":{"rendered":"<p style=\"text-align: justify;\">Queda un mes <strong>para que Alcoy disfrute de sus <a href=\"https:\/\/www.asjordi.org\/\" target=\"_blank\" rel=\"noopener\"><span style=\"color: #0000ff;\">Fiestas de Moros y Cristianos<\/span><\/a>,<\/strong>\u00a0y en apenas 30 d\u00edas <strong>estaremos en la jornada despu\u00e9s de las espectaculares Entradas<\/strong> de los bandos de la cruz y de la media luna. Para el mismo <strong>20 de abril<\/strong>, fecha en la que coinciden este a\u00f1o los desfiles, e incluso para <strong>la v\u00edspera del D\u00eda de los M\u00fasicos<\/strong> los hoteles ya cuelgan el cartel de completo habiendo tambi\u00e9n <strong>buenos \u00edndices<\/strong> de reservas en poblaciones cercanas como Cocentaina. Este hecho demuestra el <strong>importante impacto econ\u00f3mico<\/strong> que genera en la zona la trilog\u00eda en honor a San Jorge.<\/p>\n<p style=\"text-align: justify;\">Precisamente a un mes vista de ese s\u00e1bado 20 de abril, <strong>los hoteles del casco urbano de Alcoy est\u00e1n al 100% de ocupaci\u00f3n<\/strong>\u00a0tanto para\u00a0<strong>el d\u00eda de las Entradas<\/strong>\u00a0como para\u00a0<strong>el viernes 19 de abril<\/strong>, fecha en la que oficialmente arrancar\u00e1n las Fiestas con la interpretaci\u00f3n del Himno en la Plaza de Espa\u00f1a. Para\u00a0<strong>el d\u00eda de San Jorge<\/strong> la ocupaci\u00f3n est\u00e1 al 80% a d\u00eda de hoy y ya las cifras bajan considerablemente para\u00a0<strong>el lunes 22 de abril<\/strong>, jornada que tan solo ser\u00e1 festivo local en Alcoy. As\u00ed lo ha explicado en COPE ALCOY\u00a0<strong>Luc\u00eda Cap\u00f3<\/strong>, al frente de un conocido hotel de la ciudad del Serpis, y que detalla tambi\u00e9n\u00a0<strong>la procedencia de aquellos que ya han hecho las reservas<\/strong> &#8220;<em>hay turistas que vienen a ver las Fiestas, pero la mayor\u00eda de las habitaciones las han reservado personas de Alcoy que residen fuera y que buscan el hotel para alojarse as\u00ed como para prepararse de cara a participar en los diferentes actos&#8221;, <\/em>afirma<em>. <\/em>Cap\u00f3 insiste tambi\u00e9n en que estos datos ya se rozaron el a\u00f1o pasado e incluso en Navidad<em> \u00abdespu\u00e9s de la pandemia todo ha vuelto a la normalidad y podemos decir que, tanto 2022 como 2023, han ayudado a recuperar a un sector que tan da\u00f1ado se vio durante la crisis sanitaria del Coronavirus a al no celebrarse las Fiestas o momentos tan esperados como la Cabalgata de Reyes&#8221;<\/em>, concluye.<\/p>\n<p style=\"text-align: justify;\">Antes de Fiestas llegar\u00e1\u00a0<strong>la Semana Santa<\/strong> y en estos d\u00edas no hay problema para encontrar una habitaci\u00f3n libre en los hoteles alcoyanos. En este caso los establecimientos atribuyen la situaci\u00f3n a que <strong>la gente est\u00e1 optando m\u00e1s por destinos de costa o salir a otros puntos de Espa\u00f1a o del extranjero<\/strong> para hacer una escapada en unos d\u00edas de Pascua que este a\u00f1o se avanzan en el calendario y que llegan a finales de marzo m\u00e1s alejados de los festejos de Moros y Cristianos.<\/p>\n","protected":false},"excerpt":{"rendered":"<p>Queda un mes para que Alcoy disfrute de sus Fiestas de Moros y Cristianos,\u00a0y en apenas 30 d\u00edas estaremos en&#8230;<\/p>\n","protected":false},"author":1,"featured_media":41541,"comment_status":"open","ping_status":"open","sticky":false,"template":"","format":"standard","meta":{"footnotes":""},"categories":[6909,97,75,125],"tags":[1494,565,10703,609,728],"class_list":["post-130663","post","type-post","status-publish","format-standard","has-post-thumbnail","hentry","category-actualidad","category-alcoy","category-noticias","category-portada","tag-alcoy","tag-fiestas","tag-hoteles","tag-moros-y-cristianos","tag-ocupacion"],"yoast_head":"<!-- This site is optimized with the Yoast SEO plugin v27.3 - https:\/\/yoast.com\/product\/yoast-seo-wordpress\/ -->\n<title>Los hoteles de Alcoy al 100% de ocupaci\u00f3n para el D\u00eda de Las Entradas - COPE Alcoy<\/title>\n<meta name=\"description\" content=\"Queda un mes para que Alcoy disfrute de sus Fiestas de Moros y Cristianos y la ocupaci\u00f3n en los hoteles roza ya el 100%\" \/>\n<meta name=\"robots\" content=\"index, follow, max-snippet:-1, max-image-preview:large, max-video-preview:-1\" \/>\n<link rel=\"canonical\" href=\"https:\/\/www.copealcoy.es\/es\/los-hoteles-de-alcoy-al-100-de-ocupacion-para-el-dia-de-las-entradas\/\" \/>\n<meta property=\"og:locale\" content=\"es_ES\" \/>\n<meta property=\"og:type\" content=\"article\" \/>\n<meta property=\"og:title\" content=\"Los hoteles de Alcoy al 100% de ocupaci\u00f3n para el D\u00eda de Las Entradas - COPE Alcoy\" \/>\n<meta property=\"og:description\" content=\"Queda un mes para que Alcoy disfrute de sus Fiestas de Moros y Cristianos y la ocupaci\u00f3n en los hoteles roza ya el 100%\" \/>\n<meta property=\"og:url\" content=\"https:\/\/www.copealcoy.es\/es\/los-hoteles-de-alcoy-al-100-de-ocupacion-para-el-dia-de-las-entradas\/\" \/>\n<meta property=\"og:site_name\" content=\"COPE Alcoy\" \/>\n<meta property=\"article:published_time\" content=\"2024-03-21T12:21:12+00:00\" \/>\n<meta property=\"article:modified_time\" content=\"2024-03-21T17:50:35+00:00\" \/>\n<meta property=\"og:image\" content=\"https:\/\/www.copealcoy.es\/wp-content\/uploads\/2018\/04\/unnamed-3-e1643897855472.jpg\" \/>\n\t<meta property=\"og:image:width\" content=\"640\" \/>\n\t<meta property=\"og:image:height\" content=\"427\" \/>\n\t<meta property=\"og:image:type\" content=\"image\/jpeg\" \/>\n<meta name=\"author\" content=\"Cope Alcoy\" \/>\n<meta name=\"twitter:label1\" content=\"Escrito por\" \/>\n\t<meta name=\"twitter:data1\" content=\"Cope Alcoy\" \/>\n\t<meta name=\"twitter:label2\" content=\"Tiempo de lectura\" \/>\n\t<meta name=\"twitter:data2\" content=\"3 minutos\" \/>\n<script type=\"application\/ld+json\" class=\"yoast-schema-graph\">{\"@context\":\"https:\\\/\\\/schema.org\",\"@graph\":[{\"@type\":\"Article\",\"@id\":\"https:\\\/\\\/www.copealcoy.es\\\/es\\\/los-hoteles-de-alcoy-al-100-de-ocupacion-para-el-dia-de-las-entradas\\\/#article\",\"isPartOf\":{\"@id\":\"https:\\\/\\\/www.copealcoy.es\\\/es\\\/los-hoteles-de-alcoy-al-100-de-ocupacion-para-el-dia-de-las-entradas\\\/\"},\"author\":{\"name\":\"Cope Alcoy\",\"@id\":\"https:\\\/\\\/www.copealcoy.es\\\/es\\\/#\\\/schema\\\/person\\\/e777c87fa024e57d40170af9df39882c\"},\"headline\":\"Los hoteles de Alcoy al 100% de ocupaci\u00f3n para el D\u00eda de Las Entradas\",\"datePublished\":\"2024-03-21T12:21:12+00:00\",\"dateModified\":\"2024-03-21T17:50:35+00:00\",\"mainEntityOfPage\":{\"@id\":\"https:\\\/\\\/www.copealcoy.es\\\/es\\\/los-hoteles-de-alcoy-al-100-de-ocupacion-para-el-dia-de-las-entradas\\\/\"},\"wordCount\":464,\"commentCount\":0,\"image\":{\"@id\":\"https:\\\/\\\/www.copealcoy.es\\\/es\\\/los-hoteles-de-alcoy-al-100-de-ocupacion-para-el-dia-de-las-entradas\\\/#primaryimage\"},\"thumbnailUrl\":\"https:\\\/\\\/www.copealcoy.es\\\/wp-content\\\/uploads\\\/2018\\\/04\\\/unnamed-3-e1643897855472.jpg\",\"keywords\":[\"Alcoy\",\"Fiestas\",\"hoteles\",\"Moros Y Cristianos\",\"Ocupaci\u00f3n\"],\"articleSection\":[\"Actualidad\",\"Alcoy\",\"Noticias\",\"Portada\"],\"inLanguage\":\"es\"},{\"@type\":\"WebPage\",\"@id\":\"https:\\\/\\\/www.copealcoy.es\\\/es\\\/los-hoteles-de-alcoy-al-100-de-ocupacion-para-el-dia-de-las-entradas\\\/\",\"url\":\"https:\\\/\\\/www.copealcoy.es\\\/es\\\/los-hoteles-de-alcoy-al-100-de-ocupacion-para-el-dia-de-las-entradas\\\/\",\"name\":\"Los hoteles de Alcoy al 100% de ocupaci\u00f3n para el D\u00eda de Las Entradas - COPE Alcoy\",\"isPartOf\":{\"@id\":\"https:\\\/\\\/www.copealcoy.es\\\/es\\\/#website\"},\"primaryImageOfPage\":{\"@id\":\"https:\\\/\\\/www.copealcoy.es\\\/es\\\/los-hoteles-de-alcoy-al-100-de-ocupacion-para-el-dia-de-las-entradas\\\/#primaryimage\"},\"image\":{\"@id\":\"https:\\\/\\\/www.copealcoy.es\\\/es\\\/los-hoteles-de-alcoy-al-100-de-ocupacion-para-el-dia-de-las-entradas\\\/#primaryimage\"},\"thumbnailUrl\":\"https:\\\/\\\/www.copealcoy.es\\\/wp-content\\\/uploads\\\/2018\\\/04\\\/unnamed-3-e1643897855472.jpg\",\"datePublished\":\"2024-03-21T12:21:12+00:00\",\"dateModified\":\"2024-03-21T17:50:35+00:00\",\"author\":{\"@id\":\"https:\\\/\\\/www.copealcoy.es\\\/es\\\/#\\\/schema\\\/person\\\/e777c87fa024e57d40170af9df39882c\"},\"description\":\"Queda un mes para que Alcoy disfrute de sus Fiestas de Moros y Cristianos y la ocupaci\u00f3n en los hoteles roza ya el 100%\",\"breadcrumb\":{\"@id\":\"https:\\\/\\\/www.copealcoy.es\\\/es\\\/los-hoteles-de-alcoy-al-100-de-ocupacion-para-el-dia-de-las-entradas\\\/#breadcrumb\"},\"inLanguage\":\"es\",\"potentialAction\":[{\"@type\":\"ReadAction\",\"target\":[\"https:\\\/\\\/www.copealcoy.es\\\/es\\\/los-hoteles-de-alcoy-al-100-de-ocupacion-para-el-dia-de-las-entradas\\\/\"]}]},{\"@type\":\"ImageObject\",\"inLanguage\":\"es\",\"@id\":\"https:\\\/\\\/www.copealcoy.es\\\/es\\\/los-hoteles-de-alcoy-al-100-de-ocupacion-para-el-dia-de-las-entradas\\\/#primaryimage\",\"url\":\"https:\\\/\\\/www.copealcoy.es\\\/wp-content\\\/uploads\\\/2018\\\/04\\\/unnamed-3-e1643897855472.jpg\",\"contentUrl\":\"https:\\\/\\\/www.copealcoy.es\\\/wp-content\\\/uploads\\\/2018\\\/04\\\/unnamed-3-e1643897855472.jpg\",\"width\":640,\"height\":427,\"caption\":\"Los cristianos ya desfilan por las calles de Alcoy \\\/ Foto\"},{\"@type\":\"BreadcrumbList\",\"@id\":\"https:\\\/\\\/www.copealcoy.es\\\/es\\\/los-hoteles-de-alcoy-al-100-de-ocupacion-para-el-dia-de-las-entradas\\\/#breadcrumb\",\"itemListElement\":[{\"@type\":\"ListItem\",\"position\":1,\"name\":\"Portada\",\"item\":\"https:\\\/\\\/www.copealcoy.es\\\/es\\\/\"},{\"@type\":\"ListItem\",\"position\":2,\"name\":\"Los hoteles de Alcoy al 100% de ocupaci\u00f3n para el D\u00eda de Las Entradas\"}]},{\"@type\":\"WebSite\",\"@id\":\"https:\\\/\\\/www.copealcoy.es\\\/es\\\/#website\",\"url\":\"https:\\\/\\\/www.copealcoy.es\\\/es\\\/\",\"name\":\"COPE Alcoy\",\"description\":\"Emisora COPE de radio local con emisi\u00f3n online. Pont de Sant Jordi 8-10 03803 Alcoy\",\"potentialAction\":[{\"@type\":\"SearchAction\",\"target\":{\"@type\":\"EntryPoint\",\"urlTemplate\":\"https:\\\/\\\/www.copealcoy.es\\\/es\\\/?s={search_term_string}\"},\"query-input\":{\"@type\":\"PropertyValueSpecification\",\"valueRequired\":true,\"valueName\":\"search_term_string\"}}],\"inLanguage\":\"es\"},{\"@type\":\"Person\",\"@id\":\"https:\\\/\\\/www.copealcoy.es\\\/es\\\/#\\\/schema\\\/person\\\/e777c87fa024e57d40170af9df39882c\",\"name\":\"Cope Alcoy\",\"image\":{\"@type\":\"ImageObject\",\"inLanguage\":\"es\",\"@id\":\"https:\\\/\\\/secure.gravatar.com\\\/avatar\\\/bb65d0283347e303893ba14f0692005417c1e0e690a325a4c5d8bb2b3943ee14?s=96&d=mm&r=g\",\"url\":\"https:\\\/\\\/secure.gravatar.com\\\/avatar\\\/bb65d0283347e303893ba14f0692005417c1e0e690a325a4c5d8bb2b3943ee14?s=96&d=mm&r=g\",\"contentUrl\":\"https:\\\/\\\/secure.gravatar.com\\\/avatar\\\/bb65d0283347e303893ba14f0692005417c1e0e690a325a4c5d8bb2b3943ee14?s=96&d=mm&r=g\",\"caption\":\"Cope Alcoy\"}}]}<\/script>\n<!-- \/ Yoast SEO plugin. -->","yoast_head_json":{"title":"Los hoteles de Alcoy al 100% de ocupaci\u00f3n para el D\u00eda de Las Entradas - COPE Alcoy","description":"Queda un mes para que Alcoy disfrute de sus Fiestas de Moros y Cristianos y la ocupaci\u00f3n en los hoteles roza ya el 100%","robots":{"index":"index","follow":"follow","max-snippet":"max-snippet:-1","max-image-preview":"max-image-preview:large","max-video-preview":"max-video-preview:-1"},"canonical":"https:\/\/www.copealcoy.es\/es\/los-hoteles-de-alcoy-al-100-de-ocupacion-para-el-dia-de-las-entradas\/","og_locale":"es_ES","og_type":"article","og_title":"Los hoteles de Alcoy al 100% de ocupaci\u00f3n para el D\u00eda de Las Entradas - COPE Alcoy","og_description":"Queda un mes para que Alcoy disfrute de sus Fiestas de Moros y Cristianos y la ocupaci\u00f3n en los hoteles roza ya el 100%","og_url":"https:\/\/www.copealcoy.es\/es\/los-hoteles-de-alcoy-al-100-de-ocupacion-para-el-dia-de-las-entradas\/","og_site_name":"COPE Alcoy","article_published_time":"2024-03-21T12:21:12+00:00","article_modified_time":"2024-03-21T17:50:35+00:00","og_image":[{"width":640,"height":427,"url":"https:\/\/www.copealcoy.es\/wp-content\/uploads\/2018\/04\/unnamed-3-e1643897855472.jpg","type":"image\/jpeg"}],"author":"Cope Alcoy","twitter_misc":{"Escrito por":"Cope Alcoy","Tiempo de lectura":"3 minutos"},"schema":{"@context":"https:\/\/schema.org","@graph":[{"@type":"Article","@id":"https:\/\/www.copealcoy.es\/es\/los-hoteles-de-alcoy-al-100-de-ocupacion-para-el-dia-de-las-entradas\/#article","isPartOf":{"@id":"https:\/\/www.copealcoy.es\/es\/los-hoteles-de-alcoy-al-100-de-ocupacion-para-el-dia-de-las-entradas\/"},"author":{"name":"Cope Alcoy","@id":"https:\/\/www.copealcoy.es\/es\/#\/schema\/person\/e777c87fa024e57d40170af9df39882c"},"headline":"Los hoteles de Alcoy al 100% de ocupaci\u00f3n para el D\u00eda de Las Entradas","datePublished":"2024-03-21T12:21:12+00:00","dateModified":"2024-03-21T17:50:35+00:00","mainEntityOfPage":{"@id":"https:\/\/www.copealcoy.es\/es\/los-hoteles-de-alcoy-al-100-de-ocupacion-para-el-dia-de-las-entradas\/"},"wordCount":464,"commentCount":0,"image":{"@id":"https:\/\/www.copealcoy.es\/es\/los-hoteles-de-alcoy-al-100-de-ocupacion-para-el-dia-de-las-entradas\/#primaryimage"},"thumbnailUrl":"https:\/\/www.copealcoy.es\/wp-content\/uploads\/2018\/04\/unnamed-3-e1643897855472.jpg","keywords":["Alcoy","Fiestas","hoteles","Moros Y Cristianos","Ocupaci\u00f3n"],"articleSection":["Actualidad","Alcoy","Noticias","Portada"],"inLanguage":"es"},{"@type":"WebPage","@id":"https:\/\/www.copealcoy.es\/es\/los-hoteles-de-alcoy-al-100-de-ocupacion-para-el-dia-de-las-entradas\/","url":"https:\/\/www.copealcoy.es\/es\/los-hoteles-de-alcoy-al-100-de-ocupacion-para-el-dia-de-las-entradas\/","name":"Los hoteles de Alcoy al 100% de ocupaci\u00f3n para el D\u00eda de Las Entradas - COPE Alcoy","isPartOf":{"@id":"https:\/\/www.copealcoy.es\/es\/#website"},"primaryImageOfPage":{"@id":"https:\/\/www.copealcoy.es\/es\/los-hoteles-de-alcoy-al-100-de-ocupacion-para-el-dia-de-las-entradas\/#primaryimage"},"image":{"@id":"https:\/\/www.copealcoy.es\/es\/los-hoteles-de-alcoy-al-100-de-ocupacion-para-el-dia-de-las-entradas\/#primaryimage"},"thumbnailUrl":"https:\/\/www.copealcoy.es\/wp-content\/uploads\/2018\/04\/unnamed-3-e1643897855472.jpg","datePublished":"2024-03-21T12:21:12+00:00","dateModified":"2024-03-21T17:50:35+00:00","author":{"@id":"https:\/\/www.copealcoy.es\/es\/#\/schema\/person\/e777c87fa024e57d40170af9df39882c"},"description":"Queda un mes para que Alcoy disfrute de sus Fiestas de Moros y Cristianos y la ocupaci\u00f3n en los hoteles roza ya el 100%","breadcrumb":{"@id":"https:\/\/www.copealcoy.es\/es\/los-hoteles-de-alcoy-al-100-de-ocupacion-para-el-dia-de-las-entradas\/#breadcrumb"},"inLanguage":"es","potentialAction":[{"@type":"ReadAction","target":["https:\/\/www.copealcoy.es\/es\/los-hoteles-de-alcoy-al-100-de-ocupacion-para-el-dia-de-las-entradas\/"]}]},{"@type":"ImageObject","inLanguage":"es","@id":"https:\/\/www.copealcoy.es\/es\/los-hoteles-de-alcoy-al-100-de-ocupacion-para-el-dia-de-las-entradas\/#primaryimage","url":"https:\/\/www.copealcoy.es\/wp-content\/uploads\/2018\/04\/unnamed-3-e1643897855472.jpg","contentUrl":"https:\/\/www.copealcoy.es\/wp-content\/uploads\/2018\/04\/unnamed-3-e1643897855472.jpg","width":640,"height":427,"caption":"Los cristianos ya desfilan por las calles de Alcoy \/ Foto"},{"@type":"BreadcrumbList","@id":"https:\/\/www.copealcoy.es\/es\/los-hoteles-de-alcoy-al-100-de-ocupacion-para-el-dia-de-las-entradas\/#breadcrumb","itemListElement":[{"@type":"ListItem","position":1,"name":"Portada","item":"https:\/\/www.copealcoy.es\/es\/"},{"@type":"ListItem","position":2,"name":"Los hoteles de Alcoy al 100% de ocupaci\u00f3n para el D\u00eda de Las Entradas"}]},{"@type":"WebSite","@id":"https:\/\/www.copealcoy.es\/es\/#website","url":"https:\/\/www.copealcoy.es\/es\/","name":"COPE Alcoy","description":"Emisora COPE de radio local con emisi\u00f3n online. Pont de Sant Jordi 8-10 03803 Alcoy","potentialAction":[{"@type":"SearchAction","target":{"@type":"EntryPoint","urlTemplate":"https:\/\/www.copealcoy.es\/es\/?s={search_term_string}"},"query-input":{"@type":"PropertyValueSpecification","valueRequired":true,"valueName":"search_term_string"}}],"inLanguage":"es"},{"@type":"Person","@id":"https:\/\/www.copealcoy.es\/es\/#\/schema\/person\/e777c87fa024e57d40170af9df39882c","name":"Cope Alcoy","image":{"@type":"ImageObject","inLanguage":"es","@id":"https:\/\/secure.gravatar.com\/avatar\/bb65d0283347e303893ba14f0692005417c1e0e690a325a4c5d8bb2b3943ee14?s=96&d=mm&r=g","url":"https:\/\/secure.gravatar.com\/avatar\/bb65d0283347e303893ba14f0692005417c1e0e690a325a4c5d8bb2b3943ee14?s=96&d=mm&r=g","contentUrl":"https:\/\/secure.gravatar.com\/avatar\/bb65d0283347e303893ba14f0692005417c1e0e690a325a4c5d8bb2b3943ee14?s=96&d=mm&r=g","caption":"Cope Alcoy"}}]}},"_links":{"self":[{"href":"https:\/\/www.copealcoy.es\/es\/wp-json\/wp\/v2\/posts\/130663","targetHints":{"allow":["GET"]}}],"collection":[{"href":"https:\/\/www.copealcoy.es\/es\/wp-json\/wp\/v2\/posts"}],"about":[{"href":"https:\/\/www.copealcoy.es\/es\/wp-json\/wp\/v2\/types\/post"}],"author":[{"embeddable":true,"href":"https:\/\/www.copealcoy.es\/es\/wp-json\/wp\/v2\/users\/1"}],"replies":[{"embeddable":true,"href":"https:\/\/www.copealcoy.es\/es\/wp-json\/wp\/v2\/comments?post=130663"}],"version-history":[{"count":0,"href":"https:\/\/www.copealcoy.es\/es\/wp-json\/wp\/v2\/posts\/130663\/revisions"}],"wp:featuredmedia":[{"embeddable":true,"href":"https:\/\/www.copealcoy.es\/es\/wp-json\/wp\/v2\/media\/41541"}],"wp:attachment":[{"href":"https:\/\/www.copealcoy.es\/es\/wp-json\/wp\/v2\/media?parent=130663"}],"wp:term":[{"taxonomy":"category","embeddable":true,"href":"https:\/\/www.copealcoy.es\/es\/wp-json\/wp\/v2\/categories?post=130663"},{"taxonomy":"post_tag","embeddable":true,"href":"https:\/\/www.copealcoy.es\/es\/wp-json\/wp\/v2\/tags?post=130663"}],"curies":[{"name":"wp","href":"https:\/\/api.w.org\/{rel}","templated":true}]}}