{"id":130654,"date":"2024-03-21T11:34:42","date_gmt":"2024-03-21T10:34:42","guid":{"rendered":"https:\/\/www.copealcoy.es\/?p=130654"},"modified":"2024-03-21T11:47:43","modified_gmt":"2024-03-21T10:47:43","slug":"el-consell-da-un-paso-para-hacer-efectiva-la-ronda-que-regulara-el-trafico-en-benimarfull","status":"publish","type":"post","link":"https:\/\/www.copealcoy.es\/es\/el-consell-da-un-paso-para-hacer-efectiva-la-ronda-que-regulara-el-trafico-en-benimarfull\/","title":{"rendered":"El Consell da un paso para hacer efectiva la ronda que regular\u00e1 el tr\u00e1fico en Benimarfull"},"content":{"rendered":"<p style=\"text-align: justify;\">La <strong><a href=\"https:\/\/www.gva.es\/es\/inicio\/presentacion\" target=\"_blank\" rel=\"noopener\"><span style=\"color: #0000ff;\">Generalitat Valenciana<\/span><\/a><\/strong> ha anunciado <strong>la construcci\u00f3n de la tan ansiada ronda de Benimarfull<\/strong>, proyecto que<strong> sustituir\u00e1 la actual traves\u00eda de la CV-700<\/strong> que cruza el pueblo, y que <strong>pretende solucionar los problemas de seguridad vial<\/strong> que existen actualmente en esta localidad del Comtat. As\u00ed lo asegur\u00f3 la Consellera de Infraestructuras, <strong>Salom\u00e9 Pradas<\/strong>, durante la visita que hizo al municipio el pasado s\u00e1bado acompa\u00f1ada de varios representantes pol\u00edticos de nuestras comarcas.<\/p>\n<p style=\"text-align: justify;\">Pradas indic\u00f3 que <strong>en el actual tramo de 780 metros<\/strong>, que cruza la poblaci\u00f3n, est\u00e1n ubicados servicios y comercios como la farmacia, la panader\u00eda, el bar o el centro cultural. Adem\u00e1s, dijo, hay un segmento en el que la calzada es tan estrecha que solo dispone de un carril, con paso alternativo de veh\u00edculos regulado por sem\u00e1foros. Seg\u00fan <strong>datos de 2022<\/strong>, el tr\u00e1nsito medio de esta traves\u00eda es de 2.835 veh\u00edculos al d\u00eda, de los cuales, el 3,5 % son de tr\u00e1fico pesado &#8220;<em>todo ello es una fuente de molestias y riesgos que, con la nueva ronda, pasar\u00e1n a la historia. Con la futura infraestructura de Benimarfull ganamos todos en comodidad, seguridad y movilidad: y todo ello son sin\u00f3nimos de oportunidad para mejorar nuestro d\u00eda a d\u00eda gracias a un proyecto fiable, moderno y sostenible<\/em>\u201d, detall\u00f3.<\/p>\n<p style=\"text-align: justify;\">El proyecto que se est\u00e1 dise\u00f1ando <strong>contempla<\/strong> una carretera convencional, con un carril por sentido de circulaci\u00f3n, arcenes e intersecciones tipo glorieta. Tendr\u00e1 una longitud de 1,5 kil\u00f3metros y cruzar\u00e1 el Barranc del Poble, el Barranc de Parets y la v\u00eda pecuaria \u2018Sendero del Moll\u00f3\u2019, tambi\u00e9n llamada \u2018Cam\u00ed del Cementeri\u2019. Actualmente, la Conselleria de Medio Ambiente est\u00e1 preparando el proyecto b\u00e1sico y el estudio de impacto ambiental para proceder a su informaci\u00f3n p\u00fablica y a organismos, lo cual se llevar\u00e1 a cabo en este primer semestre de 2024. Tras estudiar y resolver las alegaciones se solicitar\u00e1 la Declaraci\u00f3n de Impacto Ambiental (DIA) y, una vez obtenida la misma, se redactar\u00e1 el proyecto de construcci\u00f3n, se proceder\u00e1 a la expropiaci\u00f3n de los terrenos y a la licitaci\u00f3n de las obras.<\/p>\n","protected":false},"excerpt":{"rendered":"<p>La Generalitat Valenciana ha anunciado la construcci\u00f3n de la tan ansiada ronda de Benimarfull, proyecto que sustituir\u00e1 la actual traves\u00eda&#8230;<\/p>\n","protected":false},"author":1,"featured_media":130655,"comment_status":"open","ping_status":"open","sticky":false,"template":"","format":"standard","meta":{"footnotes":""},"categories":[6909,98,75],"tags":[1336,479,441,16493,16494],"class_list":["post-130654","post","type-post","status-publish","format-standard","has-post-thumbnail","hentry","category-actualidad","category-comarcas","category-noticias","tag-benimarfull","tag-consell","tag-infraestructuras","tag-ronda","tag-salome-pradas"],"yoast_head":"<!-- This site is optimized with the Yoast SEO plugin v27.3 - https:\/\/yoast.com\/product\/yoast-seo-wordpress\/ -->\n<title>El Consell da un paso para hacer efectiva la ronda que regular\u00e1 el tr\u00e1fico en Benimarfull - COPE Alcoy<\/title>\n<meta name=\"description\" content=\"La Generalitat ha anunciado la construcci\u00f3n de la tan ansiada ronda de Benimarfull, proyecto que sustituir\u00e1 la actual traves\u00eda de la CV-700 que cruza el pueblo\" \/>\n<meta name=\"robots\" content=\"index, follow, max-snippet:-1, max-image-preview:large, max-video-preview:-1\" \/>\n<link rel=\"canonical\" href=\"https:\/\/www.copealcoy.es\/es\/el-consell-da-un-paso-para-hacer-efectiva-la-ronda-que-regulara-el-trafico-en-benimarfull\/\" \/>\n<meta property=\"og:locale\" content=\"es_ES\" \/>\n<meta property=\"og:type\" content=\"article\" \/>\n<meta property=\"og:title\" content=\"El Consell da un paso para hacer efectiva la ronda que regular\u00e1 el tr\u00e1fico en Benimarfull - COPE Alcoy\" \/>\n<meta property=\"og:description\" content=\"La Generalitat ha anunciado la construcci\u00f3n de la tan ansiada ronda de Benimarfull, proyecto que sustituir\u00e1 la actual traves\u00eda de la CV-700 que cruza el pueblo\" \/>\n<meta property=\"og:url\" content=\"https:\/\/www.copealcoy.es\/es\/el-consell-da-un-paso-para-hacer-efectiva-la-ronda-que-regulara-el-trafico-en-benimarfull\/\" \/>\n<meta property=\"og:site_name\" content=\"COPE Alcoy\" \/>\n<meta property=\"article:published_time\" content=\"2024-03-21T10:34:42+00:00\" \/>\n<meta property=\"article:modified_time\" content=\"2024-03-21T10:47:43+00:00\" \/>\n<meta property=\"og:image\" content=\"https:\/\/www.copealcoy.es\/wp-content\/uploads\/2024\/03\/timThumb-1.jpg\" \/>\n\t<meta property=\"og:image:width\" content=\"800\" \/>\n\t<meta property=\"og:image:height\" content=\"600\" \/>\n\t<meta property=\"og:image:type\" content=\"image\/jpeg\" \/>\n<meta name=\"author\" content=\"Cope Alcoy\" \/>\n<meta name=\"twitter:label1\" content=\"Escrito por\" \/>\n\t<meta name=\"twitter:data1\" content=\"Cope Alcoy\" \/>\n\t<meta name=\"twitter:label2\" content=\"Tiempo de lectura\" \/>\n\t<meta name=\"twitter:data2\" content=\"2 minutos\" \/>\n<script type=\"application\/ld+json\" class=\"yoast-schema-graph\">{\"@context\":\"https:\\\/\\\/schema.org\",\"@graph\":[{\"@type\":\"Article\",\"@id\":\"https:\\\/\\\/www.copealcoy.es\\\/es\\\/el-consell-da-un-paso-para-hacer-efectiva-la-ronda-que-regulara-el-trafico-en-benimarfull\\\/#article\",\"isPartOf\":{\"@id\":\"https:\\\/\\\/www.copealcoy.es\\\/es\\\/el-consell-da-un-paso-para-hacer-efectiva-la-ronda-que-regulara-el-trafico-en-benimarfull\\\/\"},\"author\":{\"name\":\"Cope Alcoy\",\"@id\":\"https:\\\/\\\/www.copealcoy.es\\\/es\\\/#\\\/schema\\\/person\\\/e777c87fa024e57d40170af9df39882c\"},\"headline\":\"El Consell da un paso para hacer efectiva la ronda que regular\u00e1 el tr\u00e1fico en Benimarfull\",\"datePublished\":\"2024-03-21T10:34:42+00:00\",\"dateModified\":\"2024-03-21T10:47:43+00:00\",\"mainEntityOfPage\":{\"@id\":\"https:\\\/\\\/www.copealcoy.es\\\/es\\\/el-consell-da-un-paso-para-hacer-efectiva-la-ronda-que-regulara-el-trafico-en-benimarfull\\\/\"},\"wordCount\":379,\"commentCount\":0,\"image\":{\"@id\":\"https:\\\/\\\/www.copealcoy.es\\\/es\\\/el-consell-da-un-paso-para-hacer-efectiva-la-ronda-que-regulara-el-trafico-en-benimarfull\\\/#primaryimage\"},\"thumbnailUrl\":\"https:\\\/\\\/www.copealcoy.es\\\/wp-content\\\/uploads\\\/2024\\\/03\\\/timThumb-1.jpg\",\"keywords\":[\"Benimarfull\",\"Consell\",\"Infraestructuras\",\"ronda\",\"Salom\u00e9 Pradas\"],\"articleSection\":[\"Actualidad\",\"Comarcas\",\"Noticias\"],\"inLanguage\":\"es\"},{\"@type\":\"WebPage\",\"@id\":\"https:\\\/\\\/www.copealcoy.es\\\/es\\\/el-consell-da-un-paso-para-hacer-efectiva-la-ronda-que-regulara-el-trafico-en-benimarfull\\\/\",\"url\":\"https:\\\/\\\/www.copealcoy.es\\\/es\\\/el-consell-da-un-paso-para-hacer-efectiva-la-ronda-que-regulara-el-trafico-en-benimarfull\\\/\",\"name\":\"El Consell da un paso para hacer efectiva la ronda que regular\u00e1 el tr\u00e1fico en Benimarfull - COPE Alcoy\",\"isPartOf\":{\"@id\":\"https:\\\/\\\/www.copealcoy.es\\\/es\\\/#website\"},\"primaryImageOfPage\":{\"@id\":\"https:\\\/\\\/www.copealcoy.es\\\/es\\\/el-consell-da-un-paso-para-hacer-efectiva-la-ronda-que-regulara-el-trafico-en-benimarfull\\\/#primaryimage\"},\"image\":{\"@id\":\"https:\\\/\\\/www.copealcoy.es\\\/es\\\/el-consell-da-un-paso-para-hacer-efectiva-la-ronda-que-regulara-el-trafico-en-benimarfull\\\/#primaryimage\"},\"thumbnailUrl\":\"https:\\\/\\\/www.copealcoy.es\\\/wp-content\\\/uploads\\\/2024\\\/03\\\/timThumb-1.jpg\",\"datePublished\":\"2024-03-21T10:34:42+00:00\",\"dateModified\":\"2024-03-21T10:47:43+00:00\",\"author\":{\"@id\":\"https:\\\/\\\/www.copealcoy.es\\\/es\\\/#\\\/schema\\\/person\\\/e777c87fa024e57d40170af9df39882c\"},\"description\":\"La Generalitat ha anunciado la construcci\u00f3n de la tan ansiada ronda de Benimarfull, proyecto que sustituir\u00e1 la actual traves\u00eda de la CV-700 que cruza el pueblo\",\"breadcrumb\":{\"@id\":\"https:\\\/\\\/www.copealcoy.es\\\/es\\\/el-consell-da-un-paso-para-hacer-efectiva-la-ronda-que-regulara-el-trafico-en-benimarfull\\\/#breadcrumb\"},\"inLanguage\":\"es\",\"potentialAction\":[{\"@type\":\"ReadAction\",\"target\":[\"https:\\\/\\\/www.copealcoy.es\\\/es\\\/el-consell-da-un-paso-para-hacer-efectiva-la-ronda-que-regulara-el-trafico-en-benimarfull\\\/\"]}]},{\"@type\":\"ImageObject\",\"inLanguage\":\"es\",\"@id\":\"https:\\\/\\\/www.copealcoy.es\\\/es\\\/el-consell-da-un-paso-para-hacer-efectiva-la-ronda-que-regulara-el-trafico-en-benimarfull\\\/#primaryimage\",\"url\":\"https:\\\/\\\/www.copealcoy.es\\\/wp-content\\\/uploads\\\/2024\\\/03\\\/timThumb-1.jpg\",\"contentUrl\":\"https:\\\/\\\/www.copealcoy.es\\\/wp-content\\\/uploads\\\/2024\\\/03\\\/timThumb-1.jpg\",\"width\":800,\"height\":600},{\"@type\":\"BreadcrumbList\",\"@id\":\"https:\\\/\\\/www.copealcoy.es\\\/es\\\/el-consell-da-un-paso-para-hacer-efectiva-la-ronda-que-regulara-el-trafico-en-benimarfull\\\/#breadcrumb\",\"itemListElement\":[{\"@type\":\"ListItem\",\"position\":1,\"name\":\"Portada\",\"item\":\"https:\\\/\\\/www.copealcoy.es\\\/es\\\/\"},{\"@type\":\"ListItem\",\"position\":2,\"name\":\"El Consell da un paso para hacer efectiva la ronda que regular\u00e1 el tr\u00e1fico en Benimarfull\"}]},{\"@type\":\"WebSite\",\"@id\":\"https:\\\/\\\/www.copealcoy.es\\\/es\\\/#website\",\"url\":\"https:\\\/\\\/www.copealcoy.es\\\/es\\\/\",\"name\":\"COPE Alcoy\",\"description\":\"Emisora COPE de radio local con emisi\u00f3n online. Pont de Sant Jordi 8-10 03803 Alcoy\",\"potentialAction\":[{\"@type\":\"SearchAction\",\"target\":{\"@type\":\"EntryPoint\",\"urlTemplate\":\"https:\\\/\\\/www.copealcoy.es\\\/es\\\/?s={search_term_string}\"},\"query-input\":{\"@type\":\"PropertyValueSpecification\",\"valueRequired\":true,\"valueName\":\"search_term_string\"}}],\"inLanguage\":\"es\"},{\"@type\":\"Person\",\"@id\":\"https:\\\/\\\/www.copealcoy.es\\\/es\\\/#\\\/schema\\\/person\\\/e777c87fa024e57d40170af9df39882c\",\"name\":\"Cope Alcoy\",\"image\":{\"@type\":\"ImageObject\",\"inLanguage\":\"es\",\"@id\":\"https:\\\/\\\/secure.gravatar.com\\\/avatar\\\/bb65d0283347e303893ba14f0692005417c1e0e690a325a4c5d8bb2b3943ee14?s=96&d=mm&r=g\",\"url\":\"https:\\\/\\\/secure.gravatar.com\\\/avatar\\\/bb65d0283347e303893ba14f0692005417c1e0e690a325a4c5d8bb2b3943ee14?s=96&d=mm&r=g\",\"contentUrl\":\"https:\\\/\\\/secure.gravatar.com\\\/avatar\\\/bb65d0283347e303893ba14f0692005417c1e0e690a325a4c5d8bb2b3943ee14?s=96&d=mm&r=g\",\"caption\":\"Cope Alcoy\"}}]}<\/script>\n<!-- \/ Yoast SEO plugin. -->","yoast_head_json":{"title":"El Consell da un paso para hacer efectiva la ronda que regular\u00e1 el tr\u00e1fico en Benimarfull - COPE Alcoy","description":"La Generalitat ha anunciado la construcci\u00f3n de la tan ansiada ronda de Benimarfull, proyecto que sustituir\u00e1 la actual traves\u00eda de la CV-700 que cruza el pueblo","robots":{"index":"index","follow":"follow","max-snippet":"max-snippet:-1","max-image-preview":"max-image-preview:large","max-video-preview":"max-video-preview:-1"},"canonical":"https:\/\/www.copealcoy.es\/es\/el-consell-da-un-paso-para-hacer-efectiva-la-ronda-que-regulara-el-trafico-en-benimarfull\/","og_locale":"es_ES","og_type":"article","og_title":"El Consell da un paso para hacer efectiva la ronda que regular\u00e1 el tr\u00e1fico en Benimarfull - COPE Alcoy","og_description":"La Generalitat ha anunciado la construcci\u00f3n de la tan ansiada ronda de Benimarfull, proyecto que sustituir\u00e1 la actual traves\u00eda de la CV-700 que cruza el pueblo","og_url":"https:\/\/www.copealcoy.es\/es\/el-consell-da-un-paso-para-hacer-efectiva-la-ronda-que-regulara-el-trafico-en-benimarfull\/","og_site_name":"COPE Alcoy","article_published_time":"2024-03-21T10:34:42+00:00","article_modified_time":"2024-03-21T10:47:43+00:00","og_image":[{"width":800,"height":600,"url":"https:\/\/www.copealcoy.es\/wp-content\/uploads\/2024\/03\/timThumb-1.jpg","type":"image\/jpeg"}],"author":"Cope Alcoy","twitter_misc":{"Escrito por":"Cope Alcoy","Tiempo de lectura":"2 minutos"},"schema":{"@context":"https:\/\/schema.org","@graph":[{"@type":"Article","@id":"https:\/\/www.copealcoy.es\/es\/el-consell-da-un-paso-para-hacer-efectiva-la-ronda-que-regulara-el-trafico-en-benimarfull\/#article","isPartOf":{"@id":"https:\/\/www.copealcoy.es\/es\/el-consell-da-un-paso-para-hacer-efectiva-la-ronda-que-regulara-el-trafico-en-benimarfull\/"},"author":{"name":"Cope Alcoy","@id":"https:\/\/www.copealcoy.es\/es\/#\/schema\/person\/e777c87fa024e57d40170af9df39882c"},"headline":"El Consell da un paso para hacer efectiva la ronda que regular\u00e1 el tr\u00e1fico en Benimarfull","datePublished":"2024-03-21T10:34:42+00:00","dateModified":"2024-03-21T10:47:43+00:00","mainEntityOfPage":{"@id":"https:\/\/www.copealcoy.es\/es\/el-consell-da-un-paso-para-hacer-efectiva-la-ronda-que-regulara-el-trafico-en-benimarfull\/"},"wordCount":379,"commentCount":0,"image":{"@id":"https:\/\/www.copealcoy.es\/es\/el-consell-da-un-paso-para-hacer-efectiva-la-ronda-que-regulara-el-trafico-en-benimarfull\/#primaryimage"},"thumbnailUrl":"https:\/\/www.copealcoy.es\/wp-content\/uploads\/2024\/03\/timThumb-1.jpg","keywords":["Benimarfull","Consell","Infraestructuras","ronda","Salom\u00e9 Pradas"],"articleSection":["Actualidad","Comarcas","Noticias"],"inLanguage":"es"},{"@type":"WebPage","@id":"https:\/\/www.copealcoy.es\/es\/el-consell-da-un-paso-para-hacer-efectiva-la-ronda-que-regulara-el-trafico-en-benimarfull\/","url":"https:\/\/www.copealcoy.es\/es\/el-consell-da-un-paso-para-hacer-efectiva-la-ronda-que-regulara-el-trafico-en-benimarfull\/","name":"El Consell da un paso para hacer efectiva la ronda que regular\u00e1 el tr\u00e1fico en Benimarfull - COPE Alcoy","isPartOf":{"@id":"https:\/\/www.copealcoy.es\/es\/#website"},"primaryImageOfPage":{"@id":"https:\/\/www.copealcoy.es\/es\/el-consell-da-un-paso-para-hacer-efectiva-la-ronda-que-regulara-el-trafico-en-benimarfull\/#primaryimage"},"image":{"@id":"https:\/\/www.copealcoy.es\/es\/el-consell-da-un-paso-para-hacer-efectiva-la-ronda-que-regulara-el-trafico-en-benimarfull\/#primaryimage"},"thumbnailUrl":"https:\/\/www.copealcoy.es\/wp-content\/uploads\/2024\/03\/timThumb-1.jpg","datePublished":"2024-03-21T10:34:42+00:00","dateModified":"2024-03-21T10:47:43+00:00","author":{"@id":"https:\/\/www.copealcoy.es\/es\/#\/schema\/person\/e777c87fa024e57d40170af9df39882c"},"description":"La Generalitat ha anunciado la construcci\u00f3n de la tan ansiada ronda de Benimarfull, proyecto que sustituir\u00e1 la actual traves\u00eda de la CV-700 que cruza el pueblo","breadcrumb":{"@id":"https:\/\/www.copealcoy.es\/es\/el-consell-da-un-paso-para-hacer-efectiva-la-ronda-que-regulara-el-trafico-en-benimarfull\/#breadcrumb"},"inLanguage":"es","potentialAction":[{"@type":"ReadAction","target":["https:\/\/www.copealcoy.es\/es\/el-consell-da-un-paso-para-hacer-efectiva-la-ronda-que-regulara-el-trafico-en-benimarfull\/"]}]},{"@type":"ImageObject","inLanguage":"es","@id":"https:\/\/www.copealcoy.es\/es\/el-consell-da-un-paso-para-hacer-efectiva-la-ronda-que-regulara-el-trafico-en-benimarfull\/#primaryimage","url":"https:\/\/www.copealcoy.es\/wp-content\/uploads\/2024\/03\/timThumb-1.jpg","contentUrl":"https:\/\/www.copealcoy.es\/wp-content\/uploads\/2024\/03\/timThumb-1.jpg","width":800,"height":600},{"@type":"BreadcrumbList","@id":"https:\/\/www.copealcoy.es\/es\/el-consell-da-un-paso-para-hacer-efectiva-la-ronda-que-regulara-el-trafico-en-benimarfull\/#breadcrumb","itemListElement":[{"@type":"ListItem","position":1,"name":"Portada","item":"https:\/\/www.copealcoy.es\/es\/"},{"@type":"ListItem","position":2,"name":"El Consell da un paso para hacer efectiva la ronda que regular\u00e1 el tr\u00e1fico en Benimarfull"}]},{"@type":"WebSite","@id":"https:\/\/www.copealcoy.es\/es\/#website","url":"https:\/\/www.copealcoy.es\/es\/","name":"COPE Alcoy","description":"Emisora COPE de radio local con emisi\u00f3n online. Pont de Sant Jordi 8-10 03803 Alcoy","potentialAction":[{"@type":"SearchAction","target":{"@type":"EntryPoint","urlTemplate":"https:\/\/www.copealcoy.es\/es\/?s={search_term_string}"},"query-input":{"@type":"PropertyValueSpecification","valueRequired":true,"valueName":"search_term_string"}}],"inLanguage":"es"},{"@type":"Person","@id":"https:\/\/www.copealcoy.es\/es\/#\/schema\/person\/e777c87fa024e57d40170af9df39882c","name":"Cope Alcoy","image":{"@type":"ImageObject","inLanguage":"es","@id":"https:\/\/secure.gravatar.com\/avatar\/bb65d0283347e303893ba14f0692005417c1e0e690a325a4c5d8bb2b3943ee14?s=96&d=mm&r=g","url":"https:\/\/secure.gravatar.com\/avatar\/bb65d0283347e303893ba14f0692005417c1e0e690a325a4c5d8bb2b3943ee14?s=96&d=mm&r=g","contentUrl":"https:\/\/secure.gravatar.com\/avatar\/bb65d0283347e303893ba14f0692005417c1e0e690a325a4c5d8bb2b3943ee14?s=96&d=mm&r=g","caption":"Cope Alcoy"}}]}},"_links":{"self":[{"href":"https:\/\/www.copealcoy.es\/es\/wp-json\/wp\/v2\/posts\/130654","targetHints":{"allow":["GET"]}}],"collection":[{"href":"https:\/\/www.copealcoy.es\/es\/wp-json\/wp\/v2\/posts"}],"about":[{"href":"https:\/\/www.copealcoy.es\/es\/wp-json\/wp\/v2\/types\/post"}],"author":[{"embeddable":true,"href":"https:\/\/www.copealcoy.es\/es\/wp-json\/wp\/v2\/users\/1"}],"replies":[{"embeddable":true,"href":"https:\/\/www.copealcoy.es\/es\/wp-json\/wp\/v2\/comments?post=130654"}],"version-history":[{"count":0,"href":"https:\/\/www.copealcoy.es\/es\/wp-json\/wp\/v2\/posts\/130654\/revisions"}],"wp:featuredmedia":[{"embeddable":true,"href":"https:\/\/www.copealcoy.es\/es\/wp-json\/wp\/v2\/media\/130655"}],"wp:attachment":[{"href":"https:\/\/www.copealcoy.es\/es\/wp-json\/wp\/v2\/media?parent=130654"}],"wp:term":[{"taxonomy":"category","embeddable":true,"href":"https:\/\/www.copealcoy.es\/es\/wp-json\/wp\/v2\/categories?post=130654"},{"taxonomy":"post_tag","embeddable":true,"href":"https:\/\/www.copealcoy.es\/es\/wp-json\/wp\/v2\/tags?post=130654"}],"curies":[{"name":"wp","href":"https:\/\/api.w.org\/{rel}","templated":true}]}}