{"id":130630,"date":"2024-03-21T11:00:31","date_gmt":"2024-03-21T10:00:31","guid":{"rendered":"https:\/\/www.copealcoy.es\/?p=130630"},"modified":"2024-03-25T14:33:57","modified_gmt":"2024-03-25T13:33:57","slug":"avanza-el-proceso-para-definir-la-nueva-peatonalizacion-del-centro-asi-puedes-hacer-tu-aportacion","status":"publish","type":"post","link":"https:\/\/www.copealcoy.es\/es\/avanza-el-proceso-para-definir-la-nueva-peatonalizacion-del-centro-asi-puedes-hacer-tu-aportacion\/","title":{"rendered":"Avanza el proceso para definir la nueva peatonalizaci\u00f3n del Centro. As\u00ed puedes hacer tu aportaci\u00f3n"},"content":{"rendered":"<p style=\"text-align: justify;\">Contin\u00faa <strong>el proceso para definir la nueva ordenanza de peatonalizaci\u00f3n del Centro de Alcoy<\/strong> despu\u00e9s de que el pasado oto\u00f1o<a href=\"https:\/\/www.copealcoy.es\/fin-a-la-peatonalizacion-del-centro-de-alcoy-el-ayuntamiento-no-recurrira-la-sentencia\/\" target=\"_blank\" rel=\"noopener\"><span style=\"color: #0000ff;\"><strong> fuera suprimida la anterior<\/strong><\/span><\/a> tras la sentencia del TSJ que anulaba la misma por defecto de forma. Ahora el Ayuntamiento, y los agentes implicados,<strong> trabajan en perfilar un nuevo documento<\/strong> con la intenci\u00f3n de que a partir del pr\u00f3ximo verano pueda el Centro volver a ser peatonal.<\/p>\n<p style=\"text-align: justify;\">Durante las \u00faltimas semanas\u00a0<strong>se ha cerrado el per\u00edodo de alegaciones, los t\u00e9cnicos han estudiado la viabilidad de las mismas, y se ha dado traslado a los diferentes departamentos municipales<\/strong> implicados para que <strong>hagan las aportaciones<\/strong> que consideren. Seguidamente <strong>llegar\u00e1 el momento de debatir estas alegaciones<\/strong> con entidades, y la ciudadan\u00eda en general, para que tambi\u00e9n puedan hacer la suya. La primera cita es el <strong>3 de abril<\/strong> en un encuentro al que est\u00e1n convocadas las asociaciones vecinales, comerciales y empresariales; entidades sociales y grupos pol\u00edticos. Un d\u00eda despu\u00e9s, e<strong>l d\u00eda 4 de abril<\/strong>, el debate ser\u00e1 con la ciudadan\u00eda en general, donde podr\u00e1 participar todo aquel que lo desee. Eso s\u00ed, es necesaria inscripci\u00f3n previa mediante la web de <a href=\"https:\/\/www.alcoi.org\/es\/areas\/participacion_ciudadana\/procesos\/procesos2024.html\" target=\"_blank\" rel=\"noopener\"><span style=\"color: #0000ff;\"><strong>participaci\u00f3n ciudadana<\/strong><\/span><\/a>. Habr\u00e1 otros dos debates,<strong> los d\u00edas 10 y 11 de abril<\/strong>, aunque todav\u00eda no se ha concretado las entidades participantes &#8220;<em>hay propuestas muy diversas y algunas contrapuestas, por eso sabemos que no ser\u00e1 f\u00e1cil poner de acuerdo a todas las personas, pero queremos dialogar al m\u00e1ximo para llegar a un acuerdo consensuado que seguro ser\u00e1 el mejor para Alcoy y en concreto para el centro de nuestra ciudad<\/em>&#8220;, asegura al respecto el edil de movilidad <strong>Jordi Mart\u00ednez<\/strong>.<\/p>\n<p style=\"text-align: justify;\">La intenci\u00f3n es que <strong>esa nueva ordenanza pueda estar lista el 31 de mayo<\/strong>. Tras esto se iniciar\u00eda el proceso para ponerla en marcha y, un a\u00f1o despu\u00e9s, hab\u00eda una consulta para valorar el funcionamiento y tratar de modificar algunos aspectos si fuera necesario.<\/p>\n","protected":false},"excerpt":{"rendered":"<p>Contin\u00faa el proceso para definir la nueva ordenanza de peatonalizaci\u00f3n del Centro de Alcoy despu\u00e9s de que el pasado oto\u00f1o&#8230;<\/p>\n","protected":false},"author":1,"featured_media":122008,"comment_status":"open","ping_status":"open","sticky":false,"template":"","format":"standard","meta":{"footnotes":""},"categories":[6909,97,75],"tags":[1494,2854,295,7954,183,294],"class_list":["post-130630","post","type-post","status-publish","format-standard","has-post-thumbnail","hentry","category-actualidad","category-alcoy","category-noticias","tag-alcoy","tag-aportaciones","tag-centro","tag-ciudadania","tag-ordenanza","tag-peatonalizacion"],"yoast_head":"<!-- This site is optimized with the Yoast SEO plugin v27.3 - https:\/\/yoast.com\/product\/yoast-seo-wordpress\/ -->\n<title>Avanza el proceso para definir la nueva peatonalizaci\u00f3n del Centro. As\u00ed puedes hacer tu aportaci\u00f3n - COPE Alcoy<\/title>\n<meta name=\"description\" content=\"Contin\u00faa el proceso para definir la nueva ordenanza de peatonalizaci\u00f3n del Centro de Alcoy y se quiere que el texto est\u00e9 listo en verano\" \/>\n<meta name=\"robots\" content=\"index, follow, max-snippet:-1, max-image-preview:large, max-video-preview:-1\" \/>\n<link rel=\"canonical\" href=\"https:\/\/www.copealcoy.es\/es\/avanza-el-proceso-para-definir-la-nueva-peatonalizacion-del-centro-asi-puedes-hacer-tu-aportacion\/\" \/>\n<meta property=\"og:locale\" content=\"es_ES\" \/>\n<meta property=\"og:type\" content=\"article\" \/>\n<meta property=\"og:title\" content=\"Avanza el proceso para definir la nueva peatonalizaci\u00f3n del Centro. As\u00ed puedes hacer tu aportaci\u00f3n - COPE Alcoy\" \/>\n<meta property=\"og:description\" content=\"Contin\u00faa el proceso para definir la nueva ordenanza de peatonalizaci\u00f3n del Centro de Alcoy y se quiere que el texto est\u00e9 listo en verano\" \/>\n<meta property=\"og:url\" content=\"https:\/\/www.copealcoy.es\/es\/avanza-el-proceso-para-definir-la-nueva-peatonalizacion-del-centro-asi-puedes-hacer-tu-aportacion\/\" \/>\n<meta property=\"og:site_name\" content=\"COPE Alcoy\" \/>\n<meta property=\"article:published_time\" content=\"2024-03-21T10:00:31+00:00\" \/>\n<meta property=\"article:modified_time\" content=\"2024-03-25T13:33:57+00:00\" \/>\n<meta property=\"og:image\" content=\"https:\/\/www.copealcoy.es\/wp-content\/uploads\/2023\/09\/8e0c5544-ec21-4cdf-9823-43b37dece592.jpg\" \/>\n\t<meta property=\"og:image:width\" content=\"640\" \/>\n\t<meta property=\"og:image:height\" content=\"480\" \/>\n\t<meta property=\"og:image:type\" content=\"image\/jpeg\" \/>\n<meta name=\"author\" content=\"Cope Alcoy\" \/>\n<meta name=\"twitter:label1\" content=\"Escrito por\" \/>\n\t<meta name=\"twitter:data1\" content=\"Cope Alcoy\" \/>\n\t<meta name=\"twitter:label2\" content=\"Tiempo de lectura\" \/>\n\t<meta name=\"twitter:data2\" content=\"2 minutos\" \/>\n<script type=\"application\/ld+json\" class=\"yoast-schema-graph\">{\"@context\":\"https:\\\/\\\/schema.org\",\"@graph\":[{\"@type\":\"Article\",\"@id\":\"https:\\\/\\\/www.copealcoy.es\\\/es\\\/avanza-el-proceso-para-definir-la-nueva-peatonalizacion-del-centro-asi-puedes-hacer-tu-aportacion\\\/#article\",\"isPartOf\":{\"@id\":\"https:\\\/\\\/www.copealcoy.es\\\/es\\\/avanza-el-proceso-para-definir-la-nueva-peatonalizacion-del-centro-asi-puedes-hacer-tu-aportacion\\\/\"},\"author\":{\"name\":\"Cope Alcoy\",\"@id\":\"https:\\\/\\\/www.copealcoy.es\\\/es\\\/#\\\/schema\\\/person\\\/e777c87fa024e57d40170af9df39882c\"},\"headline\":\"Avanza el proceso para definir la nueva peatonalizaci\u00f3n del Centro. As\u00ed puedes hacer tu aportaci\u00f3n\",\"datePublished\":\"2024-03-21T10:00:31+00:00\",\"dateModified\":\"2024-03-25T13:33:57+00:00\",\"mainEntityOfPage\":{\"@id\":\"https:\\\/\\\/www.copealcoy.es\\\/es\\\/avanza-el-proceso-para-definir-la-nueva-peatonalizacion-del-centro-asi-puedes-hacer-tu-aportacion\\\/\"},\"wordCount\":350,\"commentCount\":0,\"image\":{\"@id\":\"https:\\\/\\\/www.copealcoy.es\\\/es\\\/avanza-el-proceso-para-definir-la-nueva-peatonalizacion-del-centro-asi-puedes-hacer-tu-aportacion\\\/#primaryimage\"},\"thumbnailUrl\":\"https:\\\/\\\/www.copealcoy.es\\\/wp-content\\\/uploads\\\/2023\\\/09\\\/8e0c5544-ec21-4cdf-9823-43b37dece592.jpg\",\"keywords\":[\"Alcoy\",\"aportaciones\",\"Centro\",\"ciudadan\u00eda\",\"Ordenanza\",\"Peatonalizaci\u00f3n\"],\"articleSection\":[\"Actualidad\",\"Alcoy\",\"Noticias\"],\"inLanguage\":\"es\"},{\"@type\":\"WebPage\",\"@id\":\"https:\\\/\\\/www.copealcoy.es\\\/es\\\/avanza-el-proceso-para-definir-la-nueva-peatonalizacion-del-centro-asi-puedes-hacer-tu-aportacion\\\/\",\"url\":\"https:\\\/\\\/www.copealcoy.es\\\/es\\\/avanza-el-proceso-para-definir-la-nueva-peatonalizacion-del-centro-asi-puedes-hacer-tu-aportacion\\\/\",\"name\":\"Avanza el proceso para definir la nueva peatonalizaci\u00f3n del Centro. As\u00ed puedes hacer tu aportaci\u00f3n - COPE Alcoy\",\"isPartOf\":{\"@id\":\"https:\\\/\\\/www.copealcoy.es\\\/es\\\/#website\"},\"primaryImageOfPage\":{\"@id\":\"https:\\\/\\\/www.copealcoy.es\\\/es\\\/avanza-el-proceso-para-definir-la-nueva-peatonalizacion-del-centro-asi-puedes-hacer-tu-aportacion\\\/#primaryimage\"},\"image\":{\"@id\":\"https:\\\/\\\/www.copealcoy.es\\\/es\\\/avanza-el-proceso-para-definir-la-nueva-peatonalizacion-del-centro-asi-puedes-hacer-tu-aportacion\\\/#primaryimage\"},\"thumbnailUrl\":\"https:\\\/\\\/www.copealcoy.es\\\/wp-content\\\/uploads\\\/2023\\\/09\\\/8e0c5544-ec21-4cdf-9823-43b37dece592.jpg\",\"datePublished\":\"2024-03-21T10:00:31+00:00\",\"dateModified\":\"2024-03-25T13:33:57+00:00\",\"author\":{\"@id\":\"https:\\\/\\\/www.copealcoy.es\\\/es\\\/#\\\/schema\\\/person\\\/e777c87fa024e57d40170af9df39882c\"},\"description\":\"Contin\u00faa el proceso para definir la nueva ordenanza de peatonalizaci\u00f3n del Centro de Alcoy y se quiere que el texto est\u00e9 listo en verano\",\"breadcrumb\":{\"@id\":\"https:\\\/\\\/www.copealcoy.es\\\/es\\\/avanza-el-proceso-para-definir-la-nueva-peatonalizacion-del-centro-asi-puedes-hacer-tu-aportacion\\\/#breadcrumb\"},\"inLanguage\":\"es\",\"potentialAction\":[{\"@type\":\"ReadAction\",\"target\":[\"https:\\\/\\\/www.copealcoy.es\\\/es\\\/avanza-el-proceso-para-definir-la-nueva-peatonalizacion-del-centro-asi-puedes-hacer-tu-aportacion\\\/\"]}]},{\"@type\":\"ImageObject\",\"inLanguage\":\"es\",\"@id\":\"https:\\\/\\\/www.copealcoy.es\\\/es\\\/avanza-el-proceso-para-definir-la-nueva-peatonalizacion-del-centro-asi-puedes-hacer-tu-aportacion\\\/#primaryimage\",\"url\":\"https:\\\/\\\/www.copealcoy.es\\\/wp-content\\\/uploads\\\/2023\\\/09\\\/8e0c5544-ec21-4cdf-9823-43b37dece592.jpg\",\"contentUrl\":\"https:\\\/\\\/www.copealcoy.es\\\/wp-content\\\/uploads\\\/2023\\\/09\\\/8e0c5544-ec21-4cdf-9823-43b37dece592.jpg\",\"width\":640,\"height\":480},{\"@type\":\"BreadcrumbList\",\"@id\":\"https:\\\/\\\/www.copealcoy.es\\\/es\\\/avanza-el-proceso-para-definir-la-nueva-peatonalizacion-del-centro-asi-puedes-hacer-tu-aportacion\\\/#breadcrumb\",\"itemListElement\":[{\"@type\":\"ListItem\",\"position\":1,\"name\":\"Portada\",\"item\":\"https:\\\/\\\/www.copealcoy.es\\\/es\\\/\"},{\"@type\":\"ListItem\",\"position\":2,\"name\":\"Avanza el proceso para definir la nueva peatonalizaci\u00f3n del Centro. As\u00ed puedes hacer tu aportaci\u00f3n\"}]},{\"@type\":\"WebSite\",\"@id\":\"https:\\\/\\\/www.copealcoy.es\\\/es\\\/#website\",\"url\":\"https:\\\/\\\/www.copealcoy.es\\\/es\\\/\",\"name\":\"COPE Alcoy\",\"description\":\"Emisora COPE de radio local con emisi\u00f3n online. Pont de Sant Jordi 8-10 03803 Alcoy\",\"potentialAction\":[{\"@type\":\"SearchAction\",\"target\":{\"@type\":\"EntryPoint\",\"urlTemplate\":\"https:\\\/\\\/www.copealcoy.es\\\/es\\\/?s={search_term_string}\"},\"query-input\":{\"@type\":\"PropertyValueSpecification\",\"valueRequired\":true,\"valueName\":\"search_term_string\"}}],\"inLanguage\":\"es\"},{\"@type\":\"Person\",\"@id\":\"https:\\\/\\\/www.copealcoy.es\\\/es\\\/#\\\/schema\\\/person\\\/e777c87fa024e57d40170af9df39882c\",\"name\":\"Cope Alcoy\",\"image\":{\"@type\":\"ImageObject\",\"inLanguage\":\"es\",\"@id\":\"https:\\\/\\\/secure.gravatar.com\\\/avatar\\\/bb65d0283347e303893ba14f0692005417c1e0e690a325a4c5d8bb2b3943ee14?s=96&d=mm&r=g\",\"url\":\"https:\\\/\\\/secure.gravatar.com\\\/avatar\\\/bb65d0283347e303893ba14f0692005417c1e0e690a325a4c5d8bb2b3943ee14?s=96&d=mm&r=g\",\"contentUrl\":\"https:\\\/\\\/secure.gravatar.com\\\/avatar\\\/bb65d0283347e303893ba14f0692005417c1e0e690a325a4c5d8bb2b3943ee14?s=96&d=mm&r=g\",\"caption\":\"Cope Alcoy\"}}]}<\/script>\n<!-- \/ Yoast SEO plugin. -->","yoast_head_json":{"title":"Avanza el proceso para definir la nueva peatonalizaci\u00f3n del Centro. As\u00ed puedes hacer tu aportaci\u00f3n - COPE Alcoy","description":"Contin\u00faa el proceso para definir la nueva ordenanza de peatonalizaci\u00f3n del Centro de Alcoy y se quiere que el texto est\u00e9 listo en verano","robots":{"index":"index","follow":"follow","max-snippet":"max-snippet:-1","max-image-preview":"max-image-preview:large","max-video-preview":"max-video-preview:-1"},"canonical":"https:\/\/www.copealcoy.es\/es\/avanza-el-proceso-para-definir-la-nueva-peatonalizacion-del-centro-asi-puedes-hacer-tu-aportacion\/","og_locale":"es_ES","og_type":"article","og_title":"Avanza el proceso para definir la nueva peatonalizaci\u00f3n del Centro. As\u00ed puedes hacer tu aportaci\u00f3n - COPE Alcoy","og_description":"Contin\u00faa el proceso para definir la nueva ordenanza de peatonalizaci\u00f3n del Centro de Alcoy y se quiere que el texto est\u00e9 listo en verano","og_url":"https:\/\/www.copealcoy.es\/es\/avanza-el-proceso-para-definir-la-nueva-peatonalizacion-del-centro-asi-puedes-hacer-tu-aportacion\/","og_site_name":"COPE Alcoy","article_published_time":"2024-03-21T10:00:31+00:00","article_modified_time":"2024-03-25T13:33:57+00:00","og_image":[{"width":640,"height":480,"url":"https:\/\/www.copealcoy.es\/wp-content\/uploads\/2023\/09\/8e0c5544-ec21-4cdf-9823-43b37dece592.jpg","type":"image\/jpeg"}],"author":"Cope Alcoy","twitter_misc":{"Escrito por":"Cope Alcoy","Tiempo de lectura":"2 minutos"},"schema":{"@context":"https:\/\/schema.org","@graph":[{"@type":"Article","@id":"https:\/\/www.copealcoy.es\/es\/avanza-el-proceso-para-definir-la-nueva-peatonalizacion-del-centro-asi-puedes-hacer-tu-aportacion\/#article","isPartOf":{"@id":"https:\/\/www.copealcoy.es\/es\/avanza-el-proceso-para-definir-la-nueva-peatonalizacion-del-centro-asi-puedes-hacer-tu-aportacion\/"},"author":{"name":"Cope Alcoy","@id":"https:\/\/www.copealcoy.es\/es\/#\/schema\/person\/e777c87fa024e57d40170af9df39882c"},"headline":"Avanza el proceso para definir la nueva peatonalizaci\u00f3n del Centro. As\u00ed puedes hacer tu aportaci\u00f3n","datePublished":"2024-03-21T10:00:31+00:00","dateModified":"2024-03-25T13:33:57+00:00","mainEntityOfPage":{"@id":"https:\/\/www.copealcoy.es\/es\/avanza-el-proceso-para-definir-la-nueva-peatonalizacion-del-centro-asi-puedes-hacer-tu-aportacion\/"},"wordCount":350,"commentCount":0,"image":{"@id":"https:\/\/www.copealcoy.es\/es\/avanza-el-proceso-para-definir-la-nueva-peatonalizacion-del-centro-asi-puedes-hacer-tu-aportacion\/#primaryimage"},"thumbnailUrl":"https:\/\/www.copealcoy.es\/wp-content\/uploads\/2023\/09\/8e0c5544-ec21-4cdf-9823-43b37dece592.jpg","keywords":["Alcoy","aportaciones","Centro","ciudadan\u00eda","Ordenanza","Peatonalizaci\u00f3n"],"articleSection":["Actualidad","Alcoy","Noticias"],"inLanguage":"es"},{"@type":"WebPage","@id":"https:\/\/www.copealcoy.es\/es\/avanza-el-proceso-para-definir-la-nueva-peatonalizacion-del-centro-asi-puedes-hacer-tu-aportacion\/","url":"https:\/\/www.copealcoy.es\/es\/avanza-el-proceso-para-definir-la-nueva-peatonalizacion-del-centro-asi-puedes-hacer-tu-aportacion\/","name":"Avanza el proceso para definir la nueva peatonalizaci\u00f3n del Centro. As\u00ed puedes hacer tu aportaci\u00f3n - COPE Alcoy","isPartOf":{"@id":"https:\/\/www.copealcoy.es\/es\/#website"},"primaryImageOfPage":{"@id":"https:\/\/www.copealcoy.es\/es\/avanza-el-proceso-para-definir-la-nueva-peatonalizacion-del-centro-asi-puedes-hacer-tu-aportacion\/#primaryimage"},"image":{"@id":"https:\/\/www.copealcoy.es\/es\/avanza-el-proceso-para-definir-la-nueva-peatonalizacion-del-centro-asi-puedes-hacer-tu-aportacion\/#primaryimage"},"thumbnailUrl":"https:\/\/www.copealcoy.es\/wp-content\/uploads\/2023\/09\/8e0c5544-ec21-4cdf-9823-43b37dece592.jpg","datePublished":"2024-03-21T10:00:31+00:00","dateModified":"2024-03-25T13:33:57+00:00","author":{"@id":"https:\/\/www.copealcoy.es\/es\/#\/schema\/person\/e777c87fa024e57d40170af9df39882c"},"description":"Contin\u00faa el proceso para definir la nueva ordenanza de peatonalizaci\u00f3n del Centro de Alcoy y se quiere que el texto est\u00e9 listo en verano","breadcrumb":{"@id":"https:\/\/www.copealcoy.es\/es\/avanza-el-proceso-para-definir-la-nueva-peatonalizacion-del-centro-asi-puedes-hacer-tu-aportacion\/#breadcrumb"},"inLanguage":"es","potentialAction":[{"@type":"ReadAction","target":["https:\/\/www.copealcoy.es\/es\/avanza-el-proceso-para-definir-la-nueva-peatonalizacion-del-centro-asi-puedes-hacer-tu-aportacion\/"]}]},{"@type":"ImageObject","inLanguage":"es","@id":"https:\/\/www.copealcoy.es\/es\/avanza-el-proceso-para-definir-la-nueva-peatonalizacion-del-centro-asi-puedes-hacer-tu-aportacion\/#primaryimage","url":"https:\/\/www.copealcoy.es\/wp-content\/uploads\/2023\/09\/8e0c5544-ec21-4cdf-9823-43b37dece592.jpg","contentUrl":"https:\/\/www.copealcoy.es\/wp-content\/uploads\/2023\/09\/8e0c5544-ec21-4cdf-9823-43b37dece592.jpg","width":640,"height":480},{"@type":"BreadcrumbList","@id":"https:\/\/www.copealcoy.es\/es\/avanza-el-proceso-para-definir-la-nueva-peatonalizacion-del-centro-asi-puedes-hacer-tu-aportacion\/#breadcrumb","itemListElement":[{"@type":"ListItem","position":1,"name":"Portada","item":"https:\/\/www.copealcoy.es\/es\/"},{"@type":"ListItem","position":2,"name":"Avanza el proceso para definir la nueva peatonalizaci\u00f3n del Centro. As\u00ed puedes hacer tu aportaci\u00f3n"}]},{"@type":"WebSite","@id":"https:\/\/www.copealcoy.es\/es\/#website","url":"https:\/\/www.copealcoy.es\/es\/","name":"COPE Alcoy","description":"Emisora COPE de radio local con emisi\u00f3n online. Pont de Sant Jordi 8-10 03803 Alcoy","potentialAction":[{"@type":"SearchAction","target":{"@type":"EntryPoint","urlTemplate":"https:\/\/www.copealcoy.es\/es\/?s={search_term_string}"},"query-input":{"@type":"PropertyValueSpecification","valueRequired":true,"valueName":"search_term_string"}}],"inLanguage":"es"},{"@type":"Person","@id":"https:\/\/www.copealcoy.es\/es\/#\/schema\/person\/e777c87fa024e57d40170af9df39882c","name":"Cope Alcoy","image":{"@type":"ImageObject","inLanguage":"es","@id":"https:\/\/secure.gravatar.com\/avatar\/bb65d0283347e303893ba14f0692005417c1e0e690a325a4c5d8bb2b3943ee14?s=96&d=mm&r=g","url":"https:\/\/secure.gravatar.com\/avatar\/bb65d0283347e303893ba14f0692005417c1e0e690a325a4c5d8bb2b3943ee14?s=96&d=mm&r=g","contentUrl":"https:\/\/secure.gravatar.com\/avatar\/bb65d0283347e303893ba14f0692005417c1e0e690a325a4c5d8bb2b3943ee14?s=96&d=mm&r=g","caption":"Cope Alcoy"}}]}},"_links":{"self":[{"href":"https:\/\/www.copealcoy.es\/es\/wp-json\/wp\/v2\/posts\/130630","targetHints":{"allow":["GET"]}}],"collection":[{"href":"https:\/\/www.copealcoy.es\/es\/wp-json\/wp\/v2\/posts"}],"about":[{"href":"https:\/\/www.copealcoy.es\/es\/wp-json\/wp\/v2\/types\/post"}],"author":[{"embeddable":true,"href":"https:\/\/www.copealcoy.es\/es\/wp-json\/wp\/v2\/users\/1"}],"replies":[{"embeddable":true,"href":"https:\/\/www.copealcoy.es\/es\/wp-json\/wp\/v2\/comments?post=130630"}],"version-history":[{"count":0,"href":"https:\/\/www.copealcoy.es\/es\/wp-json\/wp\/v2\/posts\/130630\/revisions"}],"wp:featuredmedia":[{"embeddable":true,"href":"https:\/\/www.copealcoy.es\/es\/wp-json\/wp\/v2\/media\/122008"}],"wp:attachment":[{"href":"https:\/\/www.copealcoy.es\/es\/wp-json\/wp\/v2\/media?parent=130630"}],"wp:term":[{"taxonomy":"category","embeddable":true,"href":"https:\/\/www.copealcoy.es\/es\/wp-json\/wp\/v2\/categories?post=130630"},{"taxonomy":"post_tag","embeddable":true,"href":"https:\/\/www.copealcoy.es\/es\/wp-json\/wp\/v2\/tags?post=130630"}],"curies":[{"name":"wp","href":"https:\/\/api.w.org\/{rel}","templated":true}]}}