{"id":130580,"date":"2024-03-18T09:27:27","date_gmt":"2024-03-18T08:27:27","guid":{"rendered":"https:\/\/www.copealcoy.es\/?p=130580"},"modified":"2024-03-20T10:00:21","modified_gmt":"2024-03-20T09:00:21","slug":"una-quema-descontrolada-provoca-un-incendio-en-muro","status":"publish","type":"post","link":"https:\/\/www.copealcoy.es\/es\/una-quema-descontrolada-provoca-un-incendio-en-muro\/","title":{"rendered":"Una quema descontrolada provoca un incendio en Muro"},"content":{"rendered":"<p style=\"text-align: justify;\">A mediod\u00eda del pasado domingo 17 de marzo saltaron\u00a0<strong>todas las alarmas en Muro<\/strong>, concretamente en la pedan\u00eda de Turballos cerca de la Cova de la Dona,\u00a0al declararse u<strong>n incendio forestal<\/strong>. Una<strong>\u00a0quema agr\u00edcola que se descontrol\u00f3<\/strong>, en una jornada marcada por el calor y las altas temperaturas, fue\u00a0<strong>el detonante de un fuego<\/strong>\u00a0que se esparci\u00f3 r\u00e1pidamente avivado tambi\u00e9n por la sequedad de la vegetaci\u00f3n.<\/p>\n<p style=\"text-align: justify;\">Desde\u00a0<span style=\"color: #0000ff;\"><a style=\"color: #0000ff;\" href=\"https:\/\/www.112cv.gva.es\/es\/\" target=\"_blank\" rel=\"noopener\"><strong>Emergencias de la Generalitat Valenciana<\/strong><\/a><\/span>\u00a0informaron que\u00a0<strong>se hab\u00edan movilizado\u00a0<\/strong>\u00a0dos medios a\u00e9reos, 2 unidades de bomberos forestales, 2 autobombas y un agente medioambiental para sofocar las llamas. Desde el\u00a0<strong>Consorcio Provincial de Bomberos de la Diputaci\u00f3n de Alicante<\/strong>\u00a0se\u00f1alaron tambi\u00e9n que<strong>\u00a0trabajaron en la extinci\u00f3n<\/strong>\u00a0una unidad mando de jefatura, una bomba forestal pesada y una bomba nodriza ligera con un sargento, un cabo y cinco bomberos del parque de La Monta\u00f1a. Tambi\u00e9n actuaron dos unidades de bomberos forestales.<\/p>\n<p style=\"text-align: justify;\">El incendio\u00a0<strong>qued\u00f3 controlado pasadas las nueve de la ma\u00f1ana<\/strong>\u00a0del pasado lunes 18 de marzo aunque sigui\u00f3 actuando un medio a\u00e9reo para refrescar la zona. Las\u00a0<strong>labores de extinci\u00f3n<\/strong>\u00a0siguieron en toda esa jornada y el\u00a0<strong>balance final\u00a0<\/strong>del fuego fue de 29 hect\u00e1reas de monte calcinadas.<\/p>\n","protected":false},"excerpt":{"rendered":"<p>A mediod\u00eda del pasado domingo 17 de marzo saltaron\u00a0todas las alarmas en Muro, concretamente en la pedan\u00eda de Turballos cerca&#8230;<\/p>\n","protected":false},"author":1,"featured_media":130581,"comment_status":"open","ping_status":"open","sticky":false,"template":"","format":"standard","meta":{"footnotes":""},"categories":[6909,97,75,125],"tags":[12777,135,12719],"class_list":["post-130580","post","type-post","status-publish","format-standard","has-post-thumbnail","hentry","category-actualidad","category-alcoy","category-noticias","category-portada","tag-incendio-forestal","tag-muro","tag-quema-agricola"],"yoast_head":"<!-- This site is optimized with the Yoast SEO plugin v27.3 - https:\/\/yoast.com\/product\/yoast-seo-wordpress\/ -->\n<title>Una quema descontrolada provoca un incendio en Muro - COPE Alcoy<\/title>\n<meta name=\"description\" content=\"Una quema agr\u00edcola que se ha descontrolado ha desatado un incendio forestal en el t\u00e9rmino municipal de Muro\" \/>\n<meta name=\"robots\" content=\"index, follow, max-snippet:-1, max-image-preview:large, max-video-preview:-1\" \/>\n<link rel=\"canonical\" href=\"https:\/\/www.copealcoy.es\/es\/una-quema-descontrolada-provoca-un-incendio-en-muro\/\" \/>\n<meta property=\"og:locale\" content=\"es_ES\" \/>\n<meta property=\"og:type\" content=\"article\" \/>\n<meta property=\"og:title\" content=\"Una quema descontrolada provoca un incendio en Muro - COPE Alcoy\" \/>\n<meta property=\"og:description\" content=\"Una quema agr\u00edcola que se ha descontrolado ha desatado un incendio forestal en el t\u00e9rmino municipal de Muro\" \/>\n<meta property=\"og:url\" content=\"https:\/\/www.copealcoy.es\/es\/una-quema-descontrolada-provoca-un-incendio-en-muro\/\" \/>\n<meta property=\"og:site_name\" content=\"COPE Alcoy\" \/>\n<meta property=\"article:published_time\" content=\"2024-03-18T08:27:27+00:00\" \/>\n<meta property=\"article:modified_time\" content=\"2024-03-20T09:00:21+00:00\" \/>\n<meta property=\"og:image\" content=\"https:\/\/www.copealcoy.es\/wp-content\/uploads\/2024\/03\/unnamed-1-15-scaled.jpg\" \/>\n\t<meta property=\"og:image:width\" content=\"1920\" \/>\n\t<meta property=\"og:image:height\" content=\"1080\" \/>\n\t<meta property=\"og:image:type\" content=\"image\/jpeg\" \/>\n<meta name=\"author\" content=\"Cope Alcoy\" \/>\n<meta name=\"twitter:label1\" content=\"Escrito por\" \/>\n\t<meta name=\"twitter:data1\" content=\"Cope Alcoy\" \/>\n\t<meta name=\"twitter:label2\" content=\"Tiempo de lectura\" \/>\n\t<meta name=\"twitter:data2\" content=\"2 minutos\" \/>\n<script type=\"application\/ld+json\" class=\"yoast-schema-graph\">{\"@context\":\"https:\\\/\\\/schema.org\",\"@graph\":[{\"@type\":\"Article\",\"@id\":\"https:\\\/\\\/www.copealcoy.es\\\/es\\\/una-quema-descontrolada-provoca-un-incendio-en-muro\\\/#article\",\"isPartOf\":{\"@id\":\"https:\\\/\\\/www.copealcoy.es\\\/es\\\/una-quema-descontrolada-provoca-un-incendio-en-muro\\\/\"},\"author\":{\"name\":\"Cope Alcoy\",\"@id\":\"https:\\\/\\\/www.copealcoy.es\\\/es\\\/#\\\/schema\\\/person\\\/e777c87fa024e57d40170af9df39882c\"},\"headline\":\"Una quema descontrolada provoca un incendio en Muro\",\"datePublished\":\"2024-03-18T08:27:27+00:00\",\"dateModified\":\"2024-03-20T09:00:21+00:00\",\"mainEntityOfPage\":{\"@id\":\"https:\\\/\\\/www.copealcoy.es\\\/es\\\/una-quema-descontrolada-provoca-un-incendio-en-muro\\\/\"},\"wordCount\":217,\"commentCount\":0,\"image\":{\"@id\":\"https:\\\/\\\/www.copealcoy.es\\\/es\\\/una-quema-descontrolada-provoca-un-incendio-en-muro\\\/#primaryimage\"},\"thumbnailUrl\":\"https:\\\/\\\/www.copealcoy.es\\\/wp-content\\\/uploads\\\/2024\\\/03\\\/unnamed-1-15-scaled.jpg\",\"keywords\":[\"incendio forestal\",\"Muro\",\"quema agr\u00edcola\"],\"articleSection\":[\"Actualidad\",\"Alcoy\",\"Noticias\",\"Portada\"],\"inLanguage\":\"es\"},{\"@type\":\"WebPage\",\"@id\":\"https:\\\/\\\/www.copealcoy.es\\\/es\\\/una-quema-descontrolada-provoca-un-incendio-en-muro\\\/\",\"url\":\"https:\\\/\\\/www.copealcoy.es\\\/es\\\/una-quema-descontrolada-provoca-un-incendio-en-muro\\\/\",\"name\":\"Una quema descontrolada provoca un incendio en Muro - COPE Alcoy\",\"isPartOf\":{\"@id\":\"https:\\\/\\\/www.copealcoy.es\\\/es\\\/#website\"},\"primaryImageOfPage\":{\"@id\":\"https:\\\/\\\/www.copealcoy.es\\\/es\\\/una-quema-descontrolada-provoca-un-incendio-en-muro\\\/#primaryimage\"},\"image\":{\"@id\":\"https:\\\/\\\/www.copealcoy.es\\\/es\\\/una-quema-descontrolada-provoca-un-incendio-en-muro\\\/#primaryimage\"},\"thumbnailUrl\":\"https:\\\/\\\/www.copealcoy.es\\\/wp-content\\\/uploads\\\/2024\\\/03\\\/unnamed-1-15-scaled.jpg\",\"datePublished\":\"2024-03-18T08:27:27+00:00\",\"dateModified\":\"2024-03-20T09:00:21+00:00\",\"author\":{\"@id\":\"https:\\\/\\\/www.copealcoy.es\\\/es\\\/#\\\/schema\\\/person\\\/e777c87fa024e57d40170af9df39882c\"},\"description\":\"Una quema agr\u00edcola que se ha descontrolado ha desatado un incendio forestal en el t\u00e9rmino municipal de Muro\",\"breadcrumb\":{\"@id\":\"https:\\\/\\\/www.copealcoy.es\\\/es\\\/una-quema-descontrolada-provoca-un-incendio-en-muro\\\/#breadcrumb\"},\"inLanguage\":\"es\",\"potentialAction\":[{\"@type\":\"ReadAction\",\"target\":[\"https:\\\/\\\/www.copealcoy.es\\\/es\\\/una-quema-descontrolada-provoca-un-incendio-en-muro\\\/\"]}]},{\"@type\":\"ImageObject\",\"inLanguage\":\"es\",\"@id\":\"https:\\\/\\\/www.copealcoy.es\\\/es\\\/una-quema-descontrolada-provoca-un-incendio-en-muro\\\/#primaryimage\",\"url\":\"https:\\\/\\\/www.copealcoy.es\\\/wp-content\\\/uploads\\\/2024\\\/03\\\/unnamed-1-15-scaled.jpg\",\"contentUrl\":\"https:\\\/\\\/www.copealcoy.es\\\/wp-content\\\/uploads\\\/2024\\\/03\\\/unnamed-1-15-scaled.jpg\",\"width\":1920,\"height\":1080},{\"@type\":\"BreadcrumbList\",\"@id\":\"https:\\\/\\\/www.copealcoy.es\\\/es\\\/una-quema-descontrolada-provoca-un-incendio-en-muro\\\/#breadcrumb\",\"itemListElement\":[{\"@type\":\"ListItem\",\"position\":1,\"name\":\"Portada\",\"item\":\"https:\\\/\\\/www.copealcoy.es\\\/es\\\/\"},{\"@type\":\"ListItem\",\"position\":2,\"name\":\"Una quema descontrolada provoca un incendio en Muro\"}]},{\"@type\":\"WebSite\",\"@id\":\"https:\\\/\\\/www.copealcoy.es\\\/es\\\/#website\",\"url\":\"https:\\\/\\\/www.copealcoy.es\\\/es\\\/\",\"name\":\"COPE Alcoy\",\"description\":\"Emisora COPE de radio local con emisi\u00f3n online. Pont de Sant Jordi 8-10 03803 Alcoy\",\"potentialAction\":[{\"@type\":\"SearchAction\",\"target\":{\"@type\":\"EntryPoint\",\"urlTemplate\":\"https:\\\/\\\/www.copealcoy.es\\\/es\\\/?s={search_term_string}\"},\"query-input\":{\"@type\":\"PropertyValueSpecification\",\"valueRequired\":true,\"valueName\":\"search_term_string\"}}],\"inLanguage\":\"es\"},{\"@type\":\"Person\",\"@id\":\"https:\\\/\\\/www.copealcoy.es\\\/es\\\/#\\\/schema\\\/person\\\/e777c87fa024e57d40170af9df39882c\",\"name\":\"Cope Alcoy\",\"image\":{\"@type\":\"ImageObject\",\"inLanguage\":\"es\",\"@id\":\"https:\\\/\\\/secure.gravatar.com\\\/avatar\\\/bb65d0283347e303893ba14f0692005417c1e0e690a325a4c5d8bb2b3943ee14?s=96&d=mm&r=g\",\"url\":\"https:\\\/\\\/secure.gravatar.com\\\/avatar\\\/bb65d0283347e303893ba14f0692005417c1e0e690a325a4c5d8bb2b3943ee14?s=96&d=mm&r=g\",\"contentUrl\":\"https:\\\/\\\/secure.gravatar.com\\\/avatar\\\/bb65d0283347e303893ba14f0692005417c1e0e690a325a4c5d8bb2b3943ee14?s=96&d=mm&r=g\",\"caption\":\"Cope Alcoy\"}}]}<\/script>\n<!-- \/ Yoast SEO plugin. -->","yoast_head_json":{"title":"Una quema descontrolada provoca un incendio en Muro - COPE Alcoy","description":"Una quema agr\u00edcola que se ha descontrolado ha desatado un incendio forestal en el t\u00e9rmino municipal de Muro","robots":{"index":"index","follow":"follow","max-snippet":"max-snippet:-1","max-image-preview":"max-image-preview:large","max-video-preview":"max-video-preview:-1"},"canonical":"https:\/\/www.copealcoy.es\/es\/una-quema-descontrolada-provoca-un-incendio-en-muro\/","og_locale":"es_ES","og_type":"article","og_title":"Una quema descontrolada provoca un incendio en Muro - COPE Alcoy","og_description":"Una quema agr\u00edcola que se ha descontrolado ha desatado un incendio forestal en el t\u00e9rmino municipal de Muro","og_url":"https:\/\/www.copealcoy.es\/es\/una-quema-descontrolada-provoca-un-incendio-en-muro\/","og_site_name":"COPE Alcoy","article_published_time":"2024-03-18T08:27:27+00:00","article_modified_time":"2024-03-20T09:00:21+00:00","og_image":[{"width":1920,"height":1080,"url":"https:\/\/www.copealcoy.es\/wp-content\/uploads\/2024\/03\/unnamed-1-15-scaled.jpg","type":"image\/jpeg"}],"author":"Cope Alcoy","twitter_misc":{"Escrito por":"Cope Alcoy","Tiempo de lectura":"2 minutos"},"schema":{"@context":"https:\/\/schema.org","@graph":[{"@type":"Article","@id":"https:\/\/www.copealcoy.es\/es\/una-quema-descontrolada-provoca-un-incendio-en-muro\/#article","isPartOf":{"@id":"https:\/\/www.copealcoy.es\/es\/una-quema-descontrolada-provoca-un-incendio-en-muro\/"},"author":{"name":"Cope Alcoy","@id":"https:\/\/www.copealcoy.es\/es\/#\/schema\/person\/e777c87fa024e57d40170af9df39882c"},"headline":"Una quema descontrolada provoca un incendio en Muro","datePublished":"2024-03-18T08:27:27+00:00","dateModified":"2024-03-20T09:00:21+00:00","mainEntityOfPage":{"@id":"https:\/\/www.copealcoy.es\/es\/una-quema-descontrolada-provoca-un-incendio-en-muro\/"},"wordCount":217,"commentCount":0,"image":{"@id":"https:\/\/www.copealcoy.es\/es\/una-quema-descontrolada-provoca-un-incendio-en-muro\/#primaryimage"},"thumbnailUrl":"https:\/\/www.copealcoy.es\/wp-content\/uploads\/2024\/03\/unnamed-1-15-scaled.jpg","keywords":["incendio forestal","Muro","quema agr\u00edcola"],"articleSection":["Actualidad","Alcoy","Noticias","Portada"],"inLanguage":"es"},{"@type":"WebPage","@id":"https:\/\/www.copealcoy.es\/es\/una-quema-descontrolada-provoca-un-incendio-en-muro\/","url":"https:\/\/www.copealcoy.es\/es\/una-quema-descontrolada-provoca-un-incendio-en-muro\/","name":"Una quema descontrolada provoca un incendio en Muro - COPE Alcoy","isPartOf":{"@id":"https:\/\/www.copealcoy.es\/es\/#website"},"primaryImageOfPage":{"@id":"https:\/\/www.copealcoy.es\/es\/una-quema-descontrolada-provoca-un-incendio-en-muro\/#primaryimage"},"image":{"@id":"https:\/\/www.copealcoy.es\/es\/una-quema-descontrolada-provoca-un-incendio-en-muro\/#primaryimage"},"thumbnailUrl":"https:\/\/www.copealcoy.es\/wp-content\/uploads\/2024\/03\/unnamed-1-15-scaled.jpg","datePublished":"2024-03-18T08:27:27+00:00","dateModified":"2024-03-20T09:00:21+00:00","author":{"@id":"https:\/\/www.copealcoy.es\/es\/#\/schema\/person\/e777c87fa024e57d40170af9df39882c"},"description":"Una quema agr\u00edcola que se ha descontrolado ha desatado un incendio forestal en el t\u00e9rmino municipal de Muro","breadcrumb":{"@id":"https:\/\/www.copealcoy.es\/es\/una-quema-descontrolada-provoca-un-incendio-en-muro\/#breadcrumb"},"inLanguage":"es","potentialAction":[{"@type":"ReadAction","target":["https:\/\/www.copealcoy.es\/es\/una-quema-descontrolada-provoca-un-incendio-en-muro\/"]}]},{"@type":"ImageObject","inLanguage":"es","@id":"https:\/\/www.copealcoy.es\/es\/una-quema-descontrolada-provoca-un-incendio-en-muro\/#primaryimage","url":"https:\/\/www.copealcoy.es\/wp-content\/uploads\/2024\/03\/unnamed-1-15-scaled.jpg","contentUrl":"https:\/\/www.copealcoy.es\/wp-content\/uploads\/2024\/03\/unnamed-1-15-scaled.jpg","width":1920,"height":1080},{"@type":"BreadcrumbList","@id":"https:\/\/www.copealcoy.es\/es\/una-quema-descontrolada-provoca-un-incendio-en-muro\/#breadcrumb","itemListElement":[{"@type":"ListItem","position":1,"name":"Portada","item":"https:\/\/www.copealcoy.es\/es\/"},{"@type":"ListItem","position":2,"name":"Una quema descontrolada provoca un incendio en Muro"}]},{"@type":"WebSite","@id":"https:\/\/www.copealcoy.es\/es\/#website","url":"https:\/\/www.copealcoy.es\/es\/","name":"COPE Alcoy","description":"Emisora COPE de radio local con emisi\u00f3n online. Pont de Sant Jordi 8-10 03803 Alcoy","potentialAction":[{"@type":"SearchAction","target":{"@type":"EntryPoint","urlTemplate":"https:\/\/www.copealcoy.es\/es\/?s={search_term_string}"},"query-input":{"@type":"PropertyValueSpecification","valueRequired":true,"valueName":"search_term_string"}}],"inLanguage":"es"},{"@type":"Person","@id":"https:\/\/www.copealcoy.es\/es\/#\/schema\/person\/e777c87fa024e57d40170af9df39882c","name":"Cope Alcoy","image":{"@type":"ImageObject","inLanguage":"es","@id":"https:\/\/secure.gravatar.com\/avatar\/bb65d0283347e303893ba14f0692005417c1e0e690a325a4c5d8bb2b3943ee14?s=96&d=mm&r=g","url":"https:\/\/secure.gravatar.com\/avatar\/bb65d0283347e303893ba14f0692005417c1e0e690a325a4c5d8bb2b3943ee14?s=96&d=mm&r=g","contentUrl":"https:\/\/secure.gravatar.com\/avatar\/bb65d0283347e303893ba14f0692005417c1e0e690a325a4c5d8bb2b3943ee14?s=96&d=mm&r=g","caption":"Cope Alcoy"}}]}},"_links":{"self":[{"href":"https:\/\/www.copealcoy.es\/es\/wp-json\/wp\/v2\/posts\/130580","targetHints":{"allow":["GET"]}}],"collection":[{"href":"https:\/\/www.copealcoy.es\/es\/wp-json\/wp\/v2\/posts"}],"about":[{"href":"https:\/\/www.copealcoy.es\/es\/wp-json\/wp\/v2\/types\/post"}],"author":[{"embeddable":true,"href":"https:\/\/www.copealcoy.es\/es\/wp-json\/wp\/v2\/users\/1"}],"replies":[{"embeddable":true,"href":"https:\/\/www.copealcoy.es\/es\/wp-json\/wp\/v2\/comments?post=130580"}],"version-history":[{"count":0,"href":"https:\/\/www.copealcoy.es\/es\/wp-json\/wp\/v2\/posts\/130580\/revisions"}],"wp:featuredmedia":[{"embeddable":true,"href":"https:\/\/www.copealcoy.es\/es\/wp-json\/wp\/v2\/media\/130581"}],"wp:attachment":[{"href":"https:\/\/www.copealcoy.es\/es\/wp-json\/wp\/v2\/media?parent=130580"}],"wp:term":[{"taxonomy":"category","embeddable":true,"href":"https:\/\/www.copealcoy.es\/es\/wp-json\/wp\/v2\/categories?post=130580"},{"taxonomy":"post_tag","embeddable":true,"href":"https:\/\/www.copealcoy.es\/es\/wp-json\/wp\/v2\/tags?post=130580"}],"curies":[{"name":"wp","href":"https:\/\/api.w.org\/{rel}","templated":true}]}}