{"id":130502,"date":"2024-03-15T14:01:23","date_gmt":"2024-03-15T13:01:23","guid":{"rendered":"https:\/\/www.copealcoy.es\/?p=130502"},"modified":"2024-03-15T14:01:23","modified_gmt":"2024-03-15T13:01:23","slug":"el-reto-aitex-consigue-record-de-participacion-en-la-edicion-2024","status":"publish","type":"post","link":"https:\/\/www.copealcoy.es\/es\/el-reto-aitex-consigue-record-de-participacion-en-la-edicion-2024\/","title":{"rendered":"El Reto Aitex consigue r\u00e9cord de participaci\u00f3n en la edici\u00f3n 2024"},"content":{"rendered":"<p style=\"text-align: justify;\">El <strong>Reto AITEX 2024<\/strong> ha incrementado en un 62% <strong>su participaci\u00f3n<\/strong>. Este a\u00f1o <strong>se ha batido un r\u00e9cord de inscripciones<\/strong> llegando a 822. <strong>Alumnado de secundaria<\/strong> de toda la Comunidad Valenciana participa en esta edici\u00f3n que debe responder a la cuesti\u00f3n: <strong>\u00bfQu\u00e9 producto innovador desarrollar\u00edas con todas las sobras textiles?<\/strong>. La final del Reto AITEX 2024 se llevar\u00e1 a cabo en junio en la nueva sede de <a href=\"https:\/\/www.aitex.es\/\" target=\"_blank\" rel=\"noopener\"><span style=\"color: #0000ff;\"><strong>AITEX<\/strong>, <\/span><\/a>ubicada en el barrio de Batoi de la capital del&#8217;Alcoi\u00e0.<\/p>\n<p style=\"text-align: justify;\">Los estudiantes inscritos en esta nueva edici\u00f3n del Reto AITEX <strong>provienen de localidades de toda la Comunidad Valenciana<\/strong>, como Alcoy, Aldaia, Alicante, Banyeres, Benilloba, Benidorm, Bocairent, Burriana, Campello, Canals, Castell\u00f3 de Rugat, Cocentaina, Crevillente, Gandia, J\u00e1vea, La Pobla del Duc, Manises, Mon\u00f3var, Ontinyent, Petrer, Orihuela, Paterna, Quart de Poblet, San Antonio de Benag\u00e9ber, Segorbe, Valencia y Villena. En esta ocasi\u00f3n <strong>se premiar\u00e1n las propuestas m\u00e1s innovadoras<\/strong> con grandes premios, tanto para los alumnos como para los centros formativos: ordenadores, tabletas y m\u00f3viles de \u00faltima generaci\u00f3n.<\/p>\n<p style=\"text-align: justify;\">El Reto AITEX <strong>ofrece a los estudiantes la oportunidad de explorar su potencial creativo y solucionar desaf\u00edos reales de los sectores textil y cosm\u00e9tica<\/strong> a trav\u00e9s de la innovaci\u00f3n y la tecnolog\u00eda. Mediante esta iniciativa, <strong>AITEX reafirma su compromiso<\/strong> con el fomento de la educaci\u00f3n, la investigaci\u00f3n y el desarrollo tecnol\u00f3gico, pilares fundamentales para el avance y la competitividad empresarial. Desde su lanzamiento, seg\u00fan informan desde AITEX, <strong>la iniciativa ha experimentado un incremento sostenido<\/strong> en cuando al n\u00famero de participantes se refiere, pasando de 167 inscripciones del a\u00f1o 2019 a las 506 que se dieron el pasado a\u00f1o 2023. Para 2024, <strong>el salto cualitativo y cuantitativo es especialmente significativo<\/strong>, con ese 62% m\u00e1s de inscripciones, tal y como apuntan desde la organizaci\u00f3n. Esto se traduce en que <strong>se duplica la cifra del a\u00f1o anterior y se expande su alcance<\/strong> a lo largo de toda la Comunidad Valenciana.<\/p>\n","protected":false},"excerpt":{"rendered":"<p>El Reto AITEX 2024 ha incrementado en un 62% su participaci\u00f3n. Este a\u00f1o se ha batido un r\u00e9cord de inscripciones&#8230;<\/p>\n","protected":false},"author":1,"featured_media":130503,"comment_status":"open","ping_status":"open","sticky":false,"template":"","format":"standard","meta":{"footnotes":""},"categories":[6909,97,75,79],"tags":[1494,3184,451,12993,1386],"class_list":["post-130502","post","type-post","status-publish","format-standard","has-post-thumbnail","hentry","category-actualidad","category-alcoy","category-noticias","category-politicayeconomia","tag-alcoy","tag-estudiantes","tag-premios","tag-reto-aitex","tag-secundaria"],"yoast_head":"<!-- This site is optimized with the Yoast SEO plugin v27.3 - https:\/\/yoast.com\/product\/yoast-seo-wordpress\/ -->\n<title>El Reto Aitex consigue r\u00e9cord de participaci\u00f3n en la edici\u00f3n 2024 - COPE Alcoy<\/title>\n<meta name=\"description\" content=\"El Reto AITEX 2024 ha incrementado en un 62% su participaci\u00f3n. Este a\u00f1o se ha batido un r\u00e9cord de inscripciones llegando a 822\" \/>\n<meta name=\"robots\" content=\"index, follow, max-snippet:-1, max-image-preview:large, max-video-preview:-1\" \/>\n<link rel=\"canonical\" href=\"https:\/\/www.copealcoy.es\/es\/el-reto-aitex-consigue-record-de-participacion-en-la-edicion-2024\/\" \/>\n<meta property=\"og:locale\" content=\"es_ES\" \/>\n<meta property=\"og:type\" content=\"article\" \/>\n<meta property=\"og:title\" content=\"El Reto Aitex consigue r\u00e9cord de participaci\u00f3n en la edici\u00f3n 2024 - COPE Alcoy\" \/>\n<meta property=\"og:description\" content=\"El Reto AITEX 2024 ha incrementado en un 62% su participaci\u00f3n. Este a\u00f1o se ha batido un r\u00e9cord de inscripciones llegando a 822\" \/>\n<meta property=\"og:url\" content=\"https:\/\/www.copealcoy.es\/es\/el-reto-aitex-consigue-record-de-participacion-en-la-edicion-2024\/\" \/>\n<meta property=\"og:site_name\" content=\"COPE Alcoy\" \/>\n<meta property=\"article:published_time\" content=\"2024-03-15T13:01:23+00:00\" \/>\n<meta property=\"og:image\" content=\"https:\/\/www.copealcoy.es\/wp-content\/uploads\/2024\/03\/Ganadores-RETO-AITEX-2023-scaled.jpg\" \/>\n\t<meta property=\"og:image:width\" content=\"1920\" \/>\n\t<meta property=\"og:image:height\" content=\"1258\" \/>\n\t<meta property=\"og:image:type\" content=\"image\/jpeg\" \/>\n<meta name=\"author\" content=\"Cope Alcoy\" \/>\n<meta name=\"twitter:label1\" content=\"Escrito por\" \/>\n\t<meta name=\"twitter:data1\" content=\"Cope Alcoy\" \/>\n\t<meta name=\"twitter:label2\" content=\"Tiempo de lectura\" \/>\n\t<meta name=\"twitter:data2\" content=\"2 minutos\" \/>\n<script type=\"application\/ld+json\" class=\"yoast-schema-graph\">{\"@context\":\"https:\\\/\\\/schema.org\",\"@graph\":[{\"@type\":\"Article\",\"@id\":\"https:\\\/\\\/www.copealcoy.es\\\/es\\\/el-reto-aitex-consigue-record-de-participacion-en-la-edicion-2024\\\/#article\",\"isPartOf\":{\"@id\":\"https:\\\/\\\/www.copealcoy.es\\\/es\\\/el-reto-aitex-consigue-record-de-participacion-en-la-edicion-2024\\\/\"},\"author\":{\"name\":\"Cope Alcoy\",\"@id\":\"https:\\\/\\\/www.copealcoy.es\\\/es\\\/#\\\/schema\\\/person\\\/e777c87fa024e57d40170af9df39882c\"},\"headline\":\"El Reto Aitex consigue r\u00e9cord de participaci\u00f3n en la edici\u00f3n 2024\",\"datePublished\":\"2024-03-15T13:01:23+00:00\",\"mainEntityOfPage\":{\"@id\":\"https:\\\/\\\/www.copealcoy.es\\\/es\\\/el-reto-aitex-consigue-record-de-participacion-en-la-edicion-2024\\\/\"},\"wordCount\":344,\"commentCount\":0,\"image\":{\"@id\":\"https:\\\/\\\/www.copealcoy.es\\\/es\\\/el-reto-aitex-consigue-record-de-participacion-en-la-edicion-2024\\\/#primaryimage\"},\"thumbnailUrl\":\"https:\\\/\\\/www.copealcoy.es\\\/wp-content\\\/uploads\\\/2024\\\/03\\\/Ganadores-RETO-AITEX-2023-scaled.jpg\",\"keywords\":[\"Alcoy\",\"estudiantes\",\"Premios\",\"reto AITEX\",\"Secundaria\"],\"articleSection\":[\"Actualidad\",\"Alcoy\",\"Noticias\",\"Pol\u00edtica y Econom\u00eda\"],\"inLanguage\":\"es\"},{\"@type\":\"WebPage\",\"@id\":\"https:\\\/\\\/www.copealcoy.es\\\/es\\\/el-reto-aitex-consigue-record-de-participacion-en-la-edicion-2024\\\/\",\"url\":\"https:\\\/\\\/www.copealcoy.es\\\/es\\\/el-reto-aitex-consigue-record-de-participacion-en-la-edicion-2024\\\/\",\"name\":\"El Reto Aitex consigue r\u00e9cord de participaci\u00f3n en la edici\u00f3n 2024 - COPE Alcoy\",\"isPartOf\":{\"@id\":\"https:\\\/\\\/www.copealcoy.es\\\/es\\\/#website\"},\"primaryImageOfPage\":{\"@id\":\"https:\\\/\\\/www.copealcoy.es\\\/es\\\/el-reto-aitex-consigue-record-de-participacion-en-la-edicion-2024\\\/#primaryimage\"},\"image\":{\"@id\":\"https:\\\/\\\/www.copealcoy.es\\\/es\\\/el-reto-aitex-consigue-record-de-participacion-en-la-edicion-2024\\\/#primaryimage\"},\"thumbnailUrl\":\"https:\\\/\\\/www.copealcoy.es\\\/wp-content\\\/uploads\\\/2024\\\/03\\\/Ganadores-RETO-AITEX-2023-scaled.jpg\",\"datePublished\":\"2024-03-15T13:01:23+00:00\",\"author\":{\"@id\":\"https:\\\/\\\/www.copealcoy.es\\\/es\\\/#\\\/schema\\\/person\\\/e777c87fa024e57d40170af9df39882c\"},\"description\":\"El Reto AITEX 2024 ha incrementado en un 62% su participaci\u00f3n. Este a\u00f1o se ha batido un r\u00e9cord de inscripciones llegando a 822\",\"breadcrumb\":{\"@id\":\"https:\\\/\\\/www.copealcoy.es\\\/es\\\/el-reto-aitex-consigue-record-de-participacion-en-la-edicion-2024\\\/#breadcrumb\"},\"inLanguage\":\"es\",\"potentialAction\":[{\"@type\":\"ReadAction\",\"target\":[\"https:\\\/\\\/www.copealcoy.es\\\/es\\\/el-reto-aitex-consigue-record-de-participacion-en-la-edicion-2024\\\/\"]}]},{\"@type\":\"ImageObject\",\"inLanguage\":\"es\",\"@id\":\"https:\\\/\\\/www.copealcoy.es\\\/es\\\/el-reto-aitex-consigue-record-de-participacion-en-la-edicion-2024\\\/#primaryimage\",\"url\":\"https:\\\/\\\/www.copealcoy.es\\\/wp-content\\\/uploads\\\/2024\\\/03\\\/Ganadores-RETO-AITEX-2023-scaled.jpg\",\"contentUrl\":\"https:\\\/\\\/www.copealcoy.es\\\/wp-content\\\/uploads\\\/2024\\\/03\\\/Ganadores-RETO-AITEX-2023-scaled.jpg\",\"width\":1920,\"height\":1258},{\"@type\":\"BreadcrumbList\",\"@id\":\"https:\\\/\\\/www.copealcoy.es\\\/es\\\/el-reto-aitex-consigue-record-de-participacion-en-la-edicion-2024\\\/#breadcrumb\",\"itemListElement\":[{\"@type\":\"ListItem\",\"position\":1,\"name\":\"Portada\",\"item\":\"https:\\\/\\\/www.copealcoy.es\\\/es\\\/\"},{\"@type\":\"ListItem\",\"position\":2,\"name\":\"El Reto Aitex consigue r\u00e9cord de participaci\u00f3n en la edici\u00f3n 2024\"}]},{\"@type\":\"WebSite\",\"@id\":\"https:\\\/\\\/www.copealcoy.es\\\/es\\\/#website\",\"url\":\"https:\\\/\\\/www.copealcoy.es\\\/es\\\/\",\"name\":\"COPE Alcoy\",\"description\":\"Emisora COPE de radio local con emisi\u00f3n online. Pont de Sant Jordi 8-10 03803 Alcoy\",\"potentialAction\":[{\"@type\":\"SearchAction\",\"target\":{\"@type\":\"EntryPoint\",\"urlTemplate\":\"https:\\\/\\\/www.copealcoy.es\\\/es\\\/?s={search_term_string}\"},\"query-input\":{\"@type\":\"PropertyValueSpecification\",\"valueRequired\":true,\"valueName\":\"search_term_string\"}}],\"inLanguage\":\"es\"},{\"@type\":\"Person\",\"@id\":\"https:\\\/\\\/www.copealcoy.es\\\/es\\\/#\\\/schema\\\/person\\\/e777c87fa024e57d40170af9df39882c\",\"name\":\"Cope Alcoy\",\"image\":{\"@type\":\"ImageObject\",\"inLanguage\":\"es\",\"@id\":\"https:\\\/\\\/secure.gravatar.com\\\/avatar\\\/bb65d0283347e303893ba14f0692005417c1e0e690a325a4c5d8bb2b3943ee14?s=96&d=mm&r=g\",\"url\":\"https:\\\/\\\/secure.gravatar.com\\\/avatar\\\/bb65d0283347e303893ba14f0692005417c1e0e690a325a4c5d8bb2b3943ee14?s=96&d=mm&r=g\",\"contentUrl\":\"https:\\\/\\\/secure.gravatar.com\\\/avatar\\\/bb65d0283347e303893ba14f0692005417c1e0e690a325a4c5d8bb2b3943ee14?s=96&d=mm&r=g\",\"caption\":\"Cope Alcoy\"}}]}<\/script>\n<!-- \/ Yoast SEO plugin. -->","yoast_head_json":{"title":"El Reto Aitex consigue r\u00e9cord de participaci\u00f3n en la edici\u00f3n 2024 - COPE Alcoy","description":"El Reto AITEX 2024 ha incrementado en un 62% su participaci\u00f3n. Este a\u00f1o se ha batido un r\u00e9cord de inscripciones llegando a 822","robots":{"index":"index","follow":"follow","max-snippet":"max-snippet:-1","max-image-preview":"max-image-preview:large","max-video-preview":"max-video-preview:-1"},"canonical":"https:\/\/www.copealcoy.es\/es\/el-reto-aitex-consigue-record-de-participacion-en-la-edicion-2024\/","og_locale":"es_ES","og_type":"article","og_title":"El Reto Aitex consigue r\u00e9cord de participaci\u00f3n en la edici\u00f3n 2024 - COPE Alcoy","og_description":"El Reto AITEX 2024 ha incrementado en un 62% su participaci\u00f3n. Este a\u00f1o se ha batido un r\u00e9cord de inscripciones llegando a 822","og_url":"https:\/\/www.copealcoy.es\/es\/el-reto-aitex-consigue-record-de-participacion-en-la-edicion-2024\/","og_site_name":"COPE Alcoy","article_published_time":"2024-03-15T13:01:23+00:00","og_image":[{"width":1920,"height":1258,"url":"https:\/\/www.copealcoy.es\/wp-content\/uploads\/2024\/03\/Ganadores-RETO-AITEX-2023-scaled.jpg","type":"image\/jpeg"}],"author":"Cope Alcoy","twitter_misc":{"Escrito por":"Cope Alcoy","Tiempo de lectura":"2 minutos"},"schema":{"@context":"https:\/\/schema.org","@graph":[{"@type":"Article","@id":"https:\/\/www.copealcoy.es\/es\/el-reto-aitex-consigue-record-de-participacion-en-la-edicion-2024\/#article","isPartOf":{"@id":"https:\/\/www.copealcoy.es\/es\/el-reto-aitex-consigue-record-de-participacion-en-la-edicion-2024\/"},"author":{"name":"Cope Alcoy","@id":"https:\/\/www.copealcoy.es\/es\/#\/schema\/person\/e777c87fa024e57d40170af9df39882c"},"headline":"El Reto Aitex consigue r\u00e9cord de participaci\u00f3n en la edici\u00f3n 2024","datePublished":"2024-03-15T13:01:23+00:00","mainEntityOfPage":{"@id":"https:\/\/www.copealcoy.es\/es\/el-reto-aitex-consigue-record-de-participacion-en-la-edicion-2024\/"},"wordCount":344,"commentCount":0,"image":{"@id":"https:\/\/www.copealcoy.es\/es\/el-reto-aitex-consigue-record-de-participacion-en-la-edicion-2024\/#primaryimage"},"thumbnailUrl":"https:\/\/www.copealcoy.es\/wp-content\/uploads\/2024\/03\/Ganadores-RETO-AITEX-2023-scaled.jpg","keywords":["Alcoy","estudiantes","Premios","reto AITEX","Secundaria"],"articleSection":["Actualidad","Alcoy","Noticias","Pol\u00edtica y Econom\u00eda"],"inLanguage":"es"},{"@type":"WebPage","@id":"https:\/\/www.copealcoy.es\/es\/el-reto-aitex-consigue-record-de-participacion-en-la-edicion-2024\/","url":"https:\/\/www.copealcoy.es\/es\/el-reto-aitex-consigue-record-de-participacion-en-la-edicion-2024\/","name":"El Reto Aitex consigue r\u00e9cord de participaci\u00f3n en la edici\u00f3n 2024 - COPE Alcoy","isPartOf":{"@id":"https:\/\/www.copealcoy.es\/es\/#website"},"primaryImageOfPage":{"@id":"https:\/\/www.copealcoy.es\/es\/el-reto-aitex-consigue-record-de-participacion-en-la-edicion-2024\/#primaryimage"},"image":{"@id":"https:\/\/www.copealcoy.es\/es\/el-reto-aitex-consigue-record-de-participacion-en-la-edicion-2024\/#primaryimage"},"thumbnailUrl":"https:\/\/www.copealcoy.es\/wp-content\/uploads\/2024\/03\/Ganadores-RETO-AITEX-2023-scaled.jpg","datePublished":"2024-03-15T13:01:23+00:00","author":{"@id":"https:\/\/www.copealcoy.es\/es\/#\/schema\/person\/e777c87fa024e57d40170af9df39882c"},"description":"El Reto AITEX 2024 ha incrementado en un 62% su participaci\u00f3n. Este a\u00f1o se ha batido un r\u00e9cord de inscripciones llegando a 822","breadcrumb":{"@id":"https:\/\/www.copealcoy.es\/es\/el-reto-aitex-consigue-record-de-participacion-en-la-edicion-2024\/#breadcrumb"},"inLanguage":"es","potentialAction":[{"@type":"ReadAction","target":["https:\/\/www.copealcoy.es\/es\/el-reto-aitex-consigue-record-de-participacion-en-la-edicion-2024\/"]}]},{"@type":"ImageObject","inLanguage":"es","@id":"https:\/\/www.copealcoy.es\/es\/el-reto-aitex-consigue-record-de-participacion-en-la-edicion-2024\/#primaryimage","url":"https:\/\/www.copealcoy.es\/wp-content\/uploads\/2024\/03\/Ganadores-RETO-AITEX-2023-scaled.jpg","contentUrl":"https:\/\/www.copealcoy.es\/wp-content\/uploads\/2024\/03\/Ganadores-RETO-AITEX-2023-scaled.jpg","width":1920,"height":1258},{"@type":"BreadcrumbList","@id":"https:\/\/www.copealcoy.es\/es\/el-reto-aitex-consigue-record-de-participacion-en-la-edicion-2024\/#breadcrumb","itemListElement":[{"@type":"ListItem","position":1,"name":"Portada","item":"https:\/\/www.copealcoy.es\/es\/"},{"@type":"ListItem","position":2,"name":"El Reto Aitex consigue r\u00e9cord de participaci\u00f3n en la edici\u00f3n 2024"}]},{"@type":"WebSite","@id":"https:\/\/www.copealcoy.es\/es\/#website","url":"https:\/\/www.copealcoy.es\/es\/","name":"COPE Alcoy","description":"Emisora COPE de radio local con emisi\u00f3n online. Pont de Sant Jordi 8-10 03803 Alcoy","potentialAction":[{"@type":"SearchAction","target":{"@type":"EntryPoint","urlTemplate":"https:\/\/www.copealcoy.es\/es\/?s={search_term_string}"},"query-input":{"@type":"PropertyValueSpecification","valueRequired":true,"valueName":"search_term_string"}}],"inLanguage":"es"},{"@type":"Person","@id":"https:\/\/www.copealcoy.es\/es\/#\/schema\/person\/e777c87fa024e57d40170af9df39882c","name":"Cope Alcoy","image":{"@type":"ImageObject","inLanguage":"es","@id":"https:\/\/secure.gravatar.com\/avatar\/bb65d0283347e303893ba14f0692005417c1e0e690a325a4c5d8bb2b3943ee14?s=96&d=mm&r=g","url":"https:\/\/secure.gravatar.com\/avatar\/bb65d0283347e303893ba14f0692005417c1e0e690a325a4c5d8bb2b3943ee14?s=96&d=mm&r=g","contentUrl":"https:\/\/secure.gravatar.com\/avatar\/bb65d0283347e303893ba14f0692005417c1e0e690a325a4c5d8bb2b3943ee14?s=96&d=mm&r=g","caption":"Cope Alcoy"}}]}},"_links":{"self":[{"href":"https:\/\/www.copealcoy.es\/es\/wp-json\/wp\/v2\/posts\/130502","targetHints":{"allow":["GET"]}}],"collection":[{"href":"https:\/\/www.copealcoy.es\/es\/wp-json\/wp\/v2\/posts"}],"about":[{"href":"https:\/\/www.copealcoy.es\/es\/wp-json\/wp\/v2\/types\/post"}],"author":[{"embeddable":true,"href":"https:\/\/www.copealcoy.es\/es\/wp-json\/wp\/v2\/users\/1"}],"replies":[{"embeddable":true,"href":"https:\/\/www.copealcoy.es\/es\/wp-json\/wp\/v2\/comments?post=130502"}],"version-history":[{"count":0,"href":"https:\/\/www.copealcoy.es\/es\/wp-json\/wp\/v2\/posts\/130502\/revisions"}],"wp:featuredmedia":[{"embeddable":true,"href":"https:\/\/www.copealcoy.es\/es\/wp-json\/wp\/v2\/media\/130503"}],"wp:attachment":[{"href":"https:\/\/www.copealcoy.es\/es\/wp-json\/wp\/v2\/media?parent=130502"}],"wp:term":[{"taxonomy":"category","embeddable":true,"href":"https:\/\/www.copealcoy.es\/es\/wp-json\/wp\/v2\/categories?post=130502"},{"taxonomy":"post_tag","embeddable":true,"href":"https:\/\/www.copealcoy.es\/es\/wp-json\/wp\/v2\/tags?post=130502"}],"curies":[{"name":"wp","href":"https:\/\/api.w.org\/{rel}","templated":true}]}}