{"id":130464,"date":"2024-03-14T07:30:14","date_gmt":"2024-03-14T06:30:14","guid":{"rendered":"https:\/\/www.copealcoy.es\/?p=130464"},"modified":"2024-03-14T10:48:23","modified_gmt":"2024-03-14T09:48:23","slug":"informativo-matinal-jueves-14-de-marzo-2024-0720h","status":"publish","type":"post","link":"https:\/\/www.copealcoy.es\/es\/informativo-matinal-jueves-14-de-marzo-2024-0720h\/","title":{"rendered":"Informativo matinal jueves 14 de marzo 2024 (07:20h)"},"content":{"rendered":"<p><iframe loading=\"lazy\" title=\"Informatiu Matinal Dijous 14 De Mar\u00e7 2024 (07:20h)\" width=\"100%\" height=\"120\" src=\"https:\/\/www.mixcloud.com\/widget\/iframe\/?feed=https%3A%2F%2Fwww.mixcloud.com%2FCOPEAlcoy%2Finformatiu-matinal-dijous-14-de-mar%25C3%25A7-2024-0720h%2F&amp;hide_cover=1\" frameborder=\"0\"><\/iframe><\/p>\n<p style=\"text-align: justify;\">Hoy jueves comenzamos la jornada <strong>destacando la reuni\u00f3n que el Ayuntamiento de Alcoy va a mantener con la Conselleria de Sanidad<\/strong> para exigir que nuestra \u00e1rea sanitaria se considerada de dif\u00edcil cobertura. Tambi\u00e9n hemos hablado de <strong>la desaparici\u00f3n de sillas<\/strong> durante las Entradas de Moros y Cristianos.<\/p>\n<p style=\"text-align: justify;\">Las\u00a0<strong>sillas de madera<\/strong>\u00a0para presenciar las Entradas\u00a0<strong>son otra de las im\u00e1genes ic\u00f3nicas de nuestras Fiestas de Moros y Cristianos<\/strong>. Desde\u00a0<span style=\"color: #0000ff;\"><a style=\"color: #0000ff;\" href=\"https:\/\/www.asjordi.org\/\" target=\"_blank\" rel=\"noopener\"><strong>la Asociaci\u00f3n de San Jorge<\/strong><\/a><\/span>\u00a0han previsto este a\u00f1o\u00a0<strong>cerca de 22.000 localidades<\/strong>\u00a0cuya venta general ya ha comenzado de manera presencial estando previsto que el 25 de marzo se lancen las que se van a vender a trav\u00e9s de Internet en una iniciativa que se pone en marcha este a\u00f1o con car\u00e1cter novedoso.<\/p>\n<p style=\"text-align: justify;\">Uno de\u00a0<strong>los problemas<\/strong>\u00a0a los que se enfrenta cada a\u00f1o la m\u00e1xima entidad festera es\u00a0<strong>la desaparici\u00f3n de sillas<\/strong>\u00a0tras los desfiles de los bandos de la cruz y de la media luna. La pr\u00e1ctica\u00a0<strong>ha ido aumentando cada a\u00f1o<\/strong>\u00a0y\u00a0<strong>las cifras de 2023 son realmente sorprendentes<\/strong>\u00a0\u00ab<em>el a\u00f1o pasado faltaron unas 900 y hasta ahora la empresa nos lo perdonaba, porque hab\u00eda un remanente de este tipo de sillas, pero ahora ya no porque este n\u00famero va en aumento<\/em>\u00ab, destacaba este mi\u00e9rcoles en el espacio #LaNostraFesta de COPE ALCOY el ponente de sillas de la misma Asociaci\u00f3n de San Jorge;\u00a0<strong>Alberto Rivas<\/strong>. Desde el Casal\u00a0<strong>descartan por ahora instaurar alguna medida para solventar esta problem\u00e1tica<\/strong>\u00a0aunque\u00a0<strong>hacen un llamamiento al civismo<\/strong>\u00a0para que la gente no se lleve unas sillas que est\u00e1n concebidas para este fin y que muchas veces, despu\u00e9s de Fiestas, aparecen en locales, pisos del Centro e incluso alguna que otra casita de campo.<\/p>\n<p style=\"text-align: justify;\">Recordar que este a\u00f1o,\u00a0<strong>un 60% de las sillas se podr\u00e1n adquirir a trav\u00e9s de internet<\/strong>\u00a0a partir del d\u00eda 25 de marzo. Ser\u00e1 trav\u00e9s de ticketalcoi.com, entradasatualcance.com o en la misa p\u00e1gina web de la Asociaci\u00f3n de San Jorge \u00ab<em>aunque todo ir\u00e1 a una misma plataforma para evitar duplicidades, y el proceso es similar al de la compra de entradas para un espect\u00e1culo<\/em>\u00ab, explican desde la Asociaci\u00f3n de San Jorge. El\u00a0<strong>40% restante de las sillas<\/strong>\u00a0se vender\u00e1 desde esta semana y hasta el 22 de marzo de forma presencial, en las instalaciones del Casal de Sant Jordi, y\u00a0<strong>el 20 de abril tambi\u00e9n podr\u00e1n adquirirse sillas antes de las Entradas por medio de un QR<\/strong>\u00a0que se dispondr\u00e1 en diferentes puntos del recorrido del acto. Apuntar que este a\u00f1o\u00a0<strong>los precios de las sillas<\/strong>\u00a0oscilan entre los 5 y los 32 euros, en funci\u00f3n del punto en que se encuentren y de la fila que se ocupe.<\/p>\n","protected":false},"excerpt":{"rendered":"<p>Hoy jueves comenzamos la jornada destacando la reuni\u00f3n que el Ayuntamiento de Alcoy va a mantener con la Conselleria de&#8230;<\/p>\n","protected":false},"author":1,"featured_media":110612,"comment_status":"open","ping_status":"open","sticky":false,"template":"","format":"standard","meta":{"footnotes":""},"categories":[6909,89,91],"tags":[],"class_list":["post-130464","post","type-post","status-publish","format-standard","has-post-thumbnail","hentry","category-actualidad","category-audiosdelosprogramas","category-informativos"],"yoast_head":"<!-- This site is optimized with the Yoast SEO plugin v27.3 - https:\/\/yoast.com\/product\/yoast-seo-wordpress\/ -->\n<title>Informativo matinal jueves 14 de marzo 2024 (07:20h) - COPE Alcoy<\/title>\n<meta name=\"robots\" content=\"index, follow, max-snippet:-1, max-image-preview:large, max-video-preview:-1\" \/>\n<link rel=\"canonical\" href=\"https:\/\/www.copealcoy.es\/es\/informativo-matinal-jueves-14-de-marzo-2024-0720h\/\" \/>\n<meta property=\"og:locale\" content=\"es_ES\" \/>\n<meta property=\"og:type\" content=\"article\" \/>\n<meta property=\"og:title\" content=\"Informativo matinal jueves 14 de marzo 2024 (07:20h) - COPE Alcoy\" \/>\n<meta property=\"og:description\" content=\"Hoy jueves comenzamos la jornada destacando la reuni\u00f3n que el Ayuntamiento de Alcoy va a mantener con la Conselleria de...\" \/>\n<meta property=\"og:url\" content=\"https:\/\/www.copealcoy.es\/es\/informativo-matinal-jueves-14-de-marzo-2024-0720h\/\" \/>\n<meta property=\"og:site_name\" content=\"COPE Alcoy\" \/>\n<meta property=\"article:published_time\" content=\"2024-03-14T06:30:14+00:00\" \/>\n<meta property=\"article:modified_time\" content=\"2024-03-14T09:48:23+00:00\" \/>\n<meta property=\"og:image\" content=\"https:\/\/www.copealcoy.es\/wp-content\/uploads\/2023\/02\/Herrera-en-COPE-Alcoy-4.png\" \/>\n\t<meta property=\"og:image:width\" content=\"357\" \/>\n\t<meta property=\"og:image:height\" content=\"290\" \/>\n\t<meta property=\"og:image:type\" content=\"image\/png\" \/>\n<meta name=\"author\" content=\"Cope Alcoy\" \/>\n<meta name=\"twitter:label1\" content=\"Escrito por\" \/>\n\t<meta name=\"twitter:data1\" content=\"Cope Alcoy\" \/>\n\t<meta name=\"twitter:label2\" content=\"Tiempo de lectura\" \/>\n\t<meta name=\"twitter:data2\" content=\"3 minutos\" \/>\n<script type=\"application\/ld+json\" class=\"yoast-schema-graph\">{\"@context\":\"https:\\\/\\\/schema.org\",\"@graph\":[{\"@type\":\"Article\",\"@id\":\"https:\\\/\\\/www.copealcoy.es\\\/es\\\/informativo-matinal-jueves-14-de-marzo-2024-0720h\\\/#article\",\"isPartOf\":{\"@id\":\"https:\\\/\\\/www.copealcoy.es\\\/es\\\/informativo-matinal-jueves-14-de-marzo-2024-0720h\\\/\"},\"author\":{\"name\":\"Cope Alcoy\",\"@id\":\"https:\\\/\\\/www.copealcoy.es\\\/es\\\/#\\\/schema\\\/person\\\/e777c87fa024e57d40170af9df39882c\"},\"headline\":\"Informativo matinal jueves 14 de marzo 2024 (07:20h)\",\"datePublished\":\"2024-03-14T06:30:14+00:00\",\"dateModified\":\"2024-03-14T09:48:23+00:00\",\"mainEntityOfPage\":{\"@id\":\"https:\\\/\\\/www.copealcoy.es\\\/es\\\/informativo-matinal-jueves-14-de-marzo-2024-0720h\\\/\"},\"wordCount\":488,\"commentCount\":0,\"image\":{\"@id\":\"https:\\\/\\\/www.copealcoy.es\\\/es\\\/informativo-matinal-jueves-14-de-marzo-2024-0720h\\\/#primaryimage\"},\"thumbnailUrl\":\"https:\\\/\\\/www.copealcoy.es\\\/wp-content\\\/uploads\\\/2023\\\/02\\\/Herrera-en-COPE-Alcoy-4.png\",\"articleSection\":[\"Actualidad\",\"Audios de los programas\",\"Informativos\"],\"inLanguage\":\"es\"},{\"@type\":\"WebPage\",\"@id\":\"https:\\\/\\\/www.copealcoy.es\\\/es\\\/informativo-matinal-jueves-14-de-marzo-2024-0720h\\\/\",\"url\":\"https:\\\/\\\/www.copealcoy.es\\\/es\\\/informativo-matinal-jueves-14-de-marzo-2024-0720h\\\/\",\"name\":\"Informativo matinal jueves 14 de marzo 2024 (07:20h) - COPE Alcoy\",\"isPartOf\":{\"@id\":\"https:\\\/\\\/www.copealcoy.es\\\/es\\\/#website\"},\"primaryImageOfPage\":{\"@id\":\"https:\\\/\\\/www.copealcoy.es\\\/es\\\/informativo-matinal-jueves-14-de-marzo-2024-0720h\\\/#primaryimage\"},\"image\":{\"@id\":\"https:\\\/\\\/www.copealcoy.es\\\/es\\\/informativo-matinal-jueves-14-de-marzo-2024-0720h\\\/#primaryimage\"},\"thumbnailUrl\":\"https:\\\/\\\/www.copealcoy.es\\\/wp-content\\\/uploads\\\/2023\\\/02\\\/Herrera-en-COPE-Alcoy-4.png\",\"datePublished\":\"2024-03-14T06:30:14+00:00\",\"dateModified\":\"2024-03-14T09:48:23+00:00\",\"author\":{\"@id\":\"https:\\\/\\\/www.copealcoy.es\\\/es\\\/#\\\/schema\\\/person\\\/e777c87fa024e57d40170af9df39882c\"},\"breadcrumb\":{\"@id\":\"https:\\\/\\\/www.copealcoy.es\\\/es\\\/informativo-matinal-jueves-14-de-marzo-2024-0720h\\\/#breadcrumb\"},\"inLanguage\":\"es\",\"potentialAction\":[{\"@type\":\"ReadAction\",\"target\":[\"https:\\\/\\\/www.copealcoy.es\\\/es\\\/informativo-matinal-jueves-14-de-marzo-2024-0720h\\\/\"]}]},{\"@type\":\"ImageObject\",\"inLanguage\":\"es\",\"@id\":\"https:\\\/\\\/www.copealcoy.es\\\/es\\\/informativo-matinal-jueves-14-de-marzo-2024-0720h\\\/#primaryimage\",\"url\":\"https:\\\/\\\/www.copealcoy.es\\\/wp-content\\\/uploads\\\/2023\\\/02\\\/Herrera-en-COPE-Alcoy-4.png\",\"contentUrl\":\"https:\\\/\\\/www.copealcoy.es\\\/wp-content\\\/uploads\\\/2023\\\/02\\\/Herrera-en-COPE-Alcoy-4.png\",\"width\":357,\"height\":290},{\"@type\":\"BreadcrumbList\",\"@id\":\"https:\\\/\\\/www.copealcoy.es\\\/es\\\/informativo-matinal-jueves-14-de-marzo-2024-0720h\\\/#breadcrumb\",\"itemListElement\":[{\"@type\":\"ListItem\",\"position\":1,\"name\":\"Portada\",\"item\":\"https:\\\/\\\/www.copealcoy.es\\\/es\\\/\"},{\"@type\":\"ListItem\",\"position\":2,\"name\":\"Informativo matinal jueves 14 de marzo 2024 (07:20h)\"}]},{\"@type\":\"WebSite\",\"@id\":\"https:\\\/\\\/www.copealcoy.es\\\/es\\\/#website\",\"url\":\"https:\\\/\\\/www.copealcoy.es\\\/es\\\/\",\"name\":\"COPE Alcoy\",\"description\":\"Emisora COPE de radio local con emisi\u00f3n online. Pont de Sant Jordi 8-10 03803 Alcoy\",\"potentialAction\":[{\"@type\":\"SearchAction\",\"target\":{\"@type\":\"EntryPoint\",\"urlTemplate\":\"https:\\\/\\\/www.copealcoy.es\\\/es\\\/?s={search_term_string}\"},\"query-input\":{\"@type\":\"PropertyValueSpecification\",\"valueRequired\":true,\"valueName\":\"search_term_string\"}}],\"inLanguage\":\"es\"},{\"@type\":\"Person\",\"@id\":\"https:\\\/\\\/www.copealcoy.es\\\/es\\\/#\\\/schema\\\/person\\\/e777c87fa024e57d40170af9df39882c\",\"name\":\"Cope Alcoy\",\"image\":{\"@type\":\"ImageObject\",\"inLanguage\":\"es\",\"@id\":\"https:\\\/\\\/secure.gravatar.com\\\/avatar\\\/bb65d0283347e303893ba14f0692005417c1e0e690a325a4c5d8bb2b3943ee14?s=96&d=mm&r=g\",\"url\":\"https:\\\/\\\/secure.gravatar.com\\\/avatar\\\/bb65d0283347e303893ba14f0692005417c1e0e690a325a4c5d8bb2b3943ee14?s=96&d=mm&r=g\",\"contentUrl\":\"https:\\\/\\\/secure.gravatar.com\\\/avatar\\\/bb65d0283347e303893ba14f0692005417c1e0e690a325a4c5d8bb2b3943ee14?s=96&d=mm&r=g\",\"caption\":\"Cope Alcoy\"}}]}<\/script>\n<!-- \/ Yoast SEO plugin. -->","yoast_head_json":{"title":"Informativo matinal jueves 14 de marzo 2024 (07:20h) - COPE Alcoy","robots":{"index":"index","follow":"follow","max-snippet":"max-snippet:-1","max-image-preview":"max-image-preview:large","max-video-preview":"max-video-preview:-1"},"canonical":"https:\/\/www.copealcoy.es\/es\/informativo-matinal-jueves-14-de-marzo-2024-0720h\/","og_locale":"es_ES","og_type":"article","og_title":"Informativo matinal jueves 14 de marzo 2024 (07:20h) - COPE Alcoy","og_description":"Hoy jueves comenzamos la jornada destacando la reuni\u00f3n que el Ayuntamiento de Alcoy va a mantener con la Conselleria de...","og_url":"https:\/\/www.copealcoy.es\/es\/informativo-matinal-jueves-14-de-marzo-2024-0720h\/","og_site_name":"COPE Alcoy","article_published_time":"2024-03-14T06:30:14+00:00","article_modified_time":"2024-03-14T09:48:23+00:00","og_image":[{"width":357,"height":290,"url":"https:\/\/www.copealcoy.es\/wp-content\/uploads\/2023\/02\/Herrera-en-COPE-Alcoy-4.png","type":"image\/png"}],"author":"Cope Alcoy","twitter_misc":{"Escrito por":"Cope Alcoy","Tiempo de lectura":"3 minutos"},"schema":{"@context":"https:\/\/schema.org","@graph":[{"@type":"Article","@id":"https:\/\/www.copealcoy.es\/es\/informativo-matinal-jueves-14-de-marzo-2024-0720h\/#article","isPartOf":{"@id":"https:\/\/www.copealcoy.es\/es\/informativo-matinal-jueves-14-de-marzo-2024-0720h\/"},"author":{"name":"Cope Alcoy","@id":"https:\/\/www.copealcoy.es\/es\/#\/schema\/person\/e777c87fa024e57d40170af9df39882c"},"headline":"Informativo matinal jueves 14 de marzo 2024 (07:20h)","datePublished":"2024-03-14T06:30:14+00:00","dateModified":"2024-03-14T09:48:23+00:00","mainEntityOfPage":{"@id":"https:\/\/www.copealcoy.es\/es\/informativo-matinal-jueves-14-de-marzo-2024-0720h\/"},"wordCount":488,"commentCount":0,"image":{"@id":"https:\/\/www.copealcoy.es\/es\/informativo-matinal-jueves-14-de-marzo-2024-0720h\/#primaryimage"},"thumbnailUrl":"https:\/\/www.copealcoy.es\/wp-content\/uploads\/2023\/02\/Herrera-en-COPE-Alcoy-4.png","articleSection":["Actualidad","Audios de los programas","Informativos"],"inLanguage":"es"},{"@type":"WebPage","@id":"https:\/\/www.copealcoy.es\/es\/informativo-matinal-jueves-14-de-marzo-2024-0720h\/","url":"https:\/\/www.copealcoy.es\/es\/informativo-matinal-jueves-14-de-marzo-2024-0720h\/","name":"Informativo matinal jueves 14 de marzo 2024 (07:20h) - COPE Alcoy","isPartOf":{"@id":"https:\/\/www.copealcoy.es\/es\/#website"},"primaryImageOfPage":{"@id":"https:\/\/www.copealcoy.es\/es\/informativo-matinal-jueves-14-de-marzo-2024-0720h\/#primaryimage"},"image":{"@id":"https:\/\/www.copealcoy.es\/es\/informativo-matinal-jueves-14-de-marzo-2024-0720h\/#primaryimage"},"thumbnailUrl":"https:\/\/www.copealcoy.es\/wp-content\/uploads\/2023\/02\/Herrera-en-COPE-Alcoy-4.png","datePublished":"2024-03-14T06:30:14+00:00","dateModified":"2024-03-14T09:48:23+00:00","author":{"@id":"https:\/\/www.copealcoy.es\/es\/#\/schema\/person\/e777c87fa024e57d40170af9df39882c"},"breadcrumb":{"@id":"https:\/\/www.copealcoy.es\/es\/informativo-matinal-jueves-14-de-marzo-2024-0720h\/#breadcrumb"},"inLanguage":"es","potentialAction":[{"@type":"ReadAction","target":["https:\/\/www.copealcoy.es\/es\/informativo-matinal-jueves-14-de-marzo-2024-0720h\/"]}]},{"@type":"ImageObject","inLanguage":"es","@id":"https:\/\/www.copealcoy.es\/es\/informativo-matinal-jueves-14-de-marzo-2024-0720h\/#primaryimage","url":"https:\/\/www.copealcoy.es\/wp-content\/uploads\/2023\/02\/Herrera-en-COPE-Alcoy-4.png","contentUrl":"https:\/\/www.copealcoy.es\/wp-content\/uploads\/2023\/02\/Herrera-en-COPE-Alcoy-4.png","width":357,"height":290},{"@type":"BreadcrumbList","@id":"https:\/\/www.copealcoy.es\/es\/informativo-matinal-jueves-14-de-marzo-2024-0720h\/#breadcrumb","itemListElement":[{"@type":"ListItem","position":1,"name":"Portada","item":"https:\/\/www.copealcoy.es\/es\/"},{"@type":"ListItem","position":2,"name":"Informativo matinal jueves 14 de marzo 2024 (07:20h)"}]},{"@type":"WebSite","@id":"https:\/\/www.copealcoy.es\/es\/#website","url":"https:\/\/www.copealcoy.es\/es\/","name":"COPE Alcoy","description":"Emisora COPE de radio local con emisi\u00f3n online. Pont de Sant Jordi 8-10 03803 Alcoy","potentialAction":[{"@type":"SearchAction","target":{"@type":"EntryPoint","urlTemplate":"https:\/\/www.copealcoy.es\/es\/?s={search_term_string}"},"query-input":{"@type":"PropertyValueSpecification","valueRequired":true,"valueName":"search_term_string"}}],"inLanguage":"es"},{"@type":"Person","@id":"https:\/\/www.copealcoy.es\/es\/#\/schema\/person\/e777c87fa024e57d40170af9df39882c","name":"Cope Alcoy","image":{"@type":"ImageObject","inLanguage":"es","@id":"https:\/\/secure.gravatar.com\/avatar\/bb65d0283347e303893ba14f0692005417c1e0e690a325a4c5d8bb2b3943ee14?s=96&d=mm&r=g","url":"https:\/\/secure.gravatar.com\/avatar\/bb65d0283347e303893ba14f0692005417c1e0e690a325a4c5d8bb2b3943ee14?s=96&d=mm&r=g","contentUrl":"https:\/\/secure.gravatar.com\/avatar\/bb65d0283347e303893ba14f0692005417c1e0e690a325a4c5d8bb2b3943ee14?s=96&d=mm&r=g","caption":"Cope Alcoy"}}]}},"_links":{"self":[{"href":"https:\/\/www.copealcoy.es\/es\/wp-json\/wp\/v2\/posts\/130464","targetHints":{"allow":["GET"]}}],"collection":[{"href":"https:\/\/www.copealcoy.es\/es\/wp-json\/wp\/v2\/posts"}],"about":[{"href":"https:\/\/www.copealcoy.es\/es\/wp-json\/wp\/v2\/types\/post"}],"author":[{"embeddable":true,"href":"https:\/\/www.copealcoy.es\/es\/wp-json\/wp\/v2\/users\/1"}],"replies":[{"embeddable":true,"href":"https:\/\/www.copealcoy.es\/es\/wp-json\/wp\/v2\/comments?post=130464"}],"version-history":[{"count":0,"href":"https:\/\/www.copealcoy.es\/es\/wp-json\/wp\/v2\/posts\/130464\/revisions"}],"wp:featuredmedia":[{"embeddable":true,"href":"https:\/\/www.copealcoy.es\/es\/wp-json\/wp\/v2\/media\/110612"}],"wp:attachment":[{"href":"https:\/\/www.copealcoy.es\/es\/wp-json\/wp\/v2\/media?parent=130464"}],"wp:term":[{"taxonomy":"category","embeddable":true,"href":"https:\/\/www.copealcoy.es\/es\/wp-json\/wp\/v2\/categories?post=130464"},{"taxonomy":"post_tag","embeddable":true,"href":"https:\/\/www.copealcoy.es\/es\/wp-json\/wp\/v2\/tags?post=130464"}],"curies":[{"name":"wp","href":"https:\/\/api.w.org\/{rel}","templated":true}]}}