{"id":13034,"date":"2015-05-13T20:16:31","date_gmt":"2015-05-13T20:16:31","guid":{"rendered":"http:\/\/copealcoi.es\/new\/?p=13034"},"modified":"2015-05-13T20:16:31","modified_gmt":"2015-05-13T20:16:31","slug":"cocentaina-une-gastronomia-y-comercio-en-la-ruta-de-la-tapa","status":"publish","type":"post","link":"https:\/\/www.copealcoy.es\/es\/cocentaina-une-gastronomia-y-comercio-en-la-ruta-de-la-tapa\/","title":{"rendered":"Cocentaina une gastronom\u00eda y comercio en la Ruta de la Tapa"},"content":{"rendered":"<p style=\"text-align: justify;\">Cocentaina prepara una nueva edici\u00f3n de la Ruta de la Tapa que se enmarca dentro de la segunda parte de las Jornadas Gastron\u00f3micas Fira de Tots Sants.\u00a0<span style=\"line-height: 1.5;\">La iniciativa se llevar\u00e1 a cabo entre los d\u00edas 14 de mayo y 7 de junio, cada fin de semana, y consistir\u00e1 en cuatro rutas distintas: Passeig, Centro Hist\u00f3rico, Avenida Ferrocarril y Pa\u00eds Valenci\u00e0 y en ellas los asistentes podr\u00e1n disfrutar de la mejor m\u00fasica al mismo tiempo que cenan, degustar tapas en los establecimientos participantes o realizan sus compras en los comercios locales. <\/span><\/p>\n<p style=\"text-align: justify;\"><span style=\"line-height: 1.5;\">Por su parte desde la asociaci\u00f3n de comerciantes se realizar\u00e1 un sorteo para todos aquellos que hagan una compra superior a 10\u20ac , los cuales podr\u00e1n optar a 14 cheques de 50\u20ac. <\/span><\/p>\n<p style=\"text-align: justify;\"><span style=\"line-height: 1.5;\">Vicent Sandoval, edil de Promoci\u00f3n Econ\u00f3mica y Fira, \u00a0destaca que estas jornadas fusionan por primera vez gastronom\u00eda con comercio &#8220;hemos buscado una f\u00f3rmula para que los dos sectores puedan salir beneficiados y creemos que puede funcionar muy bien ya que con este tipo de iniciativas se contribuye a dinamizar el comercio local&#8221;, explica.<\/span><\/p>\n<p style=\"text-align: justify;\">\n","protected":false},"excerpt":{"rendered":"<p>Cocentaina prepara una nueva edici\u00f3n de la Ruta de la Tapa que se enmarca dentro de la segunda parte de&#8230;<\/p>\n","protected":false},"author":1,"featured_media":13035,"comment_status":"open","ping_status":"open","sticky":false,"template":"","format":"standard","meta":{"footnotes":""},"categories":[98,75],"tags":[132,467,635,716],"class_list":["post-13034","post","type-post","status-publish","format-standard","has-post-thumbnail","hentry","category-comarcas","category-noticias","tag-cocentaina","tag-comercio","tag-fira-de-tots-sants","tag-gastronomia"],"yoast_head":"<!-- This site is optimized with the Yoast SEO plugin v27.3 - https:\/\/yoast.com\/product\/yoast-seo-wordpress\/ -->\n<title>Cocentaina une gastronom\u00eda y comercio en la Ruta de la Tapa - COPE Alcoy<\/title>\n<meta name=\"robots\" content=\"index, follow, max-snippet:-1, max-image-preview:large, max-video-preview:-1\" \/>\n<link rel=\"canonical\" href=\"https:\/\/www.copealcoy.es\/es\/cocentaina-une-gastronomia-y-comercio-en-la-ruta-de-la-tapa\/\" \/>\n<meta property=\"og:locale\" content=\"es_ES\" \/>\n<meta property=\"og:type\" content=\"article\" \/>\n<meta property=\"og:title\" content=\"Cocentaina une gastronom\u00eda y comercio en la Ruta de la Tapa - COPE Alcoy\" \/>\n<meta property=\"og:description\" content=\"Cocentaina prepara una nueva edici\u00f3n de la Ruta de la Tapa que se enmarca dentro de la segunda parte de...\" \/>\n<meta property=\"og:url\" content=\"https:\/\/www.copealcoy.es\/es\/cocentaina-une-gastronomia-y-comercio-en-la-ruta-de-la-tapa\/\" \/>\n<meta property=\"og:site_name\" content=\"COPE Alcoy\" \/>\n<meta property=\"article:published_time\" content=\"2015-05-13T20:16:31+00:00\" \/>\n<meta property=\"og:image\" content=\"https:\/\/www.copealcoy.es\/wp-content\/uploads\/2015\/05\/Gente-joven-en-la-oferta-de-tapas-de-la-Feria-de-Cocentaina-en-Alicante.jpg\" \/>\n\t<meta property=\"og:image:width\" content=\"662\" \/>\n\t<meta property=\"og:image:height\" content=\"414\" \/>\n\t<meta property=\"og:image:type\" content=\"image\/jpeg\" \/>\n<meta name=\"author\" content=\"Cope Alcoy\" \/>\n<meta name=\"twitter:label1\" content=\"Escrito por\" \/>\n\t<meta name=\"twitter:data1\" content=\"Cope Alcoy\" \/>\n\t<meta name=\"twitter:label2\" content=\"Tiempo de lectura\" \/>\n\t<meta name=\"twitter:data2\" content=\"1 minuto\" \/>\n<script type=\"application\/ld+json\" class=\"yoast-schema-graph\">{\"@context\":\"https:\\\/\\\/schema.org\",\"@graph\":[{\"@type\":\"Article\",\"@id\":\"https:\\\/\\\/www.copealcoy.es\\\/es\\\/cocentaina-une-gastronomia-y-comercio-en-la-ruta-de-la-tapa\\\/#article\",\"isPartOf\":{\"@id\":\"https:\\\/\\\/www.copealcoy.es\\\/es\\\/cocentaina-une-gastronomia-y-comercio-en-la-ruta-de-la-tapa\\\/\"},\"author\":{\"name\":\"Cope Alcoy\",\"@id\":\"https:\\\/\\\/www.copealcoy.es\\\/es\\\/#\\\/schema\\\/person\\\/e777c87fa024e57d40170af9df39882c\"},\"headline\":\"Cocentaina une gastronom\u00eda y comercio en la Ruta de la Tapa\",\"datePublished\":\"2015-05-13T20:16:31+00:00\",\"mainEntityOfPage\":{\"@id\":\"https:\\\/\\\/www.copealcoy.es\\\/es\\\/cocentaina-une-gastronomia-y-comercio-en-la-ruta-de-la-tapa\\\/\"},\"wordCount\":195,\"commentCount\":0,\"image\":{\"@id\":\"https:\\\/\\\/www.copealcoy.es\\\/es\\\/cocentaina-une-gastronomia-y-comercio-en-la-ruta-de-la-tapa\\\/#primaryimage\"},\"thumbnailUrl\":\"https:\\\/\\\/www.copealcoy.es\\\/wp-content\\\/uploads\\\/2015\\\/05\\\/Gente-joven-en-la-oferta-de-tapas-de-la-Feria-de-Cocentaina-en-Alicante.jpg\",\"keywords\":[\"Cocentaina\",\"Comercio\",\"Fira de Tots Sants\",\"Gastronom\u00eda\"],\"articleSection\":[\"Comarcas\",\"Noticias\"],\"inLanguage\":\"es\"},{\"@type\":\"WebPage\",\"@id\":\"https:\\\/\\\/www.copealcoy.es\\\/es\\\/cocentaina-une-gastronomia-y-comercio-en-la-ruta-de-la-tapa\\\/\",\"url\":\"https:\\\/\\\/www.copealcoy.es\\\/es\\\/cocentaina-une-gastronomia-y-comercio-en-la-ruta-de-la-tapa\\\/\",\"name\":\"Cocentaina une gastronom\u00eda y comercio en la Ruta de la Tapa - COPE Alcoy\",\"isPartOf\":{\"@id\":\"https:\\\/\\\/www.copealcoy.es\\\/es\\\/#website\"},\"primaryImageOfPage\":{\"@id\":\"https:\\\/\\\/www.copealcoy.es\\\/es\\\/cocentaina-une-gastronomia-y-comercio-en-la-ruta-de-la-tapa\\\/#primaryimage\"},\"image\":{\"@id\":\"https:\\\/\\\/www.copealcoy.es\\\/es\\\/cocentaina-une-gastronomia-y-comercio-en-la-ruta-de-la-tapa\\\/#primaryimage\"},\"thumbnailUrl\":\"https:\\\/\\\/www.copealcoy.es\\\/wp-content\\\/uploads\\\/2015\\\/05\\\/Gente-joven-en-la-oferta-de-tapas-de-la-Feria-de-Cocentaina-en-Alicante.jpg\",\"datePublished\":\"2015-05-13T20:16:31+00:00\",\"author\":{\"@id\":\"https:\\\/\\\/www.copealcoy.es\\\/es\\\/#\\\/schema\\\/person\\\/e777c87fa024e57d40170af9df39882c\"},\"breadcrumb\":{\"@id\":\"https:\\\/\\\/www.copealcoy.es\\\/es\\\/cocentaina-une-gastronomia-y-comercio-en-la-ruta-de-la-tapa\\\/#breadcrumb\"},\"inLanguage\":\"es\",\"potentialAction\":[{\"@type\":\"ReadAction\",\"target\":[\"https:\\\/\\\/www.copealcoy.es\\\/es\\\/cocentaina-une-gastronomia-y-comercio-en-la-ruta-de-la-tapa\\\/\"]}]},{\"@type\":\"ImageObject\",\"inLanguage\":\"es\",\"@id\":\"https:\\\/\\\/www.copealcoy.es\\\/es\\\/cocentaina-une-gastronomia-y-comercio-en-la-ruta-de-la-tapa\\\/#primaryimage\",\"url\":\"https:\\\/\\\/www.copealcoy.es\\\/wp-content\\\/uploads\\\/2015\\\/05\\\/Gente-joven-en-la-oferta-de-tapas-de-la-Feria-de-Cocentaina-en-Alicante.jpg\",\"contentUrl\":\"https:\\\/\\\/www.copealcoy.es\\\/wp-content\\\/uploads\\\/2015\\\/05\\\/Gente-joven-en-la-oferta-de-tapas-de-la-Feria-de-Cocentaina-en-Alicante.jpg\",\"width\":662,\"height\":414,\"caption\":\"Las tapas fueron uno de los atractivos de la pasada edici\u00f3n de la Fira de Tots Sants\"},{\"@type\":\"BreadcrumbList\",\"@id\":\"https:\\\/\\\/www.copealcoy.es\\\/es\\\/cocentaina-une-gastronomia-y-comercio-en-la-ruta-de-la-tapa\\\/#breadcrumb\",\"itemListElement\":[{\"@type\":\"ListItem\",\"position\":1,\"name\":\"Portada\",\"item\":\"https:\\\/\\\/www.copealcoy.es\\\/es\\\/\"},{\"@type\":\"ListItem\",\"position\":2,\"name\":\"Cocentaina une gastronom\u00eda y comercio en la Ruta de la Tapa\"}]},{\"@type\":\"WebSite\",\"@id\":\"https:\\\/\\\/www.copealcoy.es\\\/es\\\/#website\",\"url\":\"https:\\\/\\\/www.copealcoy.es\\\/es\\\/\",\"name\":\"COPE Alcoy\",\"description\":\"Emisora COPE de radio local con emisi\u00f3n online. Pont de Sant Jordi 8-10 03803 Alcoy\",\"potentialAction\":[{\"@type\":\"SearchAction\",\"target\":{\"@type\":\"EntryPoint\",\"urlTemplate\":\"https:\\\/\\\/www.copealcoy.es\\\/es\\\/?s={search_term_string}\"},\"query-input\":{\"@type\":\"PropertyValueSpecification\",\"valueRequired\":true,\"valueName\":\"search_term_string\"}}],\"inLanguage\":\"es\"},{\"@type\":\"Person\",\"@id\":\"https:\\\/\\\/www.copealcoy.es\\\/es\\\/#\\\/schema\\\/person\\\/e777c87fa024e57d40170af9df39882c\",\"name\":\"Cope Alcoy\",\"image\":{\"@type\":\"ImageObject\",\"inLanguage\":\"es\",\"@id\":\"https:\\\/\\\/secure.gravatar.com\\\/avatar\\\/bb65d0283347e303893ba14f0692005417c1e0e690a325a4c5d8bb2b3943ee14?s=96&d=mm&r=g\",\"url\":\"https:\\\/\\\/secure.gravatar.com\\\/avatar\\\/bb65d0283347e303893ba14f0692005417c1e0e690a325a4c5d8bb2b3943ee14?s=96&d=mm&r=g\",\"contentUrl\":\"https:\\\/\\\/secure.gravatar.com\\\/avatar\\\/bb65d0283347e303893ba14f0692005417c1e0e690a325a4c5d8bb2b3943ee14?s=96&d=mm&r=g\",\"caption\":\"Cope Alcoy\"}}]}<\/script>\n<!-- \/ Yoast SEO plugin. -->","yoast_head_json":{"title":"Cocentaina une gastronom\u00eda y comercio en la Ruta de la Tapa - COPE Alcoy","robots":{"index":"index","follow":"follow","max-snippet":"max-snippet:-1","max-image-preview":"max-image-preview:large","max-video-preview":"max-video-preview:-1"},"canonical":"https:\/\/www.copealcoy.es\/es\/cocentaina-une-gastronomia-y-comercio-en-la-ruta-de-la-tapa\/","og_locale":"es_ES","og_type":"article","og_title":"Cocentaina une gastronom\u00eda y comercio en la Ruta de la Tapa - COPE Alcoy","og_description":"Cocentaina prepara una nueva edici\u00f3n de la Ruta de la Tapa que se enmarca dentro de la segunda parte de...","og_url":"https:\/\/www.copealcoy.es\/es\/cocentaina-une-gastronomia-y-comercio-en-la-ruta-de-la-tapa\/","og_site_name":"COPE Alcoy","article_published_time":"2015-05-13T20:16:31+00:00","og_image":[{"width":662,"height":414,"url":"https:\/\/www.copealcoy.es\/wp-content\/uploads\/2015\/05\/Gente-joven-en-la-oferta-de-tapas-de-la-Feria-de-Cocentaina-en-Alicante.jpg","type":"image\/jpeg"}],"author":"Cope Alcoy","twitter_misc":{"Escrito por":"Cope Alcoy","Tiempo de lectura":"1 minuto"},"schema":{"@context":"https:\/\/schema.org","@graph":[{"@type":"Article","@id":"https:\/\/www.copealcoy.es\/es\/cocentaina-une-gastronomia-y-comercio-en-la-ruta-de-la-tapa\/#article","isPartOf":{"@id":"https:\/\/www.copealcoy.es\/es\/cocentaina-une-gastronomia-y-comercio-en-la-ruta-de-la-tapa\/"},"author":{"name":"Cope Alcoy","@id":"https:\/\/www.copealcoy.es\/es\/#\/schema\/person\/e777c87fa024e57d40170af9df39882c"},"headline":"Cocentaina une gastronom\u00eda y comercio en la Ruta de la Tapa","datePublished":"2015-05-13T20:16:31+00:00","mainEntityOfPage":{"@id":"https:\/\/www.copealcoy.es\/es\/cocentaina-une-gastronomia-y-comercio-en-la-ruta-de-la-tapa\/"},"wordCount":195,"commentCount":0,"image":{"@id":"https:\/\/www.copealcoy.es\/es\/cocentaina-une-gastronomia-y-comercio-en-la-ruta-de-la-tapa\/#primaryimage"},"thumbnailUrl":"https:\/\/www.copealcoy.es\/wp-content\/uploads\/2015\/05\/Gente-joven-en-la-oferta-de-tapas-de-la-Feria-de-Cocentaina-en-Alicante.jpg","keywords":["Cocentaina","Comercio","Fira de Tots Sants","Gastronom\u00eda"],"articleSection":["Comarcas","Noticias"],"inLanguage":"es"},{"@type":"WebPage","@id":"https:\/\/www.copealcoy.es\/es\/cocentaina-une-gastronomia-y-comercio-en-la-ruta-de-la-tapa\/","url":"https:\/\/www.copealcoy.es\/es\/cocentaina-une-gastronomia-y-comercio-en-la-ruta-de-la-tapa\/","name":"Cocentaina une gastronom\u00eda y comercio en la Ruta de la Tapa - COPE Alcoy","isPartOf":{"@id":"https:\/\/www.copealcoy.es\/es\/#website"},"primaryImageOfPage":{"@id":"https:\/\/www.copealcoy.es\/es\/cocentaina-une-gastronomia-y-comercio-en-la-ruta-de-la-tapa\/#primaryimage"},"image":{"@id":"https:\/\/www.copealcoy.es\/es\/cocentaina-une-gastronomia-y-comercio-en-la-ruta-de-la-tapa\/#primaryimage"},"thumbnailUrl":"https:\/\/www.copealcoy.es\/wp-content\/uploads\/2015\/05\/Gente-joven-en-la-oferta-de-tapas-de-la-Feria-de-Cocentaina-en-Alicante.jpg","datePublished":"2015-05-13T20:16:31+00:00","author":{"@id":"https:\/\/www.copealcoy.es\/es\/#\/schema\/person\/e777c87fa024e57d40170af9df39882c"},"breadcrumb":{"@id":"https:\/\/www.copealcoy.es\/es\/cocentaina-une-gastronomia-y-comercio-en-la-ruta-de-la-tapa\/#breadcrumb"},"inLanguage":"es","potentialAction":[{"@type":"ReadAction","target":["https:\/\/www.copealcoy.es\/es\/cocentaina-une-gastronomia-y-comercio-en-la-ruta-de-la-tapa\/"]}]},{"@type":"ImageObject","inLanguage":"es","@id":"https:\/\/www.copealcoy.es\/es\/cocentaina-une-gastronomia-y-comercio-en-la-ruta-de-la-tapa\/#primaryimage","url":"https:\/\/www.copealcoy.es\/wp-content\/uploads\/2015\/05\/Gente-joven-en-la-oferta-de-tapas-de-la-Feria-de-Cocentaina-en-Alicante.jpg","contentUrl":"https:\/\/www.copealcoy.es\/wp-content\/uploads\/2015\/05\/Gente-joven-en-la-oferta-de-tapas-de-la-Feria-de-Cocentaina-en-Alicante.jpg","width":662,"height":414,"caption":"Las tapas fueron uno de los atractivos de la pasada edici\u00f3n de la Fira de Tots Sants"},{"@type":"BreadcrumbList","@id":"https:\/\/www.copealcoy.es\/es\/cocentaina-une-gastronomia-y-comercio-en-la-ruta-de-la-tapa\/#breadcrumb","itemListElement":[{"@type":"ListItem","position":1,"name":"Portada","item":"https:\/\/www.copealcoy.es\/es\/"},{"@type":"ListItem","position":2,"name":"Cocentaina une gastronom\u00eda y comercio en la Ruta de la Tapa"}]},{"@type":"WebSite","@id":"https:\/\/www.copealcoy.es\/es\/#website","url":"https:\/\/www.copealcoy.es\/es\/","name":"COPE Alcoy","description":"Emisora COPE de radio local con emisi\u00f3n online. Pont de Sant Jordi 8-10 03803 Alcoy","potentialAction":[{"@type":"SearchAction","target":{"@type":"EntryPoint","urlTemplate":"https:\/\/www.copealcoy.es\/es\/?s={search_term_string}"},"query-input":{"@type":"PropertyValueSpecification","valueRequired":true,"valueName":"search_term_string"}}],"inLanguage":"es"},{"@type":"Person","@id":"https:\/\/www.copealcoy.es\/es\/#\/schema\/person\/e777c87fa024e57d40170af9df39882c","name":"Cope Alcoy","image":{"@type":"ImageObject","inLanguage":"es","@id":"https:\/\/secure.gravatar.com\/avatar\/bb65d0283347e303893ba14f0692005417c1e0e690a325a4c5d8bb2b3943ee14?s=96&d=mm&r=g","url":"https:\/\/secure.gravatar.com\/avatar\/bb65d0283347e303893ba14f0692005417c1e0e690a325a4c5d8bb2b3943ee14?s=96&d=mm&r=g","contentUrl":"https:\/\/secure.gravatar.com\/avatar\/bb65d0283347e303893ba14f0692005417c1e0e690a325a4c5d8bb2b3943ee14?s=96&d=mm&r=g","caption":"Cope Alcoy"}}]}},"_links":{"self":[{"href":"https:\/\/www.copealcoy.es\/es\/wp-json\/wp\/v2\/posts\/13034","targetHints":{"allow":["GET"]}}],"collection":[{"href":"https:\/\/www.copealcoy.es\/es\/wp-json\/wp\/v2\/posts"}],"about":[{"href":"https:\/\/www.copealcoy.es\/es\/wp-json\/wp\/v2\/types\/post"}],"author":[{"embeddable":true,"href":"https:\/\/www.copealcoy.es\/es\/wp-json\/wp\/v2\/users\/1"}],"replies":[{"embeddable":true,"href":"https:\/\/www.copealcoy.es\/es\/wp-json\/wp\/v2\/comments?post=13034"}],"version-history":[{"count":0,"href":"https:\/\/www.copealcoy.es\/es\/wp-json\/wp\/v2\/posts\/13034\/revisions"}],"wp:featuredmedia":[{"embeddable":true,"href":"https:\/\/www.copealcoy.es\/es\/wp-json\/wp\/v2\/media\/13035"}],"wp:attachment":[{"href":"https:\/\/www.copealcoy.es\/es\/wp-json\/wp\/v2\/media?parent=13034"}],"wp:term":[{"taxonomy":"category","embeddable":true,"href":"https:\/\/www.copealcoy.es\/es\/wp-json\/wp\/v2\/categories?post=13034"},{"taxonomy":"post_tag","embeddable":true,"href":"https:\/\/www.copealcoy.es\/es\/wp-json\/wp\/v2\/tags?post=13034"}],"curies":[{"name":"wp","href":"https:\/\/api.w.org\/{rel}","templated":true}]}}