{"id":130335,"date":"2024-03-11T10:50:29","date_gmt":"2024-03-11T09:50:29","guid":{"rendered":"https:\/\/www.copealcoy.es\/?p=130335"},"modified":"2024-03-11T11:47:42","modified_gmt":"2024-03-11T10:47:42","slug":"el-descubrimiento-del-cartel-y-el-pregon-anuncian-la-semana-santa-de-alcoy","status":"publish","type":"post","link":"https:\/\/www.copealcoy.es\/es\/el-descubrimiento-del-cartel-y-el-pregon-anuncian-la-semana-santa-de-alcoy\/","title":{"rendered":"El descubrimiento del cartel y el preg\u00f3n anuncian la Semana Santa de Alcoy"},"content":{"rendered":"<p style=\"text-align: justify;\">Alcoy abri\u00f3 camino hacia <strong>la Semana Santa<\/strong> el pasado s\u00e1bado con el acto del <strong>descubrimiento del cartel anunciador<\/strong> y <strong>el posterior preg\u00f3n<\/strong> que se llev\u00f3 a cabo en el interior de la parroquia de Santa Mar\u00eda. Unos actos que contaron con <strong>la organizaci\u00f3n de las Cofrad\u00edas de la ciudad<\/strong> y que <strong>tuvieron el respaldo<\/strong> de la comunidad cristiana alcoyana e incluso del Ayuntamiento.<\/p>\n<p style=\"text-align: justify;\">La tarde arranc\u00f3 con <strong>la bendici\u00f3n de la &#8216;matraca&#8217;<\/strong> que se ubica en lo alto del campanario de Santa Mar\u00eda y que ha sido recuperada gracias al empe\u00f1o de <a href=\"https:\/\/www.facebook.com\/campanersalcoi\" target=\"_blank\" rel=\"noopener\"><strong><span style=\"color: #0000ff;\">la Colla de Campaners d&#8217;Alcoi<\/span><\/strong><\/a> con el apoyo del Consistorio. Este instrumento, que sonaba ya anta\u00f1o, ten\u00eda como principal objetivo sustituir los toques de campana durante los d\u00edas de la Semana Santa para anunciar el inicio de los actos religiosos o los cultos que tienen lugar en esas jornadas. Despu\u00e9s, a los pies del mismo campanario, <strong>fue descubierto el cartel anunciador de la Semana Santa 2024<\/strong> creado para la ocasi\u00f3n por <strong>Mar\u00eda Bolufer Pic\u00f3<\/strong> y una obra en la que destaca la presencia de la cruz en primer plano arropada por el &#8216;Barranc del Sinc&#8217; de fondo. Seguidamente fue el turno del preg\u00f3n y en esta ocasi\u00f3n <strong>las Cofrad\u00edas alcoyanas apostaron por Don Agust\u00edn T\u00e1rraga<\/strong> para efectuar una disertaci\u00f3n que se centr\u00f3 en la importancia de conmemorar los d\u00edas de la Pasi\u00f3n, Muerte y Resurrecci\u00f3n de Cristo. Adem\u00e1s hizo referencia a las particularidades que tiene la Semana Santa en Alcoy con instantes y momentos que la hacen \u00fanica.<\/p>\n<p style=\"text-align: justify;\"><a href=\"https:\/\/www.copealcoy.es\/wp-content\/uploads\/2024\/03\/431634578_18424666597029180_989450882347504312_n.jpg\"><img loading=\"lazy\" decoding=\"async\" class=\"wp-image-130343 aligncenter\" src=\"https:\/\/www.copealcoy.es\/wp-content\/uploads\/2024\/03\/431634578_18424666597029180_989450882347504312_n.jpg\" alt=\"\" width=\"600\" height=\"486\" \/><\/a><\/p>\n<p>&nbsp;<\/p>\n<p style=\"text-align: justify;\">Los actos previos a la Semana Santa de Alcoy <strong>se retoman el pr\u00f3ximo 16 de marzo con el inicio del Septenario en honor a la Virgen de los Dolores<\/strong>. La cita ser\u00e1 en la parroquia de San Mauro y San Francisco, cada tarde con misa a las 19:00h, y finalizar\u00e1 el 22 de marzo en el Viernes de Dolores que antecede al Domingo de Ramos.<\/p>\n","protected":false},"excerpt":{"rendered":"<p>Alcoy abri\u00f3 camino hacia la Semana Santa el pasado s\u00e1bado con el acto del descubrimiento del cartel anunciador y el&#8230;<\/p>\n","protected":false},"author":1,"featured_media":130336,"comment_status":"open","ping_status":"open","sticky":false,"template":"","format":"standard","meta":{"footnotes":""},"categories":[6909,97,75],"tags":[1494,16461,1426,745],"class_list":["post-130335","post","type-post","status-publish","format-standard","has-post-thumbnail","hentry","category-actualidad","category-alcoy","category-noticias","tag-alcoy","tag-descubrimiento-del-cartel","tag-pregon","tag-semana-santa"],"yoast_head":"<!-- This site is optimized with the Yoast SEO plugin v27.3 - https:\/\/yoast.com\/product\/yoast-seo-wordpress\/ -->\n<title>El descubrimiento del cartel y el preg\u00f3n anuncian la Semana Santa de Alcoy - COPE Alcoy<\/title>\n<meta name=\"description\" content=\"Alcoy abri\u00f3 camino hacia la Semana Santa el pasado s\u00e1bado con el acto del descubrimiento del cartel anunciador y el posterior preg\u00f3n\" \/>\n<meta name=\"robots\" content=\"index, follow, max-snippet:-1, max-image-preview:large, max-video-preview:-1\" \/>\n<link rel=\"canonical\" href=\"https:\/\/www.copealcoy.es\/es\/el-descubrimiento-del-cartel-y-el-pregon-anuncian-la-semana-santa-de-alcoy\/\" \/>\n<meta property=\"og:locale\" content=\"es_ES\" \/>\n<meta property=\"og:type\" content=\"article\" \/>\n<meta property=\"og:title\" content=\"El descubrimiento del cartel y el preg\u00f3n anuncian la Semana Santa de Alcoy - COPE Alcoy\" \/>\n<meta property=\"og:description\" content=\"Alcoy abri\u00f3 camino hacia la Semana Santa el pasado s\u00e1bado con el acto del descubrimiento del cartel anunciador y el posterior preg\u00f3n\" \/>\n<meta property=\"og:url\" content=\"https:\/\/www.copealcoy.es\/es\/el-descubrimiento-del-cartel-y-el-pregon-anuncian-la-semana-santa-de-alcoy\/\" \/>\n<meta property=\"og:site_name\" content=\"COPE Alcoy\" \/>\n<meta property=\"article:published_time\" content=\"2024-03-11T09:50:29+00:00\" \/>\n<meta property=\"article:modified_time\" content=\"2024-03-11T10:47:42+00:00\" \/>\n<meta property=\"og:image\" content=\"https:\/\/www.copealcoy.es\/wp-content\/uploads\/2024\/03\/430050091_789661356527725_6810439620623928818_n.jpg\" \/>\n\t<meta property=\"og:image:width\" content=\"1440\" \/>\n\t<meta property=\"og:image:height\" content=\"1080\" \/>\n\t<meta property=\"og:image:type\" content=\"image\/jpeg\" \/>\n<meta name=\"author\" content=\"Cope Alcoy\" \/>\n<meta name=\"twitter:label1\" content=\"Escrito por\" \/>\n\t<meta name=\"twitter:data1\" content=\"Cope Alcoy\" \/>\n\t<meta name=\"twitter:label2\" content=\"Tiempo de lectura\" \/>\n\t<meta name=\"twitter:data2\" content=\"2 minutos\" \/>\n<script type=\"application\/ld+json\" class=\"yoast-schema-graph\">{\"@context\":\"https:\\\/\\\/schema.org\",\"@graph\":[{\"@type\":\"Article\",\"@id\":\"https:\\\/\\\/www.copealcoy.es\\\/es\\\/el-descubrimiento-del-cartel-y-el-pregon-anuncian-la-semana-santa-de-alcoy\\\/#article\",\"isPartOf\":{\"@id\":\"https:\\\/\\\/www.copealcoy.es\\\/es\\\/el-descubrimiento-del-cartel-y-el-pregon-anuncian-la-semana-santa-de-alcoy\\\/\"},\"author\":{\"name\":\"Cope Alcoy\",\"@id\":\"https:\\\/\\\/www.copealcoy.es\\\/es\\\/#\\\/schema\\\/person\\\/e777c87fa024e57d40170af9df39882c\"},\"headline\":\"El descubrimiento del cartel y el preg\u00f3n anuncian la Semana Santa de Alcoy\",\"datePublished\":\"2024-03-11T09:50:29+00:00\",\"dateModified\":\"2024-03-11T10:47:42+00:00\",\"mainEntityOfPage\":{\"@id\":\"https:\\\/\\\/www.copealcoy.es\\\/es\\\/el-descubrimiento-del-cartel-y-el-pregon-anuncian-la-semana-santa-de-alcoy\\\/\"},\"wordCount\":353,\"commentCount\":0,\"image\":{\"@id\":\"https:\\\/\\\/www.copealcoy.es\\\/es\\\/el-descubrimiento-del-cartel-y-el-pregon-anuncian-la-semana-santa-de-alcoy\\\/#primaryimage\"},\"thumbnailUrl\":\"https:\\\/\\\/www.copealcoy.es\\\/wp-content\\\/uploads\\\/2024\\\/03\\\/430050091_789661356527725_6810439620623928818_n.jpg\",\"keywords\":[\"Alcoy\",\"descubrimiento del cartel\",\"preg\u00f3n\",\"Semana Santa\"],\"articleSection\":[\"Actualidad\",\"Alcoy\",\"Noticias\"],\"inLanguage\":\"es\"},{\"@type\":\"WebPage\",\"@id\":\"https:\\\/\\\/www.copealcoy.es\\\/es\\\/el-descubrimiento-del-cartel-y-el-pregon-anuncian-la-semana-santa-de-alcoy\\\/\",\"url\":\"https:\\\/\\\/www.copealcoy.es\\\/es\\\/el-descubrimiento-del-cartel-y-el-pregon-anuncian-la-semana-santa-de-alcoy\\\/\",\"name\":\"El descubrimiento del cartel y el preg\u00f3n anuncian la Semana Santa de Alcoy - COPE Alcoy\",\"isPartOf\":{\"@id\":\"https:\\\/\\\/www.copealcoy.es\\\/es\\\/#website\"},\"primaryImageOfPage\":{\"@id\":\"https:\\\/\\\/www.copealcoy.es\\\/es\\\/el-descubrimiento-del-cartel-y-el-pregon-anuncian-la-semana-santa-de-alcoy\\\/#primaryimage\"},\"image\":{\"@id\":\"https:\\\/\\\/www.copealcoy.es\\\/es\\\/el-descubrimiento-del-cartel-y-el-pregon-anuncian-la-semana-santa-de-alcoy\\\/#primaryimage\"},\"thumbnailUrl\":\"https:\\\/\\\/www.copealcoy.es\\\/wp-content\\\/uploads\\\/2024\\\/03\\\/430050091_789661356527725_6810439620623928818_n.jpg\",\"datePublished\":\"2024-03-11T09:50:29+00:00\",\"dateModified\":\"2024-03-11T10:47:42+00:00\",\"author\":{\"@id\":\"https:\\\/\\\/www.copealcoy.es\\\/es\\\/#\\\/schema\\\/person\\\/e777c87fa024e57d40170af9df39882c\"},\"description\":\"Alcoy abri\u00f3 camino hacia la Semana Santa el pasado s\u00e1bado con el acto del descubrimiento del cartel anunciador y el posterior preg\u00f3n\",\"breadcrumb\":{\"@id\":\"https:\\\/\\\/www.copealcoy.es\\\/es\\\/el-descubrimiento-del-cartel-y-el-pregon-anuncian-la-semana-santa-de-alcoy\\\/#breadcrumb\"},\"inLanguage\":\"es\",\"potentialAction\":[{\"@type\":\"ReadAction\",\"target\":[\"https:\\\/\\\/www.copealcoy.es\\\/es\\\/el-descubrimiento-del-cartel-y-el-pregon-anuncian-la-semana-santa-de-alcoy\\\/\"]}]},{\"@type\":\"ImageObject\",\"inLanguage\":\"es\",\"@id\":\"https:\\\/\\\/www.copealcoy.es\\\/es\\\/el-descubrimiento-del-cartel-y-el-pregon-anuncian-la-semana-santa-de-alcoy\\\/#primaryimage\",\"url\":\"https:\\\/\\\/www.copealcoy.es\\\/wp-content\\\/uploads\\\/2024\\\/03\\\/430050091_789661356527725_6810439620623928818_n.jpg\",\"contentUrl\":\"https:\\\/\\\/www.copealcoy.es\\\/wp-content\\\/uploads\\\/2024\\\/03\\\/430050091_789661356527725_6810439620623928818_n.jpg\",\"width\":1440,\"height\":1080},{\"@type\":\"BreadcrumbList\",\"@id\":\"https:\\\/\\\/www.copealcoy.es\\\/es\\\/el-descubrimiento-del-cartel-y-el-pregon-anuncian-la-semana-santa-de-alcoy\\\/#breadcrumb\",\"itemListElement\":[{\"@type\":\"ListItem\",\"position\":1,\"name\":\"Portada\",\"item\":\"https:\\\/\\\/www.copealcoy.es\\\/es\\\/\"},{\"@type\":\"ListItem\",\"position\":2,\"name\":\"El descubrimiento del cartel y el preg\u00f3n anuncian la Semana Santa de Alcoy\"}]},{\"@type\":\"WebSite\",\"@id\":\"https:\\\/\\\/www.copealcoy.es\\\/es\\\/#website\",\"url\":\"https:\\\/\\\/www.copealcoy.es\\\/es\\\/\",\"name\":\"COPE Alcoy\",\"description\":\"Emisora COPE de radio local con emisi\u00f3n online. Pont de Sant Jordi 8-10 03803 Alcoy\",\"potentialAction\":[{\"@type\":\"SearchAction\",\"target\":{\"@type\":\"EntryPoint\",\"urlTemplate\":\"https:\\\/\\\/www.copealcoy.es\\\/es\\\/?s={search_term_string}\"},\"query-input\":{\"@type\":\"PropertyValueSpecification\",\"valueRequired\":true,\"valueName\":\"search_term_string\"}}],\"inLanguage\":\"es\"},{\"@type\":\"Person\",\"@id\":\"https:\\\/\\\/www.copealcoy.es\\\/es\\\/#\\\/schema\\\/person\\\/e777c87fa024e57d40170af9df39882c\",\"name\":\"Cope Alcoy\",\"image\":{\"@type\":\"ImageObject\",\"inLanguage\":\"es\",\"@id\":\"https:\\\/\\\/secure.gravatar.com\\\/avatar\\\/bb65d0283347e303893ba14f0692005417c1e0e690a325a4c5d8bb2b3943ee14?s=96&d=mm&r=g\",\"url\":\"https:\\\/\\\/secure.gravatar.com\\\/avatar\\\/bb65d0283347e303893ba14f0692005417c1e0e690a325a4c5d8bb2b3943ee14?s=96&d=mm&r=g\",\"contentUrl\":\"https:\\\/\\\/secure.gravatar.com\\\/avatar\\\/bb65d0283347e303893ba14f0692005417c1e0e690a325a4c5d8bb2b3943ee14?s=96&d=mm&r=g\",\"caption\":\"Cope Alcoy\"}}]}<\/script>\n<!-- \/ Yoast SEO plugin. -->","yoast_head_json":{"title":"El descubrimiento del cartel y el preg\u00f3n anuncian la Semana Santa de Alcoy - COPE Alcoy","description":"Alcoy abri\u00f3 camino hacia la Semana Santa el pasado s\u00e1bado con el acto del descubrimiento del cartel anunciador y el posterior preg\u00f3n","robots":{"index":"index","follow":"follow","max-snippet":"max-snippet:-1","max-image-preview":"max-image-preview:large","max-video-preview":"max-video-preview:-1"},"canonical":"https:\/\/www.copealcoy.es\/es\/el-descubrimiento-del-cartel-y-el-pregon-anuncian-la-semana-santa-de-alcoy\/","og_locale":"es_ES","og_type":"article","og_title":"El descubrimiento del cartel y el preg\u00f3n anuncian la Semana Santa de Alcoy - COPE Alcoy","og_description":"Alcoy abri\u00f3 camino hacia la Semana Santa el pasado s\u00e1bado con el acto del descubrimiento del cartel anunciador y el posterior preg\u00f3n","og_url":"https:\/\/www.copealcoy.es\/es\/el-descubrimiento-del-cartel-y-el-pregon-anuncian-la-semana-santa-de-alcoy\/","og_site_name":"COPE Alcoy","article_published_time":"2024-03-11T09:50:29+00:00","article_modified_time":"2024-03-11T10:47:42+00:00","og_image":[{"width":1440,"height":1080,"url":"https:\/\/www.copealcoy.es\/wp-content\/uploads\/2024\/03\/430050091_789661356527725_6810439620623928818_n.jpg","type":"image\/jpeg"}],"author":"Cope Alcoy","twitter_misc":{"Escrito por":"Cope Alcoy","Tiempo de lectura":"2 minutos"},"schema":{"@context":"https:\/\/schema.org","@graph":[{"@type":"Article","@id":"https:\/\/www.copealcoy.es\/es\/el-descubrimiento-del-cartel-y-el-pregon-anuncian-la-semana-santa-de-alcoy\/#article","isPartOf":{"@id":"https:\/\/www.copealcoy.es\/es\/el-descubrimiento-del-cartel-y-el-pregon-anuncian-la-semana-santa-de-alcoy\/"},"author":{"name":"Cope Alcoy","@id":"https:\/\/www.copealcoy.es\/es\/#\/schema\/person\/e777c87fa024e57d40170af9df39882c"},"headline":"El descubrimiento del cartel y el preg\u00f3n anuncian la Semana Santa de Alcoy","datePublished":"2024-03-11T09:50:29+00:00","dateModified":"2024-03-11T10:47:42+00:00","mainEntityOfPage":{"@id":"https:\/\/www.copealcoy.es\/es\/el-descubrimiento-del-cartel-y-el-pregon-anuncian-la-semana-santa-de-alcoy\/"},"wordCount":353,"commentCount":0,"image":{"@id":"https:\/\/www.copealcoy.es\/es\/el-descubrimiento-del-cartel-y-el-pregon-anuncian-la-semana-santa-de-alcoy\/#primaryimage"},"thumbnailUrl":"https:\/\/www.copealcoy.es\/wp-content\/uploads\/2024\/03\/430050091_789661356527725_6810439620623928818_n.jpg","keywords":["Alcoy","descubrimiento del cartel","preg\u00f3n","Semana Santa"],"articleSection":["Actualidad","Alcoy","Noticias"],"inLanguage":"es"},{"@type":"WebPage","@id":"https:\/\/www.copealcoy.es\/es\/el-descubrimiento-del-cartel-y-el-pregon-anuncian-la-semana-santa-de-alcoy\/","url":"https:\/\/www.copealcoy.es\/es\/el-descubrimiento-del-cartel-y-el-pregon-anuncian-la-semana-santa-de-alcoy\/","name":"El descubrimiento del cartel y el preg\u00f3n anuncian la Semana Santa de Alcoy - COPE Alcoy","isPartOf":{"@id":"https:\/\/www.copealcoy.es\/es\/#website"},"primaryImageOfPage":{"@id":"https:\/\/www.copealcoy.es\/es\/el-descubrimiento-del-cartel-y-el-pregon-anuncian-la-semana-santa-de-alcoy\/#primaryimage"},"image":{"@id":"https:\/\/www.copealcoy.es\/es\/el-descubrimiento-del-cartel-y-el-pregon-anuncian-la-semana-santa-de-alcoy\/#primaryimage"},"thumbnailUrl":"https:\/\/www.copealcoy.es\/wp-content\/uploads\/2024\/03\/430050091_789661356527725_6810439620623928818_n.jpg","datePublished":"2024-03-11T09:50:29+00:00","dateModified":"2024-03-11T10:47:42+00:00","author":{"@id":"https:\/\/www.copealcoy.es\/es\/#\/schema\/person\/e777c87fa024e57d40170af9df39882c"},"description":"Alcoy abri\u00f3 camino hacia la Semana Santa el pasado s\u00e1bado con el acto del descubrimiento del cartel anunciador y el posterior preg\u00f3n","breadcrumb":{"@id":"https:\/\/www.copealcoy.es\/es\/el-descubrimiento-del-cartel-y-el-pregon-anuncian-la-semana-santa-de-alcoy\/#breadcrumb"},"inLanguage":"es","potentialAction":[{"@type":"ReadAction","target":["https:\/\/www.copealcoy.es\/es\/el-descubrimiento-del-cartel-y-el-pregon-anuncian-la-semana-santa-de-alcoy\/"]}]},{"@type":"ImageObject","inLanguage":"es","@id":"https:\/\/www.copealcoy.es\/es\/el-descubrimiento-del-cartel-y-el-pregon-anuncian-la-semana-santa-de-alcoy\/#primaryimage","url":"https:\/\/www.copealcoy.es\/wp-content\/uploads\/2024\/03\/430050091_789661356527725_6810439620623928818_n.jpg","contentUrl":"https:\/\/www.copealcoy.es\/wp-content\/uploads\/2024\/03\/430050091_789661356527725_6810439620623928818_n.jpg","width":1440,"height":1080},{"@type":"BreadcrumbList","@id":"https:\/\/www.copealcoy.es\/es\/el-descubrimiento-del-cartel-y-el-pregon-anuncian-la-semana-santa-de-alcoy\/#breadcrumb","itemListElement":[{"@type":"ListItem","position":1,"name":"Portada","item":"https:\/\/www.copealcoy.es\/es\/"},{"@type":"ListItem","position":2,"name":"El descubrimiento del cartel y el preg\u00f3n anuncian la Semana Santa de Alcoy"}]},{"@type":"WebSite","@id":"https:\/\/www.copealcoy.es\/es\/#website","url":"https:\/\/www.copealcoy.es\/es\/","name":"COPE Alcoy","description":"Emisora COPE de radio local con emisi\u00f3n online. Pont de Sant Jordi 8-10 03803 Alcoy","potentialAction":[{"@type":"SearchAction","target":{"@type":"EntryPoint","urlTemplate":"https:\/\/www.copealcoy.es\/es\/?s={search_term_string}"},"query-input":{"@type":"PropertyValueSpecification","valueRequired":true,"valueName":"search_term_string"}}],"inLanguage":"es"},{"@type":"Person","@id":"https:\/\/www.copealcoy.es\/es\/#\/schema\/person\/e777c87fa024e57d40170af9df39882c","name":"Cope Alcoy","image":{"@type":"ImageObject","inLanguage":"es","@id":"https:\/\/secure.gravatar.com\/avatar\/bb65d0283347e303893ba14f0692005417c1e0e690a325a4c5d8bb2b3943ee14?s=96&d=mm&r=g","url":"https:\/\/secure.gravatar.com\/avatar\/bb65d0283347e303893ba14f0692005417c1e0e690a325a4c5d8bb2b3943ee14?s=96&d=mm&r=g","contentUrl":"https:\/\/secure.gravatar.com\/avatar\/bb65d0283347e303893ba14f0692005417c1e0e690a325a4c5d8bb2b3943ee14?s=96&d=mm&r=g","caption":"Cope Alcoy"}}]}},"_links":{"self":[{"href":"https:\/\/www.copealcoy.es\/es\/wp-json\/wp\/v2\/posts\/130335","targetHints":{"allow":["GET"]}}],"collection":[{"href":"https:\/\/www.copealcoy.es\/es\/wp-json\/wp\/v2\/posts"}],"about":[{"href":"https:\/\/www.copealcoy.es\/es\/wp-json\/wp\/v2\/types\/post"}],"author":[{"embeddable":true,"href":"https:\/\/www.copealcoy.es\/es\/wp-json\/wp\/v2\/users\/1"}],"replies":[{"embeddable":true,"href":"https:\/\/www.copealcoy.es\/es\/wp-json\/wp\/v2\/comments?post=130335"}],"version-history":[{"count":0,"href":"https:\/\/www.copealcoy.es\/es\/wp-json\/wp\/v2\/posts\/130335\/revisions"}],"wp:featuredmedia":[{"embeddable":true,"href":"https:\/\/www.copealcoy.es\/es\/wp-json\/wp\/v2\/media\/130336"}],"wp:attachment":[{"href":"https:\/\/www.copealcoy.es\/es\/wp-json\/wp\/v2\/media?parent=130335"}],"wp:term":[{"taxonomy":"category","embeddable":true,"href":"https:\/\/www.copealcoy.es\/es\/wp-json\/wp\/v2\/categories?post=130335"},{"taxonomy":"post_tag","embeddable":true,"href":"https:\/\/www.copealcoy.es\/es\/wp-json\/wp\/v2\/tags?post=130335"}],"curies":[{"name":"wp","href":"https:\/\/api.w.org\/{rel}","templated":true}]}}