{"id":130201,"date":"2024-03-06T16:10:33","date_gmt":"2024-03-06T15:10:33","guid":{"rendered":"https:\/\/www.copealcoy.es\/?p=130201"},"modified":"2024-03-06T16:50:49","modified_gmt":"2024-03-06T15:50:49","slug":"els-nanos-no-faltan-a-su-cita-anual-con-el-barrio-del-raval-de-cocentaina","status":"publish","type":"post","link":"https:\/\/www.copealcoy.es\/es\/els-nanos-no-faltan-a-su-cita-anual-con-el-barrio-del-raval-de-cocentaina\/","title":{"rendered":"&#8216;Els Nanos&#8217; no faltan a su cita anual con el barrio del Raval de Cocentaina"},"content":{"rendered":"<p style=\"text-align: justify;\">Es <strong>tercer mi\u00e9rcoles de Cuaresma<\/strong> y en una jornada como esta <strong>Cocentaina vive una de sus tradiciones m\u00e1s arraigadas<\/strong>, la singular <strong>&#8216;Festa dels Nanos&#8217;<\/strong>. La peculiar costumbre, recuperada con fuerza despu\u00e9s de la Transici\u00f3n,<strong> se lleva a cabo en el emblem\u00e1tico barrio del Raval<\/strong> y hasta all\u00ed se han acercado hoy un buen numero de vecinos, para <strong>descubrir las cr\u00edticas<\/strong> que lanzaban este a\u00f1o los singulares mu\u00f1ecos de trapo.<\/p>\n<p style=\"text-align: justify;\">La jornada ha comenzado poco antes de las nueve de la ma\u00f1ana, con <strong>la colocaci\u00f3n de los &#8216;Nanos&#8217;<\/strong> por calles como la de Sant\u00edsima Trinidad, Caramanchel, San Isidro o La Ver\u00f3nica. Al filo de las diez<strong> han comenzado a llegar los escolares de los centros educativos<\/strong>, los cuales han podido leer de cerca las reivindicaciones que enarbolan los emblem\u00e1ticos personajes al mismo tiempo que han disfrutado de un buen desayuno en el que no han faltado el chocolate caliente, cocas dulces e incluso churros &#8220;<em>hemos dividido esta vez las mesas de almuerzo en dos para que todos estuvieran c\u00f3modos y la verdad es que la ma\u00f1ana est\u00e1 registrando un buen ambiente. Desde el Ayuntamiento vamos a seguir potenciando iniciativas como &#8216;El Taller de Nanos&#8217;, celebrado el pasado domingo, para que esta tradici\u00f3n no se pierda<\/em>&#8220;, manifestaba en COPE ALCOY la edil de tradiciones del <a href=\"https:\/\/www.cocentaina.es\/\" target=\"_blank\" rel=\"noopener\"><span style=\"color: #0000ff;\"><strong>Consistorio contestano<\/strong><\/span><\/a>; <strong>Marcela Richart<\/strong>. Tambi\u00e9n el alcalde de la Villa Condal <strong>hac\u00eda referencia a esas cr\u00edticas que &#8216;Els Nanos&#8217; manifestaban en los carteles que les acompa\u00f1aban<\/strong> <em>&#8220;es un d\u00eda de tomar buena nota y resulta muy agradable verte ilustrado en un &#8216;Nano&#8217;. La s\u00e1tira es esencia de la Democracia y as\u00ed queda demostrado en una fiesta como esta<\/em>&#8220;, nos apuntaba <strong>Jordi Pla<\/strong>. Adem\u00e1s tambi\u00e9n hemos hablado con <strong>alumnos del Colegio Real Blanc<\/strong>, los cuales no ocultaban que se lo estaban pasando muy bien durante la visita que estaban haciendo al Raval:<\/p>\n<audio class=\"wp-audio-shortcode\" id=\"audio-130201-1\" preload=\"none\" style=\"width: 100%;\" controls=\"controls\"><source type=\"audio\/mpeg\" src=\"https:\/\/www.copealcoy.es\/wp-content\/uploads\/2024\/03\/Entrevista-Marcela-Richart-Nanos.mp3?_=1\" \/><a href=\"https:\/\/www.copealcoy.es\/wp-content\/uploads\/2024\/03\/Entrevista-Marcela-Richart-Nanos.mp3\">https:\/\/www.copealcoy.es\/wp-content\/uploads\/2024\/03\/Entrevista-Marcela-Richart-Nanos.mp3<\/a><\/audio>\n<p>&nbsp;<\/p>\n<audio class=\"wp-audio-shortcode\" id=\"audio-130201-2\" preload=\"none\" style=\"width: 100%;\" controls=\"controls\"><source type=\"audio\/mpeg\" src=\"https:\/\/www.copealcoy.es\/wp-content\/uploads\/2024\/03\/Entrevista-Jordi-Pla-Nanos.mp3?_=2\" \/><a href=\"https:\/\/www.copealcoy.es\/wp-content\/uploads\/2024\/03\/Entrevista-Jordi-Pla-Nanos.mp3\">https:\/\/www.copealcoy.es\/wp-content\/uploads\/2024\/03\/Entrevista-Jordi-Pla-Nanos.mp3<\/a><\/audio>\n<p>&nbsp;<\/p>\n<audio class=\"wp-audio-shortcode\" id=\"audio-130201-3\" preload=\"none\" style=\"width: 100%;\" controls=\"controls\"><source type=\"audio\/mpeg\" src=\"https:\/\/www.copealcoy.es\/wp-content\/uploads\/2024\/03\/Entrevista-Xiquets-Nanos-Cocentaina.mp3?_=3\" \/><a href=\"https:\/\/www.copealcoy.es\/wp-content\/uploads\/2024\/03\/Entrevista-Xiquets-Nanos-Cocentaina.mp3\">https:\/\/www.copealcoy.es\/wp-content\/uploads\/2024\/03\/Entrevista-Xiquets-Nanos-Cocentaina.mp3<\/a><\/audio>\n<p>&nbsp;<\/p>\n<p style=\"text-align: justify;\">El buen tiempo<strong> ha acompa\u00f1ado las primeras horas<\/strong> de una &#8216;Festa dels Nanos&#8217; que sigue hasta el anochecer. Al caer la tarde<strong> habr\u00e1 &#8216;Danses&#8217;<\/strong> y se retirar\u00e1n los mu\u00f1ecos hasta el pr\u00f3ximo a\u00f1o.<\/p>\n<p>&nbsp;<\/p>\n<div id='gallery-1' class='gallery galleryid-130201 gallery-columns-2 gallery-size-full'><figure class='gallery-item'>\n\t\t\t<div class='gallery-icon landscape'>\n\t\t\t\t<a href='https:\/\/www.copealcoy.es\/es\/els-nanos-no-faltan-a-su-cita-anual-con-el-barrio-del-raval-de-cocentaina\/nanos-cocentaina-2024-2\/'><img loading=\"lazy\" decoding=\"async\" width=\"924\" height=\"693\" src=\"https:\/\/www.copealcoy.es\/wp-content\/uploads\/2024\/03\/0-4.jpg\" class=\"attachment-full size-full\" alt=\"\" srcset=\"https:\/\/www.copealcoy.es\/wp-content\/uploads\/2024\/03\/0-4.jpg 924w, https:\/\/www.copealcoy.es\/wp-content\/uploads\/2024\/03\/0-4-768x576.jpg 768w\" sizes=\"auto, (max-width: 924px) 100vw, 924px\" \/><\/a>\n\t\t\t<\/div><\/figure><figure class='gallery-item'>\n\t\t\t<div class='gallery-icon landscape'>\n\t\t\t\t<a href='https:\/\/www.copealcoy.es\/es\/els-nanos-no-faltan-a-su-cita-anual-con-el-barrio-del-raval-de-cocentaina\/img_2334\/'><img loading=\"lazy\" decoding=\"async\" width=\"1440\" height=\"1080\" src=\"https:\/\/www.copealcoy.es\/wp-content\/uploads\/2024\/03\/IMG_2334-scaled.jpg\" class=\"attachment-full size-full\" alt=\"\" srcset=\"https:\/\/www.copealcoy.es\/wp-content\/uploads\/2024\/03\/IMG_2334-scaled.jpg 1440w, https:\/\/www.copealcoy.es\/wp-content\/uploads\/2024\/03\/IMG_2334-768x576.jpg 768w, https:\/\/www.copealcoy.es\/wp-content\/uploads\/2024\/03\/IMG_2334-1536x1152.jpg 1536w, https:\/\/www.copealcoy.es\/wp-content\/uploads\/2024\/03\/IMG_2334-2048x1536.jpg 2048w\" sizes=\"auto, (max-width: 1440px) 100vw, 1440px\" \/><\/a>\n\t\t\t<\/div><\/figure><figure class='gallery-item'>\n\t\t\t<div class='gallery-icon landscape'>\n\t\t\t\t<a href='https:\/\/www.copealcoy.es\/es\/els-nanos-no-faltan-a-su-cita-anual-con-el-barrio-del-raval-de-cocentaina\/img_2307\/'><img loading=\"lazy\" decoding=\"async\" width=\"1440\" height=\"1080\" src=\"https:\/\/www.copealcoy.es\/wp-content\/uploads\/2024\/03\/IMG_2307-scaled.jpg\" class=\"attachment-full size-full\" alt=\"\" srcset=\"https:\/\/www.copealcoy.es\/wp-content\/uploads\/2024\/03\/IMG_2307-scaled.jpg 1440w, https:\/\/www.copealcoy.es\/wp-content\/uploads\/2024\/03\/IMG_2307-768x576.jpg 768w, https:\/\/www.copealcoy.es\/wp-content\/uploads\/2024\/03\/IMG_2307-1536x1152.jpg 1536w, https:\/\/www.copealcoy.es\/wp-content\/uploads\/2024\/03\/IMG_2307-2048x1536.jpg 2048w\" sizes=\"auto, (max-width: 1440px) 100vw, 1440px\" \/><\/a>\n\t\t\t<\/div><\/figure><figure class='gallery-item'>\n\t\t\t<div class='gallery-icon landscape'>\n\t\t\t\t<a href='https:\/\/www.copealcoy.es\/es\/els-nanos-no-faltan-a-su-cita-anual-con-el-barrio-del-raval-de-cocentaina\/0-3-2\/'><img loading=\"lazy\" decoding=\"async\" width=\"924\" height=\"693\" src=\"https:\/\/www.copealcoy.es\/wp-content\/uploads\/2024\/03\/0-3.jpg\" class=\"attachment-full size-full\" alt=\"\" srcset=\"https:\/\/www.copealcoy.es\/wp-content\/uploads\/2024\/03\/0-3.jpg 924w, https:\/\/www.copealcoy.es\/wp-content\/uploads\/2024\/03\/0-3-768x576.jpg 768w\" sizes=\"auto, (max-width: 924px) 100vw, 924px\" \/><\/a>\n\t\t\t<\/div><\/figure><figure class='gallery-item'>\n\t\t\t<div class='gallery-icon landscape'>\n\t\t\t\t<a href='https:\/\/www.copealcoy.es\/es\/els-nanos-no-faltan-a-su-cita-anual-con-el-barrio-del-raval-de-cocentaina\/0-2-3\/'><img loading=\"lazy\" decoding=\"async\" width=\"924\" height=\"693\" src=\"https:\/\/www.copealcoy.es\/wp-content\/uploads\/2024\/03\/0-2.jpg\" class=\"attachment-full size-full\" alt=\"\" srcset=\"https:\/\/www.copealcoy.es\/wp-content\/uploads\/2024\/03\/0-2.jpg 924w, https:\/\/www.copealcoy.es\/wp-content\/uploads\/2024\/03\/0-2-768x576.jpg 768w\" sizes=\"auto, (max-width: 924px) 100vw, 924px\" \/><\/a>\n\t\t\t<\/div><\/figure><figure class='gallery-item'>\n\t\t\t<div class='gallery-icon landscape'>\n\t\t\t\t<a href='https:\/\/www.copealcoy.es\/es\/els-nanos-no-faltan-a-su-cita-anual-con-el-barrio-del-raval-de-cocentaina\/0-1-4\/'><img loading=\"lazy\" decoding=\"async\" width=\"924\" height=\"693\" src=\"https:\/\/www.copealcoy.es\/wp-content\/uploads\/2024\/03\/0-1-1.jpg\" class=\"attachment-full size-full\" alt=\"\" srcset=\"https:\/\/www.copealcoy.es\/wp-content\/uploads\/2024\/03\/0-1-1.jpg 924w, https:\/\/www.copealcoy.es\/wp-content\/uploads\/2024\/03\/0-1-1-768x576.jpg 768w\" sizes=\"auto, (max-width: 924px) 100vw, 924px\" \/><\/a>\n\t\t\t<\/div><\/figure>\n\t\t<\/div>\n\n","protected":false},"excerpt":{"rendered":"<p>Es tercer mi\u00e9rcoles de Cuaresma y en una jornada como esta Cocentaina vive una de sus tradiciones m\u00e1s arraigadas, la&#8230;<\/p>\n","protected":false},"author":1,"featured_media":130230,"comment_status":"open","ping_status":"open","sticky":false,"template":"","format":"standard","meta":{"footnotes":""},"categories":[6909,98,75],"tags":[132,3820,2092,2042,447],"class_list":["post-130201","post","type-post","status-publish","format-standard","has-post-thumbnail","hentry","category-actualidad","category-comarcas","category-noticias","tag-cocentaina","tag-festa-dels-nanos","tag-jordi-pla","tag-marcela-richart","tag-tradiciones"],"yoast_head":"<!-- This site is optimized with the Yoast SEO plugin v27.3 - https:\/\/yoast.com\/product\/yoast-seo-wordpress\/ -->\n<title>&#039;Els Nanos&#039; no faltan a su cita anual con el barrio del Raval de Cocentaina - COPE Alcoy<\/title>\n<meta name=\"robots\" content=\"index, follow, max-snippet:-1, max-image-preview:large, max-video-preview:-1\" \/>\n<link rel=\"canonical\" href=\"https:\/\/www.copealcoy.es\/es\/els-nanos-no-faltan-a-su-cita-anual-con-el-barrio-del-raval-de-cocentaina\/\" \/>\n<meta property=\"og:locale\" content=\"es_ES\" \/>\n<meta property=\"og:type\" content=\"article\" \/>\n<meta property=\"og:title\" content=\"&#039;Els Nanos&#039; no faltan a su cita anual con el barrio del Raval de Cocentaina - COPE Alcoy\" \/>\n<meta property=\"og:description\" content=\"Es tercer mi\u00e9rcoles de Cuaresma y en una jornada como esta Cocentaina vive una de sus tradiciones m\u00e1s arraigadas, la...\" \/>\n<meta property=\"og:url\" content=\"https:\/\/www.copealcoy.es\/es\/els-nanos-no-faltan-a-su-cita-anual-con-el-barrio-del-raval-de-cocentaina\/\" \/>\n<meta property=\"og:site_name\" content=\"COPE Alcoy\" \/>\n<meta property=\"article:published_time\" content=\"2024-03-06T15:10:33+00:00\" \/>\n<meta property=\"article:modified_time\" content=\"2024-03-06T15:50:49+00:00\" \/>\n<meta property=\"og:image\" content=\"https:\/\/www.copealcoy.es\/wp-content\/uploads\/2024\/03\/0-5.jpg\" \/>\n\t<meta property=\"og:image:width\" content=\"845\" \/>\n\t<meta property=\"og:image:height\" content=\"507\" \/>\n\t<meta property=\"og:image:type\" content=\"image\/jpeg\" \/>\n<meta name=\"author\" content=\"Cope Alcoy\" \/>\n<meta name=\"twitter:label1\" content=\"Escrito por\" \/>\n\t<meta name=\"twitter:data1\" content=\"Cope Alcoy\" \/>\n\t<meta name=\"twitter:label2\" content=\"Tiempo de lectura\" \/>\n\t<meta name=\"twitter:data2\" content=\"2 minutos\" \/>\n<script type=\"application\/ld+json\" class=\"yoast-schema-graph\">{\"@context\":\"https:\\\/\\\/schema.org\",\"@graph\":[{\"@type\":\"Article\",\"@id\":\"https:\\\/\\\/www.copealcoy.es\\\/es\\\/els-nanos-no-faltan-a-su-cita-anual-con-el-barrio-del-raval-de-cocentaina\\\/#article\",\"isPartOf\":{\"@id\":\"https:\\\/\\\/www.copealcoy.es\\\/es\\\/els-nanos-no-faltan-a-su-cita-anual-con-el-barrio-del-raval-de-cocentaina\\\/\"},\"author\":{\"name\":\"Cope Alcoy\",\"@id\":\"https:\\\/\\\/www.copealcoy.es\\\/es\\\/#\\\/schema\\\/person\\\/e777c87fa024e57d40170af9df39882c\"},\"headline\":\"&#8216;Els Nanos&#8217; no faltan a su cita anual con el barrio del Raval de Cocentaina\",\"datePublished\":\"2024-03-06T15:10:33+00:00\",\"dateModified\":\"2024-03-06T15:50:49+00:00\",\"mainEntityOfPage\":{\"@id\":\"https:\\\/\\\/www.copealcoy.es\\\/es\\\/els-nanos-no-faltan-a-su-cita-anual-con-el-barrio-del-raval-de-cocentaina\\\/\"},\"wordCount\":423,\"commentCount\":0,\"image\":{\"@id\":\"https:\\\/\\\/www.copealcoy.es\\\/es\\\/els-nanos-no-faltan-a-su-cita-anual-con-el-barrio-del-raval-de-cocentaina\\\/#primaryimage\"},\"thumbnailUrl\":\"https:\\\/\\\/www.copealcoy.es\\\/wp-content\\\/uploads\\\/2024\\\/03\\\/0-5.jpg\",\"keywords\":[\"Cocentaina\",\"Festa dels Nanos\",\"Jordi Pla\",\"Marcela Richart\",\"Tradiciones\"],\"articleSection\":[\"Actualidad\",\"Comarcas\",\"Noticias\"],\"inLanguage\":\"es\"},{\"@type\":\"WebPage\",\"@id\":\"https:\\\/\\\/www.copealcoy.es\\\/es\\\/els-nanos-no-faltan-a-su-cita-anual-con-el-barrio-del-raval-de-cocentaina\\\/\",\"url\":\"https:\\\/\\\/www.copealcoy.es\\\/es\\\/els-nanos-no-faltan-a-su-cita-anual-con-el-barrio-del-raval-de-cocentaina\\\/\",\"name\":\"'Els Nanos' no faltan a su cita anual con el barrio del Raval de Cocentaina - COPE Alcoy\",\"isPartOf\":{\"@id\":\"https:\\\/\\\/www.copealcoy.es\\\/es\\\/#website\"},\"primaryImageOfPage\":{\"@id\":\"https:\\\/\\\/www.copealcoy.es\\\/es\\\/els-nanos-no-faltan-a-su-cita-anual-con-el-barrio-del-raval-de-cocentaina\\\/#primaryimage\"},\"image\":{\"@id\":\"https:\\\/\\\/www.copealcoy.es\\\/es\\\/els-nanos-no-faltan-a-su-cita-anual-con-el-barrio-del-raval-de-cocentaina\\\/#primaryimage\"},\"thumbnailUrl\":\"https:\\\/\\\/www.copealcoy.es\\\/wp-content\\\/uploads\\\/2024\\\/03\\\/0-5.jpg\",\"datePublished\":\"2024-03-06T15:10:33+00:00\",\"dateModified\":\"2024-03-06T15:50:49+00:00\",\"author\":{\"@id\":\"https:\\\/\\\/www.copealcoy.es\\\/es\\\/#\\\/schema\\\/person\\\/e777c87fa024e57d40170af9df39882c\"},\"breadcrumb\":{\"@id\":\"https:\\\/\\\/www.copealcoy.es\\\/es\\\/els-nanos-no-faltan-a-su-cita-anual-con-el-barrio-del-raval-de-cocentaina\\\/#breadcrumb\"},\"inLanguage\":\"es\",\"potentialAction\":[{\"@type\":\"ReadAction\",\"target\":[\"https:\\\/\\\/www.copealcoy.es\\\/es\\\/els-nanos-no-faltan-a-su-cita-anual-con-el-barrio-del-raval-de-cocentaina\\\/\"]}]},{\"@type\":\"ImageObject\",\"inLanguage\":\"es\",\"@id\":\"https:\\\/\\\/www.copealcoy.es\\\/es\\\/els-nanos-no-faltan-a-su-cita-anual-con-el-barrio-del-raval-de-cocentaina\\\/#primaryimage\",\"url\":\"https:\\\/\\\/www.copealcoy.es\\\/wp-content\\\/uploads\\\/2024\\\/03\\\/0-5.jpg\",\"contentUrl\":\"https:\\\/\\\/www.copealcoy.es\\\/wp-content\\\/uploads\\\/2024\\\/03\\\/0-5.jpg\",\"width\":845,\"height\":507},{\"@type\":\"BreadcrumbList\",\"@id\":\"https:\\\/\\\/www.copealcoy.es\\\/es\\\/els-nanos-no-faltan-a-su-cita-anual-con-el-barrio-del-raval-de-cocentaina\\\/#breadcrumb\",\"itemListElement\":[{\"@type\":\"ListItem\",\"position\":1,\"name\":\"Portada\",\"item\":\"https:\\\/\\\/www.copealcoy.es\\\/es\\\/\"},{\"@type\":\"ListItem\",\"position\":2,\"name\":\"&#8216;Els Nanos&#8217; no faltan a su cita anual con el barrio del Raval de Cocentaina\"}]},{\"@type\":\"WebSite\",\"@id\":\"https:\\\/\\\/www.copealcoy.es\\\/es\\\/#website\",\"url\":\"https:\\\/\\\/www.copealcoy.es\\\/es\\\/\",\"name\":\"COPE Alcoy\",\"description\":\"Emisora COPE de radio local con emisi\u00f3n online. Pont de Sant Jordi 8-10 03803 Alcoy\",\"potentialAction\":[{\"@type\":\"SearchAction\",\"target\":{\"@type\":\"EntryPoint\",\"urlTemplate\":\"https:\\\/\\\/www.copealcoy.es\\\/es\\\/?s={search_term_string}\"},\"query-input\":{\"@type\":\"PropertyValueSpecification\",\"valueRequired\":true,\"valueName\":\"search_term_string\"}}],\"inLanguage\":\"es\"},{\"@type\":\"Person\",\"@id\":\"https:\\\/\\\/www.copealcoy.es\\\/es\\\/#\\\/schema\\\/person\\\/e777c87fa024e57d40170af9df39882c\",\"name\":\"Cope Alcoy\",\"image\":{\"@type\":\"ImageObject\",\"inLanguage\":\"es\",\"@id\":\"https:\\\/\\\/secure.gravatar.com\\\/avatar\\\/bb65d0283347e303893ba14f0692005417c1e0e690a325a4c5d8bb2b3943ee14?s=96&d=mm&r=g\",\"url\":\"https:\\\/\\\/secure.gravatar.com\\\/avatar\\\/bb65d0283347e303893ba14f0692005417c1e0e690a325a4c5d8bb2b3943ee14?s=96&d=mm&r=g\",\"contentUrl\":\"https:\\\/\\\/secure.gravatar.com\\\/avatar\\\/bb65d0283347e303893ba14f0692005417c1e0e690a325a4c5d8bb2b3943ee14?s=96&d=mm&r=g\",\"caption\":\"Cope Alcoy\"}}]}<\/script>\n<!-- \/ Yoast SEO plugin. -->","yoast_head_json":{"title":"'Els Nanos' no faltan a su cita anual con el barrio del Raval de Cocentaina - COPE Alcoy","robots":{"index":"index","follow":"follow","max-snippet":"max-snippet:-1","max-image-preview":"max-image-preview:large","max-video-preview":"max-video-preview:-1"},"canonical":"https:\/\/www.copealcoy.es\/es\/els-nanos-no-faltan-a-su-cita-anual-con-el-barrio-del-raval-de-cocentaina\/","og_locale":"es_ES","og_type":"article","og_title":"'Els Nanos' no faltan a su cita anual con el barrio del Raval de Cocentaina - COPE Alcoy","og_description":"Es tercer mi\u00e9rcoles de Cuaresma y en una jornada como esta Cocentaina vive una de sus tradiciones m\u00e1s arraigadas, la...","og_url":"https:\/\/www.copealcoy.es\/es\/els-nanos-no-faltan-a-su-cita-anual-con-el-barrio-del-raval-de-cocentaina\/","og_site_name":"COPE Alcoy","article_published_time":"2024-03-06T15:10:33+00:00","article_modified_time":"2024-03-06T15:50:49+00:00","og_image":[{"width":845,"height":507,"url":"https:\/\/www.copealcoy.es\/wp-content\/uploads\/2024\/03\/0-5.jpg","type":"image\/jpeg"}],"author":"Cope Alcoy","twitter_misc":{"Escrito por":"Cope Alcoy","Tiempo de lectura":"2 minutos"},"schema":{"@context":"https:\/\/schema.org","@graph":[{"@type":"Article","@id":"https:\/\/www.copealcoy.es\/es\/els-nanos-no-faltan-a-su-cita-anual-con-el-barrio-del-raval-de-cocentaina\/#article","isPartOf":{"@id":"https:\/\/www.copealcoy.es\/es\/els-nanos-no-faltan-a-su-cita-anual-con-el-barrio-del-raval-de-cocentaina\/"},"author":{"name":"Cope Alcoy","@id":"https:\/\/www.copealcoy.es\/es\/#\/schema\/person\/e777c87fa024e57d40170af9df39882c"},"headline":"&#8216;Els Nanos&#8217; no faltan a su cita anual con el barrio del Raval de Cocentaina","datePublished":"2024-03-06T15:10:33+00:00","dateModified":"2024-03-06T15:50:49+00:00","mainEntityOfPage":{"@id":"https:\/\/www.copealcoy.es\/es\/els-nanos-no-faltan-a-su-cita-anual-con-el-barrio-del-raval-de-cocentaina\/"},"wordCount":423,"commentCount":0,"image":{"@id":"https:\/\/www.copealcoy.es\/es\/els-nanos-no-faltan-a-su-cita-anual-con-el-barrio-del-raval-de-cocentaina\/#primaryimage"},"thumbnailUrl":"https:\/\/www.copealcoy.es\/wp-content\/uploads\/2024\/03\/0-5.jpg","keywords":["Cocentaina","Festa dels Nanos","Jordi Pla","Marcela Richart","Tradiciones"],"articleSection":["Actualidad","Comarcas","Noticias"],"inLanguage":"es"},{"@type":"WebPage","@id":"https:\/\/www.copealcoy.es\/es\/els-nanos-no-faltan-a-su-cita-anual-con-el-barrio-del-raval-de-cocentaina\/","url":"https:\/\/www.copealcoy.es\/es\/els-nanos-no-faltan-a-su-cita-anual-con-el-barrio-del-raval-de-cocentaina\/","name":"'Els Nanos' no faltan a su cita anual con el barrio del Raval de Cocentaina - COPE Alcoy","isPartOf":{"@id":"https:\/\/www.copealcoy.es\/es\/#website"},"primaryImageOfPage":{"@id":"https:\/\/www.copealcoy.es\/es\/els-nanos-no-faltan-a-su-cita-anual-con-el-barrio-del-raval-de-cocentaina\/#primaryimage"},"image":{"@id":"https:\/\/www.copealcoy.es\/es\/els-nanos-no-faltan-a-su-cita-anual-con-el-barrio-del-raval-de-cocentaina\/#primaryimage"},"thumbnailUrl":"https:\/\/www.copealcoy.es\/wp-content\/uploads\/2024\/03\/0-5.jpg","datePublished":"2024-03-06T15:10:33+00:00","dateModified":"2024-03-06T15:50:49+00:00","author":{"@id":"https:\/\/www.copealcoy.es\/es\/#\/schema\/person\/e777c87fa024e57d40170af9df39882c"},"breadcrumb":{"@id":"https:\/\/www.copealcoy.es\/es\/els-nanos-no-faltan-a-su-cita-anual-con-el-barrio-del-raval-de-cocentaina\/#breadcrumb"},"inLanguage":"es","potentialAction":[{"@type":"ReadAction","target":["https:\/\/www.copealcoy.es\/es\/els-nanos-no-faltan-a-su-cita-anual-con-el-barrio-del-raval-de-cocentaina\/"]}]},{"@type":"ImageObject","inLanguage":"es","@id":"https:\/\/www.copealcoy.es\/es\/els-nanos-no-faltan-a-su-cita-anual-con-el-barrio-del-raval-de-cocentaina\/#primaryimage","url":"https:\/\/www.copealcoy.es\/wp-content\/uploads\/2024\/03\/0-5.jpg","contentUrl":"https:\/\/www.copealcoy.es\/wp-content\/uploads\/2024\/03\/0-5.jpg","width":845,"height":507},{"@type":"BreadcrumbList","@id":"https:\/\/www.copealcoy.es\/es\/els-nanos-no-faltan-a-su-cita-anual-con-el-barrio-del-raval-de-cocentaina\/#breadcrumb","itemListElement":[{"@type":"ListItem","position":1,"name":"Portada","item":"https:\/\/www.copealcoy.es\/es\/"},{"@type":"ListItem","position":2,"name":"&#8216;Els Nanos&#8217; no faltan a su cita anual con el barrio del Raval de Cocentaina"}]},{"@type":"WebSite","@id":"https:\/\/www.copealcoy.es\/es\/#website","url":"https:\/\/www.copealcoy.es\/es\/","name":"COPE Alcoy","description":"Emisora COPE de radio local con emisi\u00f3n online. Pont de Sant Jordi 8-10 03803 Alcoy","potentialAction":[{"@type":"SearchAction","target":{"@type":"EntryPoint","urlTemplate":"https:\/\/www.copealcoy.es\/es\/?s={search_term_string}"},"query-input":{"@type":"PropertyValueSpecification","valueRequired":true,"valueName":"search_term_string"}}],"inLanguage":"es"},{"@type":"Person","@id":"https:\/\/www.copealcoy.es\/es\/#\/schema\/person\/e777c87fa024e57d40170af9df39882c","name":"Cope Alcoy","image":{"@type":"ImageObject","inLanguage":"es","@id":"https:\/\/secure.gravatar.com\/avatar\/bb65d0283347e303893ba14f0692005417c1e0e690a325a4c5d8bb2b3943ee14?s=96&d=mm&r=g","url":"https:\/\/secure.gravatar.com\/avatar\/bb65d0283347e303893ba14f0692005417c1e0e690a325a4c5d8bb2b3943ee14?s=96&d=mm&r=g","contentUrl":"https:\/\/secure.gravatar.com\/avatar\/bb65d0283347e303893ba14f0692005417c1e0e690a325a4c5d8bb2b3943ee14?s=96&d=mm&r=g","caption":"Cope Alcoy"}}]}},"_links":{"self":[{"href":"https:\/\/www.copealcoy.es\/es\/wp-json\/wp\/v2\/posts\/130201","targetHints":{"allow":["GET"]}}],"collection":[{"href":"https:\/\/www.copealcoy.es\/es\/wp-json\/wp\/v2\/posts"}],"about":[{"href":"https:\/\/www.copealcoy.es\/es\/wp-json\/wp\/v2\/types\/post"}],"author":[{"embeddable":true,"href":"https:\/\/www.copealcoy.es\/es\/wp-json\/wp\/v2\/users\/1"}],"replies":[{"embeddable":true,"href":"https:\/\/www.copealcoy.es\/es\/wp-json\/wp\/v2\/comments?post=130201"}],"version-history":[{"count":0,"href":"https:\/\/www.copealcoy.es\/es\/wp-json\/wp\/v2\/posts\/130201\/revisions"}],"wp:featuredmedia":[{"embeddable":true,"href":"https:\/\/www.copealcoy.es\/es\/wp-json\/wp\/v2\/media\/130230"}],"wp:attachment":[{"href":"https:\/\/www.copealcoy.es\/es\/wp-json\/wp\/v2\/media?parent=130201"}],"wp:term":[{"taxonomy":"category","embeddable":true,"href":"https:\/\/www.copealcoy.es\/es\/wp-json\/wp\/v2\/categories?post=130201"},{"taxonomy":"post_tag","embeddable":true,"href":"https:\/\/www.copealcoy.es\/es\/wp-json\/wp\/v2\/tags?post=130201"}],"curies":[{"name":"wp","href":"https:\/\/api.w.org\/{rel}","templated":true}]}}