{"id":130130,"date":"2024-03-06T08:10:11","date_gmt":"2024-03-06T07:10:11","guid":{"rendered":"https:\/\/www.copealcoy.es\/?p=130130"},"modified":"2024-03-06T16:20:24","modified_gmt":"2024-03-06T15:20:24","slug":"arranca-la-construccion-de-18-viviendas-intergeneracionales-para-regenerar-el-partidor","status":"publish","type":"post","link":"https:\/\/www.copealcoy.es\/es\/arranca-la-construccion-de-18-viviendas-intergeneracionales-para-regenerar-el-partidor\/","title":{"rendered":"Arranca la construcci\u00f3n de 18 viviendas intergeneracionales para regenerar El Partidor"},"content":{"rendered":"<p style=\"text-align: justify;\"><strong>Regenerar el barrio del Partidor<\/strong>\u00a0de Alcoy es uno de los objetivos que se persiguen desde hace unos a\u00f1os y ahora\u00a0<strong>se da un nuevo paso hacia adelante<\/strong>\u00a0en un proyecto del que\u00a0<span style=\"color: #0000ff;\"><a style=\"color: #0000ff;\" href=\"https:\/\/www.copealcoy.es\/el-psoe-apuesta-por-la-revitalizacion-de-el-partidor\/\" target=\"_blank\" rel=\"noopener\"><strong>ya hablaba el Partido Socialista<\/strong><\/a>\u00a0<\/span>en la campa\u00f1a para las Elecciones Municipales de 2019. Y es que <strong>ha comenzado ya la\u00a0construcci\u00f3n de un edificio de 18 viviendas intergeneracionales<\/strong> en el barrio de El Partidor, en concreto en Sant Mateu 102 y 104, placeta Les Eres. Los trabajos, que han sido adjudicados por 1.984.844,53 euros (IVA incluido), incluyen adem\u00e1s los equipamientos y jardines privados para los usuarios, as\u00ed como locales y jardines de uso p\u00fablico para el barrio.<\/p>\n<p style=\"text-align: justify;\">El inmueble que se ha previsto en la zona\u00a0<strong>contar\u00eda con alojamientos para j\u00f3venes y personas de edad avanzada<\/strong>\u00a0al igual que\u00a0<strong>se ha previsto habilitar espacios comunes y jardines<\/strong>. Adem\u00e1s,\u00a0<strong>la planta baja tendr\u00e1 espacios accesibles a los vecinos del barrio<\/strong> mediante entrada controlada &#8220;se trata de unas obras muy reivindicadas por la ciudadan\u00eda en general y especialmente por los vecinos de El Partidor. Con este proyecto, adem\u00e1s de mejorar la calidad del espacio y contribuir a la regeneraci\u00f3n del barrio, pretendemos dotar de oportunidades y mayor calidad de vida tanto a j\u00f3venes como a personas mayores, colectivos que ser\u00e1n los principales beneficiarios&#8221;, destaca la concejala de Vivienda; Tere Sanju\u00e1n.<\/p>\n<p style=\"text-align: justify;\">La construcci\u00f3n\u00a0<strong>apostar\u00e1 por cuestiones como la sostenibilidad<\/strong>\u00a0y\u00a0<strong>servir\u00e1 para consolidar un entorno del casco hist\u00f3rico de Alcoy<\/strong>\u00a0que ha sufrido una importante degradaci\u00f3n en los \u00faltimos a\u00f1os. De igual forma\u00a0<strong>fomentar\u00e1 la relaci\u00f3n vecinal y la vida aut\u00f3noma<\/strong>\u00a0al igual que se tendr\u00e1 en cuenta el\u00a0<strong>refuerzo de la accesibilidad\u00a0en los alojamientos as\u00ed como en zonas comunes del edificio<\/strong>. Recordar que el\u00a0<strong>presupuesto base de licitaci\u00f3n<\/strong>\u00a0es de 2.025.351,56 euros y el plazo de ejecuci\u00f3n de 21 meses. Finalmente el proyecto\u00a0<strong>cuenta con una ayuda<\/strong> de 810.000\u20ac dentro del marco del Programa de Fomento de la Regeneraci\u00f3n y Renovaci\u00f3n urbana y rural (ARRUR) del Plan Estatal de Vivienda 2018-2021. Esta cantidad, seg\u00fan informa el Consistorio, ha servido para financiar parte de los honorarios y de las obra.<\/p>\n","protected":false},"excerpt":{"rendered":"<p>Regenerar el barrio del Partidor\u00a0de Alcoy es uno de los objetivos que se persiguen desde hace unos a\u00f1os y ahora\u00a0se&#8230;<\/p>\n","protected":false},"author":1,"featured_media":130131,"comment_status":"open","ping_status":"open","sticky":false,"template":"","format":"standard","meta":{"footnotes":""},"categories":[6909,97,75],"tags":[],"class_list":["post-130130","post","type-post","status-publish","format-standard","has-post-thumbnail","hentry","category-actualidad","category-alcoy","category-noticias"],"yoast_head":"<!-- This site is optimized with the Yoast SEO plugin v27.3 - https:\/\/yoast.com\/product\/yoast-seo-wordpress\/ -->\n<title>Arranca la construcci\u00f3n de 18 viviendas intergeneracionales para regenerar El Partidor - COPE Alcoy<\/title>\n<meta name=\"robots\" content=\"index, follow, max-snippet:-1, max-image-preview:large, max-video-preview:-1\" \/>\n<link rel=\"canonical\" href=\"https:\/\/www.copealcoy.es\/es\/arranca-la-construccion-de-18-viviendas-intergeneracionales-para-regenerar-el-partidor\/\" \/>\n<meta property=\"og:locale\" content=\"es_ES\" \/>\n<meta property=\"og:type\" content=\"article\" \/>\n<meta property=\"og:title\" content=\"Arranca la construcci\u00f3n de 18 viviendas intergeneracionales para regenerar El Partidor - COPE Alcoy\" \/>\n<meta property=\"og:description\" content=\"Regenerar el barrio del Partidor\u00a0de Alcoy es uno de los objetivos que se persiguen desde hace unos a\u00f1os y ahora\u00a0se...\" \/>\n<meta property=\"og:url\" content=\"https:\/\/www.copealcoy.es\/es\/arranca-la-construccion-de-18-viviendas-intergeneracionales-para-regenerar-el-partidor\/\" \/>\n<meta property=\"og:site_name\" content=\"COPE Alcoy\" \/>\n<meta property=\"article:published_time\" content=\"2024-03-06T07:10:11+00:00\" \/>\n<meta property=\"article:modified_time\" content=\"2024-03-06T15:20:24+00:00\" \/>\n<meta property=\"og:image\" content=\"https:\/\/www.copealcoy.es\/wp-content\/uploads\/2024\/03\/Obras-Sant-Mateu-2.jpg_1612302774.jpg\" \/>\n\t<meta property=\"og:image:width\" content=\"625\" \/>\n\t<meta property=\"og:image:height\" content=\"352\" \/>\n\t<meta property=\"og:image:type\" content=\"image\/jpeg\" \/>\n<meta name=\"author\" content=\"Cope Alcoy\" \/>\n<meta name=\"twitter:label1\" content=\"Escrito por\" \/>\n\t<meta name=\"twitter:data1\" content=\"Cope Alcoy\" \/>\n\t<meta name=\"twitter:label2\" content=\"Tiempo de lectura\" \/>\n\t<meta name=\"twitter:data2\" content=\"2 minutos\" \/>\n<script type=\"application\/ld+json\" class=\"yoast-schema-graph\">{\"@context\":\"https:\\\/\\\/schema.org\",\"@graph\":[{\"@type\":\"Article\",\"@id\":\"https:\\\/\\\/www.copealcoy.es\\\/es\\\/arranca-la-construccion-de-18-viviendas-intergeneracionales-para-regenerar-el-partidor\\\/#article\",\"isPartOf\":{\"@id\":\"https:\\\/\\\/www.copealcoy.es\\\/es\\\/arranca-la-construccion-de-18-viviendas-intergeneracionales-para-regenerar-el-partidor\\\/\"},\"author\":{\"name\":\"Cope Alcoy\",\"@id\":\"https:\\\/\\\/www.copealcoy.es\\\/es\\\/#\\\/schema\\\/person\\\/e777c87fa024e57d40170af9df39882c\"},\"headline\":\"Arranca la construcci\u00f3n de 18 viviendas intergeneracionales para regenerar El Partidor\",\"datePublished\":\"2024-03-06T07:10:11+00:00\",\"dateModified\":\"2024-03-06T15:20:24+00:00\",\"mainEntityOfPage\":{\"@id\":\"https:\\\/\\\/www.copealcoy.es\\\/es\\\/arranca-la-construccion-de-18-viviendas-intergeneracionales-para-regenerar-el-partidor\\\/\"},\"wordCount\":380,\"commentCount\":0,\"image\":{\"@id\":\"https:\\\/\\\/www.copealcoy.es\\\/es\\\/arranca-la-construccion-de-18-viviendas-intergeneracionales-para-regenerar-el-partidor\\\/#primaryimage\"},\"thumbnailUrl\":\"https:\\\/\\\/www.copealcoy.es\\\/wp-content\\\/uploads\\\/2024\\\/03\\\/Obras-Sant-Mateu-2.jpg_1612302774.jpg\",\"articleSection\":[\"Actualidad\",\"Alcoy\",\"Noticias\"],\"inLanguage\":\"es\"},{\"@type\":\"WebPage\",\"@id\":\"https:\\\/\\\/www.copealcoy.es\\\/es\\\/arranca-la-construccion-de-18-viviendas-intergeneracionales-para-regenerar-el-partidor\\\/\",\"url\":\"https:\\\/\\\/www.copealcoy.es\\\/es\\\/arranca-la-construccion-de-18-viviendas-intergeneracionales-para-regenerar-el-partidor\\\/\",\"name\":\"Arranca la construcci\u00f3n de 18 viviendas intergeneracionales para regenerar El Partidor - COPE Alcoy\",\"isPartOf\":{\"@id\":\"https:\\\/\\\/www.copealcoy.es\\\/es\\\/#website\"},\"primaryImageOfPage\":{\"@id\":\"https:\\\/\\\/www.copealcoy.es\\\/es\\\/arranca-la-construccion-de-18-viviendas-intergeneracionales-para-regenerar-el-partidor\\\/#primaryimage\"},\"image\":{\"@id\":\"https:\\\/\\\/www.copealcoy.es\\\/es\\\/arranca-la-construccion-de-18-viviendas-intergeneracionales-para-regenerar-el-partidor\\\/#primaryimage\"},\"thumbnailUrl\":\"https:\\\/\\\/www.copealcoy.es\\\/wp-content\\\/uploads\\\/2024\\\/03\\\/Obras-Sant-Mateu-2.jpg_1612302774.jpg\",\"datePublished\":\"2024-03-06T07:10:11+00:00\",\"dateModified\":\"2024-03-06T15:20:24+00:00\",\"author\":{\"@id\":\"https:\\\/\\\/www.copealcoy.es\\\/es\\\/#\\\/schema\\\/person\\\/e777c87fa024e57d40170af9df39882c\"},\"breadcrumb\":{\"@id\":\"https:\\\/\\\/www.copealcoy.es\\\/es\\\/arranca-la-construccion-de-18-viviendas-intergeneracionales-para-regenerar-el-partidor\\\/#breadcrumb\"},\"inLanguage\":\"es\",\"potentialAction\":[{\"@type\":\"ReadAction\",\"target\":[\"https:\\\/\\\/www.copealcoy.es\\\/es\\\/arranca-la-construccion-de-18-viviendas-intergeneracionales-para-regenerar-el-partidor\\\/\"]}]},{\"@type\":\"ImageObject\",\"inLanguage\":\"es\",\"@id\":\"https:\\\/\\\/www.copealcoy.es\\\/es\\\/arranca-la-construccion-de-18-viviendas-intergeneracionales-para-regenerar-el-partidor\\\/#primaryimage\",\"url\":\"https:\\\/\\\/www.copealcoy.es\\\/wp-content\\\/uploads\\\/2024\\\/03\\\/Obras-Sant-Mateu-2.jpg_1612302774.jpg\",\"contentUrl\":\"https:\\\/\\\/www.copealcoy.es\\\/wp-content\\\/uploads\\\/2024\\\/03\\\/Obras-Sant-Mateu-2.jpg_1612302774.jpg\",\"width\":625,\"height\":352},{\"@type\":\"BreadcrumbList\",\"@id\":\"https:\\\/\\\/www.copealcoy.es\\\/es\\\/arranca-la-construccion-de-18-viviendas-intergeneracionales-para-regenerar-el-partidor\\\/#breadcrumb\",\"itemListElement\":[{\"@type\":\"ListItem\",\"position\":1,\"name\":\"Portada\",\"item\":\"https:\\\/\\\/www.copealcoy.es\\\/es\\\/\"},{\"@type\":\"ListItem\",\"position\":2,\"name\":\"Arranca la construcci\u00f3n de 18 viviendas intergeneracionales para regenerar El Partidor\"}]},{\"@type\":\"WebSite\",\"@id\":\"https:\\\/\\\/www.copealcoy.es\\\/es\\\/#website\",\"url\":\"https:\\\/\\\/www.copealcoy.es\\\/es\\\/\",\"name\":\"COPE Alcoy\",\"description\":\"Emisora COPE de radio local con emisi\u00f3n online. Pont de Sant Jordi 8-10 03803 Alcoy\",\"potentialAction\":[{\"@type\":\"SearchAction\",\"target\":{\"@type\":\"EntryPoint\",\"urlTemplate\":\"https:\\\/\\\/www.copealcoy.es\\\/es\\\/?s={search_term_string}\"},\"query-input\":{\"@type\":\"PropertyValueSpecification\",\"valueRequired\":true,\"valueName\":\"search_term_string\"}}],\"inLanguage\":\"es\"},{\"@type\":\"Person\",\"@id\":\"https:\\\/\\\/www.copealcoy.es\\\/es\\\/#\\\/schema\\\/person\\\/e777c87fa024e57d40170af9df39882c\",\"name\":\"Cope Alcoy\",\"image\":{\"@type\":\"ImageObject\",\"inLanguage\":\"es\",\"@id\":\"https:\\\/\\\/secure.gravatar.com\\\/avatar\\\/bb65d0283347e303893ba14f0692005417c1e0e690a325a4c5d8bb2b3943ee14?s=96&d=mm&r=g\",\"url\":\"https:\\\/\\\/secure.gravatar.com\\\/avatar\\\/bb65d0283347e303893ba14f0692005417c1e0e690a325a4c5d8bb2b3943ee14?s=96&d=mm&r=g\",\"contentUrl\":\"https:\\\/\\\/secure.gravatar.com\\\/avatar\\\/bb65d0283347e303893ba14f0692005417c1e0e690a325a4c5d8bb2b3943ee14?s=96&d=mm&r=g\",\"caption\":\"Cope Alcoy\"}}]}<\/script>\n<!-- \/ Yoast SEO plugin. -->","yoast_head_json":{"title":"Arranca la construcci\u00f3n de 18 viviendas intergeneracionales para regenerar El Partidor - COPE Alcoy","robots":{"index":"index","follow":"follow","max-snippet":"max-snippet:-1","max-image-preview":"max-image-preview:large","max-video-preview":"max-video-preview:-1"},"canonical":"https:\/\/www.copealcoy.es\/es\/arranca-la-construccion-de-18-viviendas-intergeneracionales-para-regenerar-el-partidor\/","og_locale":"es_ES","og_type":"article","og_title":"Arranca la construcci\u00f3n de 18 viviendas intergeneracionales para regenerar El Partidor - COPE Alcoy","og_description":"Regenerar el barrio del Partidor\u00a0de Alcoy es uno de los objetivos que se persiguen desde hace unos a\u00f1os y ahora\u00a0se...","og_url":"https:\/\/www.copealcoy.es\/es\/arranca-la-construccion-de-18-viviendas-intergeneracionales-para-regenerar-el-partidor\/","og_site_name":"COPE Alcoy","article_published_time":"2024-03-06T07:10:11+00:00","article_modified_time":"2024-03-06T15:20:24+00:00","og_image":[{"width":625,"height":352,"url":"https:\/\/www.copealcoy.es\/wp-content\/uploads\/2024\/03\/Obras-Sant-Mateu-2.jpg_1612302774.jpg","type":"image\/jpeg"}],"author":"Cope Alcoy","twitter_misc":{"Escrito por":"Cope Alcoy","Tiempo de lectura":"2 minutos"},"schema":{"@context":"https:\/\/schema.org","@graph":[{"@type":"Article","@id":"https:\/\/www.copealcoy.es\/es\/arranca-la-construccion-de-18-viviendas-intergeneracionales-para-regenerar-el-partidor\/#article","isPartOf":{"@id":"https:\/\/www.copealcoy.es\/es\/arranca-la-construccion-de-18-viviendas-intergeneracionales-para-regenerar-el-partidor\/"},"author":{"name":"Cope Alcoy","@id":"https:\/\/www.copealcoy.es\/es\/#\/schema\/person\/e777c87fa024e57d40170af9df39882c"},"headline":"Arranca la construcci\u00f3n de 18 viviendas intergeneracionales para regenerar El Partidor","datePublished":"2024-03-06T07:10:11+00:00","dateModified":"2024-03-06T15:20:24+00:00","mainEntityOfPage":{"@id":"https:\/\/www.copealcoy.es\/es\/arranca-la-construccion-de-18-viviendas-intergeneracionales-para-regenerar-el-partidor\/"},"wordCount":380,"commentCount":0,"image":{"@id":"https:\/\/www.copealcoy.es\/es\/arranca-la-construccion-de-18-viviendas-intergeneracionales-para-regenerar-el-partidor\/#primaryimage"},"thumbnailUrl":"https:\/\/www.copealcoy.es\/wp-content\/uploads\/2024\/03\/Obras-Sant-Mateu-2.jpg_1612302774.jpg","articleSection":["Actualidad","Alcoy","Noticias"],"inLanguage":"es"},{"@type":"WebPage","@id":"https:\/\/www.copealcoy.es\/es\/arranca-la-construccion-de-18-viviendas-intergeneracionales-para-regenerar-el-partidor\/","url":"https:\/\/www.copealcoy.es\/es\/arranca-la-construccion-de-18-viviendas-intergeneracionales-para-regenerar-el-partidor\/","name":"Arranca la construcci\u00f3n de 18 viviendas intergeneracionales para regenerar El Partidor - COPE Alcoy","isPartOf":{"@id":"https:\/\/www.copealcoy.es\/es\/#website"},"primaryImageOfPage":{"@id":"https:\/\/www.copealcoy.es\/es\/arranca-la-construccion-de-18-viviendas-intergeneracionales-para-regenerar-el-partidor\/#primaryimage"},"image":{"@id":"https:\/\/www.copealcoy.es\/es\/arranca-la-construccion-de-18-viviendas-intergeneracionales-para-regenerar-el-partidor\/#primaryimage"},"thumbnailUrl":"https:\/\/www.copealcoy.es\/wp-content\/uploads\/2024\/03\/Obras-Sant-Mateu-2.jpg_1612302774.jpg","datePublished":"2024-03-06T07:10:11+00:00","dateModified":"2024-03-06T15:20:24+00:00","author":{"@id":"https:\/\/www.copealcoy.es\/es\/#\/schema\/person\/e777c87fa024e57d40170af9df39882c"},"breadcrumb":{"@id":"https:\/\/www.copealcoy.es\/es\/arranca-la-construccion-de-18-viviendas-intergeneracionales-para-regenerar-el-partidor\/#breadcrumb"},"inLanguage":"es","potentialAction":[{"@type":"ReadAction","target":["https:\/\/www.copealcoy.es\/es\/arranca-la-construccion-de-18-viviendas-intergeneracionales-para-regenerar-el-partidor\/"]}]},{"@type":"ImageObject","inLanguage":"es","@id":"https:\/\/www.copealcoy.es\/es\/arranca-la-construccion-de-18-viviendas-intergeneracionales-para-regenerar-el-partidor\/#primaryimage","url":"https:\/\/www.copealcoy.es\/wp-content\/uploads\/2024\/03\/Obras-Sant-Mateu-2.jpg_1612302774.jpg","contentUrl":"https:\/\/www.copealcoy.es\/wp-content\/uploads\/2024\/03\/Obras-Sant-Mateu-2.jpg_1612302774.jpg","width":625,"height":352},{"@type":"BreadcrumbList","@id":"https:\/\/www.copealcoy.es\/es\/arranca-la-construccion-de-18-viviendas-intergeneracionales-para-regenerar-el-partidor\/#breadcrumb","itemListElement":[{"@type":"ListItem","position":1,"name":"Portada","item":"https:\/\/www.copealcoy.es\/es\/"},{"@type":"ListItem","position":2,"name":"Arranca la construcci\u00f3n de 18 viviendas intergeneracionales para regenerar El Partidor"}]},{"@type":"WebSite","@id":"https:\/\/www.copealcoy.es\/es\/#website","url":"https:\/\/www.copealcoy.es\/es\/","name":"COPE Alcoy","description":"Emisora COPE de radio local con emisi\u00f3n online. Pont de Sant Jordi 8-10 03803 Alcoy","potentialAction":[{"@type":"SearchAction","target":{"@type":"EntryPoint","urlTemplate":"https:\/\/www.copealcoy.es\/es\/?s={search_term_string}"},"query-input":{"@type":"PropertyValueSpecification","valueRequired":true,"valueName":"search_term_string"}}],"inLanguage":"es"},{"@type":"Person","@id":"https:\/\/www.copealcoy.es\/es\/#\/schema\/person\/e777c87fa024e57d40170af9df39882c","name":"Cope Alcoy","image":{"@type":"ImageObject","inLanguage":"es","@id":"https:\/\/secure.gravatar.com\/avatar\/bb65d0283347e303893ba14f0692005417c1e0e690a325a4c5d8bb2b3943ee14?s=96&d=mm&r=g","url":"https:\/\/secure.gravatar.com\/avatar\/bb65d0283347e303893ba14f0692005417c1e0e690a325a4c5d8bb2b3943ee14?s=96&d=mm&r=g","contentUrl":"https:\/\/secure.gravatar.com\/avatar\/bb65d0283347e303893ba14f0692005417c1e0e690a325a4c5d8bb2b3943ee14?s=96&d=mm&r=g","caption":"Cope Alcoy"}}]}},"_links":{"self":[{"href":"https:\/\/www.copealcoy.es\/es\/wp-json\/wp\/v2\/posts\/130130","targetHints":{"allow":["GET"]}}],"collection":[{"href":"https:\/\/www.copealcoy.es\/es\/wp-json\/wp\/v2\/posts"}],"about":[{"href":"https:\/\/www.copealcoy.es\/es\/wp-json\/wp\/v2\/types\/post"}],"author":[{"embeddable":true,"href":"https:\/\/www.copealcoy.es\/es\/wp-json\/wp\/v2\/users\/1"}],"replies":[{"embeddable":true,"href":"https:\/\/www.copealcoy.es\/es\/wp-json\/wp\/v2\/comments?post=130130"}],"version-history":[{"count":0,"href":"https:\/\/www.copealcoy.es\/es\/wp-json\/wp\/v2\/posts\/130130\/revisions"}],"wp:featuredmedia":[{"embeddable":true,"href":"https:\/\/www.copealcoy.es\/es\/wp-json\/wp\/v2\/media\/130131"}],"wp:attachment":[{"href":"https:\/\/www.copealcoy.es\/es\/wp-json\/wp\/v2\/media?parent=130130"}],"wp:term":[{"taxonomy":"category","embeddable":true,"href":"https:\/\/www.copealcoy.es\/es\/wp-json\/wp\/v2\/categories?post=130130"},{"taxonomy":"post_tag","embeddable":true,"href":"https:\/\/www.copealcoy.es\/es\/wp-json\/wp\/v2\/tags?post=130130"}],"curies":[{"name":"wp","href":"https:\/\/api.w.org\/{rel}","templated":true}]}}