{"id":129987,"date":"2024-02-29T11:18:06","date_gmt":"2024-02-29T10:18:06","guid":{"rendered":"https:\/\/www.copealcoy.es\/?p=129987"},"modified":"2024-02-29T11:29:09","modified_gmt":"2024-02-29T10:29:09","slug":"rescatan-en-helicoptero-a-un-ciclista-en-banyeres-de-mariola","status":"publish","type":"post","link":"https:\/\/www.copealcoy.es\/es\/rescatan-en-helicoptero-a-un-ciclista-en-banyeres-de-mariola\/","title":{"rendered":"Rescatan en helic\u00f3ptero a una ciclista en Banyeres de Mariola"},"content":{"rendered":"<p style=\"text-align: justify;\">El <a href=\"https:\/\/ses.san.gva.es\/es\/descripcio-de-recursos\/-\/asset_publisher\/2FUkle9MG1W5\/content\/prueba-recurso-asistencial-1\" target=\"_blank\" rel=\"noopener\"><span style=\"color: #0000ff;\"><strong>Centro de Informaci\u00f3n y Coordinaci\u00f3n de Urgencias de la Generalitat Valenciana (CICU)<\/strong><\/span><\/a> inform\u00f3 ayer de <strong>un aviso recibido<\/strong> desde Banyeres de Mariola. En concreto, seg\u00fan la informaci\u00f3n facilitada, <strong>una ciclista hab\u00eda sufrido un accidente<\/strong> en el camino Pe\u00f1arrojes de esta localidad de l&#8217;Alcoi\u00e0.<\/p>\n<p class=\"v-p\" style=\"text-align: justify;\">Hasta el lugar de los hechos <strong>se desplaz\u00f3 una ambulancia de Soporte Vital B\u00e1sico<\/strong> y el equipo sanitario realiz\u00f3 la primera asistencia a la ciclista, de 19 a\u00f1os de edad. Esta <strong>fue evacuada al parque de bomberos de San Vicente del Raspeig en el helic\u00f3ptero del Consorcio Provincial<\/strong>. All\u00ed la esperaba una ambulancia del Servicio de Ayuda M\u00e9dica Urgente, cuyo equipo m\u00e9dicoestabiliz\u00f3 a la joven que presentaba politraumatismo. El m\u00e9dico del SAMU <strong>solicit\u00f3 el acompa\u00f1amiento de la Polic\u00eda Local<\/strong> durante el traslado\u00a0para mantener estable a la ciclista hasta la llegada al hospital General Doctor Balmis de Alicante.<\/p>\n<p><span style=\"color: #0000ff;\"><strong>Evitar accidentes en la monta\u00f1a<\/strong><\/span><\/p>\n<p style=\"text-align: justify;\">La\u00a0<strong>mayor\u00eda de los accidentes en la monta\u00f1a se pueden evitar<\/strong>. Sin embargo, es imprescindible<strong><span style=\"color: #0000ff;\">\u00a0<a style=\"color: #0000ff;\" href=\"https:\/\/www.copealcoy.es\/seguridad-en-la-montana-como-la-moda-del-trail-running-pone-en-peligro-a-senderistas\/\" target=\"_blank\" rel=\"noopener\">tener en cuenta ciertas recomendaciones<\/a><\/span><\/strong>. Utilizar el\u00a0<strong>material apropiado\u00a0<\/strong>es fundamental. La falta de un equipamiento adecuado supone uno de los principales y m\u00e1s comunes riesgos. A este se suman otros riesgos. \u00ab<em>Hay que informarse de todo lo que puede ocurrir a nuestro alrededor. Conocer cu\u00e1l es la\u00a0previsi\u00f3n meteorol\u00f3gica\u00a0y plantearse cambiar la ruta si no es favorable. Tambi\u00e9n hay que saber el\u00a0nivel que tenemos y la dificultad de la ruta, y\u00a0no fiarse solo de una rese\u00f1a que veamos en Internet<\/em>\u00ab, explicaba en COPE ALCOY <strong>\u00c1lex Mora<\/strong>, responsable de escalada del\u00a0<strong>Centro Excursionista de Alcoy<\/strong>\u00a0y bombero. Y hay que tener en cuenta\u00a0<strong>otras recomendaciones<\/strong>\u00a0como descargar los mapas por si no hay cobertura, asegurarnos de tener bater\u00eda en el tel\u00e9fono, salir acompa\u00f1ado o avisar a alg\u00fan familiar o amigo si salimos solos\u2026<\/p>\n<p><span style=\"color: #0000ff;\"><strong>Avisar a Emergencias siempre<\/strong><\/span><\/p>\n<p style=\"text-align: justify;\">Sin embargo, pese a tomar todas las precauciones posibles, podemos tener alg\u00fan incidente. En estos casos la recomendaci\u00f3n del responsable del Centre Excursionista d\u2019Alcoi es clara:<strong>\u00a0avisar a Emergencias<\/strong>. \u00ab<em>Cuando veamos que por nuestros medios no podemos salir, llamar.\u00a0Avisar al 112\u00a0y no esperarse porque la situaci\u00f3n se puede complicar. Si llega a hacerse de noche el helic\u00f3ptero no puede volar, cuesta m\u00e1s encontrar a las personas, es m\u00e1s probable que la bater\u00eda se vaya acabando<\/em>\u2026\u00bb.<\/p>\n","protected":false},"excerpt":{"rendered":"<p>El Centro de Informaci\u00f3n y Coordinaci\u00f3n de Urgencias de la Generalitat Valenciana (CICU) inform\u00f3 ayer de un aviso recibido desde&#8230;<\/p>\n","protected":false},"author":1,"featured_media":129988,"comment_status":"open","ping_status":"open","sticky":false,"template":"","format":"standard","meta":{"footnotes":""},"categories":[6909,98,75,80],"tags":[1494,2155,3871,10645,10640],"class_list":["post-129987","post","type-post","status-publish","format-standard","has-post-thumbnail","hentry","category-actualidad","category-comarcas","category-noticias","category-sucesos","tag-alcoy","tag-banyeres-de-mariola","tag-ciclista","tag-helicoptero","tag-rescate"],"yoast_head":"<!-- This site is optimized with the Yoast SEO plugin v27.3 - https:\/\/yoast.com\/product\/yoast-seo-wordpress\/ -->\n<title>Rescatan en helic\u00f3ptero a una ciclista en Banyeres de Mariola - COPE Alcoy<\/title>\n<meta name=\"description\" content=\"Una ciclista fue rescatada ayer en helic\u00f3ptero tras sufrir un accidente en el camino Pe\u00f1arrojes de Banyeres de Mariola\" \/>\n<meta name=\"robots\" content=\"index, follow, max-snippet:-1, max-image-preview:large, max-video-preview:-1\" \/>\n<link rel=\"canonical\" href=\"https:\/\/www.copealcoy.es\/es\/rescatan-en-helicoptero-a-un-ciclista-en-banyeres-de-mariola\/\" \/>\n<meta property=\"og:locale\" content=\"es_ES\" \/>\n<meta property=\"og:type\" content=\"article\" \/>\n<meta property=\"og:title\" content=\"Rescatan en helic\u00f3ptero a una ciclista en Banyeres de Mariola - COPE Alcoy\" \/>\n<meta property=\"og:description\" content=\"Una ciclista fue rescatada ayer en helic\u00f3ptero tras sufrir un accidente en el camino Pe\u00f1arrojes de Banyeres de Mariola\" \/>\n<meta property=\"og:url\" content=\"https:\/\/www.copealcoy.es\/es\/rescatan-en-helicoptero-a-un-ciclista-en-banyeres-de-mariola\/\" \/>\n<meta property=\"og:site_name\" content=\"COPE Alcoy\" \/>\n<meta property=\"article:published_time\" content=\"2024-02-29T10:18:06+00:00\" \/>\n<meta property=\"article:modified_time\" content=\"2024-02-29T10:29:09+00:00\" \/>\n<meta property=\"og:image\" content=\"https:\/\/www.copealcoy.es\/wp-content\/uploads\/2024\/02\/3B7AXIKN7BH5HP5T57EWYTFH3I-e1709201189263.jpg\" \/>\n\t<meta property=\"og:image:width\" content=\"640\" \/>\n\t<meta property=\"og:image:height\" content=\"332\" \/>\n\t<meta property=\"og:image:type\" content=\"image\/jpeg\" \/>\n<meta name=\"author\" content=\"Cope Alcoy\" \/>\n<meta name=\"twitter:label1\" content=\"Escrito por\" \/>\n\t<meta name=\"twitter:data1\" content=\"Cope Alcoy\" \/>\n\t<meta name=\"twitter:label2\" content=\"Tiempo de lectura\" \/>\n\t<meta name=\"twitter:data2\" content=\"2 minutos\" \/>\n<script type=\"application\/ld+json\" class=\"yoast-schema-graph\">{\"@context\":\"https:\\\/\\\/schema.org\",\"@graph\":[{\"@type\":\"Article\",\"@id\":\"https:\\\/\\\/www.copealcoy.es\\\/es\\\/rescatan-en-helicoptero-a-un-ciclista-en-banyeres-de-mariola\\\/#article\",\"isPartOf\":{\"@id\":\"https:\\\/\\\/www.copealcoy.es\\\/es\\\/rescatan-en-helicoptero-a-un-ciclista-en-banyeres-de-mariola\\\/\"},\"author\":{\"name\":\"Cope Alcoy\",\"@id\":\"https:\\\/\\\/www.copealcoy.es\\\/es\\\/#\\\/schema\\\/person\\\/e777c87fa024e57d40170af9df39882c\"},\"headline\":\"Rescatan en helic\u00f3ptero a una ciclista en Banyeres de Mariola\",\"datePublished\":\"2024-02-29T10:18:06+00:00\",\"dateModified\":\"2024-02-29T10:29:09+00:00\",\"mainEntityOfPage\":{\"@id\":\"https:\\\/\\\/www.copealcoy.es\\\/es\\\/rescatan-en-helicoptero-a-un-ciclista-en-banyeres-de-mariola\\\/\"},\"wordCount\":424,\"commentCount\":0,\"image\":{\"@id\":\"https:\\\/\\\/www.copealcoy.es\\\/es\\\/rescatan-en-helicoptero-a-un-ciclista-en-banyeres-de-mariola\\\/#primaryimage\"},\"thumbnailUrl\":\"https:\\\/\\\/www.copealcoy.es\\\/wp-content\\\/uploads\\\/2024\\\/02\\\/3B7AXIKN7BH5HP5T57EWYTFH3I-e1709201189263.jpg\",\"keywords\":[\"Alcoy\",\"Banyeres de Mariola\",\"Ciclista\",\"Helic\u00f3ptero\",\"Rescate\"],\"articleSection\":[\"Actualidad\",\"Comarcas\",\"Noticias\",\"Sucesos\"],\"inLanguage\":\"es\"},{\"@type\":\"WebPage\",\"@id\":\"https:\\\/\\\/www.copealcoy.es\\\/es\\\/rescatan-en-helicoptero-a-un-ciclista-en-banyeres-de-mariola\\\/\",\"url\":\"https:\\\/\\\/www.copealcoy.es\\\/es\\\/rescatan-en-helicoptero-a-un-ciclista-en-banyeres-de-mariola\\\/\",\"name\":\"Rescatan en helic\u00f3ptero a una ciclista en Banyeres de Mariola - COPE Alcoy\",\"isPartOf\":{\"@id\":\"https:\\\/\\\/www.copealcoy.es\\\/es\\\/#website\"},\"primaryImageOfPage\":{\"@id\":\"https:\\\/\\\/www.copealcoy.es\\\/es\\\/rescatan-en-helicoptero-a-un-ciclista-en-banyeres-de-mariola\\\/#primaryimage\"},\"image\":{\"@id\":\"https:\\\/\\\/www.copealcoy.es\\\/es\\\/rescatan-en-helicoptero-a-un-ciclista-en-banyeres-de-mariola\\\/#primaryimage\"},\"thumbnailUrl\":\"https:\\\/\\\/www.copealcoy.es\\\/wp-content\\\/uploads\\\/2024\\\/02\\\/3B7AXIKN7BH5HP5T57EWYTFH3I-e1709201189263.jpg\",\"datePublished\":\"2024-02-29T10:18:06+00:00\",\"dateModified\":\"2024-02-29T10:29:09+00:00\",\"author\":{\"@id\":\"https:\\\/\\\/www.copealcoy.es\\\/es\\\/#\\\/schema\\\/person\\\/e777c87fa024e57d40170af9df39882c\"},\"description\":\"Una ciclista fue rescatada ayer en helic\u00f3ptero tras sufrir un accidente en el camino Pe\u00f1arrojes de Banyeres de Mariola\",\"breadcrumb\":{\"@id\":\"https:\\\/\\\/www.copealcoy.es\\\/es\\\/rescatan-en-helicoptero-a-un-ciclista-en-banyeres-de-mariola\\\/#breadcrumb\"},\"inLanguage\":\"es\",\"potentialAction\":[{\"@type\":\"ReadAction\",\"target\":[\"https:\\\/\\\/www.copealcoy.es\\\/es\\\/rescatan-en-helicoptero-a-un-ciclista-en-banyeres-de-mariola\\\/\"]}]},{\"@type\":\"ImageObject\",\"inLanguage\":\"es\",\"@id\":\"https:\\\/\\\/www.copealcoy.es\\\/es\\\/rescatan-en-helicoptero-a-un-ciclista-en-banyeres-de-mariola\\\/#primaryimage\",\"url\":\"https:\\\/\\\/www.copealcoy.es\\\/wp-content\\\/uploads\\\/2024\\\/02\\\/3B7AXIKN7BH5HP5T57EWYTFH3I-e1709201189263.jpg\",\"contentUrl\":\"https:\\\/\\\/www.copealcoy.es\\\/wp-content\\\/uploads\\\/2024\\\/02\\\/3B7AXIKN7BH5HP5T57EWYTFH3I-e1709201189263.jpg\",\"width\":640,\"height\":332},{\"@type\":\"BreadcrumbList\",\"@id\":\"https:\\\/\\\/www.copealcoy.es\\\/es\\\/rescatan-en-helicoptero-a-un-ciclista-en-banyeres-de-mariola\\\/#breadcrumb\",\"itemListElement\":[{\"@type\":\"ListItem\",\"position\":1,\"name\":\"Portada\",\"item\":\"https:\\\/\\\/www.copealcoy.es\\\/es\\\/\"},{\"@type\":\"ListItem\",\"position\":2,\"name\":\"Rescatan en helic\u00f3ptero a una ciclista en Banyeres de Mariola\"}]},{\"@type\":\"WebSite\",\"@id\":\"https:\\\/\\\/www.copealcoy.es\\\/es\\\/#website\",\"url\":\"https:\\\/\\\/www.copealcoy.es\\\/es\\\/\",\"name\":\"COPE Alcoy\",\"description\":\"Emisora COPE de radio local con emisi\u00f3n online. Pont de Sant Jordi 8-10 03803 Alcoy\",\"potentialAction\":[{\"@type\":\"SearchAction\",\"target\":{\"@type\":\"EntryPoint\",\"urlTemplate\":\"https:\\\/\\\/www.copealcoy.es\\\/es\\\/?s={search_term_string}\"},\"query-input\":{\"@type\":\"PropertyValueSpecification\",\"valueRequired\":true,\"valueName\":\"search_term_string\"}}],\"inLanguage\":\"es\"},{\"@type\":\"Person\",\"@id\":\"https:\\\/\\\/www.copealcoy.es\\\/es\\\/#\\\/schema\\\/person\\\/e777c87fa024e57d40170af9df39882c\",\"name\":\"Cope Alcoy\",\"image\":{\"@type\":\"ImageObject\",\"inLanguage\":\"es\",\"@id\":\"https:\\\/\\\/secure.gravatar.com\\\/avatar\\\/bb65d0283347e303893ba14f0692005417c1e0e690a325a4c5d8bb2b3943ee14?s=96&d=mm&r=g\",\"url\":\"https:\\\/\\\/secure.gravatar.com\\\/avatar\\\/bb65d0283347e303893ba14f0692005417c1e0e690a325a4c5d8bb2b3943ee14?s=96&d=mm&r=g\",\"contentUrl\":\"https:\\\/\\\/secure.gravatar.com\\\/avatar\\\/bb65d0283347e303893ba14f0692005417c1e0e690a325a4c5d8bb2b3943ee14?s=96&d=mm&r=g\",\"caption\":\"Cope Alcoy\"}}]}<\/script>\n<!-- \/ Yoast SEO plugin. -->","yoast_head_json":{"title":"Rescatan en helic\u00f3ptero a una ciclista en Banyeres de Mariola - COPE Alcoy","description":"Una ciclista fue rescatada ayer en helic\u00f3ptero tras sufrir un accidente en el camino Pe\u00f1arrojes de Banyeres de Mariola","robots":{"index":"index","follow":"follow","max-snippet":"max-snippet:-1","max-image-preview":"max-image-preview:large","max-video-preview":"max-video-preview:-1"},"canonical":"https:\/\/www.copealcoy.es\/es\/rescatan-en-helicoptero-a-un-ciclista-en-banyeres-de-mariola\/","og_locale":"es_ES","og_type":"article","og_title":"Rescatan en helic\u00f3ptero a una ciclista en Banyeres de Mariola - COPE Alcoy","og_description":"Una ciclista fue rescatada ayer en helic\u00f3ptero tras sufrir un accidente en el camino Pe\u00f1arrojes de Banyeres de Mariola","og_url":"https:\/\/www.copealcoy.es\/es\/rescatan-en-helicoptero-a-un-ciclista-en-banyeres-de-mariola\/","og_site_name":"COPE Alcoy","article_published_time":"2024-02-29T10:18:06+00:00","article_modified_time":"2024-02-29T10:29:09+00:00","og_image":[{"width":640,"height":332,"url":"https:\/\/www.copealcoy.es\/wp-content\/uploads\/2024\/02\/3B7AXIKN7BH5HP5T57EWYTFH3I-e1709201189263.jpg","type":"image\/jpeg"}],"author":"Cope Alcoy","twitter_misc":{"Escrito por":"Cope Alcoy","Tiempo de lectura":"2 minutos"},"schema":{"@context":"https:\/\/schema.org","@graph":[{"@type":"Article","@id":"https:\/\/www.copealcoy.es\/es\/rescatan-en-helicoptero-a-un-ciclista-en-banyeres-de-mariola\/#article","isPartOf":{"@id":"https:\/\/www.copealcoy.es\/es\/rescatan-en-helicoptero-a-un-ciclista-en-banyeres-de-mariola\/"},"author":{"name":"Cope Alcoy","@id":"https:\/\/www.copealcoy.es\/es\/#\/schema\/person\/e777c87fa024e57d40170af9df39882c"},"headline":"Rescatan en helic\u00f3ptero a una ciclista en Banyeres de Mariola","datePublished":"2024-02-29T10:18:06+00:00","dateModified":"2024-02-29T10:29:09+00:00","mainEntityOfPage":{"@id":"https:\/\/www.copealcoy.es\/es\/rescatan-en-helicoptero-a-un-ciclista-en-banyeres-de-mariola\/"},"wordCount":424,"commentCount":0,"image":{"@id":"https:\/\/www.copealcoy.es\/es\/rescatan-en-helicoptero-a-un-ciclista-en-banyeres-de-mariola\/#primaryimage"},"thumbnailUrl":"https:\/\/www.copealcoy.es\/wp-content\/uploads\/2024\/02\/3B7AXIKN7BH5HP5T57EWYTFH3I-e1709201189263.jpg","keywords":["Alcoy","Banyeres de Mariola","Ciclista","Helic\u00f3ptero","Rescate"],"articleSection":["Actualidad","Comarcas","Noticias","Sucesos"],"inLanguage":"es"},{"@type":"WebPage","@id":"https:\/\/www.copealcoy.es\/es\/rescatan-en-helicoptero-a-un-ciclista-en-banyeres-de-mariola\/","url":"https:\/\/www.copealcoy.es\/es\/rescatan-en-helicoptero-a-un-ciclista-en-banyeres-de-mariola\/","name":"Rescatan en helic\u00f3ptero a una ciclista en Banyeres de Mariola - COPE Alcoy","isPartOf":{"@id":"https:\/\/www.copealcoy.es\/es\/#website"},"primaryImageOfPage":{"@id":"https:\/\/www.copealcoy.es\/es\/rescatan-en-helicoptero-a-un-ciclista-en-banyeres-de-mariola\/#primaryimage"},"image":{"@id":"https:\/\/www.copealcoy.es\/es\/rescatan-en-helicoptero-a-un-ciclista-en-banyeres-de-mariola\/#primaryimage"},"thumbnailUrl":"https:\/\/www.copealcoy.es\/wp-content\/uploads\/2024\/02\/3B7AXIKN7BH5HP5T57EWYTFH3I-e1709201189263.jpg","datePublished":"2024-02-29T10:18:06+00:00","dateModified":"2024-02-29T10:29:09+00:00","author":{"@id":"https:\/\/www.copealcoy.es\/es\/#\/schema\/person\/e777c87fa024e57d40170af9df39882c"},"description":"Una ciclista fue rescatada ayer en helic\u00f3ptero tras sufrir un accidente en el camino Pe\u00f1arrojes de Banyeres de Mariola","breadcrumb":{"@id":"https:\/\/www.copealcoy.es\/es\/rescatan-en-helicoptero-a-un-ciclista-en-banyeres-de-mariola\/#breadcrumb"},"inLanguage":"es","potentialAction":[{"@type":"ReadAction","target":["https:\/\/www.copealcoy.es\/es\/rescatan-en-helicoptero-a-un-ciclista-en-banyeres-de-mariola\/"]}]},{"@type":"ImageObject","inLanguage":"es","@id":"https:\/\/www.copealcoy.es\/es\/rescatan-en-helicoptero-a-un-ciclista-en-banyeres-de-mariola\/#primaryimage","url":"https:\/\/www.copealcoy.es\/wp-content\/uploads\/2024\/02\/3B7AXIKN7BH5HP5T57EWYTFH3I-e1709201189263.jpg","contentUrl":"https:\/\/www.copealcoy.es\/wp-content\/uploads\/2024\/02\/3B7AXIKN7BH5HP5T57EWYTFH3I-e1709201189263.jpg","width":640,"height":332},{"@type":"BreadcrumbList","@id":"https:\/\/www.copealcoy.es\/es\/rescatan-en-helicoptero-a-un-ciclista-en-banyeres-de-mariola\/#breadcrumb","itemListElement":[{"@type":"ListItem","position":1,"name":"Portada","item":"https:\/\/www.copealcoy.es\/es\/"},{"@type":"ListItem","position":2,"name":"Rescatan en helic\u00f3ptero a una ciclista en Banyeres de Mariola"}]},{"@type":"WebSite","@id":"https:\/\/www.copealcoy.es\/es\/#website","url":"https:\/\/www.copealcoy.es\/es\/","name":"COPE Alcoy","description":"Emisora COPE de radio local con emisi\u00f3n online. Pont de Sant Jordi 8-10 03803 Alcoy","potentialAction":[{"@type":"SearchAction","target":{"@type":"EntryPoint","urlTemplate":"https:\/\/www.copealcoy.es\/es\/?s={search_term_string}"},"query-input":{"@type":"PropertyValueSpecification","valueRequired":true,"valueName":"search_term_string"}}],"inLanguage":"es"},{"@type":"Person","@id":"https:\/\/www.copealcoy.es\/es\/#\/schema\/person\/e777c87fa024e57d40170af9df39882c","name":"Cope Alcoy","image":{"@type":"ImageObject","inLanguage":"es","@id":"https:\/\/secure.gravatar.com\/avatar\/bb65d0283347e303893ba14f0692005417c1e0e690a325a4c5d8bb2b3943ee14?s=96&d=mm&r=g","url":"https:\/\/secure.gravatar.com\/avatar\/bb65d0283347e303893ba14f0692005417c1e0e690a325a4c5d8bb2b3943ee14?s=96&d=mm&r=g","contentUrl":"https:\/\/secure.gravatar.com\/avatar\/bb65d0283347e303893ba14f0692005417c1e0e690a325a4c5d8bb2b3943ee14?s=96&d=mm&r=g","caption":"Cope Alcoy"}}]}},"_links":{"self":[{"href":"https:\/\/www.copealcoy.es\/es\/wp-json\/wp\/v2\/posts\/129987","targetHints":{"allow":["GET"]}}],"collection":[{"href":"https:\/\/www.copealcoy.es\/es\/wp-json\/wp\/v2\/posts"}],"about":[{"href":"https:\/\/www.copealcoy.es\/es\/wp-json\/wp\/v2\/types\/post"}],"author":[{"embeddable":true,"href":"https:\/\/www.copealcoy.es\/es\/wp-json\/wp\/v2\/users\/1"}],"replies":[{"embeddable":true,"href":"https:\/\/www.copealcoy.es\/es\/wp-json\/wp\/v2\/comments?post=129987"}],"version-history":[{"count":0,"href":"https:\/\/www.copealcoy.es\/es\/wp-json\/wp\/v2\/posts\/129987\/revisions"}],"wp:featuredmedia":[{"embeddable":true,"href":"https:\/\/www.copealcoy.es\/es\/wp-json\/wp\/v2\/media\/129988"}],"wp:attachment":[{"href":"https:\/\/www.copealcoy.es\/es\/wp-json\/wp\/v2\/media?parent=129987"}],"wp:term":[{"taxonomy":"category","embeddable":true,"href":"https:\/\/www.copealcoy.es\/es\/wp-json\/wp\/v2\/categories?post=129987"},{"taxonomy":"post_tag","embeddable":true,"href":"https:\/\/www.copealcoy.es\/es\/wp-json\/wp\/v2\/tags?post=129987"}],"curies":[{"name":"wp","href":"https:\/\/api.w.org\/{rel}","templated":true}]}}