{"id":129955,"date":"2024-02-28T15:58:37","date_gmt":"2024-02-28T14:58:37","guid":{"rendered":"https:\/\/www.copealcoy.es\/?p=129955"},"modified":"2024-02-28T18:09:25","modified_gmt":"2024-02-28T17:09:25","slug":"un-eje-industrial-en-las-comarcas-centrales-proyecto-en-el-que-tambien-tiene-cabida-alcoy","status":"publish","type":"post","link":"https:\/\/www.copealcoy.es\/es\/un-eje-industrial-en-las-comarcas-centrales-proyecto-en-el-que-tambien-tiene-cabida-alcoy\/","title":{"rendered":"Un eje industrial en las comarcas centrales, proyecto en el que tambi\u00e9n tiene cabida Alcoy"},"content":{"rendered":"<p style=\"text-align: justify;\">Convertir a las comarcas centrales valencianas <strong>en un polo de atracci\u00f3n de inversiones, nacionales e internacionales<\/strong>, y como <strong>motor econ\u00f3mico<\/strong> para seguir creando empleo en las empresas ya existentes en esta zona situada en el interior de las provincias de Alicante y Valenciana. Eso es lo que contempla el <strong>Plan Estrat\u00e9gico del Eje Industrial de la Comunitat Valenciana<\/strong> que la Generalitat ha dado a conocer hoy en Alcoy, proyecto que engloba a l\u2019Alcoi\u00e0, el Comtat, la Foia de Castalla, Vall d\u2019Albaida y La Costera.<\/p>\n<p style=\"text-align: justify;\">Desde el Consell se propone <strong>un plan estrat\u00e9gico para desarrollar el citado eje<\/strong> centrado en dos asuntos prioritarios. Por una parte, <strong>un estudio que analice las necesidades que ahora mismo tiene la zona en cuestiones como suelo industrial<\/strong>; y por otro lado <strong>el desarrollo de infraestructuras claves<\/strong> como la finalizaci\u00f3n de la CV-60. Todo ello sin dejar de lado mejoras en log\u00edstica, transporte o asuntos referidos a la energ\u00eda &#8220;<em>estamos hablando de un punto de la Comunitat Valenciana que concentra 3.100 industrias, con un volumen de negocio de m\u00e1s de cinco mil millones de euros, y que genera 35.000 puestos de trabajo. Confiamos en que todos los Ayuntamientos de las poblaciones incluidas en este eje den los pasos necesarios para sumarse a esta iniciativa<\/em>&#8220;, ha manifestado el secretario auton\u00f3mico de Industria; <strong>Felipe Carrasco<\/strong>.<\/p>\n<p style=\"text-align: justify;\">En este sentido, cabe destacar que <strong>Alcoy lleva la propuesta al Pleno de este viernes de la mano del <a href=\"https:\/\/www.facebook.com\/populares.alcoy\" target=\"_blank\" rel=\"noopener\"><span style=\"color: #0000ff;\">Partido Popular<\/span><\/a><\/strong>. Su portavoz, <strong>Carlos Pastor<\/strong>, conf\u00eda en que pueda contar con el respaldo de todos los grupos pol\u00edticos y que acabe siendo una declaraci\u00f3n institucional &#8220;<em>este Plan Estrat\u00e9gico ayudar\u00e1, sin duda, a que Alcoy pueda atender una de las principales necesidades que ahora mismo tiene la ciudad como es solucionar la falta de suelo industrial. Es momento de empezar a trabajar en generar la opci\u00f3n de Alcoi Sur, donde hay cuatro millones de metros cuadrados disponibles para albergar nueva industria, y para ello la ciudad debe de ir de la mano con el Consell para hacerlo posible<\/em>&#8220;, ha sentenciado.<\/p>\n<p style=\"text-align: justify;\"><a href=\"https:\/\/www.copealcoy.es\/wp-content\/uploads\/2024\/02\/unnamed-1-30-scaled.jpg\"><img loading=\"lazy\" decoding=\"async\" class=\"wp-image-129961 aligncenter\" src=\"https:\/\/www.copealcoy.es\/wp-content\/uploads\/2024\/02\/unnamed-1-30-scaled.jpg\" alt=\"\" width=\"579\" height=\"381\" \/><\/a><\/p>\n<p style=\"text-align: justify;\">Desde la Generalitat Valenciana han recordado que en la comarca de l&#8217;Alcoi\u00e0 <strong>hay ahora mismo m\u00e1s de siete millones de metros cuadrado disponibles para suelo industrial<\/strong>. Han lamentado que en los \u00faltimos a\u00f1os <strong>no se han impulsado iniciativas<\/strong> para desarrollar estas opciones.<\/p>\n","protected":false},"excerpt":{"rendered":"<p>Convertir a las comarcas centrales valencianas en un polo de atracci\u00f3n de inversiones, nacionales e internacionales, y como motor econ\u00f3mico&#8230;<\/p>\n","protected":false},"author":1,"featured_media":69679,"comment_status":"open","ping_status":"open","sticky":false,"template":"","format":"standard","meta":{"footnotes":""},"categories":[6909,97,75,125],"tags":[1494,13235,16419,16418,994],"class_list":["post-129955","post","type-post","status-publish","format-standard","has-post-thumbnail","hentry","category-actualidad","category-alcoy","category-noticias","category-portada","tag-alcoy","tag-carlos-pastor","tag-eje-industrial","tag-felipe-carrasco","tag-generalitat-valenciana"],"yoast_head":"<!-- This site is optimized with the Yoast SEO plugin v27.3 - https:\/\/yoast.com\/product\/yoast-seo-wordpress\/ -->\n<title>Un eje industrial en las comarcas centrales, proyecto en el que tambi\u00e9n tiene cabida Alcoy - COPE Alcoy<\/title>\n<meta name=\"description\" content=\"La Generalitat Valenciana promueve un eje industrial que vertebra a las comarcas centrales y que busca convertir a la zona en polo de atracci\u00f3n de inversiones\" \/>\n<meta name=\"robots\" content=\"index, follow, max-snippet:-1, max-image-preview:large, max-video-preview:-1\" \/>\n<link rel=\"canonical\" href=\"https:\/\/www.copealcoy.es\/es\/un-eje-industrial-en-las-comarcas-centrales-proyecto-en-el-que-tambien-tiene-cabida-alcoy\/\" \/>\n<meta property=\"og:locale\" content=\"es_ES\" \/>\n<meta property=\"og:type\" content=\"article\" \/>\n<meta property=\"og:title\" content=\"Un eje industrial en las comarcas centrales, proyecto en el que tambi\u00e9n tiene cabida Alcoy - COPE Alcoy\" \/>\n<meta property=\"og:description\" content=\"La Generalitat Valenciana promueve un eje industrial que vertebra a las comarcas centrales y que busca convertir a la zona en polo de atracci\u00f3n de inversiones\" \/>\n<meta property=\"og:url\" content=\"https:\/\/www.copealcoy.es\/es\/un-eje-industrial-en-las-comarcas-centrales-proyecto-en-el-que-tambien-tiene-cabida-alcoy\/\" \/>\n<meta property=\"og:site_name\" content=\"COPE Alcoy\" \/>\n<meta property=\"article:published_time\" content=\"2024-02-28T14:58:37+00:00\" \/>\n<meta property=\"article:modified_time\" content=\"2024-02-28T17:09:25+00:00\" \/>\n<meta property=\"og:image\" content=\"https:\/\/www.copealcoy.es\/wp-content\/uploads\/2021\/01\/Poli\u0301gono-Alcoy-7-e1639501498886.png\" \/>\n\t<meta property=\"og:image:width\" content=\"640\" \/>\n\t<meta property=\"og:image:height\" content=\"360\" \/>\n\t<meta property=\"og:image:type\" content=\"image\/png\" \/>\n<meta name=\"author\" content=\"Cope Alcoy\" \/>\n<meta name=\"twitter:label1\" content=\"Escrito por\" \/>\n\t<meta name=\"twitter:data1\" content=\"Cope Alcoy\" \/>\n\t<meta name=\"twitter:label2\" content=\"Tiempo de lectura\" \/>\n\t<meta name=\"twitter:data2\" content=\"3 minutos\" \/>\n<script type=\"application\/ld+json\" class=\"yoast-schema-graph\">{\"@context\":\"https:\\\/\\\/schema.org\",\"@graph\":[{\"@type\":\"Article\",\"@id\":\"https:\\\/\\\/www.copealcoy.es\\\/es\\\/un-eje-industrial-en-las-comarcas-centrales-proyecto-en-el-que-tambien-tiene-cabida-alcoy\\\/#article\",\"isPartOf\":{\"@id\":\"https:\\\/\\\/www.copealcoy.es\\\/es\\\/un-eje-industrial-en-las-comarcas-centrales-proyecto-en-el-que-tambien-tiene-cabida-alcoy\\\/\"},\"author\":{\"name\":\"Cope Alcoy\",\"@id\":\"https:\\\/\\\/www.copealcoy.es\\\/es\\\/#\\\/schema\\\/person\\\/e777c87fa024e57d40170af9df39882c\"},\"headline\":\"Un eje industrial en las comarcas centrales, proyecto en el que tambi\u00e9n tiene cabida Alcoy\",\"datePublished\":\"2024-02-28T14:58:37+00:00\",\"dateModified\":\"2024-02-28T17:09:25+00:00\",\"mainEntityOfPage\":{\"@id\":\"https:\\\/\\\/www.copealcoy.es\\\/es\\\/un-eje-industrial-en-las-comarcas-centrales-proyecto-en-el-que-tambien-tiene-cabida-alcoy\\\/\"},\"wordCount\":411,\"commentCount\":0,\"image\":{\"@id\":\"https:\\\/\\\/www.copealcoy.es\\\/es\\\/un-eje-industrial-en-las-comarcas-centrales-proyecto-en-el-que-tambien-tiene-cabida-alcoy\\\/#primaryimage\"},\"thumbnailUrl\":\"https:\\\/\\\/www.copealcoy.es\\\/wp-content\\\/uploads\\\/2021\\\/01\\\/Poli\u0301gono-Alcoy-7-e1639501498886.png\",\"keywords\":[\"Alcoy\",\"Carlos Pastor\",\"eje industrial\",\"Felipe Carrasco\",\"Generalitat Valenciana\"],\"articleSection\":[\"Actualidad\",\"Alcoy\",\"Noticias\",\"Portada\"],\"inLanguage\":\"es\"},{\"@type\":\"WebPage\",\"@id\":\"https:\\\/\\\/www.copealcoy.es\\\/es\\\/un-eje-industrial-en-las-comarcas-centrales-proyecto-en-el-que-tambien-tiene-cabida-alcoy\\\/\",\"url\":\"https:\\\/\\\/www.copealcoy.es\\\/es\\\/un-eje-industrial-en-las-comarcas-centrales-proyecto-en-el-que-tambien-tiene-cabida-alcoy\\\/\",\"name\":\"Un eje industrial en las comarcas centrales, proyecto en el que tambi\u00e9n tiene cabida Alcoy - COPE Alcoy\",\"isPartOf\":{\"@id\":\"https:\\\/\\\/www.copealcoy.es\\\/es\\\/#website\"},\"primaryImageOfPage\":{\"@id\":\"https:\\\/\\\/www.copealcoy.es\\\/es\\\/un-eje-industrial-en-las-comarcas-centrales-proyecto-en-el-que-tambien-tiene-cabida-alcoy\\\/#primaryimage\"},\"image\":{\"@id\":\"https:\\\/\\\/www.copealcoy.es\\\/es\\\/un-eje-industrial-en-las-comarcas-centrales-proyecto-en-el-que-tambien-tiene-cabida-alcoy\\\/#primaryimage\"},\"thumbnailUrl\":\"https:\\\/\\\/www.copealcoy.es\\\/wp-content\\\/uploads\\\/2021\\\/01\\\/Poli\u0301gono-Alcoy-7-e1639501498886.png\",\"datePublished\":\"2024-02-28T14:58:37+00:00\",\"dateModified\":\"2024-02-28T17:09:25+00:00\",\"author\":{\"@id\":\"https:\\\/\\\/www.copealcoy.es\\\/es\\\/#\\\/schema\\\/person\\\/e777c87fa024e57d40170af9df39882c\"},\"description\":\"La Generalitat Valenciana promueve un eje industrial que vertebra a las comarcas centrales y que busca convertir a la zona en polo de atracci\u00f3n de inversiones\",\"breadcrumb\":{\"@id\":\"https:\\\/\\\/www.copealcoy.es\\\/es\\\/un-eje-industrial-en-las-comarcas-centrales-proyecto-en-el-que-tambien-tiene-cabida-alcoy\\\/#breadcrumb\"},\"inLanguage\":\"es\",\"potentialAction\":[{\"@type\":\"ReadAction\",\"target\":[\"https:\\\/\\\/www.copealcoy.es\\\/es\\\/un-eje-industrial-en-las-comarcas-centrales-proyecto-en-el-que-tambien-tiene-cabida-alcoy\\\/\"]}]},{\"@type\":\"ImageObject\",\"inLanguage\":\"es\",\"@id\":\"https:\\\/\\\/www.copealcoy.es\\\/es\\\/un-eje-industrial-en-las-comarcas-centrales-proyecto-en-el-que-tambien-tiene-cabida-alcoy\\\/#primaryimage\",\"url\":\"https:\\\/\\\/www.copealcoy.es\\\/wp-content\\\/uploads\\\/2021\\\/01\\\/Poli\u0301gono-Alcoy-7-e1639501498886.png\",\"contentUrl\":\"https:\\\/\\\/www.copealcoy.es\\\/wp-content\\\/uploads\\\/2021\\\/01\\\/Poli\u0301gono-Alcoy-7-e1639501498886.png\",\"width\":640,\"height\":360},{\"@type\":\"BreadcrumbList\",\"@id\":\"https:\\\/\\\/www.copealcoy.es\\\/es\\\/un-eje-industrial-en-las-comarcas-centrales-proyecto-en-el-que-tambien-tiene-cabida-alcoy\\\/#breadcrumb\",\"itemListElement\":[{\"@type\":\"ListItem\",\"position\":1,\"name\":\"Portada\",\"item\":\"https:\\\/\\\/www.copealcoy.es\\\/es\\\/\"},{\"@type\":\"ListItem\",\"position\":2,\"name\":\"Un eje industrial en las comarcas centrales, proyecto en el que tambi\u00e9n tiene cabida Alcoy\"}]},{\"@type\":\"WebSite\",\"@id\":\"https:\\\/\\\/www.copealcoy.es\\\/es\\\/#website\",\"url\":\"https:\\\/\\\/www.copealcoy.es\\\/es\\\/\",\"name\":\"COPE Alcoy\",\"description\":\"Emisora COPE de radio local con emisi\u00f3n online. Pont de Sant Jordi 8-10 03803 Alcoy\",\"potentialAction\":[{\"@type\":\"SearchAction\",\"target\":{\"@type\":\"EntryPoint\",\"urlTemplate\":\"https:\\\/\\\/www.copealcoy.es\\\/es\\\/?s={search_term_string}\"},\"query-input\":{\"@type\":\"PropertyValueSpecification\",\"valueRequired\":true,\"valueName\":\"search_term_string\"}}],\"inLanguage\":\"es\"},{\"@type\":\"Person\",\"@id\":\"https:\\\/\\\/www.copealcoy.es\\\/es\\\/#\\\/schema\\\/person\\\/e777c87fa024e57d40170af9df39882c\",\"name\":\"Cope Alcoy\",\"image\":{\"@type\":\"ImageObject\",\"inLanguage\":\"es\",\"@id\":\"https:\\\/\\\/secure.gravatar.com\\\/avatar\\\/bb65d0283347e303893ba14f0692005417c1e0e690a325a4c5d8bb2b3943ee14?s=96&d=mm&r=g\",\"url\":\"https:\\\/\\\/secure.gravatar.com\\\/avatar\\\/bb65d0283347e303893ba14f0692005417c1e0e690a325a4c5d8bb2b3943ee14?s=96&d=mm&r=g\",\"contentUrl\":\"https:\\\/\\\/secure.gravatar.com\\\/avatar\\\/bb65d0283347e303893ba14f0692005417c1e0e690a325a4c5d8bb2b3943ee14?s=96&d=mm&r=g\",\"caption\":\"Cope Alcoy\"}}]}<\/script>\n<!-- \/ Yoast SEO plugin. -->","yoast_head_json":{"title":"Un eje industrial en las comarcas centrales, proyecto en el que tambi\u00e9n tiene cabida Alcoy - COPE Alcoy","description":"La Generalitat Valenciana promueve un eje industrial que vertebra a las comarcas centrales y que busca convertir a la zona en polo de atracci\u00f3n de inversiones","robots":{"index":"index","follow":"follow","max-snippet":"max-snippet:-1","max-image-preview":"max-image-preview:large","max-video-preview":"max-video-preview:-1"},"canonical":"https:\/\/www.copealcoy.es\/es\/un-eje-industrial-en-las-comarcas-centrales-proyecto-en-el-que-tambien-tiene-cabida-alcoy\/","og_locale":"es_ES","og_type":"article","og_title":"Un eje industrial en las comarcas centrales, proyecto en el que tambi\u00e9n tiene cabida Alcoy - COPE Alcoy","og_description":"La Generalitat Valenciana promueve un eje industrial que vertebra a las comarcas centrales y que busca convertir a la zona en polo de atracci\u00f3n de inversiones","og_url":"https:\/\/www.copealcoy.es\/es\/un-eje-industrial-en-las-comarcas-centrales-proyecto-en-el-que-tambien-tiene-cabida-alcoy\/","og_site_name":"COPE Alcoy","article_published_time":"2024-02-28T14:58:37+00:00","article_modified_time":"2024-02-28T17:09:25+00:00","og_image":[{"width":640,"height":360,"url":"https:\/\/www.copealcoy.es\/wp-content\/uploads\/2021\/01\/Poli\u0301gono-Alcoy-7-e1639501498886.png","type":"image\/png"}],"author":"Cope Alcoy","twitter_misc":{"Escrito por":"Cope Alcoy","Tiempo de lectura":"3 minutos"},"schema":{"@context":"https:\/\/schema.org","@graph":[{"@type":"Article","@id":"https:\/\/www.copealcoy.es\/es\/un-eje-industrial-en-las-comarcas-centrales-proyecto-en-el-que-tambien-tiene-cabida-alcoy\/#article","isPartOf":{"@id":"https:\/\/www.copealcoy.es\/es\/un-eje-industrial-en-las-comarcas-centrales-proyecto-en-el-que-tambien-tiene-cabida-alcoy\/"},"author":{"name":"Cope Alcoy","@id":"https:\/\/www.copealcoy.es\/es\/#\/schema\/person\/e777c87fa024e57d40170af9df39882c"},"headline":"Un eje industrial en las comarcas centrales, proyecto en el que tambi\u00e9n tiene cabida Alcoy","datePublished":"2024-02-28T14:58:37+00:00","dateModified":"2024-02-28T17:09:25+00:00","mainEntityOfPage":{"@id":"https:\/\/www.copealcoy.es\/es\/un-eje-industrial-en-las-comarcas-centrales-proyecto-en-el-que-tambien-tiene-cabida-alcoy\/"},"wordCount":411,"commentCount":0,"image":{"@id":"https:\/\/www.copealcoy.es\/es\/un-eje-industrial-en-las-comarcas-centrales-proyecto-en-el-que-tambien-tiene-cabida-alcoy\/#primaryimage"},"thumbnailUrl":"https:\/\/www.copealcoy.es\/wp-content\/uploads\/2021\/01\/Poli\u0301gono-Alcoy-7-e1639501498886.png","keywords":["Alcoy","Carlos Pastor","eje industrial","Felipe Carrasco","Generalitat Valenciana"],"articleSection":["Actualidad","Alcoy","Noticias","Portada"],"inLanguage":"es"},{"@type":"WebPage","@id":"https:\/\/www.copealcoy.es\/es\/un-eje-industrial-en-las-comarcas-centrales-proyecto-en-el-que-tambien-tiene-cabida-alcoy\/","url":"https:\/\/www.copealcoy.es\/es\/un-eje-industrial-en-las-comarcas-centrales-proyecto-en-el-que-tambien-tiene-cabida-alcoy\/","name":"Un eje industrial en las comarcas centrales, proyecto en el que tambi\u00e9n tiene cabida Alcoy - COPE Alcoy","isPartOf":{"@id":"https:\/\/www.copealcoy.es\/es\/#website"},"primaryImageOfPage":{"@id":"https:\/\/www.copealcoy.es\/es\/un-eje-industrial-en-las-comarcas-centrales-proyecto-en-el-que-tambien-tiene-cabida-alcoy\/#primaryimage"},"image":{"@id":"https:\/\/www.copealcoy.es\/es\/un-eje-industrial-en-las-comarcas-centrales-proyecto-en-el-que-tambien-tiene-cabida-alcoy\/#primaryimage"},"thumbnailUrl":"https:\/\/www.copealcoy.es\/wp-content\/uploads\/2021\/01\/Poli\u0301gono-Alcoy-7-e1639501498886.png","datePublished":"2024-02-28T14:58:37+00:00","dateModified":"2024-02-28T17:09:25+00:00","author":{"@id":"https:\/\/www.copealcoy.es\/es\/#\/schema\/person\/e777c87fa024e57d40170af9df39882c"},"description":"La Generalitat Valenciana promueve un eje industrial que vertebra a las comarcas centrales y que busca convertir a la zona en polo de atracci\u00f3n de inversiones","breadcrumb":{"@id":"https:\/\/www.copealcoy.es\/es\/un-eje-industrial-en-las-comarcas-centrales-proyecto-en-el-que-tambien-tiene-cabida-alcoy\/#breadcrumb"},"inLanguage":"es","potentialAction":[{"@type":"ReadAction","target":["https:\/\/www.copealcoy.es\/es\/un-eje-industrial-en-las-comarcas-centrales-proyecto-en-el-que-tambien-tiene-cabida-alcoy\/"]}]},{"@type":"ImageObject","inLanguage":"es","@id":"https:\/\/www.copealcoy.es\/es\/un-eje-industrial-en-las-comarcas-centrales-proyecto-en-el-que-tambien-tiene-cabida-alcoy\/#primaryimage","url":"https:\/\/www.copealcoy.es\/wp-content\/uploads\/2021\/01\/Poli\u0301gono-Alcoy-7-e1639501498886.png","contentUrl":"https:\/\/www.copealcoy.es\/wp-content\/uploads\/2021\/01\/Poli\u0301gono-Alcoy-7-e1639501498886.png","width":640,"height":360},{"@type":"BreadcrumbList","@id":"https:\/\/www.copealcoy.es\/es\/un-eje-industrial-en-las-comarcas-centrales-proyecto-en-el-que-tambien-tiene-cabida-alcoy\/#breadcrumb","itemListElement":[{"@type":"ListItem","position":1,"name":"Portada","item":"https:\/\/www.copealcoy.es\/es\/"},{"@type":"ListItem","position":2,"name":"Un eje industrial en las comarcas centrales, proyecto en el que tambi\u00e9n tiene cabida Alcoy"}]},{"@type":"WebSite","@id":"https:\/\/www.copealcoy.es\/es\/#website","url":"https:\/\/www.copealcoy.es\/es\/","name":"COPE Alcoy","description":"Emisora COPE de radio local con emisi\u00f3n online. Pont de Sant Jordi 8-10 03803 Alcoy","potentialAction":[{"@type":"SearchAction","target":{"@type":"EntryPoint","urlTemplate":"https:\/\/www.copealcoy.es\/es\/?s={search_term_string}"},"query-input":{"@type":"PropertyValueSpecification","valueRequired":true,"valueName":"search_term_string"}}],"inLanguage":"es"},{"@type":"Person","@id":"https:\/\/www.copealcoy.es\/es\/#\/schema\/person\/e777c87fa024e57d40170af9df39882c","name":"Cope Alcoy","image":{"@type":"ImageObject","inLanguage":"es","@id":"https:\/\/secure.gravatar.com\/avatar\/bb65d0283347e303893ba14f0692005417c1e0e690a325a4c5d8bb2b3943ee14?s=96&d=mm&r=g","url":"https:\/\/secure.gravatar.com\/avatar\/bb65d0283347e303893ba14f0692005417c1e0e690a325a4c5d8bb2b3943ee14?s=96&d=mm&r=g","contentUrl":"https:\/\/secure.gravatar.com\/avatar\/bb65d0283347e303893ba14f0692005417c1e0e690a325a4c5d8bb2b3943ee14?s=96&d=mm&r=g","caption":"Cope Alcoy"}}]}},"_links":{"self":[{"href":"https:\/\/www.copealcoy.es\/es\/wp-json\/wp\/v2\/posts\/129955","targetHints":{"allow":["GET"]}}],"collection":[{"href":"https:\/\/www.copealcoy.es\/es\/wp-json\/wp\/v2\/posts"}],"about":[{"href":"https:\/\/www.copealcoy.es\/es\/wp-json\/wp\/v2\/types\/post"}],"author":[{"embeddable":true,"href":"https:\/\/www.copealcoy.es\/es\/wp-json\/wp\/v2\/users\/1"}],"replies":[{"embeddable":true,"href":"https:\/\/www.copealcoy.es\/es\/wp-json\/wp\/v2\/comments?post=129955"}],"version-history":[{"count":0,"href":"https:\/\/www.copealcoy.es\/es\/wp-json\/wp\/v2\/posts\/129955\/revisions"}],"wp:featuredmedia":[{"embeddable":true,"href":"https:\/\/www.copealcoy.es\/es\/wp-json\/wp\/v2\/media\/69679"}],"wp:attachment":[{"href":"https:\/\/www.copealcoy.es\/es\/wp-json\/wp\/v2\/media?parent=129955"}],"wp:term":[{"taxonomy":"category","embeddable":true,"href":"https:\/\/www.copealcoy.es\/es\/wp-json\/wp\/v2\/categories?post=129955"},{"taxonomy":"post_tag","embeddable":true,"href":"https:\/\/www.copealcoy.es\/es\/wp-json\/wp\/v2\/tags?post=129955"}],"curies":[{"name":"wp","href":"https:\/\/api.w.org\/{rel}","templated":true}]}}