{"id":129923,"date":"2024-02-28T07:30:36","date_gmt":"2024-02-28T06:30:36","guid":{"rendered":"https:\/\/www.copealcoy.es\/?p=129923"},"modified":"2024-02-28T10:04:57","modified_gmt":"2024-02-28T09:04:57","slug":"informativo-matinal-miercoles-28-de-febrero-2024-0720h","status":"publish","type":"post","link":"https:\/\/www.copealcoy.es\/es\/informativo-matinal-miercoles-28-de-febrero-2024-0720h\/","title":{"rendered":"Informativo matinal mi\u00e9rcoles 28 de febrero 2024 (07:20h)"},"content":{"rendered":"<p><iframe loading=\"lazy\" title=\"Informatiu Matinal Dimecres 28 De Febrer 2024 (07:20h)\" width=\"100%\" height=\"120\" src=\"https:\/\/www.mixcloud.com\/widget\/iframe\/?feed=https%3A%2F%2Fwww.mixcloud.com%2FCOPEAlcoy%2Finformatiu-matinal-dimecres-28-de-febrer-2024-0720h%2F&amp;hide_cover=1\" frameborder=\"0\"><\/iframe><\/p>\n<p style=\"text-align: justify;\">Hoy mi\u00e9rcoles hemos destacado que se ha llevado a cabo <strong>la revisi\u00f3n de las bases de m\u00e1rmol de las farolas de la calle Sant Tom\u00e0s de Alcoy<\/strong> al desprenderse una pieza el pasado domingo afectando a un ni\u00f1o. Tambi\u00e9n nos hemos centrado en la detenci\u00f3n de un var\u00f3n en nuestra ciudad.<\/p>\n<p style=\"text-align: justify;\">Agentes de la<a href=\"https:\/\/policia.es\/_es\/index.php\" target=\"_blank\" rel=\"noopener\"><strong>\u00a0<span style=\"color: #0000ff;\">Polic\u00eda Nacional<\/span><\/strong>\u00a0<\/a>han detenido en\u00a0<strong>Alcoy<\/strong>\u00a0a un var\u00f3n como\u00a0<strong>presunto autor de un robo<\/strong>\u00a0<strong>con violencia<\/strong>. El detenido utiliz\u00f3 la t\u00e9cnica conocida como\u00a0<em>\u201cmatale\u00f3n\u201d<\/em>\u00a0para dejar inconsciente a la v\u00edctima y sustraerle dinero y joyas.<\/p>\n<p style=\"text-align: justify;\">La Sala Operativa CIMACC-091 de la Polic\u00eda Nacional recibi\u00f3 el aviso sobre un robo con violencia donde la v\u00edctima,\u00a0<strong>una mujer de 59 a\u00f1os de edad,<\/strong>\u00a0hab\u00eda sido atacada por un individuo que le hab\u00eda sustra\u00eddo dinero y joyas utilizando la t\u00e9cnica del \u201cmatale\u00f3n\u201d llegando a perder el conocimiento. Cabe recordar que esta t\u00e9cnica\u00a0<strong>consiste en bloquear a la persona por la espalda y por el cuello\u00a0<\/strong>hasta que \u00e9sta pierda la consciencia al producir en la arteria car\u00f3tida, mediante la presi\u00f3n ejercida, una disminuci\u00f3n del flujo sangu\u00edneo al cerebro, reduciendo de esta manera el suministro de ox\u00edgeno.<\/p>\n<p style=\"text-align: justify;\">Inmediatamente una patrulla de Seguridad Ciudadana la Polic\u00eda Nacional se person\u00f3 en el establecimiento donde hab\u00edan sucedido los hechos y tras entrevistarse con la v\u00edctima y propietaria del local \u00e9sta relat\u00f3 a los agentes que un var\u00f3n accedi\u00f3 al establecimiento y tras solicitarle un art\u00edculo se abalanz\u00f3 sobre ella y comenz\u00f3 a estrangularla, llegando a perder el conocimiento y volviendo a recuperarlo minutos despu\u00e9s. Fue entonces, seg\u00fan explic\u00f3, cuando se dio cuenta de que\u00a0<strong>se encontraba en el interior del ba\u00f1o y que le hab\u00eda sustra\u00eddo un anillo y una pulsera de oro que portaba, as\u00ed como su monedero, el tel\u00e9fono m\u00f3vil y dinero de la caja registradora.<\/strong><\/p>\n<p style=\"text-align: justify;\">Tras lo sucedido,\u00a0<strong>se inici\u00f3 una investigaci\u00f3n<\/strong>\u00a0por parte de los agentes del Grupo de Polic\u00eda Judicial de la Comisar\u00eda de Alcoy, quienes focalizaron sus primeras gestiones en la localizaci\u00f3n de posibles c\u00e1maras de seguridad de los establecimientos cercanos que pudieran haber recogido la hu\u00edda del autor.<\/p>\n<p style=\"text-align: justify;\">Una vez analizadas todas las indagaciones y bas\u00e1ndose en las descripci\u00f3n f\u00edsica aportada por la v\u00edctima,\u00a0<strong>los agentes consiguieron seleccionar de sus bases de datos policiales<\/strong>\u00a0a una serie de individuos, delincuentes habituales, que una vez mostrados a la v\u00edctima. \u00c9sta reconoci\u00f3 sin ning\u00fan g\u00e9nero de dudas a uno de ellos como el var\u00f3n que acudi\u00f3 a su local y tras solicitarle un art\u00edculo la agarr\u00f3 fuertemente del cuello perdiendo la consciencia y no recordando nada m\u00e1s de lo sucedido.<\/p>\n<p>Seg\u00fan sus manifestaciones,\u00a0<strong>el presunto autor acudi\u00f3 d\u00edas antes a dicho establecimiento junto con una mujer a pedir informaci\u00f3n sobre unas pinturas,<\/strong>\u00a0por lo que los agentes dedujeron que \u00e9sta primera vez, ambas personas acudieron al establecimiento para hacer una inspecci\u00f3n previa del lugar. De esta forma planificaron el robo, o bien en ese momento iban a cometerlo pero al entrar un cliente decidieron marcharse del lugar y posponer el robo.<\/p>\n<p>El presunto autor identificado por la v\u00edctima y que a su vez coincid\u00eda plenamente con las caracter\u00edsticas f\u00edsicas aportadas<strong>\u00a0fue localizado y detenido<\/strong>\u00a0por un presunto delito de robo con violencia. Por su parte, la v\u00edctima, tuvo que ser asistida facultativamente e ingresada en el hospital debido a una insuficiencia card\u00edaca aguda derivada por la agresi\u00f3n sufrida.<\/p>\n<p><strong>El detenido, de nacionalidad espa\u00f1ola, de 37 a\u00f1os de edad,<\/strong>\u00a0con multitud de antecedentes por hechos similares tanto por Polic\u00eda Nacional como por Guardia Civil,\u00a0<strong>fue puesto a disposici\u00f3n del Juzgado de Instrucci\u00f3n de guardia<\/strong>\u00a0 de Alcoy, decret\u00e1ndose su ingreso en prisi\u00f3n.<\/p>\n","protected":false},"excerpt":{"rendered":"<p>Hoy mi\u00e9rcoles hemos destacado que se ha llevado a cabo la revisi\u00f3n de las bases de m\u00e1rmol de las farolas&#8230;<\/p>\n","protected":false},"author":1,"featured_media":110612,"comment_status":"open","ping_status":"open","sticky":false,"template":"","format":"standard","meta":{"footnotes":""},"categories":[6909,89,91],"tags":[],"class_list":["post-129923","post","type-post","status-publish","format-standard","has-post-thumbnail","hentry","category-actualidad","category-audiosdelosprogramas","category-informativos"],"yoast_head":"<!-- This site is optimized with the Yoast SEO plugin v27.3 - https:\/\/yoast.com\/product\/yoast-seo-wordpress\/ -->\n<title>Informativo matinal mi\u00e9rcoles 28 de febrero 2024 (07:20h) - COPE Alcoy<\/title>\n<meta name=\"robots\" content=\"index, follow, max-snippet:-1, max-image-preview:large, max-video-preview:-1\" \/>\n<link rel=\"canonical\" href=\"https:\/\/www.copealcoy.es\/es\/informativo-matinal-miercoles-28-de-febrero-2024-0720h\/\" \/>\n<meta property=\"og:locale\" content=\"es_ES\" \/>\n<meta property=\"og:type\" content=\"article\" \/>\n<meta property=\"og:title\" content=\"Informativo matinal mi\u00e9rcoles 28 de febrero 2024 (07:20h) - COPE Alcoy\" \/>\n<meta property=\"og:description\" content=\"Hoy mi\u00e9rcoles hemos destacado que se ha llevado a cabo la revisi\u00f3n de las bases de m\u00e1rmol de las farolas...\" \/>\n<meta property=\"og:url\" content=\"https:\/\/www.copealcoy.es\/es\/informativo-matinal-miercoles-28-de-febrero-2024-0720h\/\" \/>\n<meta property=\"og:site_name\" content=\"COPE Alcoy\" \/>\n<meta property=\"article:published_time\" content=\"2024-02-28T06:30:36+00:00\" \/>\n<meta property=\"article:modified_time\" content=\"2024-02-28T09:04:57+00:00\" \/>\n<meta property=\"og:image\" content=\"https:\/\/www.copealcoy.es\/wp-content\/uploads\/2023\/02\/Herrera-en-COPE-Alcoy-4.png\" \/>\n\t<meta property=\"og:image:width\" content=\"357\" \/>\n\t<meta property=\"og:image:height\" content=\"290\" \/>\n\t<meta property=\"og:image:type\" content=\"image\/png\" \/>\n<meta name=\"author\" content=\"Cope Alcoy\" \/>\n<meta name=\"twitter:label1\" content=\"Escrito por\" \/>\n\t<meta name=\"twitter:data1\" content=\"Cope Alcoy\" \/>\n\t<meta name=\"twitter:label2\" content=\"Tiempo de lectura\" \/>\n\t<meta name=\"twitter:data2\" content=\"3 minutos\" \/>\n<script type=\"application\/ld+json\" class=\"yoast-schema-graph\">{\"@context\":\"https:\\\/\\\/schema.org\",\"@graph\":[{\"@type\":\"Article\",\"@id\":\"https:\\\/\\\/www.copealcoy.es\\\/es\\\/informativo-matinal-miercoles-28-de-febrero-2024-0720h\\\/#article\",\"isPartOf\":{\"@id\":\"https:\\\/\\\/www.copealcoy.es\\\/es\\\/informativo-matinal-miercoles-28-de-febrero-2024-0720h\\\/\"},\"author\":{\"name\":\"Cope Alcoy\",\"@id\":\"https:\\\/\\\/www.copealcoy.es\\\/es\\\/#\\\/schema\\\/person\\\/e777c87fa024e57d40170af9df39882c\"},\"headline\":\"Informativo matinal mi\u00e9rcoles 28 de febrero 2024 (07:20h)\",\"datePublished\":\"2024-02-28T06:30:36+00:00\",\"dateModified\":\"2024-02-28T09:04:57+00:00\",\"mainEntityOfPage\":{\"@id\":\"https:\\\/\\\/www.copealcoy.es\\\/es\\\/informativo-matinal-miercoles-28-de-febrero-2024-0720h\\\/\"},\"wordCount\":680,\"commentCount\":0,\"image\":{\"@id\":\"https:\\\/\\\/www.copealcoy.es\\\/es\\\/informativo-matinal-miercoles-28-de-febrero-2024-0720h\\\/#primaryimage\"},\"thumbnailUrl\":\"https:\\\/\\\/www.copealcoy.es\\\/wp-content\\\/uploads\\\/2023\\\/02\\\/Herrera-en-COPE-Alcoy-4.png\",\"articleSection\":[\"Actualidad\",\"Audios de los programas\",\"Informativos\"],\"inLanguage\":\"es\"},{\"@type\":\"WebPage\",\"@id\":\"https:\\\/\\\/www.copealcoy.es\\\/es\\\/informativo-matinal-miercoles-28-de-febrero-2024-0720h\\\/\",\"url\":\"https:\\\/\\\/www.copealcoy.es\\\/es\\\/informativo-matinal-miercoles-28-de-febrero-2024-0720h\\\/\",\"name\":\"Informativo matinal mi\u00e9rcoles 28 de febrero 2024 (07:20h) - COPE Alcoy\",\"isPartOf\":{\"@id\":\"https:\\\/\\\/www.copealcoy.es\\\/es\\\/#website\"},\"primaryImageOfPage\":{\"@id\":\"https:\\\/\\\/www.copealcoy.es\\\/es\\\/informativo-matinal-miercoles-28-de-febrero-2024-0720h\\\/#primaryimage\"},\"image\":{\"@id\":\"https:\\\/\\\/www.copealcoy.es\\\/es\\\/informativo-matinal-miercoles-28-de-febrero-2024-0720h\\\/#primaryimage\"},\"thumbnailUrl\":\"https:\\\/\\\/www.copealcoy.es\\\/wp-content\\\/uploads\\\/2023\\\/02\\\/Herrera-en-COPE-Alcoy-4.png\",\"datePublished\":\"2024-02-28T06:30:36+00:00\",\"dateModified\":\"2024-02-28T09:04:57+00:00\",\"author\":{\"@id\":\"https:\\\/\\\/www.copealcoy.es\\\/es\\\/#\\\/schema\\\/person\\\/e777c87fa024e57d40170af9df39882c\"},\"breadcrumb\":{\"@id\":\"https:\\\/\\\/www.copealcoy.es\\\/es\\\/informativo-matinal-miercoles-28-de-febrero-2024-0720h\\\/#breadcrumb\"},\"inLanguage\":\"es\",\"potentialAction\":[{\"@type\":\"ReadAction\",\"target\":[\"https:\\\/\\\/www.copealcoy.es\\\/es\\\/informativo-matinal-miercoles-28-de-febrero-2024-0720h\\\/\"]}]},{\"@type\":\"ImageObject\",\"inLanguage\":\"es\",\"@id\":\"https:\\\/\\\/www.copealcoy.es\\\/es\\\/informativo-matinal-miercoles-28-de-febrero-2024-0720h\\\/#primaryimage\",\"url\":\"https:\\\/\\\/www.copealcoy.es\\\/wp-content\\\/uploads\\\/2023\\\/02\\\/Herrera-en-COPE-Alcoy-4.png\",\"contentUrl\":\"https:\\\/\\\/www.copealcoy.es\\\/wp-content\\\/uploads\\\/2023\\\/02\\\/Herrera-en-COPE-Alcoy-4.png\",\"width\":357,\"height\":290},{\"@type\":\"BreadcrumbList\",\"@id\":\"https:\\\/\\\/www.copealcoy.es\\\/es\\\/informativo-matinal-miercoles-28-de-febrero-2024-0720h\\\/#breadcrumb\",\"itemListElement\":[{\"@type\":\"ListItem\",\"position\":1,\"name\":\"Portada\",\"item\":\"https:\\\/\\\/www.copealcoy.es\\\/es\\\/\"},{\"@type\":\"ListItem\",\"position\":2,\"name\":\"Informativo matinal mi\u00e9rcoles 28 de febrero 2024 (07:20h)\"}]},{\"@type\":\"WebSite\",\"@id\":\"https:\\\/\\\/www.copealcoy.es\\\/es\\\/#website\",\"url\":\"https:\\\/\\\/www.copealcoy.es\\\/es\\\/\",\"name\":\"COPE Alcoy\",\"description\":\"Emisora COPE de radio local con emisi\u00f3n online. Pont de Sant Jordi 8-10 03803 Alcoy\",\"potentialAction\":[{\"@type\":\"SearchAction\",\"target\":{\"@type\":\"EntryPoint\",\"urlTemplate\":\"https:\\\/\\\/www.copealcoy.es\\\/es\\\/?s={search_term_string}\"},\"query-input\":{\"@type\":\"PropertyValueSpecification\",\"valueRequired\":true,\"valueName\":\"search_term_string\"}}],\"inLanguage\":\"es\"},{\"@type\":\"Person\",\"@id\":\"https:\\\/\\\/www.copealcoy.es\\\/es\\\/#\\\/schema\\\/person\\\/e777c87fa024e57d40170af9df39882c\",\"name\":\"Cope Alcoy\",\"image\":{\"@type\":\"ImageObject\",\"inLanguage\":\"es\",\"@id\":\"https:\\\/\\\/secure.gravatar.com\\\/avatar\\\/bb65d0283347e303893ba14f0692005417c1e0e690a325a4c5d8bb2b3943ee14?s=96&d=mm&r=g\",\"url\":\"https:\\\/\\\/secure.gravatar.com\\\/avatar\\\/bb65d0283347e303893ba14f0692005417c1e0e690a325a4c5d8bb2b3943ee14?s=96&d=mm&r=g\",\"contentUrl\":\"https:\\\/\\\/secure.gravatar.com\\\/avatar\\\/bb65d0283347e303893ba14f0692005417c1e0e690a325a4c5d8bb2b3943ee14?s=96&d=mm&r=g\",\"caption\":\"Cope Alcoy\"}}]}<\/script>\n<!-- \/ Yoast SEO plugin. -->","yoast_head_json":{"title":"Informativo matinal mi\u00e9rcoles 28 de febrero 2024 (07:20h) - COPE Alcoy","robots":{"index":"index","follow":"follow","max-snippet":"max-snippet:-1","max-image-preview":"max-image-preview:large","max-video-preview":"max-video-preview:-1"},"canonical":"https:\/\/www.copealcoy.es\/es\/informativo-matinal-miercoles-28-de-febrero-2024-0720h\/","og_locale":"es_ES","og_type":"article","og_title":"Informativo matinal mi\u00e9rcoles 28 de febrero 2024 (07:20h) - COPE Alcoy","og_description":"Hoy mi\u00e9rcoles hemos destacado que se ha llevado a cabo la revisi\u00f3n de las bases de m\u00e1rmol de las farolas...","og_url":"https:\/\/www.copealcoy.es\/es\/informativo-matinal-miercoles-28-de-febrero-2024-0720h\/","og_site_name":"COPE Alcoy","article_published_time":"2024-02-28T06:30:36+00:00","article_modified_time":"2024-02-28T09:04:57+00:00","og_image":[{"width":357,"height":290,"url":"https:\/\/www.copealcoy.es\/wp-content\/uploads\/2023\/02\/Herrera-en-COPE-Alcoy-4.png","type":"image\/png"}],"author":"Cope Alcoy","twitter_misc":{"Escrito por":"Cope Alcoy","Tiempo de lectura":"3 minutos"},"schema":{"@context":"https:\/\/schema.org","@graph":[{"@type":"Article","@id":"https:\/\/www.copealcoy.es\/es\/informativo-matinal-miercoles-28-de-febrero-2024-0720h\/#article","isPartOf":{"@id":"https:\/\/www.copealcoy.es\/es\/informativo-matinal-miercoles-28-de-febrero-2024-0720h\/"},"author":{"name":"Cope Alcoy","@id":"https:\/\/www.copealcoy.es\/es\/#\/schema\/person\/e777c87fa024e57d40170af9df39882c"},"headline":"Informativo matinal mi\u00e9rcoles 28 de febrero 2024 (07:20h)","datePublished":"2024-02-28T06:30:36+00:00","dateModified":"2024-02-28T09:04:57+00:00","mainEntityOfPage":{"@id":"https:\/\/www.copealcoy.es\/es\/informativo-matinal-miercoles-28-de-febrero-2024-0720h\/"},"wordCount":680,"commentCount":0,"image":{"@id":"https:\/\/www.copealcoy.es\/es\/informativo-matinal-miercoles-28-de-febrero-2024-0720h\/#primaryimage"},"thumbnailUrl":"https:\/\/www.copealcoy.es\/wp-content\/uploads\/2023\/02\/Herrera-en-COPE-Alcoy-4.png","articleSection":["Actualidad","Audios de los programas","Informativos"],"inLanguage":"es"},{"@type":"WebPage","@id":"https:\/\/www.copealcoy.es\/es\/informativo-matinal-miercoles-28-de-febrero-2024-0720h\/","url":"https:\/\/www.copealcoy.es\/es\/informativo-matinal-miercoles-28-de-febrero-2024-0720h\/","name":"Informativo matinal mi\u00e9rcoles 28 de febrero 2024 (07:20h) - COPE Alcoy","isPartOf":{"@id":"https:\/\/www.copealcoy.es\/es\/#website"},"primaryImageOfPage":{"@id":"https:\/\/www.copealcoy.es\/es\/informativo-matinal-miercoles-28-de-febrero-2024-0720h\/#primaryimage"},"image":{"@id":"https:\/\/www.copealcoy.es\/es\/informativo-matinal-miercoles-28-de-febrero-2024-0720h\/#primaryimage"},"thumbnailUrl":"https:\/\/www.copealcoy.es\/wp-content\/uploads\/2023\/02\/Herrera-en-COPE-Alcoy-4.png","datePublished":"2024-02-28T06:30:36+00:00","dateModified":"2024-02-28T09:04:57+00:00","author":{"@id":"https:\/\/www.copealcoy.es\/es\/#\/schema\/person\/e777c87fa024e57d40170af9df39882c"},"breadcrumb":{"@id":"https:\/\/www.copealcoy.es\/es\/informativo-matinal-miercoles-28-de-febrero-2024-0720h\/#breadcrumb"},"inLanguage":"es","potentialAction":[{"@type":"ReadAction","target":["https:\/\/www.copealcoy.es\/es\/informativo-matinal-miercoles-28-de-febrero-2024-0720h\/"]}]},{"@type":"ImageObject","inLanguage":"es","@id":"https:\/\/www.copealcoy.es\/es\/informativo-matinal-miercoles-28-de-febrero-2024-0720h\/#primaryimage","url":"https:\/\/www.copealcoy.es\/wp-content\/uploads\/2023\/02\/Herrera-en-COPE-Alcoy-4.png","contentUrl":"https:\/\/www.copealcoy.es\/wp-content\/uploads\/2023\/02\/Herrera-en-COPE-Alcoy-4.png","width":357,"height":290},{"@type":"BreadcrumbList","@id":"https:\/\/www.copealcoy.es\/es\/informativo-matinal-miercoles-28-de-febrero-2024-0720h\/#breadcrumb","itemListElement":[{"@type":"ListItem","position":1,"name":"Portada","item":"https:\/\/www.copealcoy.es\/es\/"},{"@type":"ListItem","position":2,"name":"Informativo matinal mi\u00e9rcoles 28 de febrero 2024 (07:20h)"}]},{"@type":"WebSite","@id":"https:\/\/www.copealcoy.es\/es\/#website","url":"https:\/\/www.copealcoy.es\/es\/","name":"COPE Alcoy","description":"Emisora COPE de radio local con emisi\u00f3n online. Pont de Sant Jordi 8-10 03803 Alcoy","potentialAction":[{"@type":"SearchAction","target":{"@type":"EntryPoint","urlTemplate":"https:\/\/www.copealcoy.es\/es\/?s={search_term_string}"},"query-input":{"@type":"PropertyValueSpecification","valueRequired":true,"valueName":"search_term_string"}}],"inLanguage":"es"},{"@type":"Person","@id":"https:\/\/www.copealcoy.es\/es\/#\/schema\/person\/e777c87fa024e57d40170af9df39882c","name":"Cope Alcoy","image":{"@type":"ImageObject","inLanguage":"es","@id":"https:\/\/secure.gravatar.com\/avatar\/bb65d0283347e303893ba14f0692005417c1e0e690a325a4c5d8bb2b3943ee14?s=96&d=mm&r=g","url":"https:\/\/secure.gravatar.com\/avatar\/bb65d0283347e303893ba14f0692005417c1e0e690a325a4c5d8bb2b3943ee14?s=96&d=mm&r=g","contentUrl":"https:\/\/secure.gravatar.com\/avatar\/bb65d0283347e303893ba14f0692005417c1e0e690a325a4c5d8bb2b3943ee14?s=96&d=mm&r=g","caption":"Cope Alcoy"}}]}},"_links":{"self":[{"href":"https:\/\/www.copealcoy.es\/es\/wp-json\/wp\/v2\/posts\/129923","targetHints":{"allow":["GET"]}}],"collection":[{"href":"https:\/\/www.copealcoy.es\/es\/wp-json\/wp\/v2\/posts"}],"about":[{"href":"https:\/\/www.copealcoy.es\/es\/wp-json\/wp\/v2\/types\/post"}],"author":[{"embeddable":true,"href":"https:\/\/www.copealcoy.es\/es\/wp-json\/wp\/v2\/users\/1"}],"replies":[{"embeddable":true,"href":"https:\/\/www.copealcoy.es\/es\/wp-json\/wp\/v2\/comments?post=129923"}],"version-history":[{"count":0,"href":"https:\/\/www.copealcoy.es\/es\/wp-json\/wp\/v2\/posts\/129923\/revisions"}],"wp:featuredmedia":[{"embeddable":true,"href":"https:\/\/www.copealcoy.es\/es\/wp-json\/wp\/v2\/media\/110612"}],"wp:attachment":[{"href":"https:\/\/www.copealcoy.es\/es\/wp-json\/wp\/v2\/media?parent=129923"}],"wp:term":[{"taxonomy":"category","embeddable":true,"href":"https:\/\/www.copealcoy.es\/es\/wp-json\/wp\/v2\/categories?post=129923"},{"taxonomy":"post_tag","embeddable":true,"href":"https:\/\/www.copealcoy.es\/es\/wp-json\/wp\/v2\/tags?post=129923"}],"curies":[{"name":"wp","href":"https:\/\/api.w.org\/{rel}","templated":true}]}}