{"id":129895,"date":"2024-02-27T12:35:01","date_gmt":"2024-02-27T11:35:01","guid":{"rendered":"https:\/\/www.copealcoy.es\/?p=129895"},"modified":"2024-02-27T13:24:45","modified_gmt":"2024-02-27T12:24:45","slug":"revisan-las-farolas-de-sant-tomas-tras-caer-una-losa-de-marmol-sobre-un-menor","status":"publish","type":"post","link":"https:\/\/www.copealcoy.es\/es\/revisan-las-farolas-de-sant-tomas-tras-caer-una-losa-de-marmol-sobre-un-menor\/","title":{"rendered":"Revisan las farolas de Sant Tom\u00e0s tras caer una losa de m\u00e1rmol sobre un menor"},"content":{"rendered":"<p style=\"text-align: justify;\">Operarios de la <a href=\"https:\/\/www.facebook.com\/ObresiServeis\" target=\"_blank\" rel=\"noopener\"><strong><span style=\"color: #0000ff;\">Brigada Municipal de Obras<\/span><\/strong><\/a> han comenzado a trabajar en la ma\u00f1ana de este martes en <strong>la revisi\u00f3n de las losas<\/strong> <strong>que decoran las bases de las farolas de alumbrado p\u00fablico<\/strong> situadas en la calle Sant Tom\u00e0s de Alcoy. Los trabajos llegan despu\u00e9s de que el domingo <strong>se desprendiera una pieza ante la iglesia de San Jorge<\/strong> afectando a un menor en un momento en el que hab\u00eda cierta concurrencia en la zona puesto que hab\u00eda finalizado la misa de relevo de &#8216;Glorierets&#8217;.<\/p>\n<p style=\"text-align: justify;\">Fue precisamente <strong>el Partido Popular de Alcoy qui\u00e9n se hizo ayer eco de la noticia<\/strong> y denunciaron en sus redes sociales los hechos destacando que este desprendimiento <strong>era fruto del escaso mantenimiento de la ciudad<\/strong> que hace el gobierno local.\u00a0Adem\u00e1s,\u00a0indicaron que, afortunadamente, <strong>todo qued\u00f3 un susto<\/strong> y aunque el menor fue trasladado al Hospital Virgen de los Lirios de\u00a0Alcoy,\u00a0se encontraba en perfecto estado.<\/p>\n<p style=\"text-align: justify;\">Desde el ejecutivo municipal han explicado al respecto que <strong>ya se est\u00e1 actuando en este punto de la ciudad<\/strong> y de hecho, esta ma\u00f1ana se ha visto a la citada Brigada Municipal de Obras <strong>revisando cada una de las placas de m\u00e1rmol<\/strong> de las diferentes columnas de alumbrado p\u00fablico que hay en la misma calle Sant Tom\u00e0s. Tambi\u00e9n se est\u00e1n fijando de nuevo aquellas que podr\u00edan estar defectuosas para evitar que puedan producirse nuevos incidentes como el sucedido el pasado domingo. As\u00ed lo ha contado en declaraciones a COPE ALCOY el edil de Obras y Servicios del Ayuntamiento de nuestra ciudad, <strong>Jordi Mart\u00ednez<\/strong>, el cual ha avanzado adem\u00e1s que se har\u00e1 una revisi\u00f3n de todas las piezas de m\u00e1rmol id\u00e9nticas que est\u00e1n repartidas por el Centro:<\/p>\n<p>&nbsp;<\/p>\n<audio class=\"wp-audio-shortcode\" id=\"audio-129895-1\" preload=\"none\" style=\"width: 100%;\" controls=\"controls\"><source type=\"audio\/mpeg\" src=\"https:\/\/www.copealcoy.es\/wp-content\/uploads\/2024\/02\/Jordi-Martinez-piedras-farolas.mp3?_=1\" \/><a href=\"https:\/\/www.copealcoy.es\/wp-content\/uploads\/2024\/02\/Jordi-Martinez-piedras-farolas.mp3\">https:\/\/www.copealcoy.es\/wp-content\/uploads\/2024\/02\/Jordi-Martinez-piedras-farolas.mp3<\/a><\/audio>\n<p>&nbsp;<\/p>\n<p style=\"text-align: justify;\">Recordar que las piezas de m\u00e1rmol decorando las bases de las farolas <strong>son comunes en buena parte del Centro de Alcoy<\/strong>. Las encontramos en la calle de Sant Tom\u00e0s pero tambi\u00e9n en la Pla\u00e7a Ramon i Cajal o en el tramo final de la Avinguda del Pa\u00eds Valencia.<\/p>\n","protected":false},"excerpt":{"rendered":"<p>Operarios de la Brigada Municipal de Obras han comenzado a trabajar en la ma\u00f1ana de este martes en la revisi\u00f3n&#8230;<\/p>\n","protected":false},"author":1,"featured_media":129896,"comment_status":"open","ping_status":"open","sticky":false,"template":"","format":"standard","meta":{"footnotes":""},"categories":[6909,97,75,80],"tags":[1494,3237,927,145,222,16411],"class_list":["post-129895","post","type-post","status-publish","format-standard","has-post-thumbnail","hentry","category-actualidad","category-alcoy","category-noticias","category-sucesos","tag-alcoy","tag-farolas","tag-jordi-martinez","tag-obras","tag-reparacion","tag-sant-tomas"],"yoast_head":"<!-- This site is optimized with the Yoast SEO plugin v27.3 - https:\/\/yoast.com\/product\/yoast-seo-wordpress\/ -->\n<title>Revisan las farolas de Sant Tom\u00e0s tras caer una losa de m\u00e1rmol sobre un menor - COPE Alcoy<\/title>\n<meta name=\"description\" content=\"Operarios de la Brigada Municipal de Obras han comenzado a trabajar en la ma\u00f1ana de este martes en la revisi\u00f3n de las losas que decoran las bases de las farolas de alumbrado p\u00fablico\" \/>\n<meta name=\"robots\" content=\"index, follow, max-snippet:-1, max-image-preview:large, max-video-preview:-1\" \/>\n<link rel=\"canonical\" href=\"https:\/\/www.copealcoy.es\/es\/revisan-las-farolas-de-sant-tomas-tras-caer-una-losa-de-marmol-sobre-un-menor\/\" \/>\n<meta property=\"og:locale\" content=\"es_ES\" \/>\n<meta property=\"og:type\" content=\"article\" \/>\n<meta property=\"og:title\" content=\"Revisan las farolas de Sant Tom\u00e0s tras caer una losa de m\u00e1rmol sobre un menor - COPE Alcoy\" \/>\n<meta property=\"og:description\" content=\"Operarios de la Brigada Municipal de Obras han comenzado a trabajar en la ma\u00f1ana de este martes en la revisi\u00f3n de las losas que decoran las bases de las farolas de alumbrado p\u00fablico\" \/>\n<meta property=\"og:url\" content=\"https:\/\/www.copealcoy.es\/es\/revisan-las-farolas-de-sant-tomas-tras-caer-una-losa-de-marmol-sobre-un-menor\/\" \/>\n<meta property=\"og:site_name\" content=\"COPE Alcoy\" \/>\n<meta property=\"article:published_time\" content=\"2024-02-27T11:35:01+00:00\" \/>\n<meta property=\"article:modified_time\" content=\"2024-02-27T12:24:45+00:00\" \/>\n<meta property=\"og:image\" content=\"https:\/\/www.copealcoy.es\/wp-content\/uploads\/2024\/02\/unnamed-1-27-scaled-e1709032470235.jpg\" \/>\n\t<meta property=\"og:image:width\" content=\"640\" \/>\n\t<meta property=\"og:image:height\" content=\"386\" \/>\n\t<meta property=\"og:image:type\" content=\"image\/jpeg\" \/>\n<meta name=\"author\" content=\"Cope Alcoy\" \/>\n<meta name=\"twitter:label1\" content=\"Escrito por\" \/>\n\t<meta name=\"twitter:data1\" content=\"Cope Alcoy\" \/>\n\t<meta name=\"twitter:label2\" content=\"Tiempo de lectura\" \/>\n\t<meta name=\"twitter:data2\" content=\"2 minutos\" \/>\n<script type=\"application\/ld+json\" class=\"yoast-schema-graph\">{\"@context\":\"https:\\\/\\\/schema.org\",\"@graph\":[{\"@type\":\"Article\",\"@id\":\"https:\\\/\\\/www.copealcoy.es\\\/es\\\/revisan-las-farolas-de-sant-tomas-tras-caer-una-losa-de-marmol-sobre-un-menor\\\/#article\",\"isPartOf\":{\"@id\":\"https:\\\/\\\/www.copealcoy.es\\\/es\\\/revisan-las-farolas-de-sant-tomas-tras-caer-una-losa-de-marmol-sobre-un-menor\\\/\"},\"author\":{\"name\":\"Cope Alcoy\",\"@id\":\"https:\\\/\\\/www.copealcoy.es\\\/es\\\/#\\\/schema\\\/person\\\/e777c87fa024e57d40170af9df39882c\"},\"headline\":\"Revisan las farolas de Sant Tom\u00e0s tras caer una losa de m\u00e1rmol sobre un menor\",\"datePublished\":\"2024-02-27T11:35:01+00:00\",\"dateModified\":\"2024-02-27T12:24:45+00:00\",\"mainEntityOfPage\":{\"@id\":\"https:\\\/\\\/www.copealcoy.es\\\/es\\\/revisan-las-farolas-de-sant-tomas-tras-caer-una-losa-de-marmol-sobre-un-menor\\\/\"},\"wordCount\":383,\"commentCount\":0,\"image\":{\"@id\":\"https:\\\/\\\/www.copealcoy.es\\\/es\\\/revisan-las-farolas-de-sant-tomas-tras-caer-una-losa-de-marmol-sobre-un-menor\\\/#primaryimage\"},\"thumbnailUrl\":\"https:\\\/\\\/www.copealcoy.es\\\/wp-content\\\/uploads\\\/2024\\\/02\\\/unnamed-1-27-scaled-e1709032470235.jpg\",\"keywords\":[\"Alcoy\",\"farolas\",\"Jordi Mart\u00ednez\",\"Obras\",\"Reparaci\u00f3n\",\"Sant Tom\u00e0s\"],\"articleSection\":[\"Actualidad\",\"Alcoy\",\"Noticias\",\"Sucesos\"],\"inLanguage\":\"es\"},{\"@type\":\"WebPage\",\"@id\":\"https:\\\/\\\/www.copealcoy.es\\\/es\\\/revisan-las-farolas-de-sant-tomas-tras-caer-una-losa-de-marmol-sobre-un-menor\\\/\",\"url\":\"https:\\\/\\\/www.copealcoy.es\\\/es\\\/revisan-las-farolas-de-sant-tomas-tras-caer-una-losa-de-marmol-sobre-un-menor\\\/\",\"name\":\"Revisan las farolas de Sant Tom\u00e0s tras caer una losa de m\u00e1rmol sobre un menor - COPE Alcoy\",\"isPartOf\":{\"@id\":\"https:\\\/\\\/www.copealcoy.es\\\/es\\\/#website\"},\"primaryImageOfPage\":{\"@id\":\"https:\\\/\\\/www.copealcoy.es\\\/es\\\/revisan-las-farolas-de-sant-tomas-tras-caer-una-losa-de-marmol-sobre-un-menor\\\/#primaryimage\"},\"image\":{\"@id\":\"https:\\\/\\\/www.copealcoy.es\\\/es\\\/revisan-las-farolas-de-sant-tomas-tras-caer-una-losa-de-marmol-sobre-un-menor\\\/#primaryimage\"},\"thumbnailUrl\":\"https:\\\/\\\/www.copealcoy.es\\\/wp-content\\\/uploads\\\/2024\\\/02\\\/unnamed-1-27-scaled-e1709032470235.jpg\",\"datePublished\":\"2024-02-27T11:35:01+00:00\",\"dateModified\":\"2024-02-27T12:24:45+00:00\",\"author\":{\"@id\":\"https:\\\/\\\/www.copealcoy.es\\\/es\\\/#\\\/schema\\\/person\\\/e777c87fa024e57d40170af9df39882c\"},\"description\":\"Operarios de la Brigada Municipal de Obras han comenzado a trabajar en la ma\u00f1ana de este martes en la revisi\u00f3n de las losas que decoran las bases de las farolas de alumbrado p\u00fablico\",\"breadcrumb\":{\"@id\":\"https:\\\/\\\/www.copealcoy.es\\\/es\\\/revisan-las-farolas-de-sant-tomas-tras-caer-una-losa-de-marmol-sobre-un-menor\\\/#breadcrumb\"},\"inLanguage\":\"es\",\"potentialAction\":[{\"@type\":\"ReadAction\",\"target\":[\"https:\\\/\\\/www.copealcoy.es\\\/es\\\/revisan-las-farolas-de-sant-tomas-tras-caer-una-losa-de-marmol-sobre-un-menor\\\/\"]}]},{\"@type\":\"ImageObject\",\"inLanguage\":\"es\",\"@id\":\"https:\\\/\\\/www.copealcoy.es\\\/es\\\/revisan-las-farolas-de-sant-tomas-tras-caer-una-losa-de-marmol-sobre-un-menor\\\/#primaryimage\",\"url\":\"https:\\\/\\\/www.copealcoy.es\\\/wp-content\\\/uploads\\\/2024\\\/02\\\/unnamed-1-27-scaled-e1709032470235.jpg\",\"contentUrl\":\"https:\\\/\\\/www.copealcoy.es\\\/wp-content\\\/uploads\\\/2024\\\/02\\\/unnamed-1-27-scaled-e1709032470235.jpg\",\"width\":640,\"height\":386},{\"@type\":\"BreadcrumbList\",\"@id\":\"https:\\\/\\\/www.copealcoy.es\\\/es\\\/revisan-las-farolas-de-sant-tomas-tras-caer-una-losa-de-marmol-sobre-un-menor\\\/#breadcrumb\",\"itemListElement\":[{\"@type\":\"ListItem\",\"position\":1,\"name\":\"Portada\",\"item\":\"https:\\\/\\\/www.copealcoy.es\\\/es\\\/\"},{\"@type\":\"ListItem\",\"position\":2,\"name\":\"Revisan las farolas de Sant Tom\u00e0s tras caer una losa de m\u00e1rmol sobre un menor\"}]},{\"@type\":\"WebSite\",\"@id\":\"https:\\\/\\\/www.copealcoy.es\\\/es\\\/#website\",\"url\":\"https:\\\/\\\/www.copealcoy.es\\\/es\\\/\",\"name\":\"COPE Alcoy\",\"description\":\"Emisora COPE de radio local con emisi\u00f3n online. Pont de Sant Jordi 8-10 03803 Alcoy\",\"potentialAction\":[{\"@type\":\"SearchAction\",\"target\":{\"@type\":\"EntryPoint\",\"urlTemplate\":\"https:\\\/\\\/www.copealcoy.es\\\/es\\\/?s={search_term_string}\"},\"query-input\":{\"@type\":\"PropertyValueSpecification\",\"valueRequired\":true,\"valueName\":\"search_term_string\"}}],\"inLanguage\":\"es\"},{\"@type\":\"Person\",\"@id\":\"https:\\\/\\\/www.copealcoy.es\\\/es\\\/#\\\/schema\\\/person\\\/e777c87fa024e57d40170af9df39882c\",\"name\":\"Cope Alcoy\",\"image\":{\"@type\":\"ImageObject\",\"inLanguage\":\"es\",\"@id\":\"https:\\\/\\\/secure.gravatar.com\\\/avatar\\\/bb65d0283347e303893ba14f0692005417c1e0e690a325a4c5d8bb2b3943ee14?s=96&d=mm&r=g\",\"url\":\"https:\\\/\\\/secure.gravatar.com\\\/avatar\\\/bb65d0283347e303893ba14f0692005417c1e0e690a325a4c5d8bb2b3943ee14?s=96&d=mm&r=g\",\"contentUrl\":\"https:\\\/\\\/secure.gravatar.com\\\/avatar\\\/bb65d0283347e303893ba14f0692005417c1e0e690a325a4c5d8bb2b3943ee14?s=96&d=mm&r=g\",\"caption\":\"Cope Alcoy\"}}]}<\/script>\n<!-- \/ Yoast SEO plugin. -->","yoast_head_json":{"title":"Revisan las farolas de Sant Tom\u00e0s tras caer una losa de m\u00e1rmol sobre un menor - COPE Alcoy","description":"Operarios de la Brigada Municipal de Obras han comenzado a trabajar en la ma\u00f1ana de este martes en la revisi\u00f3n de las losas que decoran las bases de las farolas de alumbrado p\u00fablico","robots":{"index":"index","follow":"follow","max-snippet":"max-snippet:-1","max-image-preview":"max-image-preview:large","max-video-preview":"max-video-preview:-1"},"canonical":"https:\/\/www.copealcoy.es\/es\/revisan-las-farolas-de-sant-tomas-tras-caer-una-losa-de-marmol-sobre-un-menor\/","og_locale":"es_ES","og_type":"article","og_title":"Revisan las farolas de Sant Tom\u00e0s tras caer una losa de m\u00e1rmol sobre un menor - COPE Alcoy","og_description":"Operarios de la Brigada Municipal de Obras han comenzado a trabajar en la ma\u00f1ana de este martes en la revisi\u00f3n de las losas que decoran las bases de las farolas de alumbrado p\u00fablico","og_url":"https:\/\/www.copealcoy.es\/es\/revisan-las-farolas-de-sant-tomas-tras-caer-una-losa-de-marmol-sobre-un-menor\/","og_site_name":"COPE Alcoy","article_published_time":"2024-02-27T11:35:01+00:00","article_modified_time":"2024-02-27T12:24:45+00:00","og_image":[{"width":640,"height":386,"url":"https:\/\/www.copealcoy.es\/wp-content\/uploads\/2024\/02\/unnamed-1-27-scaled-e1709032470235.jpg","type":"image\/jpeg"}],"author":"Cope Alcoy","twitter_misc":{"Escrito por":"Cope Alcoy","Tiempo de lectura":"2 minutos"},"schema":{"@context":"https:\/\/schema.org","@graph":[{"@type":"Article","@id":"https:\/\/www.copealcoy.es\/es\/revisan-las-farolas-de-sant-tomas-tras-caer-una-losa-de-marmol-sobre-un-menor\/#article","isPartOf":{"@id":"https:\/\/www.copealcoy.es\/es\/revisan-las-farolas-de-sant-tomas-tras-caer-una-losa-de-marmol-sobre-un-menor\/"},"author":{"name":"Cope Alcoy","@id":"https:\/\/www.copealcoy.es\/es\/#\/schema\/person\/e777c87fa024e57d40170af9df39882c"},"headline":"Revisan las farolas de Sant Tom\u00e0s tras caer una losa de m\u00e1rmol sobre un menor","datePublished":"2024-02-27T11:35:01+00:00","dateModified":"2024-02-27T12:24:45+00:00","mainEntityOfPage":{"@id":"https:\/\/www.copealcoy.es\/es\/revisan-las-farolas-de-sant-tomas-tras-caer-una-losa-de-marmol-sobre-un-menor\/"},"wordCount":383,"commentCount":0,"image":{"@id":"https:\/\/www.copealcoy.es\/es\/revisan-las-farolas-de-sant-tomas-tras-caer-una-losa-de-marmol-sobre-un-menor\/#primaryimage"},"thumbnailUrl":"https:\/\/www.copealcoy.es\/wp-content\/uploads\/2024\/02\/unnamed-1-27-scaled-e1709032470235.jpg","keywords":["Alcoy","farolas","Jordi Mart\u00ednez","Obras","Reparaci\u00f3n","Sant Tom\u00e0s"],"articleSection":["Actualidad","Alcoy","Noticias","Sucesos"],"inLanguage":"es"},{"@type":"WebPage","@id":"https:\/\/www.copealcoy.es\/es\/revisan-las-farolas-de-sant-tomas-tras-caer-una-losa-de-marmol-sobre-un-menor\/","url":"https:\/\/www.copealcoy.es\/es\/revisan-las-farolas-de-sant-tomas-tras-caer-una-losa-de-marmol-sobre-un-menor\/","name":"Revisan las farolas de Sant Tom\u00e0s tras caer una losa de m\u00e1rmol sobre un menor - COPE Alcoy","isPartOf":{"@id":"https:\/\/www.copealcoy.es\/es\/#website"},"primaryImageOfPage":{"@id":"https:\/\/www.copealcoy.es\/es\/revisan-las-farolas-de-sant-tomas-tras-caer-una-losa-de-marmol-sobre-un-menor\/#primaryimage"},"image":{"@id":"https:\/\/www.copealcoy.es\/es\/revisan-las-farolas-de-sant-tomas-tras-caer-una-losa-de-marmol-sobre-un-menor\/#primaryimage"},"thumbnailUrl":"https:\/\/www.copealcoy.es\/wp-content\/uploads\/2024\/02\/unnamed-1-27-scaled-e1709032470235.jpg","datePublished":"2024-02-27T11:35:01+00:00","dateModified":"2024-02-27T12:24:45+00:00","author":{"@id":"https:\/\/www.copealcoy.es\/es\/#\/schema\/person\/e777c87fa024e57d40170af9df39882c"},"description":"Operarios de la Brigada Municipal de Obras han comenzado a trabajar en la ma\u00f1ana de este martes en la revisi\u00f3n de las losas que decoran las bases de las farolas de alumbrado p\u00fablico","breadcrumb":{"@id":"https:\/\/www.copealcoy.es\/es\/revisan-las-farolas-de-sant-tomas-tras-caer-una-losa-de-marmol-sobre-un-menor\/#breadcrumb"},"inLanguage":"es","potentialAction":[{"@type":"ReadAction","target":["https:\/\/www.copealcoy.es\/es\/revisan-las-farolas-de-sant-tomas-tras-caer-una-losa-de-marmol-sobre-un-menor\/"]}]},{"@type":"ImageObject","inLanguage":"es","@id":"https:\/\/www.copealcoy.es\/es\/revisan-las-farolas-de-sant-tomas-tras-caer-una-losa-de-marmol-sobre-un-menor\/#primaryimage","url":"https:\/\/www.copealcoy.es\/wp-content\/uploads\/2024\/02\/unnamed-1-27-scaled-e1709032470235.jpg","contentUrl":"https:\/\/www.copealcoy.es\/wp-content\/uploads\/2024\/02\/unnamed-1-27-scaled-e1709032470235.jpg","width":640,"height":386},{"@type":"BreadcrumbList","@id":"https:\/\/www.copealcoy.es\/es\/revisan-las-farolas-de-sant-tomas-tras-caer-una-losa-de-marmol-sobre-un-menor\/#breadcrumb","itemListElement":[{"@type":"ListItem","position":1,"name":"Portada","item":"https:\/\/www.copealcoy.es\/es\/"},{"@type":"ListItem","position":2,"name":"Revisan las farolas de Sant Tom\u00e0s tras caer una losa de m\u00e1rmol sobre un menor"}]},{"@type":"WebSite","@id":"https:\/\/www.copealcoy.es\/es\/#website","url":"https:\/\/www.copealcoy.es\/es\/","name":"COPE Alcoy","description":"Emisora COPE de radio local con emisi\u00f3n online. Pont de Sant Jordi 8-10 03803 Alcoy","potentialAction":[{"@type":"SearchAction","target":{"@type":"EntryPoint","urlTemplate":"https:\/\/www.copealcoy.es\/es\/?s={search_term_string}"},"query-input":{"@type":"PropertyValueSpecification","valueRequired":true,"valueName":"search_term_string"}}],"inLanguage":"es"},{"@type":"Person","@id":"https:\/\/www.copealcoy.es\/es\/#\/schema\/person\/e777c87fa024e57d40170af9df39882c","name":"Cope Alcoy","image":{"@type":"ImageObject","inLanguage":"es","@id":"https:\/\/secure.gravatar.com\/avatar\/bb65d0283347e303893ba14f0692005417c1e0e690a325a4c5d8bb2b3943ee14?s=96&d=mm&r=g","url":"https:\/\/secure.gravatar.com\/avatar\/bb65d0283347e303893ba14f0692005417c1e0e690a325a4c5d8bb2b3943ee14?s=96&d=mm&r=g","contentUrl":"https:\/\/secure.gravatar.com\/avatar\/bb65d0283347e303893ba14f0692005417c1e0e690a325a4c5d8bb2b3943ee14?s=96&d=mm&r=g","caption":"Cope Alcoy"}}]}},"_links":{"self":[{"href":"https:\/\/www.copealcoy.es\/es\/wp-json\/wp\/v2\/posts\/129895","targetHints":{"allow":["GET"]}}],"collection":[{"href":"https:\/\/www.copealcoy.es\/es\/wp-json\/wp\/v2\/posts"}],"about":[{"href":"https:\/\/www.copealcoy.es\/es\/wp-json\/wp\/v2\/types\/post"}],"author":[{"embeddable":true,"href":"https:\/\/www.copealcoy.es\/es\/wp-json\/wp\/v2\/users\/1"}],"replies":[{"embeddable":true,"href":"https:\/\/www.copealcoy.es\/es\/wp-json\/wp\/v2\/comments?post=129895"}],"version-history":[{"count":0,"href":"https:\/\/www.copealcoy.es\/es\/wp-json\/wp\/v2\/posts\/129895\/revisions"}],"wp:featuredmedia":[{"embeddable":true,"href":"https:\/\/www.copealcoy.es\/es\/wp-json\/wp\/v2\/media\/129896"}],"wp:attachment":[{"href":"https:\/\/www.copealcoy.es\/es\/wp-json\/wp\/v2\/media?parent=129895"}],"wp:term":[{"taxonomy":"category","embeddable":true,"href":"https:\/\/www.copealcoy.es\/es\/wp-json\/wp\/v2\/categories?post=129895"},{"taxonomy":"post_tag","embeddable":true,"href":"https:\/\/www.copealcoy.es\/es\/wp-json\/wp\/v2\/tags?post=129895"}],"curies":[{"name":"wp","href":"https:\/\/api.w.org\/{rel}","templated":true}]}}