{"id":129884,"date":"2024-02-27T10:11:50","date_gmt":"2024-02-27T09:11:50","guid":{"rendered":"https:\/\/www.copealcoy.es\/?p=129884"},"modified":"2024-02-27T10:11:50","modified_gmt":"2024-02-27T09:11:50","slug":"detenido-por-robar-y-agredir-a-una-mujer-en-un-comercio-de-alcoy","status":"publish","type":"post","link":"https:\/\/www.copealcoy.es\/es\/detenido-por-robar-y-agredir-a-una-mujer-en-un-comercio-de-alcoy\/","title":{"rendered":"Detenido por robar y agredir a una mujer en un comercio de Alcoy"},"content":{"rendered":"<p style=\"text-align: justify;\">Agentes de la<a href=\"https:\/\/policia.es\/_es\/index.php\" target=\"_blank\" rel=\"noopener\"><span style=\"color: #0000ff;\"><strong> Polic\u00eda Nacional<\/strong> <\/span><\/a>han detenido en <strong>Alcoy<\/strong>\u00a0a un var\u00f3n como <strong>presunto autor de un robo<\/strong> <strong>con violencia<\/strong>. El detenido utiliz\u00f3 la t\u00e9cnica conocida como <em>\u201cmatale\u00f3n\u201d<\/em> para dejar inconsciente a la v\u00edctima y sustraerle dinero y joyas.<\/p>\n<p style=\"text-align: justify;\">La Sala Operativa CIMACC-091 de la Polic\u00eda Nacional recibi\u00f3 el aviso sobre un robo con violencia donde la v\u00edctima,\u00a0<strong>una mujer de 59 a\u00f1os de edad,<\/strong> hab\u00eda sido atacada por un individuo que le hab\u00eda sustra\u00eddo dinero y joyas utilizando la t\u00e9cnica del \u201cmatale\u00f3n\u201d llegando a perder el conocimiento. Cabe recordar que esta t\u00e9cnica <strong>consiste en bloquear a la persona por la espalda y por el cuello <\/strong>hasta que \u00e9sta pierda la consciencia al producir en la arteria car\u00f3tida, mediante la presi\u00f3n ejercida, una disminuci\u00f3n del flujo sangu\u00edneo al cerebro, reduciendo de esta manera el suministro de ox\u00edgeno.<\/p>\n<p style=\"text-align: justify;\">Inmediatamente una patrulla de Seguridad Ciudadana la Polic\u00eda Nacional se person\u00f3 en el establecimiento donde hab\u00edan sucedido los hechos y tras entrevistarse con la v\u00edctima y propietaria del local \u00e9sta relat\u00f3 a los agentes que un var\u00f3n accedi\u00f3 al establecimiento y tras solicitarle un art\u00edculo se abalanz\u00f3 sobre ella y comenz\u00f3 a estrangularla, llegando a perder el conocimiento y volviendo a recuperarlo minutos despu\u00e9s. Fue entonces, seg\u00fan explic\u00f3, cuando se dio cuenta de que <strong>se encontraba en el interior del ba\u00f1o y que le hab\u00eda sustra\u00eddo un anillo y una pulsera de oro que portaba, as\u00ed como su monedero, el tel\u00e9fono m\u00f3vil y dinero de la caja registradora.<\/strong><\/p>\n<p style=\"text-align: justify;\">Tras lo sucedido, <strong>se inici\u00f3 una investigaci\u00f3n<\/strong> por parte de los agentes del Grupo de Polic\u00eda Judicial de la Comisar\u00eda de Alcoy, quienes focalizaron sus primeras gestiones en la localizaci\u00f3n de posibles c\u00e1maras de seguridad de los establecimientos cercanos que pudieran haber recogido la hu\u00edda del autor.<\/p>\n<p style=\"text-align: justify;\">Una vez analizadas todas las indagaciones y bas\u00e1ndose en las descripci\u00f3n f\u00edsica aportada por la v\u00edctima, <strong>los agentes consiguieron seleccionar de sus bases de datos policiales<\/strong> a una serie de individuos, delincuentes habituales, que una vez mostrados a la v\u00edctima. \u00c9sta reconoci\u00f3 sin ning\u00fan g\u00e9nero de dudas a uno de ellos como el var\u00f3n que acudi\u00f3 a su local y tras solicitarle un art\u00edculo la agarr\u00f3 fuertemente del cuello perdiendo la consciencia y no recordando nada m\u00e1s de lo sucedido.<\/p>\n<p style=\"text-align: justify;\">Seg\u00fan sus manifestaciones,\u00a0<strong>el presunto autor acudi\u00f3 d\u00edas antes a dicho establecimiento junto con una mujer a pedir informaci\u00f3n sobre unas pinturas,<\/strong> por lo que los agentes dedujeron que \u00e9sta primera vez, ambas personas acudieron al establecimiento para hacer una inspecci\u00f3n previa del lugar. De esta forma planificaron el robo, o bien en ese momento iban a cometerlo pero al entrar un cliente decidieron marcharse del lugar y posponer el robo.<\/p>\n<p style=\"text-align: justify;\">El presunto autor identificado por la v\u00edctima y que a su vez coincid\u00eda plenamente con las caracter\u00edsticas f\u00edsicas aportadas<strong> fue localizado y detenido<\/strong> por un presunto delito de robo con violencia. Por su parte, la v\u00edctima, tuvo que ser asistida facultativamente e ingresada en el hospital debido a una insuficiencia card\u00edaca aguda derivada por la agresi\u00f3n sufrida.<\/p>\n<p style=\"text-align: justify;\"><strong>El detenido, de nacionalidad espa\u00f1ola, de 37 a\u00f1os de edad,<\/strong>\u00a0con multitud de antecedentes por hechos similares tanto por Polic\u00eda Nacional como por Guardia Civil, <strong>fue puesto a disposici\u00f3n del Juzgado de Instrucci\u00f3n de guardia<\/strong>\u00a0 de Alcoy, decret\u00e1ndose su ingreso en prisi\u00f3n.<\/p>\n","protected":false},"excerpt":{"rendered":"<p>Agentes de la Polic\u00eda Nacional han detenido en Alcoy\u00a0a un var\u00f3n como presunto autor de un robo con violencia. El&#8230;<\/p>\n","protected":false},"author":1,"featured_media":123103,"comment_status":"open","ping_status":"open","sticky":false,"template":"","format":"standard","meta":{"footnotes":""},"categories":[6909,97,75,125],"tags":[1494,1393,16407,1836,4297],"class_list":["post-129884","post","type-post","status-publish","format-standard","has-post-thumbnail","hentry","category-actualidad","category-alcoy","category-noticias","category-portada","tag-alcoy","tag-detencion","tag-establecimiento","tag-policia-nacional","tag-robo"],"yoast_head":"<!-- This site is optimized with the Yoast SEO plugin v27.3 - https:\/\/yoast.com\/product\/yoast-seo-wordpress\/ -->\n<title>Detenido por robar y agredir a una mujer en un comercio de Alcoy - COPE Alcoy<\/title>\n<meta name=\"description\" content=\"Agentes de la Polic\u00eda Nacional han detenido en Alcoy\u00a0a un var\u00f3n como presunto autor de un robo con violencia\" \/>\n<meta name=\"robots\" content=\"index, follow, max-snippet:-1, max-image-preview:large, max-video-preview:-1\" \/>\n<link rel=\"canonical\" href=\"https:\/\/www.copealcoy.es\/es\/detenido-por-robar-y-agredir-a-una-mujer-en-un-comercio-de-alcoy\/\" \/>\n<meta property=\"og:locale\" content=\"es_ES\" \/>\n<meta property=\"og:type\" content=\"article\" \/>\n<meta property=\"og:title\" content=\"Detenido por robar y agredir a una mujer en un comercio de Alcoy - COPE Alcoy\" \/>\n<meta property=\"og:description\" content=\"Agentes de la Polic\u00eda Nacional han detenido en Alcoy\u00a0a un var\u00f3n como presunto autor de un robo con violencia\" \/>\n<meta property=\"og:url\" content=\"https:\/\/www.copealcoy.es\/es\/detenido-por-robar-y-agredir-a-una-mujer-en-un-comercio-de-alcoy\/\" \/>\n<meta property=\"og:site_name\" content=\"COPE Alcoy\" \/>\n<meta property=\"article:published_time\" content=\"2024-02-27T09:11:50+00:00\" \/>\n<meta property=\"og:image\" content=\"https:\/\/www.copealcoy.es\/wp-content\/uploads\/2023\/10\/Foto-Archivo-Alcoy-con-Escudo-1-scaled-e1696928917495.jpg\" \/>\n\t<meta property=\"og:image:width\" content=\"640\" \/>\n\t<meta property=\"og:image:height\" content=\"388\" \/>\n\t<meta property=\"og:image:type\" content=\"image\/jpeg\" \/>\n<meta name=\"author\" content=\"Cope Alcoy\" \/>\n<meta name=\"twitter:label1\" content=\"Escrito por\" \/>\n\t<meta name=\"twitter:data1\" content=\"Cope Alcoy\" \/>\n\t<meta name=\"twitter:label2\" content=\"Tiempo de lectura\" \/>\n\t<meta name=\"twitter:data2\" content=\"3 minutos\" \/>\n<script type=\"application\/ld+json\" class=\"yoast-schema-graph\">{\"@context\":\"https:\\\/\\\/schema.org\",\"@graph\":[{\"@type\":\"Article\",\"@id\":\"https:\\\/\\\/www.copealcoy.es\\\/es\\\/detenido-por-robar-y-agredir-a-una-mujer-en-un-comercio-de-alcoy\\\/#article\",\"isPartOf\":{\"@id\":\"https:\\\/\\\/www.copealcoy.es\\\/es\\\/detenido-por-robar-y-agredir-a-una-mujer-en-un-comercio-de-alcoy\\\/\"},\"author\":{\"name\":\"Cope Alcoy\",\"@id\":\"https:\\\/\\\/www.copealcoy.es\\\/es\\\/#\\\/schema\\\/person\\\/e777c87fa024e57d40170af9df39882c\"},\"headline\":\"Detenido por robar y agredir a una mujer en un comercio de Alcoy\",\"datePublished\":\"2024-02-27T09:11:50+00:00\",\"mainEntityOfPage\":{\"@id\":\"https:\\\/\\\/www.copealcoy.es\\\/es\\\/detenido-por-robar-y-agredir-a-una-mujer-en-un-comercio-de-alcoy\\\/\"},\"wordCount\":618,\"commentCount\":0,\"image\":{\"@id\":\"https:\\\/\\\/www.copealcoy.es\\\/es\\\/detenido-por-robar-y-agredir-a-una-mujer-en-un-comercio-de-alcoy\\\/#primaryimage\"},\"thumbnailUrl\":\"https:\\\/\\\/www.copealcoy.es\\\/wp-content\\\/uploads\\\/2023\\\/10\\\/Foto-Archivo-Alcoy-con-Escudo-1-scaled-e1696928917495.jpg\",\"keywords\":[\"Alcoy\",\"detenci\u00f3n\",\"establecimiento\",\"Polic\u00eda Nacional\",\"Robo\"],\"articleSection\":[\"Actualidad\",\"Alcoy\",\"Noticias\",\"Portada\"],\"inLanguage\":\"es\"},{\"@type\":\"WebPage\",\"@id\":\"https:\\\/\\\/www.copealcoy.es\\\/es\\\/detenido-por-robar-y-agredir-a-una-mujer-en-un-comercio-de-alcoy\\\/\",\"url\":\"https:\\\/\\\/www.copealcoy.es\\\/es\\\/detenido-por-robar-y-agredir-a-una-mujer-en-un-comercio-de-alcoy\\\/\",\"name\":\"Detenido por robar y agredir a una mujer en un comercio de Alcoy - COPE Alcoy\",\"isPartOf\":{\"@id\":\"https:\\\/\\\/www.copealcoy.es\\\/es\\\/#website\"},\"primaryImageOfPage\":{\"@id\":\"https:\\\/\\\/www.copealcoy.es\\\/es\\\/detenido-por-robar-y-agredir-a-una-mujer-en-un-comercio-de-alcoy\\\/#primaryimage\"},\"image\":{\"@id\":\"https:\\\/\\\/www.copealcoy.es\\\/es\\\/detenido-por-robar-y-agredir-a-una-mujer-en-un-comercio-de-alcoy\\\/#primaryimage\"},\"thumbnailUrl\":\"https:\\\/\\\/www.copealcoy.es\\\/wp-content\\\/uploads\\\/2023\\\/10\\\/Foto-Archivo-Alcoy-con-Escudo-1-scaled-e1696928917495.jpg\",\"datePublished\":\"2024-02-27T09:11:50+00:00\",\"author\":{\"@id\":\"https:\\\/\\\/www.copealcoy.es\\\/es\\\/#\\\/schema\\\/person\\\/e777c87fa024e57d40170af9df39882c\"},\"description\":\"Agentes de la Polic\u00eda Nacional han detenido en Alcoy\u00a0a un var\u00f3n como presunto autor de un robo con violencia\",\"breadcrumb\":{\"@id\":\"https:\\\/\\\/www.copealcoy.es\\\/es\\\/detenido-por-robar-y-agredir-a-una-mujer-en-un-comercio-de-alcoy\\\/#breadcrumb\"},\"inLanguage\":\"es\",\"potentialAction\":[{\"@type\":\"ReadAction\",\"target\":[\"https:\\\/\\\/www.copealcoy.es\\\/es\\\/detenido-por-robar-y-agredir-a-una-mujer-en-un-comercio-de-alcoy\\\/\"]}]},{\"@type\":\"ImageObject\",\"inLanguage\":\"es\",\"@id\":\"https:\\\/\\\/www.copealcoy.es\\\/es\\\/detenido-por-robar-y-agredir-a-una-mujer-en-un-comercio-de-alcoy\\\/#primaryimage\",\"url\":\"https:\\\/\\\/www.copealcoy.es\\\/wp-content\\\/uploads\\\/2023\\\/10\\\/Foto-Archivo-Alcoy-con-Escudo-1-scaled-e1696928917495.jpg\",\"contentUrl\":\"https:\\\/\\\/www.copealcoy.es\\\/wp-content\\\/uploads\\\/2023\\\/10\\\/Foto-Archivo-Alcoy-con-Escudo-1-scaled-e1696928917495.jpg\",\"width\":640,\"height\":388},{\"@type\":\"BreadcrumbList\",\"@id\":\"https:\\\/\\\/www.copealcoy.es\\\/es\\\/detenido-por-robar-y-agredir-a-una-mujer-en-un-comercio-de-alcoy\\\/#breadcrumb\",\"itemListElement\":[{\"@type\":\"ListItem\",\"position\":1,\"name\":\"Portada\",\"item\":\"https:\\\/\\\/www.copealcoy.es\\\/es\\\/\"},{\"@type\":\"ListItem\",\"position\":2,\"name\":\"Detenido por robar y agredir a una mujer en un comercio de Alcoy\"}]},{\"@type\":\"WebSite\",\"@id\":\"https:\\\/\\\/www.copealcoy.es\\\/es\\\/#website\",\"url\":\"https:\\\/\\\/www.copealcoy.es\\\/es\\\/\",\"name\":\"COPE Alcoy\",\"description\":\"Emisora COPE de radio local con emisi\u00f3n online. Pont de Sant Jordi 8-10 03803 Alcoy\",\"potentialAction\":[{\"@type\":\"SearchAction\",\"target\":{\"@type\":\"EntryPoint\",\"urlTemplate\":\"https:\\\/\\\/www.copealcoy.es\\\/es\\\/?s={search_term_string}\"},\"query-input\":{\"@type\":\"PropertyValueSpecification\",\"valueRequired\":true,\"valueName\":\"search_term_string\"}}],\"inLanguage\":\"es\"},{\"@type\":\"Person\",\"@id\":\"https:\\\/\\\/www.copealcoy.es\\\/es\\\/#\\\/schema\\\/person\\\/e777c87fa024e57d40170af9df39882c\",\"name\":\"Cope Alcoy\",\"image\":{\"@type\":\"ImageObject\",\"inLanguage\":\"es\",\"@id\":\"https:\\\/\\\/secure.gravatar.com\\\/avatar\\\/bb65d0283347e303893ba14f0692005417c1e0e690a325a4c5d8bb2b3943ee14?s=96&d=mm&r=g\",\"url\":\"https:\\\/\\\/secure.gravatar.com\\\/avatar\\\/bb65d0283347e303893ba14f0692005417c1e0e690a325a4c5d8bb2b3943ee14?s=96&d=mm&r=g\",\"contentUrl\":\"https:\\\/\\\/secure.gravatar.com\\\/avatar\\\/bb65d0283347e303893ba14f0692005417c1e0e690a325a4c5d8bb2b3943ee14?s=96&d=mm&r=g\",\"caption\":\"Cope Alcoy\"}}]}<\/script>\n<!-- \/ Yoast SEO plugin. -->","yoast_head_json":{"title":"Detenido por robar y agredir a una mujer en un comercio de Alcoy - COPE Alcoy","description":"Agentes de la Polic\u00eda Nacional han detenido en Alcoy\u00a0a un var\u00f3n como presunto autor de un robo con violencia","robots":{"index":"index","follow":"follow","max-snippet":"max-snippet:-1","max-image-preview":"max-image-preview:large","max-video-preview":"max-video-preview:-1"},"canonical":"https:\/\/www.copealcoy.es\/es\/detenido-por-robar-y-agredir-a-una-mujer-en-un-comercio-de-alcoy\/","og_locale":"es_ES","og_type":"article","og_title":"Detenido por robar y agredir a una mujer en un comercio de Alcoy - COPE Alcoy","og_description":"Agentes de la Polic\u00eda Nacional han detenido en Alcoy\u00a0a un var\u00f3n como presunto autor de un robo con violencia","og_url":"https:\/\/www.copealcoy.es\/es\/detenido-por-robar-y-agredir-a-una-mujer-en-un-comercio-de-alcoy\/","og_site_name":"COPE Alcoy","article_published_time":"2024-02-27T09:11:50+00:00","og_image":[{"width":640,"height":388,"url":"https:\/\/www.copealcoy.es\/wp-content\/uploads\/2023\/10\/Foto-Archivo-Alcoy-con-Escudo-1-scaled-e1696928917495.jpg","type":"image\/jpeg"}],"author":"Cope Alcoy","twitter_misc":{"Escrito por":"Cope Alcoy","Tiempo de lectura":"3 minutos"},"schema":{"@context":"https:\/\/schema.org","@graph":[{"@type":"Article","@id":"https:\/\/www.copealcoy.es\/es\/detenido-por-robar-y-agredir-a-una-mujer-en-un-comercio-de-alcoy\/#article","isPartOf":{"@id":"https:\/\/www.copealcoy.es\/es\/detenido-por-robar-y-agredir-a-una-mujer-en-un-comercio-de-alcoy\/"},"author":{"name":"Cope Alcoy","@id":"https:\/\/www.copealcoy.es\/es\/#\/schema\/person\/e777c87fa024e57d40170af9df39882c"},"headline":"Detenido por robar y agredir a una mujer en un comercio de Alcoy","datePublished":"2024-02-27T09:11:50+00:00","mainEntityOfPage":{"@id":"https:\/\/www.copealcoy.es\/es\/detenido-por-robar-y-agredir-a-una-mujer-en-un-comercio-de-alcoy\/"},"wordCount":618,"commentCount":0,"image":{"@id":"https:\/\/www.copealcoy.es\/es\/detenido-por-robar-y-agredir-a-una-mujer-en-un-comercio-de-alcoy\/#primaryimage"},"thumbnailUrl":"https:\/\/www.copealcoy.es\/wp-content\/uploads\/2023\/10\/Foto-Archivo-Alcoy-con-Escudo-1-scaled-e1696928917495.jpg","keywords":["Alcoy","detenci\u00f3n","establecimiento","Polic\u00eda Nacional","Robo"],"articleSection":["Actualidad","Alcoy","Noticias","Portada"],"inLanguage":"es"},{"@type":"WebPage","@id":"https:\/\/www.copealcoy.es\/es\/detenido-por-robar-y-agredir-a-una-mujer-en-un-comercio-de-alcoy\/","url":"https:\/\/www.copealcoy.es\/es\/detenido-por-robar-y-agredir-a-una-mujer-en-un-comercio-de-alcoy\/","name":"Detenido por robar y agredir a una mujer en un comercio de Alcoy - COPE Alcoy","isPartOf":{"@id":"https:\/\/www.copealcoy.es\/es\/#website"},"primaryImageOfPage":{"@id":"https:\/\/www.copealcoy.es\/es\/detenido-por-robar-y-agredir-a-una-mujer-en-un-comercio-de-alcoy\/#primaryimage"},"image":{"@id":"https:\/\/www.copealcoy.es\/es\/detenido-por-robar-y-agredir-a-una-mujer-en-un-comercio-de-alcoy\/#primaryimage"},"thumbnailUrl":"https:\/\/www.copealcoy.es\/wp-content\/uploads\/2023\/10\/Foto-Archivo-Alcoy-con-Escudo-1-scaled-e1696928917495.jpg","datePublished":"2024-02-27T09:11:50+00:00","author":{"@id":"https:\/\/www.copealcoy.es\/es\/#\/schema\/person\/e777c87fa024e57d40170af9df39882c"},"description":"Agentes de la Polic\u00eda Nacional han detenido en Alcoy\u00a0a un var\u00f3n como presunto autor de un robo con violencia","breadcrumb":{"@id":"https:\/\/www.copealcoy.es\/es\/detenido-por-robar-y-agredir-a-una-mujer-en-un-comercio-de-alcoy\/#breadcrumb"},"inLanguage":"es","potentialAction":[{"@type":"ReadAction","target":["https:\/\/www.copealcoy.es\/es\/detenido-por-robar-y-agredir-a-una-mujer-en-un-comercio-de-alcoy\/"]}]},{"@type":"ImageObject","inLanguage":"es","@id":"https:\/\/www.copealcoy.es\/es\/detenido-por-robar-y-agredir-a-una-mujer-en-un-comercio-de-alcoy\/#primaryimage","url":"https:\/\/www.copealcoy.es\/wp-content\/uploads\/2023\/10\/Foto-Archivo-Alcoy-con-Escudo-1-scaled-e1696928917495.jpg","contentUrl":"https:\/\/www.copealcoy.es\/wp-content\/uploads\/2023\/10\/Foto-Archivo-Alcoy-con-Escudo-1-scaled-e1696928917495.jpg","width":640,"height":388},{"@type":"BreadcrumbList","@id":"https:\/\/www.copealcoy.es\/es\/detenido-por-robar-y-agredir-a-una-mujer-en-un-comercio-de-alcoy\/#breadcrumb","itemListElement":[{"@type":"ListItem","position":1,"name":"Portada","item":"https:\/\/www.copealcoy.es\/es\/"},{"@type":"ListItem","position":2,"name":"Detenido por robar y agredir a una mujer en un comercio de Alcoy"}]},{"@type":"WebSite","@id":"https:\/\/www.copealcoy.es\/es\/#website","url":"https:\/\/www.copealcoy.es\/es\/","name":"COPE Alcoy","description":"Emisora COPE de radio local con emisi\u00f3n online. Pont de Sant Jordi 8-10 03803 Alcoy","potentialAction":[{"@type":"SearchAction","target":{"@type":"EntryPoint","urlTemplate":"https:\/\/www.copealcoy.es\/es\/?s={search_term_string}"},"query-input":{"@type":"PropertyValueSpecification","valueRequired":true,"valueName":"search_term_string"}}],"inLanguage":"es"},{"@type":"Person","@id":"https:\/\/www.copealcoy.es\/es\/#\/schema\/person\/e777c87fa024e57d40170af9df39882c","name":"Cope Alcoy","image":{"@type":"ImageObject","inLanguage":"es","@id":"https:\/\/secure.gravatar.com\/avatar\/bb65d0283347e303893ba14f0692005417c1e0e690a325a4c5d8bb2b3943ee14?s=96&d=mm&r=g","url":"https:\/\/secure.gravatar.com\/avatar\/bb65d0283347e303893ba14f0692005417c1e0e690a325a4c5d8bb2b3943ee14?s=96&d=mm&r=g","contentUrl":"https:\/\/secure.gravatar.com\/avatar\/bb65d0283347e303893ba14f0692005417c1e0e690a325a4c5d8bb2b3943ee14?s=96&d=mm&r=g","caption":"Cope Alcoy"}}]}},"_links":{"self":[{"href":"https:\/\/www.copealcoy.es\/es\/wp-json\/wp\/v2\/posts\/129884","targetHints":{"allow":["GET"]}}],"collection":[{"href":"https:\/\/www.copealcoy.es\/es\/wp-json\/wp\/v2\/posts"}],"about":[{"href":"https:\/\/www.copealcoy.es\/es\/wp-json\/wp\/v2\/types\/post"}],"author":[{"embeddable":true,"href":"https:\/\/www.copealcoy.es\/es\/wp-json\/wp\/v2\/users\/1"}],"replies":[{"embeddable":true,"href":"https:\/\/www.copealcoy.es\/es\/wp-json\/wp\/v2\/comments?post=129884"}],"version-history":[{"count":0,"href":"https:\/\/www.copealcoy.es\/es\/wp-json\/wp\/v2\/posts\/129884\/revisions"}],"wp:featuredmedia":[{"embeddable":true,"href":"https:\/\/www.copealcoy.es\/es\/wp-json\/wp\/v2\/media\/123103"}],"wp:attachment":[{"href":"https:\/\/www.copealcoy.es\/es\/wp-json\/wp\/v2\/media?parent=129884"}],"wp:term":[{"taxonomy":"category","embeddable":true,"href":"https:\/\/www.copealcoy.es\/es\/wp-json\/wp\/v2\/categories?post=129884"},{"taxonomy":"post_tag","embeddable":true,"href":"https:\/\/www.copealcoy.es\/es\/wp-json\/wp\/v2\/tags?post=129884"}],"curies":[{"name":"wp","href":"https:\/\/api.w.org\/{rel}","templated":true}]}}