{"id":129865,"date":"2024-02-26T12:29:47","date_gmt":"2024-02-26T11:29:47","guid":{"rendered":"https:\/\/www.copealcoy.es\/?p=129865"},"modified":"2024-02-26T12:29:47","modified_gmt":"2024-02-26T11:29:47","slug":"malestar-en-la-izquierda-ante-la-exclusion-del-area-de-salud-de-alcoy-como-zona-de-dificil-cobertura","status":"publish","type":"post","link":"https:\/\/www.copealcoy.es\/es\/malestar-en-la-izquierda-ante-la-exclusion-del-area-de-salud-de-alcoy-como-zona-de-dificil-cobertura\/","title":{"rendered":"Malestar en la izquierda ante la exclusi\u00f3n del \u00e1rea de salud de Alcoy como zona de dif\u00edcil cobertura"},"content":{"rendered":"<p style=\"text-align: justify;\">El hecho de que <strong><a href=\"https:\/\/alcoi.san.gva.es\/es\/inicio\" target=\"_blank\" rel=\"noopener\"><span style=\"color: #0000ff;\">el \u00e1rea de Salud de Alcoy<\/span><\/a> no haya sido considerada como zona de dif\u00edcil cobertura<\/strong> ha despertado <strong>cierto malestar<\/strong> en algunos partidos pol\u00edticos de la ciudad. Las reacciones <strong>no se han hecho esperar<\/strong> y formaciones com<strong>o PSOE, Comprom\u00eds y Guanyar<\/strong> coinciden en que esta situaci\u00f3n <strong>no incentivar\u00e1 a los profesionales sanitarios a que acudan a nuestra ciudad <\/strong>a trabajar en el Hospital Virgen de los Lirios o hacer aqu\u00ed sus pr\u00e1cticas.<\/p>\n<p style=\"text-align: justify;\">El <strong>nuevo decreto de la Generalitat<\/strong> contempla tambi\u00e9n la creaci\u00f3n de una nueva estructura asistencial en la que algunas \u00e1reas pueden compartir recursos y personal. De esta forma <strong>la de Alcoy pasa a formar parte de la Agrupaci\u00f3n Sanitaria Interdepartamental Alicante Centro<\/strong> de la que tambi\u00e9n forman parte Elda o el mismo Hospital General de la capital de la provincia &#8220;<em>es un desprecio del PP hacia la sanidad de Alcoy. Hace un mes que se present\u00f3 en el Ayuntamiento una propuesta para pedir a Generalitat que estudiaron la posibilidad de considerar el \u00c1rea de Salud de Alcoy como zona de dif\u00edcil cobertura, una medida que surg\u00eda con el objetivo de garantizar una atenci\u00f3n sanitaria de calidad tanto en la ciudad como en nuestra comarca. La propuesta fue aprobada por todos los partidos, incluido el PP,\u00a0 pero ahora la Conseller\u00eda en manos del Partido Popular ha anunciado un decreto que no incluye a la ciudad en esta consideraci\u00f3n<\/em>&#8220;, manifiesta el edil de Sanidad del consistorio alcoyano, <strong>Carles Sansalvador<\/strong>, en representaci\u00f3n de Comprom\u00eds.<\/p>\n<p style=\"text-align: justify;\">Desde<strong> Guanyar Alcoi<\/strong> tambi\u00e9n se han mostrado cr\u00edticos con el gobierno auton\u00f3mico. La plataforma asegura que el actual presidente de la Generalitat Valenciana, Carlos Maz\u00f3n; <strong>se comprometi\u00f3 en campa\u00f1a electoral en Alcoy a mejorar la situaci\u00f3n de nuestro Hospital<\/strong> &#8220;<em>ahora se nos dice que la norma presentada\u00a0 va destinada a garantizar el derecho a la protecci\u00f3n integral de la salud, ante las dificultades, cada vez mayores, que se encuentran para cubrir lugares de determinadas especialidades sanitarias en algunos departamentos de salud de &#8216;zonas geogr\u00e1ficamente alejadas de grandes cascos urbanos&#8217;. Pero el gobierno de la Generalitat no ha considerado que sea necesario dotar de m\u00e1s incentivos a los profesionales que quieran trabajar en Alcoy haciendo otras zonas m\u00e1s atractivas. Entre todas y todos tenemos que romper con esta estrategia de debilitar nuestra sanidad para despu\u00e9s justificar las privatizaciones<\/em>&#8220;, manifiesta la concejala <strong>Mari Carmen Paredes<\/strong>.<\/p>\n<p style=\"text-align: justify;\">El <strong>Partido Socialista<\/strong> es el otro partido pol\u00edtico de la ciudad que ha expresado su malestar por el hecho de que <strong>el Hospital de Alcoy no sea considerado como zona de dif\u00edcil cobertura<\/strong>. Acusan al PP de &#8220;<em>esconderse ahora<\/em>&#8220;, cuando durante el gobierno del Bot\u00e0nic denunciaban continuamente que &#8220;e<em>l Hospital se muere<\/em>&#8220;, y califican tambi\u00e9n de &#8220;<em>silencio c\u00f3mplice<\/em>&#8221; al nuevo gerente del Departamento de Salud &#8220;<em>ya que Alfredo rizo abander\u00f3 en su d\u00eda las propuestas para denunciar la situaci\u00f3n en la que se encuentra nuestra \u00e1rea sanitaria<\/em>&#8220;, afirman. Los socialistas indican que <strong>el organigrama sanitario definido por el Consell, uniendo a los departamentos de Alicante, Elda y Alco<\/strong>y &#8220;<em>provocar\u00e1 que muchos pacientes deban ir a hospitales como el de Alicante o Elda, con el consecuente aumento de listas de espera. Y afectar\u00e1 a la atenci\u00f3n en el resto de municipios de las comarcas que tendr\u00e1n que desplazarse a nuestra ciudad para atenci\u00f3n m\u00e9dica que antes ten\u00eda garantizada con m\u00e1s frecuencia en sus respectivos pueblos<\/em>&#8220;; manifiesta la edil <strong>Tere Sanju\u00e1n<\/strong>.<\/p>\n<p style=\"text-align: justify;\">Desde el <strong>PSOE comarcal<\/strong> han mantenido tambi\u00e9n una reuni\u00f3n con la gerencia del \u00e1rea sanitaria de Alcoy en la que se traslad\u00f3 la preocupaci\u00f3n por el posible cierre de Consultorios de Atenci\u00f3n Primaria, ante la falta de facultativos, o por la no declaraci\u00f3n del Departamento como zona de dif\u00edcil cobertura. Una vez recogidas las explicaciones del Doctor Rizo, los socialistas de estas comarcas tienen previsto realizar hoy una reuni\u00f3n en la que trazar\u00e1n la hoja de ruta a seguir de cara a seguir reivindicando mejoras en la sanidad de l&#8217;Alcoi\u00e0 y el Comtat.<\/p>\n","protected":false},"excerpt":{"rendered":"<p>El hecho de que el \u00e1rea de Salud de Alcoy no haya sido considerada como zona de dif\u00edcil cobertura ha&#8230;<\/p>\n","protected":false},"author":1,"featured_media":0,"comment_status":"open","ping_status":"open","sticky":false,"template":"","format":"standard","meta":{"footnotes":""},"categories":[6909,97,75,125],"tags":[1494,1974,15662,16402],"class_list":["post-129865","post","type-post","status-publish","format-standard","hentry","category-actualidad","category-alcoy","category-noticias","category-portada","tag-alcoy","tag-area-de-salud","tag-reacciones","tag-zona-de-dificil-cobertura"],"yoast_head":"<!-- This site is optimized with the Yoast SEO plugin v27.3 - https:\/\/yoast.com\/product\/yoast-seo-wordpress\/ -->\n<title>Malestar en la izquierda ante la exclusi\u00f3n del \u00e1rea de salud de Alcoy como zona de dif\u00edcil cobertura - COPE Alcoy<\/title>\n<meta name=\"description\" content=\"El hecho de que el \u00e1rea de Salud de Alcoy no haya sido considerada como zona de dif\u00edcil cobertura ha despertado cierto malestar en algunos partidos pol\u00edticos de la ciudad\" \/>\n<meta name=\"robots\" content=\"index, follow, max-snippet:-1, max-image-preview:large, max-video-preview:-1\" \/>\n<link rel=\"canonical\" href=\"https:\/\/www.copealcoy.es\/es\/malestar-en-la-izquierda-ante-la-exclusion-del-area-de-salud-de-alcoy-como-zona-de-dificil-cobertura\/\" \/>\n<meta property=\"og:locale\" content=\"es_ES\" \/>\n<meta property=\"og:type\" content=\"article\" \/>\n<meta property=\"og:title\" content=\"Malestar en la izquierda ante la exclusi\u00f3n del \u00e1rea de salud de Alcoy como zona de dif\u00edcil cobertura - COPE Alcoy\" \/>\n<meta property=\"og:description\" content=\"El hecho de que el \u00e1rea de Salud de Alcoy no haya sido considerada como zona de dif\u00edcil cobertura ha despertado cierto malestar en algunos partidos pol\u00edticos de la ciudad\" \/>\n<meta property=\"og:url\" content=\"https:\/\/www.copealcoy.es\/es\/malestar-en-la-izquierda-ante-la-exclusion-del-area-de-salud-de-alcoy-como-zona-de-dificil-cobertura\/\" \/>\n<meta property=\"og:site_name\" content=\"COPE Alcoy\" \/>\n<meta property=\"article:published_time\" content=\"2024-02-26T11:29:47+00:00\" \/>\n<meta property=\"og:image\" content=\"https:\/\/www.copealcoy.es\/wp-content\/uploads\/2024\/02\/HOS2-1-scaled-e1707299535721.jpg\" \/>\n\t<meta property=\"og:image:width\" content=\"645\" \/>\n\t<meta property=\"og:image:height\" content=\"444\" \/>\n\t<meta property=\"og:image:type\" content=\"image\/jpeg\" \/>\n<meta name=\"author\" content=\"Cope Alcoy\" \/>\n<meta name=\"twitter:label1\" content=\"Escrito por\" \/>\n\t<meta name=\"twitter:data1\" content=\"Cope Alcoy\" \/>\n\t<meta name=\"twitter:label2\" content=\"Tiempo de lectura\" \/>\n\t<meta name=\"twitter:data2\" content=\"4 minutos\" \/>\n<script type=\"application\/ld+json\" class=\"yoast-schema-graph\">{\"@context\":\"https:\\\/\\\/schema.org\",\"@graph\":[{\"@type\":\"Article\",\"@id\":\"https:\\\/\\\/www.copealcoy.es\\\/es\\\/malestar-en-la-izquierda-ante-la-exclusion-del-area-de-salud-de-alcoy-como-zona-de-dificil-cobertura\\\/#article\",\"isPartOf\":{\"@id\":\"https:\\\/\\\/www.copealcoy.es\\\/es\\\/malestar-en-la-izquierda-ante-la-exclusion-del-area-de-salud-de-alcoy-como-zona-de-dificil-cobertura\\\/\"},\"author\":{\"name\":\"Cope Alcoy\",\"@id\":\"https:\\\/\\\/www.copealcoy.es\\\/es\\\/#\\\/schema\\\/person\\\/e777c87fa024e57d40170af9df39882c\"},\"headline\":\"Malestar en la izquierda ante la exclusi\u00f3n del \u00e1rea de salud de Alcoy como zona de dif\u00edcil cobertura\",\"datePublished\":\"2024-02-26T11:29:47+00:00\",\"mainEntityOfPage\":{\"@id\":\"https:\\\/\\\/www.copealcoy.es\\\/es\\\/malestar-en-la-izquierda-ante-la-exclusion-del-area-de-salud-de-alcoy-como-zona-de-dificil-cobertura\\\/\"},\"wordCount\":721,\"commentCount\":0,\"keywords\":[\"Alcoy\",\"\u00c1rea de Salud\",\"reacciones\",\"zona de dif\u00edcil cobertura\"],\"articleSection\":[\"Actualidad\",\"Alcoy\",\"Noticias\",\"Portada\"],\"inLanguage\":\"es\"},{\"@type\":\"WebPage\",\"@id\":\"https:\\\/\\\/www.copealcoy.es\\\/es\\\/malestar-en-la-izquierda-ante-la-exclusion-del-area-de-salud-de-alcoy-como-zona-de-dificil-cobertura\\\/\",\"url\":\"https:\\\/\\\/www.copealcoy.es\\\/es\\\/malestar-en-la-izquierda-ante-la-exclusion-del-area-de-salud-de-alcoy-como-zona-de-dificil-cobertura\\\/\",\"name\":\"Malestar en la izquierda ante la exclusi\u00f3n del \u00e1rea de salud de Alcoy como zona de dif\u00edcil cobertura - COPE Alcoy\",\"isPartOf\":{\"@id\":\"https:\\\/\\\/www.copealcoy.es\\\/es\\\/#website\"},\"datePublished\":\"2024-02-26T11:29:47+00:00\",\"author\":{\"@id\":\"https:\\\/\\\/www.copealcoy.es\\\/es\\\/#\\\/schema\\\/person\\\/e777c87fa024e57d40170af9df39882c\"},\"description\":\"El hecho de que el \u00e1rea de Salud de Alcoy no haya sido considerada como zona de dif\u00edcil cobertura ha despertado cierto malestar en algunos partidos pol\u00edticos de la ciudad\",\"breadcrumb\":{\"@id\":\"https:\\\/\\\/www.copealcoy.es\\\/es\\\/malestar-en-la-izquierda-ante-la-exclusion-del-area-de-salud-de-alcoy-como-zona-de-dificil-cobertura\\\/#breadcrumb\"},\"inLanguage\":\"es\",\"potentialAction\":[{\"@type\":\"ReadAction\",\"target\":[\"https:\\\/\\\/www.copealcoy.es\\\/es\\\/malestar-en-la-izquierda-ante-la-exclusion-del-area-de-salud-de-alcoy-como-zona-de-dificil-cobertura\\\/\"]}]},{\"@type\":\"BreadcrumbList\",\"@id\":\"https:\\\/\\\/www.copealcoy.es\\\/es\\\/malestar-en-la-izquierda-ante-la-exclusion-del-area-de-salud-de-alcoy-como-zona-de-dificil-cobertura\\\/#breadcrumb\",\"itemListElement\":[{\"@type\":\"ListItem\",\"position\":1,\"name\":\"Portada\",\"item\":\"https:\\\/\\\/www.copealcoy.es\\\/es\\\/\"},{\"@type\":\"ListItem\",\"position\":2,\"name\":\"Malestar en la izquierda ante la exclusi\u00f3n del \u00e1rea de salud de Alcoy como zona de dif\u00edcil cobertura\"}]},{\"@type\":\"WebSite\",\"@id\":\"https:\\\/\\\/www.copealcoy.es\\\/es\\\/#website\",\"url\":\"https:\\\/\\\/www.copealcoy.es\\\/es\\\/\",\"name\":\"COPE Alcoy\",\"description\":\"Emisora COPE de radio local con emisi\u00f3n online. Pont de Sant Jordi 8-10 03803 Alcoy\",\"potentialAction\":[{\"@type\":\"SearchAction\",\"target\":{\"@type\":\"EntryPoint\",\"urlTemplate\":\"https:\\\/\\\/www.copealcoy.es\\\/es\\\/?s={search_term_string}\"},\"query-input\":{\"@type\":\"PropertyValueSpecification\",\"valueRequired\":true,\"valueName\":\"search_term_string\"}}],\"inLanguage\":\"es\"},{\"@type\":\"Person\",\"@id\":\"https:\\\/\\\/www.copealcoy.es\\\/es\\\/#\\\/schema\\\/person\\\/e777c87fa024e57d40170af9df39882c\",\"name\":\"Cope Alcoy\",\"image\":{\"@type\":\"ImageObject\",\"inLanguage\":\"es\",\"@id\":\"https:\\\/\\\/secure.gravatar.com\\\/avatar\\\/bb65d0283347e303893ba14f0692005417c1e0e690a325a4c5d8bb2b3943ee14?s=96&d=mm&r=g\",\"url\":\"https:\\\/\\\/secure.gravatar.com\\\/avatar\\\/bb65d0283347e303893ba14f0692005417c1e0e690a325a4c5d8bb2b3943ee14?s=96&d=mm&r=g\",\"contentUrl\":\"https:\\\/\\\/secure.gravatar.com\\\/avatar\\\/bb65d0283347e303893ba14f0692005417c1e0e690a325a4c5d8bb2b3943ee14?s=96&d=mm&r=g\",\"caption\":\"Cope Alcoy\"}}]}<\/script>\n<!-- \/ Yoast SEO plugin. -->","yoast_head_json":{"title":"Malestar en la izquierda ante la exclusi\u00f3n del \u00e1rea de salud de Alcoy como zona de dif\u00edcil cobertura - COPE Alcoy","description":"El hecho de que el \u00e1rea de Salud de Alcoy no haya sido considerada como zona de dif\u00edcil cobertura ha despertado cierto malestar en algunos partidos pol\u00edticos de la ciudad","robots":{"index":"index","follow":"follow","max-snippet":"max-snippet:-1","max-image-preview":"max-image-preview:large","max-video-preview":"max-video-preview:-1"},"canonical":"https:\/\/www.copealcoy.es\/es\/malestar-en-la-izquierda-ante-la-exclusion-del-area-de-salud-de-alcoy-como-zona-de-dificil-cobertura\/","og_locale":"es_ES","og_type":"article","og_title":"Malestar en la izquierda ante la exclusi\u00f3n del \u00e1rea de salud de Alcoy como zona de dif\u00edcil cobertura - COPE Alcoy","og_description":"El hecho de que el \u00e1rea de Salud de Alcoy no haya sido considerada como zona de dif\u00edcil cobertura ha despertado cierto malestar en algunos partidos pol\u00edticos de la ciudad","og_url":"https:\/\/www.copealcoy.es\/es\/malestar-en-la-izquierda-ante-la-exclusion-del-area-de-salud-de-alcoy-como-zona-de-dificil-cobertura\/","og_site_name":"COPE Alcoy","article_published_time":"2024-02-26T11:29:47+00:00","og_image":[{"width":645,"height":444,"url":"https:\/\/www.copealcoy.es\/wp-content\/uploads\/2024\/02\/HOS2-1-scaled-e1707299535721.jpg","type":"image\/jpeg"}],"author":"Cope Alcoy","twitter_misc":{"Escrito por":"Cope Alcoy","Tiempo de lectura":"4 minutos"},"schema":{"@context":"https:\/\/schema.org","@graph":[{"@type":"Article","@id":"https:\/\/www.copealcoy.es\/es\/malestar-en-la-izquierda-ante-la-exclusion-del-area-de-salud-de-alcoy-como-zona-de-dificil-cobertura\/#article","isPartOf":{"@id":"https:\/\/www.copealcoy.es\/es\/malestar-en-la-izquierda-ante-la-exclusion-del-area-de-salud-de-alcoy-como-zona-de-dificil-cobertura\/"},"author":{"name":"Cope Alcoy","@id":"https:\/\/www.copealcoy.es\/es\/#\/schema\/person\/e777c87fa024e57d40170af9df39882c"},"headline":"Malestar en la izquierda ante la exclusi\u00f3n del \u00e1rea de salud de Alcoy como zona de dif\u00edcil cobertura","datePublished":"2024-02-26T11:29:47+00:00","mainEntityOfPage":{"@id":"https:\/\/www.copealcoy.es\/es\/malestar-en-la-izquierda-ante-la-exclusion-del-area-de-salud-de-alcoy-como-zona-de-dificil-cobertura\/"},"wordCount":721,"commentCount":0,"keywords":["Alcoy","\u00c1rea de Salud","reacciones","zona de dif\u00edcil cobertura"],"articleSection":["Actualidad","Alcoy","Noticias","Portada"],"inLanguage":"es"},{"@type":"WebPage","@id":"https:\/\/www.copealcoy.es\/es\/malestar-en-la-izquierda-ante-la-exclusion-del-area-de-salud-de-alcoy-como-zona-de-dificil-cobertura\/","url":"https:\/\/www.copealcoy.es\/es\/malestar-en-la-izquierda-ante-la-exclusion-del-area-de-salud-de-alcoy-como-zona-de-dificil-cobertura\/","name":"Malestar en la izquierda ante la exclusi\u00f3n del \u00e1rea de salud de Alcoy como zona de dif\u00edcil cobertura - COPE Alcoy","isPartOf":{"@id":"https:\/\/www.copealcoy.es\/es\/#website"},"datePublished":"2024-02-26T11:29:47+00:00","author":{"@id":"https:\/\/www.copealcoy.es\/es\/#\/schema\/person\/e777c87fa024e57d40170af9df39882c"},"description":"El hecho de que el \u00e1rea de Salud de Alcoy no haya sido considerada como zona de dif\u00edcil cobertura ha despertado cierto malestar en algunos partidos pol\u00edticos de la ciudad","breadcrumb":{"@id":"https:\/\/www.copealcoy.es\/es\/malestar-en-la-izquierda-ante-la-exclusion-del-area-de-salud-de-alcoy-como-zona-de-dificil-cobertura\/#breadcrumb"},"inLanguage":"es","potentialAction":[{"@type":"ReadAction","target":["https:\/\/www.copealcoy.es\/es\/malestar-en-la-izquierda-ante-la-exclusion-del-area-de-salud-de-alcoy-como-zona-de-dificil-cobertura\/"]}]},{"@type":"BreadcrumbList","@id":"https:\/\/www.copealcoy.es\/es\/malestar-en-la-izquierda-ante-la-exclusion-del-area-de-salud-de-alcoy-como-zona-de-dificil-cobertura\/#breadcrumb","itemListElement":[{"@type":"ListItem","position":1,"name":"Portada","item":"https:\/\/www.copealcoy.es\/es\/"},{"@type":"ListItem","position":2,"name":"Malestar en la izquierda ante la exclusi\u00f3n del \u00e1rea de salud de Alcoy como zona de dif\u00edcil cobertura"}]},{"@type":"WebSite","@id":"https:\/\/www.copealcoy.es\/es\/#website","url":"https:\/\/www.copealcoy.es\/es\/","name":"COPE Alcoy","description":"Emisora COPE de radio local con emisi\u00f3n online. Pont de Sant Jordi 8-10 03803 Alcoy","potentialAction":[{"@type":"SearchAction","target":{"@type":"EntryPoint","urlTemplate":"https:\/\/www.copealcoy.es\/es\/?s={search_term_string}"},"query-input":{"@type":"PropertyValueSpecification","valueRequired":true,"valueName":"search_term_string"}}],"inLanguage":"es"},{"@type":"Person","@id":"https:\/\/www.copealcoy.es\/es\/#\/schema\/person\/e777c87fa024e57d40170af9df39882c","name":"Cope Alcoy","image":{"@type":"ImageObject","inLanguage":"es","@id":"https:\/\/secure.gravatar.com\/avatar\/bb65d0283347e303893ba14f0692005417c1e0e690a325a4c5d8bb2b3943ee14?s=96&d=mm&r=g","url":"https:\/\/secure.gravatar.com\/avatar\/bb65d0283347e303893ba14f0692005417c1e0e690a325a4c5d8bb2b3943ee14?s=96&d=mm&r=g","contentUrl":"https:\/\/secure.gravatar.com\/avatar\/bb65d0283347e303893ba14f0692005417c1e0e690a325a4c5d8bb2b3943ee14?s=96&d=mm&r=g","caption":"Cope Alcoy"}}]}},"_links":{"self":[{"href":"https:\/\/www.copealcoy.es\/es\/wp-json\/wp\/v2\/posts\/129865","targetHints":{"allow":["GET"]}}],"collection":[{"href":"https:\/\/www.copealcoy.es\/es\/wp-json\/wp\/v2\/posts"}],"about":[{"href":"https:\/\/www.copealcoy.es\/es\/wp-json\/wp\/v2\/types\/post"}],"author":[{"embeddable":true,"href":"https:\/\/www.copealcoy.es\/es\/wp-json\/wp\/v2\/users\/1"}],"replies":[{"embeddable":true,"href":"https:\/\/www.copealcoy.es\/es\/wp-json\/wp\/v2\/comments?post=129865"}],"version-history":[{"count":0,"href":"https:\/\/www.copealcoy.es\/es\/wp-json\/wp\/v2\/posts\/129865\/revisions"}],"wp:attachment":[{"href":"https:\/\/www.copealcoy.es\/es\/wp-json\/wp\/v2\/media?parent=129865"}],"wp:term":[{"taxonomy":"category","embeddable":true,"href":"https:\/\/www.copealcoy.es\/es\/wp-json\/wp\/v2\/categories?post=129865"},{"taxonomy":"post_tag","embeddable":true,"href":"https:\/\/www.copealcoy.es\/es\/wp-json\/wp\/v2\/tags?post=129865"}],"curies":[{"name":"wp","href":"https:\/\/api.w.org\/{rel}","templated":true}]}}