{"id":129851,"date":"2024-02-26T08:00:29","date_gmt":"2024-02-26T07:00:29","guid":{"rendered":"https:\/\/www.copealcoy.es\/?p=129851"},"modified":"2024-02-26T11:54:38","modified_gmt":"2024-02-26T10:54:38","slug":"susto-en-el-barrio-del-viaducto-de-alcoy-al-declararse-un-incendio","status":"publish","type":"post","link":"https:\/\/www.copealcoy.es\/es\/susto-en-el-barrio-del-viaducto-de-alcoy-al-declararse-un-incendio\/","title":{"rendered":"Susto en el barrio del Viaducto de Alcoy al declararse un incendio"},"content":{"rendered":"<p style=\"text-align: justify;\">Ayer a mediod\u00eda saltaron todas las alarmas en el barrio del Viaducto de Alcoy. Pasadas la una del mediod\u00eda se declar\u00f3 un incendio frente al edificio universitario que acab\u00f3 afectando\u00a0<strong>\u00a0a parte de los \u00e1rboles del parque <\/strong>y<strong> tambi\u00e9n al matorral <\/strong>existente en la zona. La r\u00e1pida actuaci\u00f3n de los <span style=\"color: #0000ff;\"><a style=\"color: #0000ff;\" href=\"https:\/\/www.facebook.com\/bomberosalicantecpba\" target=\"_blank\" rel=\"noopener\"><strong>Bomberos del Consorcio Provincial de Alicante<\/strong><\/a><\/span> evit\u00f3 males mayores puesto que <strong>a esa hora soplaba con fuerza el viento <\/strong>en nuestra ciudad. Junto a la zona afectada por el siniestro, seg\u00fan informaci\u00f3n facilitada por algunos testigos,<strong>\u00a0hab\u00eda un veh\u00edculo<\/strong> que finalmente no sufri\u00f3 ning\u00fan da\u00f1o pese a estar muy cerca de las llamas. Hasta el lugar de los hechos se desplazaron una unidad de mando de jefatura, una bomba rural pesada, un jefe y cuatro bomberos.<\/p>\n<p style=\"text-align: justify;\"><span style=\"color: #0000ff;\"><strong>Extinguido el incendio de Cocentaina<\/strong><\/span><\/p>\n<p style=\"text-align: justify;\">Tambi\u00e9n a las 13:00h de ayer domingo, seg\u00fan informaron desde el Consorcio Provincial de Bomberos de Alicante, <strong>qued\u00f3 extinguido el incendio que afect\u00f3 desde la madrugada del s\u00e1bado a una nave industrial<\/strong> ubicada en el barri de Sant Jaume de Cocentaina. Los efectivos estuvieron trabajado durante buena parte del fin de semana para refrescar la infraestructura despu\u00e9s de asegurar el mismo s\u00e1bado que las llamas no pasaran a industrias o viviendas colindantes.<\/p>\n<p><strong><span style=\"color: #0000ff;\">Reguero de sucesos durante el fin de semana<\/span><\/strong><\/p>\n<p style=\"text-align: justify;\">El \u00faltimo fin de semana de febrero <strong>ha estado marcado por m\u00e1s sucesos<\/strong> en la ciudad. El viernes a mediod\u00eda<strong> se produjo un accidente mortal en la rotonda norte de Alcoy<\/strong> despu\u00e9s de que el conductor de un veh\u00edculo falleciese mientras conduc\u00eda; hecho que provoc\u00f3 que el veh\u00edculo chocara contra varios elementos del mobiliario urbano. Al margen de esto, el s\u00e1bado a mediod\u00eda los Bomberos se desplegaron en La Alameda para tratar de<strong> rescatar a una anciana de 101 a\u00f1os que no daba se\u00f1ales<\/strong> ni por tel\u00e9fono ni tampoco cuando se llamaba a la puerta. Todo qued\u00f3 finalmente en susto ya que la se\u00f1ora solamente se hab\u00eda dormido seg\u00fan pudo comprobar el primer familiar que consigui\u00f3 acceder al domicilio.<\/p>\n","protected":false},"excerpt":{"rendered":"<p>Ayer a mediod\u00eda saltaron todas las alarmas en el barrio del Viaducto de Alcoy. Pasadas la una del mediod\u00eda se&#8230;<\/p>\n","protected":false},"author":1,"featured_media":129852,"comment_status":"open","ping_status":"open","sticky":false,"template":"","format":"standard","meta":{"footnotes":""},"categories":[6909,97,75],"tags":[1494,764,612,2277],"class_list":["post-129851","post","type-post","status-publish","format-standard","has-post-thumbnail","hentry","category-actualidad","category-alcoy","category-noticias","tag-alcoy","tag-fuego","tag-incendio","tag-viaducto"],"yoast_head":"<!-- This site is optimized with the Yoast SEO plugin v27.3 - https:\/\/yoast.com\/product\/yoast-seo-wordpress\/ -->\n<title>Susto en el barrio del Viaducto de Alcoy al declararse un incendio - COPE Alcoy<\/title>\n<meta name=\"description\" content=\"Ayer a mediod\u00eda saltaron todas las alarmas en el barrio del Viaducto de Alcoy al declararse un incendio en el parque\" \/>\n<meta name=\"robots\" content=\"index, follow, max-snippet:-1, max-image-preview:large, max-video-preview:-1\" \/>\n<link rel=\"canonical\" href=\"https:\/\/www.copealcoy.es\/es\/susto-en-el-barrio-del-viaducto-de-alcoy-al-declararse-un-incendio\/\" \/>\n<meta property=\"og:locale\" content=\"es_ES\" \/>\n<meta property=\"og:type\" content=\"article\" \/>\n<meta property=\"og:title\" content=\"Susto en el barrio del Viaducto de Alcoy al declararse un incendio - COPE Alcoy\" \/>\n<meta property=\"og:description\" content=\"Ayer a mediod\u00eda saltaron todas las alarmas en el barrio del Viaducto de Alcoy al declararse un incendio en el parque\" \/>\n<meta property=\"og:url\" content=\"https:\/\/www.copealcoy.es\/es\/susto-en-el-barrio-del-viaducto-de-alcoy-al-declararse-un-incendio\/\" \/>\n<meta property=\"og:site_name\" content=\"COPE Alcoy\" \/>\n<meta property=\"article:published_time\" content=\"2024-02-26T07:00:29+00:00\" \/>\n<meta property=\"article:modified_time\" content=\"2024-02-26T10:54:38+00:00\" \/>\n<meta property=\"og:image\" content=\"https:\/\/www.copealcoy.es\/wp-content\/uploads\/2024\/02\/unnamed-1-26-scaled-e1708890540352.jpg\" \/>\n\t<meta property=\"og:image:width\" content=\"640\" \/>\n\t<meta property=\"og:image:height\" content=\"360\" \/>\n\t<meta property=\"og:image:type\" content=\"image\/jpeg\" \/>\n<meta name=\"author\" content=\"Cope Alcoy\" \/>\n<meta name=\"twitter:label1\" content=\"Escrito por\" \/>\n\t<meta name=\"twitter:data1\" content=\"Cope Alcoy\" \/>\n\t<meta name=\"twitter:label2\" content=\"Tiempo de lectura\" \/>\n\t<meta name=\"twitter:data2\" content=\"2 minutos\" \/>\n<script type=\"application\/ld+json\" class=\"yoast-schema-graph\">{\"@context\":\"https:\\\/\\\/schema.org\",\"@graph\":[{\"@type\":\"Article\",\"@id\":\"https:\\\/\\\/www.copealcoy.es\\\/es\\\/susto-en-el-barrio-del-viaducto-de-alcoy-al-declararse-un-incendio\\\/#article\",\"isPartOf\":{\"@id\":\"https:\\\/\\\/www.copealcoy.es\\\/es\\\/susto-en-el-barrio-del-viaducto-de-alcoy-al-declararse-un-incendio\\\/\"},\"author\":{\"name\":\"Cope Alcoy\",\"@id\":\"https:\\\/\\\/www.copealcoy.es\\\/es\\\/#\\\/schema\\\/person\\\/e777c87fa024e57d40170af9df39882c\"},\"headline\":\"Susto en el barrio del Viaducto de Alcoy al declararse un incendio\",\"datePublished\":\"2024-02-26T07:00:29+00:00\",\"dateModified\":\"2024-02-26T10:54:38+00:00\",\"mainEntityOfPage\":{\"@id\":\"https:\\\/\\\/www.copealcoy.es\\\/es\\\/susto-en-el-barrio-del-viaducto-de-alcoy-al-declararse-un-incendio\\\/\"},\"wordCount\":371,\"commentCount\":0,\"image\":{\"@id\":\"https:\\\/\\\/www.copealcoy.es\\\/es\\\/susto-en-el-barrio-del-viaducto-de-alcoy-al-declararse-un-incendio\\\/#primaryimage\"},\"thumbnailUrl\":\"https:\\\/\\\/www.copealcoy.es\\\/wp-content\\\/uploads\\\/2024\\\/02\\\/unnamed-1-26-scaled-e1708890540352.jpg\",\"keywords\":[\"Alcoy\",\"Fuego\",\"Incendio\",\"viaducto\"],\"articleSection\":[\"Actualidad\",\"Alcoy\",\"Noticias\"],\"inLanguage\":\"es\"},{\"@type\":\"WebPage\",\"@id\":\"https:\\\/\\\/www.copealcoy.es\\\/es\\\/susto-en-el-barrio-del-viaducto-de-alcoy-al-declararse-un-incendio\\\/\",\"url\":\"https:\\\/\\\/www.copealcoy.es\\\/es\\\/susto-en-el-barrio-del-viaducto-de-alcoy-al-declararse-un-incendio\\\/\",\"name\":\"Susto en el barrio del Viaducto de Alcoy al declararse un incendio - COPE Alcoy\",\"isPartOf\":{\"@id\":\"https:\\\/\\\/www.copealcoy.es\\\/es\\\/#website\"},\"primaryImageOfPage\":{\"@id\":\"https:\\\/\\\/www.copealcoy.es\\\/es\\\/susto-en-el-barrio-del-viaducto-de-alcoy-al-declararse-un-incendio\\\/#primaryimage\"},\"image\":{\"@id\":\"https:\\\/\\\/www.copealcoy.es\\\/es\\\/susto-en-el-barrio-del-viaducto-de-alcoy-al-declararse-un-incendio\\\/#primaryimage\"},\"thumbnailUrl\":\"https:\\\/\\\/www.copealcoy.es\\\/wp-content\\\/uploads\\\/2024\\\/02\\\/unnamed-1-26-scaled-e1708890540352.jpg\",\"datePublished\":\"2024-02-26T07:00:29+00:00\",\"dateModified\":\"2024-02-26T10:54:38+00:00\",\"author\":{\"@id\":\"https:\\\/\\\/www.copealcoy.es\\\/es\\\/#\\\/schema\\\/person\\\/e777c87fa024e57d40170af9df39882c\"},\"description\":\"Ayer a mediod\u00eda saltaron todas las alarmas en el barrio del Viaducto de Alcoy al declararse un incendio en el parque\",\"breadcrumb\":{\"@id\":\"https:\\\/\\\/www.copealcoy.es\\\/es\\\/susto-en-el-barrio-del-viaducto-de-alcoy-al-declararse-un-incendio\\\/#breadcrumb\"},\"inLanguage\":\"es\",\"potentialAction\":[{\"@type\":\"ReadAction\",\"target\":[\"https:\\\/\\\/www.copealcoy.es\\\/es\\\/susto-en-el-barrio-del-viaducto-de-alcoy-al-declararse-un-incendio\\\/\"]}]},{\"@type\":\"ImageObject\",\"inLanguage\":\"es\",\"@id\":\"https:\\\/\\\/www.copealcoy.es\\\/es\\\/susto-en-el-barrio-del-viaducto-de-alcoy-al-declararse-un-incendio\\\/#primaryimage\",\"url\":\"https:\\\/\\\/www.copealcoy.es\\\/wp-content\\\/uploads\\\/2024\\\/02\\\/unnamed-1-26-scaled-e1708890540352.jpg\",\"contentUrl\":\"https:\\\/\\\/www.copealcoy.es\\\/wp-content\\\/uploads\\\/2024\\\/02\\\/unnamed-1-26-scaled-e1708890540352.jpg\",\"width\":640,\"height\":360},{\"@type\":\"BreadcrumbList\",\"@id\":\"https:\\\/\\\/www.copealcoy.es\\\/es\\\/susto-en-el-barrio-del-viaducto-de-alcoy-al-declararse-un-incendio\\\/#breadcrumb\",\"itemListElement\":[{\"@type\":\"ListItem\",\"position\":1,\"name\":\"Portada\",\"item\":\"https:\\\/\\\/www.copealcoy.es\\\/es\\\/\"},{\"@type\":\"ListItem\",\"position\":2,\"name\":\"Susto en el barrio del Viaducto de Alcoy al declararse un incendio\"}]},{\"@type\":\"WebSite\",\"@id\":\"https:\\\/\\\/www.copealcoy.es\\\/es\\\/#website\",\"url\":\"https:\\\/\\\/www.copealcoy.es\\\/es\\\/\",\"name\":\"COPE Alcoy\",\"description\":\"Emisora COPE de radio local con emisi\u00f3n online. Pont de Sant Jordi 8-10 03803 Alcoy\",\"potentialAction\":[{\"@type\":\"SearchAction\",\"target\":{\"@type\":\"EntryPoint\",\"urlTemplate\":\"https:\\\/\\\/www.copealcoy.es\\\/es\\\/?s={search_term_string}\"},\"query-input\":{\"@type\":\"PropertyValueSpecification\",\"valueRequired\":true,\"valueName\":\"search_term_string\"}}],\"inLanguage\":\"es\"},{\"@type\":\"Person\",\"@id\":\"https:\\\/\\\/www.copealcoy.es\\\/es\\\/#\\\/schema\\\/person\\\/e777c87fa024e57d40170af9df39882c\",\"name\":\"Cope Alcoy\",\"image\":{\"@type\":\"ImageObject\",\"inLanguage\":\"es\",\"@id\":\"https:\\\/\\\/secure.gravatar.com\\\/avatar\\\/bb65d0283347e303893ba14f0692005417c1e0e690a325a4c5d8bb2b3943ee14?s=96&d=mm&r=g\",\"url\":\"https:\\\/\\\/secure.gravatar.com\\\/avatar\\\/bb65d0283347e303893ba14f0692005417c1e0e690a325a4c5d8bb2b3943ee14?s=96&d=mm&r=g\",\"contentUrl\":\"https:\\\/\\\/secure.gravatar.com\\\/avatar\\\/bb65d0283347e303893ba14f0692005417c1e0e690a325a4c5d8bb2b3943ee14?s=96&d=mm&r=g\",\"caption\":\"Cope Alcoy\"}}]}<\/script>\n<!-- \/ Yoast SEO plugin. -->","yoast_head_json":{"title":"Susto en el barrio del Viaducto de Alcoy al declararse un incendio - COPE Alcoy","description":"Ayer a mediod\u00eda saltaron todas las alarmas en el barrio del Viaducto de Alcoy al declararse un incendio en el parque","robots":{"index":"index","follow":"follow","max-snippet":"max-snippet:-1","max-image-preview":"max-image-preview:large","max-video-preview":"max-video-preview:-1"},"canonical":"https:\/\/www.copealcoy.es\/es\/susto-en-el-barrio-del-viaducto-de-alcoy-al-declararse-un-incendio\/","og_locale":"es_ES","og_type":"article","og_title":"Susto en el barrio del Viaducto de Alcoy al declararse un incendio - COPE Alcoy","og_description":"Ayer a mediod\u00eda saltaron todas las alarmas en el barrio del Viaducto de Alcoy al declararse un incendio en el parque","og_url":"https:\/\/www.copealcoy.es\/es\/susto-en-el-barrio-del-viaducto-de-alcoy-al-declararse-un-incendio\/","og_site_name":"COPE Alcoy","article_published_time":"2024-02-26T07:00:29+00:00","article_modified_time":"2024-02-26T10:54:38+00:00","og_image":[{"width":640,"height":360,"url":"https:\/\/www.copealcoy.es\/wp-content\/uploads\/2024\/02\/unnamed-1-26-scaled-e1708890540352.jpg","type":"image\/jpeg"}],"author":"Cope Alcoy","twitter_misc":{"Escrito por":"Cope Alcoy","Tiempo de lectura":"2 minutos"},"schema":{"@context":"https:\/\/schema.org","@graph":[{"@type":"Article","@id":"https:\/\/www.copealcoy.es\/es\/susto-en-el-barrio-del-viaducto-de-alcoy-al-declararse-un-incendio\/#article","isPartOf":{"@id":"https:\/\/www.copealcoy.es\/es\/susto-en-el-barrio-del-viaducto-de-alcoy-al-declararse-un-incendio\/"},"author":{"name":"Cope Alcoy","@id":"https:\/\/www.copealcoy.es\/es\/#\/schema\/person\/e777c87fa024e57d40170af9df39882c"},"headline":"Susto en el barrio del Viaducto de Alcoy al declararse un incendio","datePublished":"2024-02-26T07:00:29+00:00","dateModified":"2024-02-26T10:54:38+00:00","mainEntityOfPage":{"@id":"https:\/\/www.copealcoy.es\/es\/susto-en-el-barrio-del-viaducto-de-alcoy-al-declararse-un-incendio\/"},"wordCount":371,"commentCount":0,"image":{"@id":"https:\/\/www.copealcoy.es\/es\/susto-en-el-barrio-del-viaducto-de-alcoy-al-declararse-un-incendio\/#primaryimage"},"thumbnailUrl":"https:\/\/www.copealcoy.es\/wp-content\/uploads\/2024\/02\/unnamed-1-26-scaled-e1708890540352.jpg","keywords":["Alcoy","Fuego","Incendio","viaducto"],"articleSection":["Actualidad","Alcoy","Noticias"],"inLanguage":"es"},{"@type":"WebPage","@id":"https:\/\/www.copealcoy.es\/es\/susto-en-el-barrio-del-viaducto-de-alcoy-al-declararse-un-incendio\/","url":"https:\/\/www.copealcoy.es\/es\/susto-en-el-barrio-del-viaducto-de-alcoy-al-declararse-un-incendio\/","name":"Susto en el barrio del Viaducto de Alcoy al declararse un incendio - COPE Alcoy","isPartOf":{"@id":"https:\/\/www.copealcoy.es\/es\/#website"},"primaryImageOfPage":{"@id":"https:\/\/www.copealcoy.es\/es\/susto-en-el-barrio-del-viaducto-de-alcoy-al-declararse-un-incendio\/#primaryimage"},"image":{"@id":"https:\/\/www.copealcoy.es\/es\/susto-en-el-barrio-del-viaducto-de-alcoy-al-declararse-un-incendio\/#primaryimage"},"thumbnailUrl":"https:\/\/www.copealcoy.es\/wp-content\/uploads\/2024\/02\/unnamed-1-26-scaled-e1708890540352.jpg","datePublished":"2024-02-26T07:00:29+00:00","dateModified":"2024-02-26T10:54:38+00:00","author":{"@id":"https:\/\/www.copealcoy.es\/es\/#\/schema\/person\/e777c87fa024e57d40170af9df39882c"},"description":"Ayer a mediod\u00eda saltaron todas las alarmas en el barrio del Viaducto de Alcoy al declararse un incendio en el parque","breadcrumb":{"@id":"https:\/\/www.copealcoy.es\/es\/susto-en-el-barrio-del-viaducto-de-alcoy-al-declararse-un-incendio\/#breadcrumb"},"inLanguage":"es","potentialAction":[{"@type":"ReadAction","target":["https:\/\/www.copealcoy.es\/es\/susto-en-el-barrio-del-viaducto-de-alcoy-al-declararse-un-incendio\/"]}]},{"@type":"ImageObject","inLanguage":"es","@id":"https:\/\/www.copealcoy.es\/es\/susto-en-el-barrio-del-viaducto-de-alcoy-al-declararse-un-incendio\/#primaryimage","url":"https:\/\/www.copealcoy.es\/wp-content\/uploads\/2024\/02\/unnamed-1-26-scaled-e1708890540352.jpg","contentUrl":"https:\/\/www.copealcoy.es\/wp-content\/uploads\/2024\/02\/unnamed-1-26-scaled-e1708890540352.jpg","width":640,"height":360},{"@type":"BreadcrumbList","@id":"https:\/\/www.copealcoy.es\/es\/susto-en-el-barrio-del-viaducto-de-alcoy-al-declararse-un-incendio\/#breadcrumb","itemListElement":[{"@type":"ListItem","position":1,"name":"Portada","item":"https:\/\/www.copealcoy.es\/es\/"},{"@type":"ListItem","position":2,"name":"Susto en el barrio del Viaducto de Alcoy al declararse un incendio"}]},{"@type":"WebSite","@id":"https:\/\/www.copealcoy.es\/es\/#website","url":"https:\/\/www.copealcoy.es\/es\/","name":"COPE Alcoy","description":"Emisora COPE de radio local con emisi\u00f3n online. Pont de Sant Jordi 8-10 03803 Alcoy","potentialAction":[{"@type":"SearchAction","target":{"@type":"EntryPoint","urlTemplate":"https:\/\/www.copealcoy.es\/es\/?s={search_term_string}"},"query-input":{"@type":"PropertyValueSpecification","valueRequired":true,"valueName":"search_term_string"}}],"inLanguage":"es"},{"@type":"Person","@id":"https:\/\/www.copealcoy.es\/es\/#\/schema\/person\/e777c87fa024e57d40170af9df39882c","name":"Cope Alcoy","image":{"@type":"ImageObject","inLanguage":"es","@id":"https:\/\/secure.gravatar.com\/avatar\/bb65d0283347e303893ba14f0692005417c1e0e690a325a4c5d8bb2b3943ee14?s=96&d=mm&r=g","url":"https:\/\/secure.gravatar.com\/avatar\/bb65d0283347e303893ba14f0692005417c1e0e690a325a4c5d8bb2b3943ee14?s=96&d=mm&r=g","contentUrl":"https:\/\/secure.gravatar.com\/avatar\/bb65d0283347e303893ba14f0692005417c1e0e690a325a4c5d8bb2b3943ee14?s=96&d=mm&r=g","caption":"Cope Alcoy"}}]}},"_links":{"self":[{"href":"https:\/\/www.copealcoy.es\/es\/wp-json\/wp\/v2\/posts\/129851","targetHints":{"allow":["GET"]}}],"collection":[{"href":"https:\/\/www.copealcoy.es\/es\/wp-json\/wp\/v2\/posts"}],"about":[{"href":"https:\/\/www.copealcoy.es\/es\/wp-json\/wp\/v2\/types\/post"}],"author":[{"embeddable":true,"href":"https:\/\/www.copealcoy.es\/es\/wp-json\/wp\/v2\/users\/1"}],"replies":[{"embeddable":true,"href":"https:\/\/www.copealcoy.es\/es\/wp-json\/wp\/v2\/comments?post=129851"}],"version-history":[{"count":0,"href":"https:\/\/www.copealcoy.es\/es\/wp-json\/wp\/v2\/posts\/129851\/revisions"}],"wp:featuredmedia":[{"embeddable":true,"href":"https:\/\/www.copealcoy.es\/es\/wp-json\/wp\/v2\/media\/129852"}],"wp:attachment":[{"href":"https:\/\/www.copealcoy.es\/es\/wp-json\/wp\/v2\/media?parent=129851"}],"wp:term":[{"taxonomy":"category","embeddable":true,"href":"https:\/\/www.copealcoy.es\/es\/wp-json\/wp\/v2\/categories?post=129851"},{"taxonomy":"post_tag","embeddable":true,"href":"https:\/\/www.copealcoy.es\/es\/wp-json\/wp\/v2\/tags?post=129851"}],"curies":[{"name":"wp","href":"https:\/\/api.w.org\/{rel}","templated":true}]}}