{"id":12979,"date":"2015-05-12T14:56:24","date_gmt":"2015-05-12T14:56:24","guid":{"rendered":"http:\/\/copealcoi.es\/new\/?p=12979"},"modified":"2016-08-03T16:03:44","modified_gmt":"2016-08-03T16:03:44","slug":"briet-los-tecnicos-no-han-encontrado-irregularidades-en-el-campo-la-via","status":"publish","type":"post","link":"https:\/\/www.copealcoy.es\/es\/briet-los-tecnicos-no-han-encontrado-irregularidades-en-el-campo-la-via\/","title":{"rendered":"Briet &#8220;los t\u00e9cnicos no han encontrado irregularidades en el Campo La V\u00eda&#8221;"},"content":{"rendered":"<p style=\"text-align: justify;\">El alcalde de Cocentaina, Rafael Briet, ha salido al paso de las afirmaciones que el miembro de Comprom\u00eds &#8211; Col.lectiu 03820, Jos\u00e9 Juan Cortell, realiz\u00f3 d\u00edas atr\u00e1s asegurando la existencia de posibles irregularidades en la construcci\u00f3n del Campo Municipal La V\u00eda. El primer edil contestano ha calificado la actitud de Cortell como &#8220;oportunista, de poca valent\u00eda y de ausencia de clase moral y \u00e9tica&#8221; y le ha instado a que le acuse formalmente para poder llegar a los tribunales &#8220;uno no puede levantarse un d\u00eda y decir lo que le viene a la cabeza sin poder demostrarlo&#8221;, indica.<\/p>\n<p style=\"text-align: justify;\">Adem\u00e1s Briet ha destacado que esta ma\u00f1ana se ha reunido la comisi\u00f3n de investigaci\u00f3n del Campo en la que los t\u00e9cnicos han aportado documentaci\u00f3n &#8220;y ellos han demostrado a la edil del Col.lectiu por medio de datos que no hubo ning\u00fan tipo de irregularidad y que la gesti\u00f3n de la construcci\u00f3n del campo fue totalmente transparente y que las decisiones que se tomaron fueron siempre atendiendo las indicaciones t\u00e9cnicos&#8221;, ha afirmado en Cope Alcoy.<\/p>\n<p style=\"text-align: justify;\">Por \u00faltimo el alcalde ha vuelto a referirse a la coalici\u00f3n Col.lectiu 03820-Comprom\u00eds &#8220;en realidad lo que quieren\u00a0es esconder su incompetencia y falta de ideas y recursos pol\u00edticos en general, y en cuanto al nuevo campo de f\u00fatbol en particular. Hay que recordar que son ellos los que quieren tapar la realidad y son incapaces de\u00a0responsabilizarse de la decisi\u00f3n de decir no a la reforma integral del campo de f\u00fatbol que planteaba el Equipo de Gobierno. El partido pol\u00edtico que habla de la participaci\u00f3n neg\u00f3 la misma a 800 personas del pueblo que ped\u00edan dicho proyecto&#8221;, concluye Briet.<\/p>\n","protected":false},"excerpt":{"rendered":"<p>El alcalde de Cocentaina, Rafael Briet, ha salido al paso de las afirmaciones que el miembro de Comprom\u00eds &#8211; Col.lectiu&#8230;<\/p>\n","protected":false},"author":1,"featured_media":24125,"comment_status":"open","ping_status":"open","sticky":false,"template":"","format":"standard","meta":{"footnotes":""},"categories":[98,75],"tags":[132,610,152,1492,422],"class_list":["post-12979","post","type-post","status-publish","format-standard","has-post-thumbnail","hentry","category-comarcas","category-noticias","tag-cocentaina","tag-col-lectiu-03820","tag-compromis","tag-deportes","tag-politica"],"yoast_head":"<!-- This site is optimized with the Yoast SEO plugin v27.3 - https:\/\/yoast.com\/product\/yoast-seo-wordpress\/ -->\n<title>Briet &quot;los t\u00e9cnicos no han encontrado irregularidades en el Campo La V\u00eda&quot; - COPE Alcoy<\/title>\n<meta name=\"robots\" content=\"index, follow, max-snippet:-1, max-image-preview:large, max-video-preview:-1\" \/>\n<link rel=\"canonical\" href=\"https:\/\/www.copealcoy.es\/es\/briet-los-tecnicos-no-han-encontrado-irregularidades-en-el-campo-la-via\/\" \/>\n<meta property=\"og:locale\" content=\"es_ES\" \/>\n<meta property=\"og:type\" content=\"article\" \/>\n<meta property=\"og:title\" content=\"Briet &quot;los t\u00e9cnicos no han encontrado irregularidades en el Campo La V\u00eda&quot; - COPE Alcoy\" \/>\n<meta property=\"og:description\" content=\"El alcalde de Cocentaina, Rafael Briet, ha salido al paso de las afirmaciones que el miembro de Comprom\u00eds &#8211; Col.lectiu...\" \/>\n<meta property=\"og:url\" content=\"https:\/\/www.copealcoy.es\/es\/briet-los-tecnicos-no-han-encontrado-irregularidades-en-el-campo-la-via\/\" \/>\n<meta property=\"og:site_name\" content=\"COPE Alcoy\" \/>\n<meta property=\"article:published_time\" content=\"2015-05-12T14:56:24+00:00\" \/>\n<meta property=\"article:modified_time\" content=\"2016-08-03T16:03:44+00:00\" \/>\n<meta property=\"og:image\" content=\"https:\/\/www.copealcoy.es\/wp-content\/uploads\/2016\/08\/13f9dbc9e1ca4ace4009a863301948c7.jpg\" \/>\n\t<meta property=\"og:image:width\" content=\"640\" \/>\n\t<meta property=\"og:image:height\" content=\"357\" \/>\n\t<meta property=\"og:image:type\" content=\"image\/jpeg\" \/>\n<meta name=\"author\" content=\"Cope Alcoy\" \/>\n<meta name=\"twitter:label1\" content=\"Escrito por\" \/>\n\t<meta name=\"twitter:data1\" content=\"Cope Alcoy\" \/>\n\t<meta name=\"twitter:label2\" content=\"Tiempo de lectura\" \/>\n\t<meta name=\"twitter:data2\" content=\"1 minuto\" \/>\n<script type=\"application\/ld+json\" class=\"yoast-schema-graph\">{\"@context\":\"https:\\\/\\\/schema.org\",\"@graph\":[{\"@type\":\"Article\",\"@id\":\"https:\\\/\\\/www.copealcoy.es\\\/es\\\/briet-los-tecnicos-no-han-encontrado-irregularidades-en-el-campo-la-via\\\/#article\",\"isPartOf\":{\"@id\":\"https:\\\/\\\/www.copealcoy.es\\\/es\\\/briet-los-tecnicos-no-han-encontrado-irregularidades-en-el-campo-la-via\\\/\"},\"author\":{\"name\":\"Cope Alcoy\",\"@id\":\"https:\\\/\\\/www.copealcoy.es\\\/es\\\/#\\\/schema\\\/person\\\/e777c87fa024e57d40170af9df39882c\"},\"headline\":\"Briet &#8220;los t\u00e9cnicos no han encontrado irregularidades en el Campo La V\u00eda&#8221;\",\"datePublished\":\"2015-05-12T14:56:24+00:00\",\"dateModified\":\"2016-08-03T16:03:44+00:00\",\"mainEntityOfPage\":{\"@id\":\"https:\\\/\\\/www.copealcoy.es\\\/es\\\/briet-los-tecnicos-no-han-encontrado-irregularidades-en-el-campo-la-via\\\/\"},\"wordCount\":313,\"commentCount\":0,\"image\":{\"@id\":\"https:\\\/\\\/www.copealcoy.es\\\/es\\\/briet-los-tecnicos-no-han-encontrado-irregularidades-en-el-campo-la-via\\\/#primaryimage\"},\"thumbnailUrl\":\"https:\\\/\\\/www.copealcoy.es\\\/wp-content\\\/uploads\\\/2016\\\/08\\\/13f9dbc9e1ca4ace4009a863301948c7.jpg\",\"keywords\":[\"Cocentaina\",\"Col.lectiu 03820\",\"Comprom\u00eds\",\"Deportes\",\"Pol\u00edtica\"],\"articleSection\":[\"Comarcas\",\"Noticias\"],\"inLanguage\":\"es\"},{\"@type\":\"WebPage\",\"@id\":\"https:\\\/\\\/www.copealcoy.es\\\/es\\\/briet-los-tecnicos-no-han-encontrado-irregularidades-en-el-campo-la-via\\\/\",\"url\":\"https:\\\/\\\/www.copealcoy.es\\\/es\\\/briet-los-tecnicos-no-han-encontrado-irregularidades-en-el-campo-la-via\\\/\",\"name\":\"Briet \\\"los t\u00e9cnicos no han encontrado irregularidades en el Campo La V\u00eda\\\" - COPE Alcoy\",\"isPartOf\":{\"@id\":\"https:\\\/\\\/www.copealcoy.es\\\/es\\\/#website\"},\"primaryImageOfPage\":{\"@id\":\"https:\\\/\\\/www.copealcoy.es\\\/es\\\/briet-los-tecnicos-no-han-encontrado-irregularidades-en-el-campo-la-via\\\/#primaryimage\"},\"image\":{\"@id\":\"https:\\\/\\\/www.copealcoy.es\\\/es\\\/briet-los-tecnicos-no-han-encontrado-irregularidades-en-el-campo-la-via\\\/#primaryimage\"},\"thumbnailUrl\":\"https:\\\/\\\/www.copealcoy.es\\\/wp-content\\\/uploads\\\/2016\\\/08\\\/13f9dbc9e1ca4ace4009a863301948c7.jpg\",\"datePublished\":\"2015-05-12T14:56:24+00:00\",\"dateModified\":\"2016-08-03T16:03:44+00:00\",\"author\":{\"@id\":\"https:\\\/\\\/www.copealcoy.es\\\/es\\\/#\\\/schema\\\/person\\\/e777c87fa024e57d40170af9df39882c\"},\"breadcrumb\":{\"@id\":\"https:\\\/\\\/www.copealcoy.es\\\/es\\\/briet-los-tecnicos-no-han-encontrado-irregularidades-en-el-campo-la-via\\\/#breadcrumb\"},\"inLanguage\":\"es\",\"potentialAction\":[{\"@type\":\"ReadAction\",\"target\":[\"https:\\\/\\\/www.copealcoy.es\\\/es\\\/briet-los-tecnicos-no-han-encontrado-irregularidades-en-el-campo-la-via\\\/\"]}]},{\"@type\":\"ImageObject\",\"inLanguage\":\"es\",\"@id\":\"https:\\\/\\\/www.copealcoy.es\\\/es\\\/briet-los-tecnicos-no-han-encontrado-irregularidades-en-el-campo-la-via\\\/#primaryimage\",\"url\":\"https:\\\/\\\/www.copealcoy.es\\\/wp-content\\\/uploads\\\/2016\\\/08\\\/13f9dbc9e1ca4ace4009a863301948c7.jpg\",\"contentUrl\":\"https:\\\/\\\/www.copealcoy.es\\\/wp-content\\\/uploads\\\/2016\\\/08\\\/13f9dbc9e1ca4ace4009a863301948c7.jpg\",\"width\":640,\"height\":357,\"caption\":\"Campo de F\u00fatbol La V\u00eda en Cocentaina \\\/ Foto: ENP\"},{\"@type\":\"BreadcrumbList\",\"@id\":\"https:\\\/\\\/www.copealcoy.es\\\/es\\\/briet-los-tecnicos-no-han-encontrado-irregularidades-en-el-campo-la-via\\\/#breadcrumb\",\"itemListElement\":[{\"@type\":\"ListItem\",\"position\":1,\"name\":\"Portada\",\"item\":\"https:\\\/\\\/www.copealcoy.es\\\/es\\\/\"},{\"@type\":\"ListItem\",\"position\":2,\"name\":\"Briet &#8220;los t\u00e9cnicos no han encontrado irregularidades en el Campo La V\u00eda&#8221;\"}]},{\"@type\":\"WebSite\",\"@id\":\"https:\\\/\\\/www.copealcoy.es\\\/es\\\/#website\",\"url\":\"https:\\\/\\\/www.copealcoy.es\\\/es\\\/\",\"name\":\"COPE Alcoy\",\"description\":\"Emisora COPE de radio local con emisi\u00f3n online. Pont de Sant Jordi 8-10 03803 Alcoy\",\"potentialAction\":[{\"@type\":\"SearchAction\",\"target\":{\"@type\":\"EntryPoint\",\"urlTemplate\":\"https:\\\/\\\/www.copealcoy.es\\\/es\\\/?s={search_term_string}\"},\"query-input\":{\"@type\":\"PropertyValueSpecification\",\"valueRequired\":true,\"valueName\":\"search_term_string\"}}],\"inLanguage\":\"es\"},{\"@type\":\"Person\",\"@id\":\"https:\\\/\\\/www.copealcoy.es\\\/es\\\/#\\\/schema\\\/person\\\/e777c87fa024e57d40170af9df39882c\",\"name\":\"Cope Alcoy\",\"image\":{\"@type\":\"ImageObject\",\"inLanguage\":\"es\",\"@id\":\"https:\\\/\\\/secure.gravatar.com\\\/avatar\\\/bb65d0283347e303893ba14f0692005417c1e0e690a325a4c5d8bb2b3943ee14?s=96&d=mm&r=g\",\"url\":\"https:\\\/\\\/secure.gravatar.com\\\/avatar\\\/bb65d0283347e303893ba14f0692005417c1e0e690a325a4c5d8bb2b3943ee14?s=96&d=mm&r=g\",\"contentUrl\":\"https:\\\/\\\/secure.gravatar.com\\\/avatar\\\/bb65d0283347e303893ba14f0692005417c1e0e690a325a4c5d8bb2b3943ee14?s=96&d=mm&r=g\",\"caption\":\"Cope Alcoy\"}}]}<\/script>\n<!-- \/ Yoast SEO plugin. -->","yoast_head_json":{"title":"Briet \"los t\u00e9cnicos no han encontrado irregularidades en el Campo La V\u00eda\" - COPE Alcoy","robots":{"index":"index","follow":"follow","max-snippet":"max-snippet:-1","max-image-preview":"max-image-preview:large","max-video-preview":"max-video-preview:-1"},"canonical":"https:\/\/www.copealcoy.es\/es\/briet-los-tecnicos-no-han-encontrado-irregularidades-en-el-campo-la-via\/","og_locale":"es_ES","og_type":"article","og_title":"Briet \"los t\u00e9cnicos no han encontrado irregularidades en el Campo La V\u00eda\" - COPE Alcoy","og_description":"El alcalde de Cocentaina, Rafael Briet, ha salido al paso de las afirmaciones que el miembro de Comprom\u00eds &#8211; Col.lectiu...","og_url":"https:\/\/www.copealcoy.es\/es\/briet-los-tecnicos-no-han-encontrado-irregularidades-en-el-campo-la-via\/","og_site_name":"COPE Alcoy","article_published_time":"2015-05-12T14:56:24+00:00","article_modified_time":"2016-08-03T16:03:44+00:00","og_image":[{"width":640,"height":357,"url":"https:\/\/www.copealcoy.es\/wp-content\/uploads\/2016\/08\/13f9dbc9e1ca4ace4009a863301948c7.jpg","type":"image\/jpeg"}],"author":"Cope Alcoy","twitter_misc":{"Escrito por":"Cope Alcoy","Tiempo de lectura":"1 minuto"},"schema":{"@context":"https:\/\/schema.org","@graph":[{"@type":"Article","@id":"https:\/\/www.copealcoy.es\/es\/briet-los-tecnicos-no-han-encontrado-irregularidades-en-el-campo-la-via\/#article","isPartOf":{"@id":"https:\/\/www.copealcoy.es\/es\/briet-los-tecnicos-no-han-encontrado-irregularidades-en-el-campo-la-via\/"},"author":{"name":"Cope Alcoy","@id":"https:\/\/www.copealcoy.es\/es\/#\/schema\/person\/e777c87fa024e57d40170af9df39882c"},"headline":"Briet &#8220;los t\u00e9cnicos no han encontrado irregularidades en el Campo La V\u00eda&#8221;","datePublished":"2015-05-12T14:56:24+00:00","dateModified":"2016-08-03T16:03:44+00:00","mainEntityOfPage":{"@id":"https:\/\/www.copealcoy.es\/es\/briet-los-tecnicos-no-han-encontrado-irregularidades-en-el-campo-la-via\/"},"wordCount":313,"commentCount":0,"image":{"@id":"https:\/\/www.copealcoy.es\/es\/briet-los-tecnicos-no-han-encontrado-irregularidades-en-el-campo-la-via\/#primaryimage"},"thumbnailUrl":"https:\/\/www.copealcoy.es\/wp-content\/uploads\/2016\/08\/13f9dbc9e1ca4ace4009a863301948c7.jpg","keywords":["Cocentaina","Col.lectiu 03820","Comprom\u00eds","Deportes","Pol\u00edtica"],"articleSection":["Comarcas","Noticias"],"inLanguage":"es"},{"@type":"WebPage","@id":"https:\/\/www.copealcoy.es\/es\/briet-los-tecnicos-no-han-encontrado-irregularidades-en-el-campo-la-via\/","url":"https:\/\/www.copealcoy.es\/es\/briet-los-tecnicos-no-han-encontrado-irregularidades-en-el-campo-la-via\/","name":"Briet \"los t\u00e9cnicos no han encontrado irregularidades en el Campo La V\u00eda\" - COPE Alcoy","isPartOf":{"@id":"https:\/\/www.copealcoy.es\/es\/#website"},"primaryImageOfPage":{"@id":"https:\/\/www.copealcoy.es\/es\/briet-los-tecnicos-no-han-encontrado-irregularidades-en-el-campo-la-via\/#primaryimage"},"image":{"@id":"https:\/\/www.copealcoy.es\/es\/briet-los-tecnicos-no-han-encontrado-irregularidades-en-el-campo-la-via\/#primaryimage"},"thumbnailUrl":"https:\/\/www.copealcoy.es\/wp-content\/uploads\/2016\/08\/13f9dbc9e1ca4ace4009a863301948c7.jpg","datePublished":"2015-05-12T14:56:24+00:00","dateModified":"2016-08-03T16:03:44+00:00","author":{"@id":"https:\/\/www.copealcoy.es\/es\/#\/schema\/person\/e777c87fa024e57d40170af9df39882c"},"breadcrumb":{"@id":"https:\/\/www.copealcoy.es\/es\/briet-los-tecnicos-no-han-encontrado-irregularidades-en-el-campo-la-via\/#breadcrumb"},"inLanguage":"es","potentialAction":[{"@type":"ReadAction","target":["https:\/\/www.copealcoy.es\/es\/briet-los-tecnicos-no-han-encontrado-irregularidades-en-el-campo-la-via\/"]}]},{"@type":"ImageObject","inLanguage":"es","@id":"https:\/\/www.copealcoy.es\/es\/briet-los-tecnicos-no-han-encontrado-irregularidades-en-el-campo-la-via\/#primaryimage","url":"https:\/\/www.copealcoy.es\/wp-content\/uploads\/2016\/08\/13f9dbc9e1ca4ace4009a863301948c7.jpg","contentUrl":"https:\/\/www.copealcoy.es\/wp-content\/uploads\/2016\/08\/13f9dbc9e1ca4ace4009a863301948c7.jpg","width":640,"height":357,"caption":"Campo de F\u00fatbol La V\u00eda en Cocentaina \/ Foto: ENP"},{"@type":"BreadcrumbList","@id":"https:\/\/www.copealcoy.es\/es\/briet-los-tecnicos-no-han-encontrado-irregularidades-en-el-campo-la-via\/#breadcrumb","itemListElement":[{"@type":"ListItem","position":1,"name":"Portada","item":"https:\/\/www.copealcoy.es\/es\/"},{"@type":"ListItem","position":2,"name":"Briet &#8220;los t\u00e9cnicos no han encontrado irregularidades en el Campo La V\u00eda&#8221;"}]},{"@type":"WebSite","@id":"https:\/\/www.copealcoy.es\/es\/#website","url":"https:\/\/www.copealcoy.es\/es\/","name":"COPE Alcoy","description":"Emisora COPE de radio local con emisi\u00f3n online. Pont de Sant Jordi 8-10 03803 Alcoy","potentialAction":[{"@type":"SearchAction","target":{"@type":"EntryPoint","urlTemplate":"https:\/\/www.copealcoy.es\/es\/?s={search_term_string}"},"query-input":{"@type":"PropertyValueSpecification","valueRequired":true,"valueName":"search_term_string"}}],"inLanguage":"es"},{"@type":"Person","@id":"https:\/\/www.copealcoy.es\/es\/#\/schema\/person\/e777c87fa024e57d40170af9df39882c","name":"Cope Alcoy","image":{"@type":"ImageObject","inLanguage":"es","@id":"https:\/\/secure.gravatar.com\/avatar\/bb65d0283347e303893ba14f0692005417c1e0e690a325a4c5d8bb2b3943ee14?s=96&d=mm&r=g","url":"https:\/\/secure.gravatar.com\/avatar\/bb65d0283347e303893ba14f0692005417c1e0e690a325a4c5d8bb2b3943ee14?s=96&d=mm&r=g","contentUrl":"https:\/\/secure.gravatar.com\/avatar\/bb65d0283347e303893ba14f0692005417c1e0e690a325a4c5d8bb2b3943ee14?s=96&d=mm&r=g","caption":"Cope Alcoy"}}]}},"_links":{"self":[{"href":"https:\/\/www.copealcoy.es\/es\/wp-json\/wp\/v2\/posts\/12979","targetHints":{"allow":["GET"]}}],"collection":[{"href":"https:\/\/www.copealcoy.es\/es\/wp-json\/wp\/v2\/posts"}],"about":[{"href":"https:\/\/www.copealcoy.es\/es\/wp-json\/wp\/v2\/types\/post"}],"author":[{"embeddable":true,"href":"https:\/\/www.copealcoy.es\/es\/wp-json\/wp\/v2\/users\/1"}],"replies":[{"embeddable":true,"href":"https:\/\/www.copealcoy.es\/es\/wp-json\/wp\/v2\/comments?post=12979"}],"version-history":[{"count":0,"href":"https:\/\/www.copealcoy.es\/es\/wp-json\/wp\/v2\/posts\/12979\/revisions"}],"wp:featuredmedia":[{"embeddable":true,"href":"https:\/\/www.copealcoy.es\/es\/wp-json\/wp\/v2\/media\/24125"}],"wp:attachment":[{"href":"https:\/\/www.copealcoy.es\/es\/wp-json\/wp\/v2\/media?parent=12979"}],"wp:term":[{"taxonomy":"category","embeddable":true,"href":"https:\/\/www.copealcoy.es\/es\/wp-json\/wp\/v2\/categories?post=12979"},{"taxonomy":"post_tag","embeddable":true,"href":"https:\/\/www.copealcoy.es\/es\/wp-json\/wp\/v2\/tags?post=12979"}],"curies":[{"name":"wp","href":"https:\/\/api.w.org\/{rel}","templated":true}]}}