{"id":129742,"date":"2024-02-23T07:35:52","date_gmt":"2024-02-23T06:35:52","guid":{"rendered":"https:\/\/www.copealcoy.es\/?p=129742"},"modified":"2024-02-23T19:34:43","modified_gmt":"2024-02-23T18:34:43","slug":"mediodia-cope-alcoy-viernes-23-de-febrero-2024-1420h","status":"publish","type":"post","link":"https:\/\/www.copealcoy.es\/es\/mediodia-cope-alcoy-viernes-23-de-febrero-2024-1420h\/","title":{"rendered":"\u2018Mediod\u00eda Cope\u2019 Alcoy viernes 23 de febrero 2024 (14:20h)"},"content":{"rendered":"<p><iframe loading=\"lazy\" title=\"&#039;Mediod\u00eda Cope&#039; Alcoi Divendres 23 De Febrer 2024 (14:20h)\" width=\"100%\" height=\"120\" src=\"https:\/\/www.mixcloud.com\/widget\/iframe\/?feed=https%3A%2F%2Fwww.mixcloud.com%2FCOPEAlcoy%2Fmediod%25C3%25ADa-cope-alcoi-divendres-23-de-febrer-2024-1420h%2F&amp;hide_cover=1\" frameborder=\"0\"><\/iframe><\/p>\n<div class=\"entry-content-wrapper clearfix\">\n<div class=\"entry-content clearfix\">\n<p style=\"text-align: justify;\">Hoy viernes <strong>hemos destacado el compromiso de la Conselleria para ir hacia adelante con la reforma del Teatro Principal<\/strong>. Tambi\u00e9n hemos hecho referencia a que <strong>Alcoy se adhiere a los tres d\u00edas de luto oficial decretados por la Generalitat Valenciana<\/strong> ante el grave incendio ocurrido en Val\u00e8ncia.<\/p>\n<p style=\"text-align: justify;\">Este mediod\u00eda se ha llevado a cabo un <strong>minuto de silencio en la Plaza de Espa\u00f1a de Alcoy<\/strong>, acto que ha servido de<strong>\u00a0homenaje a las v\u00edctimas<\/strong> que ha dejado el tr\u00e1gico incendio ocurrido ayer en Valencia y que arras\u00f3 por completo un edif\u00b6icio del barrio de Campanar en la capital del T\u00faria. La corporaci\u00f3n municipal, representantes de los cuerpos y fuerzas de seguridad o ciudadanos en general\u00a0<strong>se han sumado a este gesto solidario<\/strong>\u00a0en una jornada en la que seguimos pendientes de la evoluci\u00f3n del siniestro.<\/p>\n<p style=\"text-align: justify;\">La ciudad\u00a0<strong>se une tambi\u00e9n a los tres d\u00edas de luto oficial decretados por la Generalitat Valenciana<\/strong>\u00a0y\u00a0<strong>se suspenden<\/strong>\u00a0todos los actos municipales previstos para el fin de semana, as\u00ed como las competiciones deportivas. De esta forma la \u2018Festa del Corredor Amateur\u2019 (FESCAM), que se iba a celebrar esta tarde en el \u00c1gora a partir de las 19:30h, pasar\u00e1 a llevarse a cabo el s\u00e1bado d\u00eda en 2 de marzo a las 19\u201900 en el mismo espacio en el que se tenia que desarrollar hoy. Desde la Asociaci\u00f3n Ponts d\u2019Igualtat tambi\u00e9n se suman a este luto y trasladan la gala\u00a0 de los \u2018Premis Arc de Sant Mart\u00ed\u2019, que ten\u00eda que realizarse el s\u00e1bado 24, al s\u00e1bado 9 de marzo. El alcalde de Alcoy\u00a0<strong>Toni Franc\u00e9s<\/strong>\u00a0ha querido transmitir toda la solidaridad y respaldo a los familiares de las v\u00edctimas de este tr\u00e1gico incendio, como tambi\u00e9n al resto de vecinos afectados que han perdido sus viviendas en Val\u00e8ncia. El primer edil\u00a0 ha aprovechado esta ma\u00f1ana para \u00ab<em>trasladar su agradecimiento a los cuerpos de seguridad y bomberos que han sofocado el incendio, como tambi\u00e9n al personal sanitario que se ha desplazado al barrio valenciano de Campanar para atender esta cat\u00e1strofe<\/em>\u00ab, ha dicho.<\/p>\n<p style=\"text-align: justify;\">En el siniestro,\u00a0<strong><span style=\"color: #0000ff;\"><a style=\"color: #0000ff;\" href=\"https:\/\/www.cope.es\/emisoras\/comunidad-valenciana\/valencia-provincia\" target=\"_blank\" rel=\"noopener\">como te vienen informando nuestros compa\u00f1eros de Cope Comunidad Valenciana<\/a><\/span>,<\/strong>\u00a0se han contabilizado hasta estos momentos 10 v\u00edctimas mortales. Por otro lado, se han atendido 15 personas y todav\u00eda hay personas pendientes de localizar.<\/p>\n<\/div>\n<\/div>\n<aside id=\"post-content-bottom-sidebar\" class=\"clearfix\">\n<div class=\"post-widget-area\"><\/div>\n<\/aside>\n<div class=\"entry-meta-footer\"><\/div>\n","protected":false},"excerpt":{"rendered":"<p>Hoy viernes hemos destacado el compromiso de la Conselleria para ir hacia adelante con la reforma del Teatro Principal. Tambi\u00e9n&#8230;<\/p>\n","protected":false},"author":1,"featured_media":110640,"comment_status":"open","ping_status":"open","sticky":false,"template":"","format":"standard","meta":{"footnotes":""},"categories":[6909,89,91],"tags":[],"class_list":["post-129742","post","type-post","status-publish","format-standard","has-post-thumbnail","hentry","category-actualidad","category-audiosdelosprogramas","category-informativos"],"yoast_head":"<!-- This site is optimized with the Yoast SEO plugin v27.3 - https:\/\/yoast.com\/product\/yoast-seo-wordpress\/ -->\n<title>\u2018Mediod\u00eda Cope\u2019 Alcoy viernes 23 de febrero 2024 (14:20h) - COPE Alcoy<\/title>\n<meta name=\"robots\" content=\"index, follow, max-snippet:-1, max-image-preview:large, max-video-preview:-1\" \/>\n<link rel=\"canonical\" href=\"https:\/\/www.copealcoy.es\/es\/mediodia-cope-alcoy-viernes-23-de-febrero-2024-1420h\/\" \/>\n<meta property=\"og:locale\" content=\"es_ES\" \/>\n<meta property=\"og:type\" content=\"article\" \/>\n<meta property=\"og:title\" content=\"\u2018Mediod\u00eda Cope\u2019 Alcoy viernes 23 de febrero 2024 (14:20h) - COPE Alcoy\" \/>\n<meta property=\"og:description\" content=\"Hoy viernes hemos destacado el compromiso de la Conselleria para ir hacia adelante con la reforma del Teatro Principal. Tambi\u00e9n...\" \/>\n<meta property=\"og:url\" content=\"https:\/\/www.copealcoy.es\/es\/mediodia-cope-alcoy-viernes-23-de-febrero-2024-1420h\/\" \/>\n<meta property=\"og:site_name\" content=\"COPE Alcoy\" \/>\n<meta property=\"article:published_time\" content=\"2024-02-23T06:35:52+00:00\" \/>\n<meta property=\"article:modified_time\" content=\"2024-02-23T18:34:43+00:00\" \/>\n<meta property=\"og:image\" content=\"https:\/\/www.copealcoy.es\/wp-content\/uploads\/2023\/02\/511E7C88-D9D5-47F4-AF32-2A62DF0D1586.png\" \/>\n\t<meta property=\"og:image:width\" content=\"357\" \/>\n\t<meta property=\"og:image:height\" content=\"290\" \/>\n\t<meta property=\"og:image:type\" content=\"image\/png\" \/>\n<meta name=\"author\" content=\"Cope Alcoy\" \/>\n<meta name=\"twitter:label1\" content=\"Escrito por\" \/>\n\t<meta name=\"twitter:data1\" content=\"Cope Alcoy\" \/>\n\t<meta name=\"twitter:label2\" content=\"Tiempo de lectura\" \/>\n\t<meta name=\"twitter:data2\" content=\"2 minutos\" \/>\n<script type=\"application\/ld+json\" class=\"yoast-schema-graph\">{\"@context\":\"https:\\\/\\\/schema.org\",\"@graph\":[{\"@type\":\"Article\",\"@id\":\"https:\\\/\\\/www.copealcoy.es\\\/es\\\/mediodia-cope-alcoy-viernes-23-de-febrero-2024-1420h\\\/#article\",\"isPartOf\":{\"@id\":\"https:\\\/\\\/www.copealcoy.es\\\/es\\\/mediodia-cope-alcoy-viernes-23-de-febrero-2024-1420h\\\/\"},\"author\":{\"name\":\"Cope Alcoy\",\"@id\":\"https:\\\/\\\/www.copealcoy.es\\\/es\\\/#\\\/schema\\\/person\\\/e777c87fa024e57d40170af9df39882c\"},\"headline\":\"\u2018Mediod\u00eda Cope\u2019 Alcoy viernes 23 de febrero 2024 (14:20h)\",\"datePublished\":\"2024-02-23T06:35:52+00:00\",\"dateModified\":\"2024-02-23T18:34:43+00:00\",\"mainEntityOfPage\":{\"@id\":\"https:\\\/\\\/www.copealcoy.es\\\/es\\\/mediodia-cope-alcoy-viernes-23-de-febrero-2024-1420h\\\/\"},\"wordCount\":418,\"commentCount\":0,\"image\":{\"@id\":\"https:\\\/\\\/www.copealcoy.es\\\/es\\\/mediodia-cope-alcoy-viernes-23-de-febrero-2024-1420h\\\/#primaryimage\"},\"thumbnailUrl\":\"https:\\\/\\\/www.copealcoy.es\\\/wp-content\\\/uploads\\\/2023\\\/02\\\/511E7C88-D9D5-47F4-AF32-2A62DF0D1586.png\",\"articleSection\":[\"Actualidad\",\"Audios de los programas\",\"Informativos\"],\"inLanguage\":\"es\"},{\"@type\":\"WebPage\",\"@id\":\"https:\\\/\\\/www.copealcoy.es\\\/es\\\/mediodia-cope-alcoy-viernes-23-de-febrero-2024-1420h\\\/\",\"url\":\"https:\\\/\\\/www.copealcoy.es\\\/es\\\/mediodia-cope-alcoy-viernes-23-de-febrero-2024-1420h\\\/\",\"name\":\"\u2018Mediod\u00eda Cope\u2019 Alcoy viernes 23 de febrero 2024 (14:20h) - COPE Alcoy\",\"isPartOf\":{\"@id\":\"https:\\\/\\\/www.copealcoy.es\\\/es\\\/#website\"},\"primaryImageOfPage\":{\"@id\":\"https:\\\/\\\/www.copealcoy.es\\\/es\\\/mediodia-cope-alcoy-viernes-23-de-febrero-2024-1420h\\\/#primaryimage\"},\"image\":{\"@id\":\"https:\\\/\\\/www.copealcoy.es\\\/es\\\/mediodia-cope-alcoy-viernes-23-de-febrero-2024-1420h\\\/#primaryimage\"},\"thumbnailUrl\":\"https:\\\/\\\/www.copealcoy.es\\\/wp-content\\\/uploads\\\/2023\\\/02\\\/511E7C88-D9D5-47F4-AF32-2A62DF0D1586.png\",\"datePublished\":\"2024-02-23T06:35:52+00:00\",\"dateModified\":\"2024-02-23T18:34:43+00:00\",\"author\":{\"@id\":\"https:\\\/\\\/www.copealcoy.es\\\/es\\\/#\\\/schema\\\/person\\\/e777c87fa024e57d40170af9df39882c\"},\"breadcrumb\":{\"@id\":\"https:\\\/\\\/www.copealcoy.es\\\/es\\\/mediodia-cope-alcoy-viernes-23-de-febrero-2024-1420h\\\/#breadcrumb\"},\"inLanguage\":\"es\",\"potentialAction\":[{\"@type\":\"ReadAction\",\"target\":[\"https:\\\/\\\/www.copealcoy.es\\\/es\\\/mediodia-cope-alcoy-viernes-23-de-febrero-2024-1420h\\\/\"]}]},{\"@type\":\"ImageObject\",\"inLanguage\":\"es\",\"@id\":\"https:\\\/\\\/www.copealcoy.es\\\/es\\\/mediodia-cope-alcoy-viernes-23-de-febrero-2024-1420h\\\/#primaryimage\",\"url\":\"https:\\\/\\\/www.copealcoy.es\\\/wp-content\\\/uploads\\\/2023\\\/02\\\/511E7C88-D9D5-47F4-AF32-2A62DF0D1586.png\",\"contentUrl\":\"https:\\\/\\\/www.copealcoy.es\\\/wp-content\\\/uploads\\\/2023\\\/02\\\/511E7C88-D9D5-47F4-AF32-2A62DF0D1586.png\",\"width\":357,\"height\":290},{\"@type\":\"BreadcrumbList\",\"@id\":\"https:\\\/\\\/www.copealcoy.es\\\/es\\\/mediodia-cope-alcoy-viernes-23-de-febrero-2024-1420h\\\/#breadcrumb\",\"itemListElement\":[{\"@type\":\"ListItem\",\"position\":1,\"name\":\"Portada\",\"item\":\"https:\\\/\\\/www.copealcoy.es\\\/es\\\/\"},{\"@type\":\"ListItem\",\"position\":2,\"name\":\"\u2018Mediod\u00eda Cope\u2019 Alcoy viernes 23 de febrero 2024 (14:20h)\"}]},{\"@type\":\"WebSite\",\"@id\":\"https:\\\/\\\/www.copealcoy.es\\\/es\\\/#website\",\"url\":\"https:\\\/\\\/www.copealcoy.es\\\/es\\\/\",\"name\":\"COPE Alcoy\",\"description\":\"Emisora COPE de radio local con emisi\u00f3n online. Pont de Sant Jordi 8-10 03803 Alcoy\",\"potentialAction\":[{\"@type\":\"SearchAction\",\"target\":{\"@type\":\"EntryPoint\",\"urlTemplate\":\"https:\\\/\\\/www.copealcoy.es\\\/es\\\/?s={search_term_string}\"},\"query-input\":{\"@type\":\"PropertyValueSpecification\",\"valueRequired\":true,\"valueName\":\"search_term_string\"}}],\"inLanguage\":\"es\"},{\"@type\":\"Person\",\"@id\":\"https:\\\/\\\/www.copealcoy.es\\\/es\\\/#\\\/schema\\\/person\\\/e777c87fa024e57d40170af9df39882c\",\"name\":\"Cope Alcoy\",\"image\":{\"@type\":\"ImageObject\",\"inLanguage\":\"es\",\"@id\":\"https:\\\/\\\/secure.gravatar.com\\\/avatar\\\/bb65d0283347e303893ba14f0692005417c1e0e690a325a4c5d8bb2b3943ee14?s=96&d=mm&r=g\",\"url\":\"https:\\\/\\\/secure.gravatar.com\\\/avatar\\\/bb65d0283347e303893ba14f0692005417c1e0e690a325a4c5d8bb2b3943ee14?s=96&d=mm&r=g\",\"contentUrl\":\"https:\\\/\\\/secure.gravatar.com\\\/avatar\\\/bb65d0283347e303893ba14f0692005417c1e0e690a325a4c5d8bb2b3943ee14?s=96&d=mm&r=g\",\"caption\":\"Cope Alcoy\"}}]}<\/script>\n<!-- \/ Yoast SEO plugin. -->","yoast_head_json":{"title":"\u2018Mediod\u00eda Cope\u2019 Alcoy viernes 23 de febrero 2024 (14:20h) - COPE Alcoy","robots":{"index":"index","follow":"follow","max-snippet":"max-snippet:-1","max-image-preview":"max-image-preview:large","max-video-preview":"max-video-preview:-1"},"canonical":"https:\/\/www.copealcoy.es\/es\/mediodia-cope-alcoy-viernes-23-de-febrero-2024-1420h\/","og_locale":"es_ES","og_type":"article","og_title":"\u2018Mediod\u00eda Cope\u2019 Alcoy viernes 23 de febrero 2024 (14:20h) - COPE Alcoy","og_description":"Hoy viernes hemos destacado el compromiso de la Conselleria para ir hacia adelante con la reforma del Teatro Principal. Tambi\u00e9n...","og_url":"https:\/\/www.copealcoy.es\/es\/mediodia-cope-alcoy-viernes-23-de-febrero-2024-1420h\/","og_site_name":"COPE Alcoy","article_published_time":"2024-02-23T06:35:52+00:00","article_modified_time":"2024-02-23T18:34:43+00:00","og_image":[{"width":357,"height":290,"url":"https:\/\/www.copealcoy.es\/wp-content\/uploads\/2023\/02\/511E7C88-D9D5-47F4-AF32-2A62DF0D1586.png","type":"image\/png"}],"author":"Cope Alcoy","twitter_misc":{"Escrito por":"Cope Alcoy","Tiempo de lectura":"2 minutos"},"schema":{"@context":"https:\/\/schema.org","@graph":[{"@type":"Article","@id":"https:\/\/www.copealcoy.es\/es\/mediodia-cope-alcoy-viernes-23-de-febrero-2024-1420h\/#article","isPartOf":{"@id":"https:\/\/www.copealcoy.es\/es\/mediodia-cope-alcoy-viernes-23-de-febrero-2024-1420h\/"},"author":{"name":"Cope Alcoy","@id":"https:\/\/www.copealcoy.es\/es\/#\/schema\/person\/e777c87fa024e57d40170af9df39882c"},"headline":"\u2018Mediod\u00eda Cope\u2019 Alcoy viernes 23 de febrero 2024 (14:20h)","datePublished":"2024-02-23T06:35:52+00:00","dateModified":"2024-02-23T18:34:43+00:00","mainEntityOfPage":{"@id":"https:\/\/www.copealcoy.es\/es\/mediodia-cope-alcoy-viernes-23-de-febrero-2024-1420h\/"},"wordCount":418,"commentCount":0,"image":{"@id":"https:\/\/www.copealcoy.es\/es\/mediodia-cope-alcoy-viernes-23-de-febrero-2024-1420h\/#primaryimage"},"thumbnailUrl":"https:\/\/www.copealcoy.es\/wp-content\/uploads\/2023\/02\/511E7C88-D9D5-47F4-AF32-2A62DF0D1586.png","articleSection":["Actualidad","Audios de los programas","Informativos"],"inLanguage":"es"},{"@type":"WebPage","@id":"https:\/\/www.copealcoy.es\/es\/mediodia-cope-alcoy-viernes-23-de-febrero-2024-1420h\/","url":"https:\/\/www.copealcoy.es\/es\/mediodia-cope-alcoy-viernes-23-de-febrero-2024-1420h\/","name":"\u2018Mediod\u00eda Cope\u2019 Alcoy viernes 23 de febrero 2024 (14:20h) - COPE Alcoy","isPartOf":{"@id":"https:\/\/www.copealcoy.es\/es\/#website"},"primaryImageOfPage":{"@id":"https:\/\/www.copealcoy.es\/es\/mediodia-cope-alcoy-viernes-23-de-febrero-2024-1420h\/#primaryimage"},"image":{"@id":"https:\/\/www.copealcoy.es\/es\/mediodia-cope-alcoy-viernes-23-de-febrero-2024-1420h\/#primaryimage"},"thumbnailUrl":"https:\/\/www.copealcoy.es\/wp-content\/uploads\/2023\/02\/511E7C88-D9D5-47F4-AF32-2A62DF0D1586.png","datePublished":"2024-02-23T06:35:52+00:00","dateModified":"2024-02-23T18:34:43+00:00","author":{"@id":"https:\/\/www.copealcoy.es\/es\/#\/schema\/person\/e777c87fa024e57d40170af9df39882c"},"breadcrumb":{"@id":"https:\/\/www.copealcoy.es\/es\/mediodia-cope-alcoy-viernes-23-de-febrero-2024-1420h\/#breadcrumb"},"inLanguage":"es","potentialAction":[{"@type":"ReadAction","target":["https:\/\/www.copealcoy.es\/es\/mediodia-cope-alcoy-viernes-23-de-febrero-2024-1420h\/"]}]},{"@type":"ImageObject","inLanguage":"es","@id":"https:\/\/www.copealcoy.es\/es\/mediodia-cope-alcoy-viernes-23-de-febrero-2024-1420h\/#primaryimage","url":"https:\/\/www.copealcoy.es\/wp-content\/uploads\/2023\/02\/511E7C88-D9D5-47F4-AF32-2A62DF0D1586.png","contentUrl":"https:\/\/www.copealcoy.es\/wp-content\/uploads\/2023\/02\/511E7C88-D9D5-47F4-AF32-2A62DF0D1586.png","width":357,"height":290},{"@type":"BreadcrumbList","@id":"https:\/\/www.copealcoy.es\/es\/mediodia-cope-alcoy-viernes-23-de-febrero-2024-1420h\/#breadcrumb","itemListElement":[{"@type":"ListItem","position":1,"name":"Portada","item":"https:\/\/www.copealcoy.es\/es\/"},{"@type":"ListItem","position":2,"name":"\u2018Mediod\u00eda Cope\u2019 Alcoy viernes 23 de febrero 2024 (14:20h)"}]},{"@type":"WebSite","@id":"https:\/\/www.copealcoy.es\/es\/#website","url":"https:\/\/www.copealcoy.es\/es\/","name":"COPE Alcoy","description":"Emisora COPE de radio local con emisi\u00f3n online. Pont de Sant Jordi 8-10 03803 Alcoy","potentialAction":[{"@type":"SearchAction","target":{"@type":"EntryPoint","urlTemplate":"https:\/\/www.copealcoy.es\/es\/?s={search_term_string}"},"query-input":{"@type":"PropertyValueSpecification","valueRequired":true,"valueName":"search_term_string"}}],"inLanguage":"es"},{"@type":"Person","@id":"https:\/\/www.copealcoy.es\/es\/#\/schema\/person\/e777c87fa024e57d40170af9df39882c","name":"Cope Alcoy","image":{"@type":"ImageObject","inLanguage":"es","@id":"https:\/\/secure.gravatar.com\/avatar\/bb65d0283347e303893ba14f0692005417c1e0e690a325a4c5d8bb2b3943ee14?s=96&d=mm&r=g","url":"https:\/\/secure.gravatar.com\/avatar\/bb65d0283347e303893ba14f0692005417c1e0e690a325a4c5d8bb2b3943ee14?s=96&d=mm&r=g","contentUrl":"https:\/\/secure.gravatar.com\/avatar\/bb65d0283347e303893ba14f0692005417c1e0e690a325a4c5d8bb2b3943ee14?s=96&d=mm&r=g","caption":"Cope Alcoy"}}]}},"_links":{"self":[{"href":"https:\/\/www.copealcoy.es\/es\/wp-json\/wp\/v2\/posts\/129742","targetHints":{"allow":["GET"]}}],"collection":[{"href":"https:\/\/www.copealcoy.es\/es\/wp-json\/wp\/v2\/posts"}],"about":[{"href":"https:\/\/www.copealcoy.es\/es\/wp-json\/wp\/v2\/types\/post"}],"author":[{"embeddable":true,"href":"https:\/\/www.copealcoy.es\/es\/wp-json\/wp\/v2\/users\/1"}],"replies":[{"embeddable":true,"href":"https:\/\/www.copealcoy.es\/es\/wp-json\/wp\/v2\/comments?post=129742"}],"version-history":[{"count":0,"href":"https:\/\/www.copealcoy.es\/es\/wp-json\/wp\/v2\/posts\/129742\/revisions"}],"wp:featuredmedia":[{"embeddable":true,"href":"https:\/\/www.copealcoy.es\/es\/wp-json\/wp\/v2\/media\/110640"}],"wp:attachment":[{"href":"https:\/\/www.copealcoy.es\/es\/wp-json\/wp\/v2\/media?parent=129742"}],"wp:term":[{"taxonomy":"category","embeddable":true,"href":"https:\/\/www.copealcoy.es\/es\/wp-json\/wp\/v2\/categories?post=129742"},{"taxonomy":"post_tag","embeddable":true,"href":"https:\/\/www.copealcoy.es\/es\/wp-json\/wp\/v2\/tags?post=129742"}],"curies":[{"name":"wp","href":"https:\/\/api.w.org\/{rel}","templated":true}]}}