{"id":129612,"date":"2024-02-21T08:00:57","date_gmt":"2024-02-21T07:00:57","guid":{"rendered":"https:\/\/www.copealcoy.es\/?p=129612"},"modified":"2024-02-21T13:14:50","modified_gmt":"2024-02-21T12:14:50","slug":"estas-son-las-bandas-que-participaran-en-el-certamen-de-musica-festera-de-cocentaina","status":"publish","type":"post","link":"https:\/\/www.copealcoy.es\/es\/estas-son-las-bandas-que-participaran-en-el-certamen-de-musica-festera-de-cocentaina\/","title":{"rendered":"Estas son las bandas que participar\u00e1n en el Certamen de M\u00fasica Festera de Cocentaina"},"content":{"rendered":"<p style=\"text-align: justify;\">La <a href=\"https:\/\/www.facebook.com\/federacionjuntafiestas.cocentaina\" target=\"_blank\" rel=\"noopener\"><strong><span style=\"color: #0000ff;\">Federaci\u00f3n Junta de Fiestas de Moros y Cristianos de Cocentaina<\/span><\/strong><\/a> ha convocado <strong>la III edici\u00f3n del Certamen de Interpretaci\u00f3n de M\u00fasica Festera<\/strong> del municipio, una iniciativa que por primera vez vio la luz en el a\u00f1o 2019 y que<strong> ya est\u00e1 plenamente consolidada<\/strong> dentro de la programaci\u00f3n cultural de la capital del Comtat. Desde la entidad explican que <strong>ya han sido escogidas las tres formaciones musicales<\/strong> que tomar\u00e1n parte en el evento y se\u00f1alan que en esta ocasi\u00f3n competir\u00e1n por los diferentes premios <strong>la Banda Societat Escola Musical de l\u2019Olleria<\/strong> dirigida por Ram\u00f3n Garc\u00eda i Soler, <strong>la Societat Uni\u00f3 Musical de Biar<\/strong> bajo la direcci\u00f3n de Santiago Rodr\u00edguez Perpi\u00f1\u00e1n y<strong> la Banda de la Societat Musical de Petrer<\/strong> que tiene a Lu\u00eds S\u00e1nchez Gim\u00e9nez como director.<\/p>\n<p style=\"text-align: justify;\">El Certamen <strong>volver\u00e1 a celebrarse el 1 de mayo<\/strong>, enmarcado dentro de los actos preparados con ocasi\u00f3n del 424 aniversario de la elecci\u00f3n y proclamaci\u00f3n de San Hip\u00f3lito M\u00e1rtir como patr\u00f3n de la poblaci\u00f3n, y repetir\u00e1 el formato de las ediciones anteriores. Arrancar\u00e1 a partir de las seis de la tarde con un pasacalle de las bandas participantes desde el Pla y el desfile finalizar\u00e1 en el Centre Cultural El Teular, lugar en el que se llevar\u00e1 a cabo la actuaci\u00f3n de las diferentes formaciones musicales. Para esta convocatoria <strong>cada banda tendr\u00e1 que interpretar un pasodoble obligado, una marcha cristiana de presentaci\u00f3n no puntuable y una marcha mora de libre elecci\u00f3n<\/strong>. A ello se le sumar\u00e1 <strong>la obra obligada<\/strong>, un pasodoble creado por el compositor contestano Rafael Agull\u00f3 Albors y que <strong>se titula \u2018Aida\u2019<\/strong>. El <strong>jurado<\/strong> volver\u00e1 a estar formado por personas vinculadas a la m\u00fasica festera, elegidas por la misma Junta de Festes y la organizaci\u00f3n del Certamen, y <strong>todas las bandas optar\u00e1n a diferentes premios<\/strong> \u201c<em>el primero est\u00e1 valorado en 3.500 euros, m\u00e1s el correspondiente trofeo, mientras que el segundo tiene una cuant\u00eda de 2.500 euros y el tercero asciende a 1.500 euros. Adem\u00e1s, cada una de ellas recibir\u00e1 un diploma acreditativo de su participaci\u00f3n en esta importante cita que ha ido ganando adeptos en cada una de las convocatorias que se han hecho hasta el momento<\/em>\u201d, explica <strong>Francisco Valor<\/strong>; coordinador del mismo Certamen.<\/p>\n<p style=\"text-align: justify;\">Indicar que la banda que resulte agraciada con el primer premio, junto a las vencedoras de las dos primeras ediciones, <strong>tendr\u00e1n opci\u00f3n de participar en el cuarto Certamen de Interpretaci\u00f3n de M\u00fasica Festera que se celebrar\u00e1 el 1 de mayo de 2026<\/strong> y que se concebir\u00e1 como una gran final de formaciones musicales ganadoras.<\/p>\n","protected":false},"excerpt":{"rendered":"<p>La Federaci\u00f3n Junta de Fiestas de Moros y Cristianos de Cocentaina ha convocado la III edici\u00f3n del Certamen de Interpretaci\u00f3n&#8230;<\/p>\n","protected":false},"author":1,"featured_media":87383,"comment_status":"open","ping_status":"open","sticky":false,"template":"","format":"standard","meta":{"footnotes":""},"categories":[6909,98,75],"tags":[626,132,3843,3732,700],"class_list":["post-129612","post","type-post","status-publish","format-standard","has-post-thumbnail","hentry","category-actualidad","category-comarcas","category-noticias","tag-certamen","tag-cocentaina","tag-interpretacion","tag-junta-de-festes","tag-musica-festera"],"yoast_head":"<!-- This site is optimized with the Yoast SEO plugin v27.3 - https:\/\/yoast.com\/product\/yoast-seo-wordpress\/ -->\n<title>Estas son las bandas que participar\u00e1n en el Certamen de M\u00fasica Festera de Cocentaina - COPE Alcoy<\/title>\n<meta name=\"description\" content=\"La Federaci\u00f3n Junta de Fiestas de Moros y Cristianos de Cocentaina ha convocado la III edici\u00f3n del Certamen de Interpretaci\u00f3n de M\u00fasica Festera del municipio\" \/>\n<meta name=\"robots\" content=\"index, follow, max-snippet:-1, max-image-preview:large, max-video-preview:-1\" \/>\n<link rel=\"canonical\" href=\"https:\/\/www.copealcoy.es\/es\/estas-son-las-bandas-que-participaran-en-el-certamen-de-musica-festera-de-cocentaina\/\" \/>\n<meta property=\"og:locale\" content=\"es_ES\" \/>\n<meta property=\"og:type\" content=\"article\" \/>\n<meta property=\"og:title\" content=\"Estas son las bandas que participar\u00e1n en el Certamen de M\u00fasica Festera de Cocentaina - COPE Alcoy\" \/>\n<meta property=\"og:description\" content=\"La Federaci\u00f3n Junta de Fiestas de Moros y Cristianos de Cocentaina ha convocado la III edici\u00f3n del Certamen de Interpretaci\u00f3n de M\u00fasica Festera del municipio\" \/>\n<meta property=\"og:url\" content=\"https:\/\/www.copealcoy.es\/es\/estas-son-las-bandas-que-participaran-en-el-certamen-de-musica-festera-de-cocentaina\/\" \/>\n<meta property=\"og:site_name\" content=\"COPE Alcoy\" \/>\n<meta property=\"article:published_time\" content=\"2024-02-21T07:00:57+00:00\" \/>\n<meta property=\"article:modified_time\" content=\"2024-02-21T12:14:50+00:00\" \/>\n<meta property=\"og:image\" content=\"https:\/\/www.copealcoy.es\/wp-content\/uploads\/2022\/05\/278969204_5216292091796234_6778897939409724940_n.jpg\" \/>\n\t<meta property=\"og:image:width\" content=\"881\" \/>\n\t<meta property=\"og:image:height\" content=\"457\" \/>\n\t<meta property=\"og:image:type\" content=\"image\/jpeg\" \/>\n<meta name=\"author\" content=\"Cope Alcoy\" \/>\n<meta name=\"twitter:label1\" content=\"Escrito por\" \/>\n\t<meta name=\"twitter:data1\" content=\"Cope Alcoy\" \/>\n\t<meta name=\"twitter:label2\" content=\"Tiempo de lectura\" \/>\n\t<meta name=\"twitter:data2\" content=\"3 minutos\" \/>\n<script type=\"application\/ld+json\" class=\"yoast-schema-graph\">{\"@context\":\"https:\\\/\\\/schema.org\",\"@graph\":[{\"@type\":\"Article\",\"@id\":\"https:\\\/\\\/www.copealcoy.es\\\/es\\\/estas-son-las-bandas-que-participaran-en-el-certamen-de-musica-festera-de-cocentaina\\\/#article\",\"isPartOf\":{\"@id\":\"https:\\\/\\\/www.copealcoy.es\\\/es\\\/estas-son-las-bandas-que-participaran-en-el-certamen-de-musica-festera-de-cocentaina\\\/\"},\"author\":{\"name\":\"Cope Alcoy\",\"@id\":\"https:\\\/\\\/www.copealcoy.es\\\/es\\\/#\\\/schema\\\/person\\\/e777c87fa024e57d40170af9df39882c\"},\"headline\":\"Estas son las bandas que participar\u00e1n en el Certamen de M\u00fasica Festera de Cocentaina\",\"datePublished\":\"2024-02-21T07:00:57+00:00\",\"dateModified\":\"2024-02-21T12:14:50+00:00\",\"mainEntityOfPage\":{\"@id\":\"https:\\\/\\\/www.copealcoy.es\\\/es\\\/estas-son-las-bandas-que-participaran-en-el-certamen-de-musica-festera-de-cocentaina\\\/\"},\"wordCount\":465,\"commentCount\":0,\"image\":{\"@id\":\"https:\\\/\\\/www.copealcoy.es\\\/es\\\/estas-son-las-bandas-que-participaran-en-el-certamen-de-musica-festera-de-cocentaina\\\/#primaryimage\"},\"thumbnailUrl\":\"https:\\\/\\\/www.copealcoy.es\\\/wp-content\\\/uploads\\\/2022\\\/05\\\/278969204_5216292091796234_6778897939409724940_n.jpg\",\"keywords\":[\"Certamen\",\"Cocentaina\",\"Interpretaci\u00f3n\",\"Junta de Festes\",\"M\u00fasica Festera\"],\"articleSection\":[\"Actualidad\",\"Comarcas\",\"Noticias\"],\"inLanguage\":\"es\"},{\"@type\":\"WebPage\",\"@id\":\"https:\\\/\\\/www.copealcoy.es\\\/es\\\/estas-son-las-bandas-que-participaran-en-el-certamen-de-musica-festera-de-cocentaina\\\/\",\"url\":\"https:\\\/\\\/www.copealcoy.es\\\/es\\\/estas-son-las-bandas-que-participaran-en-el-certamen-de-musica-festera-de-cocentaina\\\/\",\"name\":\"Estas son las bandas que participar\u00e1n en el Certamen de M\u00fasica Festera de Cocentaina - COPE Alcoy\",\"isPartOf\":{\"@id\":\"https:\\\/\\\/www.copealcoy.es\\\/es\\\/#website\"},\"primaryImageOfPage\":{\"@id\":\"https:\\\/\\\/www.copealcoy.es\\\/es\\\/estas-son-las-bandas-que-participaran-en-el-certamen-de-musica-festera-de-cocentaina\\\/#primaryimage\"},\"image\":{\"@id\":\"https:\\\/\\\/www.copealcoy.es\\\/es\\\/estas-son-las-bandas-que-participaran-en-el-certamen-de-musica-festera-de-cocentaina\\\/#primaryimage\"},\"thumbnailUrl\":\"https:\\\/\\\/www.copealcoy.es\\\/wp-content\\\/uploads\\\/2022\\\/05\\\/278969204_5216292091796234_6778897939409724940_n.jpg\",\"datePublished\":\"2024-02-21T07:00:57+00:00\",\"dateModified\":\"2024-02-21T12:14:50+00:00\",\"author\":{\"@id\":\"https:\\\/\\\/www.copealcoy.es\\\/es\\\/#\\\/schema\\\/person\\\/e777c87fa024e57d40170af9df39882c\"},\"description\":\"La Federaci\u00f3n Junta de Fiestas de Moros y Cristianos de Cocentaina ha convocado la III edici\u00f3n del Certamen de Interpretaci\u00f3n de M\u00fasica Festera del municipio\",\"breadcrumb\":{\"@id\":\"https:\\\/\\\/www.copealcoy.es\\\/es\\\/estas-son-las-bandas-que-participaran-en-el-certamen-de-musica-festera-de-cocentaina\\\/#breadcrumb\"},\"inLanguage\":\"es\",\"potentialAction\":[{\"@type\":\"ReadAction\",\"target\":[\"https:\\\/\\\/www.copealcoy.es\\\/es\\\/estas-son-las-bandas-que-participaran-en-el-certamen-de-musica-festera-de-cocentaina\\\/\"]}]},{\"@type\":\"ImageObject\",\"inLanguage\":\"es\",\"@id\":\"https:\\\/\\\/www.copealcoy.es\\\/es\\\/estas-son-las-bandas-que-participaran-en-el-certamen-de-musica-festera-de-cocentaina\\\/#primaryimage\",\"url\":\"https:\\\/\\\/www.copealcoy.es\\\/wp-content\\\/uploads\\\/2022\\\/05\\\/278969204_5216292091796234_6778897939409724940_n.jpg\",\"contentUrl\":\"https:\\\/\\\/www.copealcoy.es\\\/wp-content\\\/uploads\\\/2022\\\/05\\\/278969204_5216292091796234_6778897939409724940_n.jpg\",\"width\":881,\"height\":457},{\"@type\":\"BreadcrumbList\",\"@id\":\"https:\\\/\\\/www.copealcoy.es\\\/es\\\/estas-son-las-bandas-que-participaran-en-el-certamen-de-musica-festera-de-cocentaina\\\/#breadcrumb\",\"itemListElement\":[{\"@type\":\"ListItem\",\"position\":1,\"name\":\"Portada\",\"item\":\"https:\\\/\\\/www.copealcoy.es\\\/es\\\/\"},{\"@type\":\"ListItem\",\"position\":2,\"name\":\"Estas son las bandas que participar\u00e1n en el Certamen de M\u00fasica Festera de Cocentaina\"}]},{\"@type\":\"WebSite\",\"@id\":\"https:\\\/\\\/www.copealcoy.es\\\/es\\\/#website\",\"url\":\"https:\\\/\\\/www.copealcoy.es\\\/es\\\/\",\"name\":\"COPE Alcoy\",\"description\":\"Emisora COPE de radio local con emisi\u00f3n online. Pont de Sant Jordi 8-10 03803 Alcoy\",\"potentialAction\":[{\"@type\":\"SearchAction\",\"target\":{\"@type\":\"EntryPoint\",\"urlTemplate\":\"https:\\\/\\\/www.copealcoy.es\\\/es\\\/?s={search_term_string}\"},\"query-input\":{\"@type\":\"PropertyValueSpecification\",\"valueRequired\":true,\"valueName\":\"search_term_string\"}}],\"inLanguage\":\"es\"},{\"@type\":\"Person\",\"@id\":\"https:\\\/\\\/www.copealcoy.es\\\/es\\\/#\\\/schema\\\/person\\\/e777c87fa024e57d40170af9df39882c\",\"name\":\"Cope Alcoy\",\"image\":{\"@type\":\"ImageObject\",\"inLanguage\":\"es\",\"@id\":\"https:\\\/\\\/secure.gravatar.com\\\/avatar\\\/bb65d0283347e303893ba14f0692005417c1e0e690a325a4c5d8bb2b3943ee14?s=96&d=mm&r=g\",\"url\":\"https:\\\/\\\/secure.gravatar.com\\\/avatar\\\/bb65d0283347e303893ba14f0692005417c1e0e690a325a4c5d8bb2b3943ee14?s=96&d=mm&r=g\",\"contentUrl\":\"https:\\\/\\\/secure.gravatar.com\\\/avatar\\\/bb65d0283347e303893ba14f0692005417c1e0e690a325a4c5d8bb2b3943ee14?s=96&d=mm&r=g\",\"caption\":\"Cope Alcoy\"}}]}<\/script>\n<!-- \/ Yoast SEO plugin. -->","yoast_head_json":{"title":"Estas son las bandas que participar\u00e1n en el Certamen de M\u00fasica Festera de Cocentaina - COPE Alcoy","description":"La Federaci\u00f3n Junta de Fiestas de Moros y Cristianos de Cocentaina ha convocado la III edici\u00f3n del Certamen de Interpretaci\u00f3n de M\u00fasica Festera del municipio","robots":{"index":"index","follow":"follow","max-snippet":"max-snippet:-1","max-image-preview":"max-image-preview:large","max-video-preview":"max-video-preview:-1"},"canonical":"https:\/\/www.copealcoy.es\/es\/estas-son-las-bandas-que-participaran-en-el-certamen-de-musica-festera-de-cocentaina\/","og_locale":"es_ES","og_type":"article","og_title":"Estas son las bandas que participar\u00e1n en el Certamen de M\u00fasica Festera de Cocentaina - COPE Alcoy","og_description":"La Federaci\u00f3n Junta de Fiestas de Moros y Cristianos de Cocentaina ha convocado la III edici\u00f3n del Certamen de Interpretaci\u00f3n de M\u00fasica Festera del municipio","og_url":"https:\/\/www.copealcoy.es\/es\/estas-son-las-bandas-que-participaran-en-el-certamen-de-musica-festera-de-cocentaina\/","og_site_name":"COPE Alcoy","article_published_time":"2024-02-21T07:00:57+00:00","article_modified_time":"2024-02-21T12:14:50+00:00","og_image":[{"width":881,"height":457,"url":"https:\/\/www.copealcoy.es\/wp-content\/uploads\/2022\/05\/278969204_5216292091796234_6778897939409724940_n.jpg","type":"image\/jpeg"}],"author":"Cope Alcoy","twitter_misc":{"Escrito por":"Cope Alcoy","Tiempo de lectura":"3 minutos"},"schema":{"@context":"https:\/\/schema.org","@graph":[{"@type":"Article","@id":"https:\/\/www.copealcoy.es\/es\/estas-son-las-bandas-que-participaran-en-el-certamen-de-musica-festera-de-cocentaina\/#article","isPartOf":{"@id":"https:\/\/www.copealcoy.es\/es\/estas-son-las-bandas-que-participaran-en-el-certamen-de-musica-festera-de-cocentaina\/"},"author":{"name":"Cope Alcoy","@id":"https:\/\/www.copealcoy.es\/es\/#\/schema\/person\/e777c87fa024e57d40170af9df39882c"},"headline":"Estas son las bandas que participar\u00e1n en el Certamen de M\u00fasica Festera de Cocentaina","datePublished":"2024-02-21T07:00:57+00:00","dateModified":"2024-02-21T12:14:50+00:00","mainEntityOfPage":{"@id":"https:\/\/www.copealcoy.es\/es\/estas-son-las-bandas-que-participaran-en-el-certamen-de-musica-festera-de-cocentaina\/"},"wordCount":465,"commentCount":0,"image":{"@id":"https:\/\/www.copealcoy.es\/es\/estas-son-las-bandas-que-participaran-en-el-certamen-de-musica-festera-de-cocentaina\/#primaryimage"},"thumbnailUrl":"https:\/\/www.copealcoy.es\/wp-content\/uploads\/2022\/05\/278969204_5216292091796234_6778897939409724940_n.jpg","keywords":["Certamen","Cocentaina","Interpretaci\u00f3n","Junta de Festes","M\u00fasica Festera"],"articleSection":["Actualidad","Comarcas","Noticias"],"inLanguage":"es"},{"@type":"WebPage","@id":"https:\/\/www.copealcoy.es\/es\/estas-son-las-bandas-que-participaran-en-el-certamen-de-musica-festera-de-cocentaina\/","url":"https:\/\/www.copealcoy.es\/es\/estas-son-las-bandas-que-participaran-en-el-certamen-de-musica-festera-de-cocentaina\/","name":"Estas son las bandas que participar\u00e1n en el Certamen de M\u00fasica Festera de Cocentaina - COPE Alcoy","isPartOf":{"@id":"https:\/\/www.copealcoy.es\/es\/#website"},"primaryImageOfPage":{"@id":"https:\/\/www.copealcoy.es\/es\/estas-son-las-bandas-que-participaran-en-el-certamen-de-musica-festera-de-cocentaina\/#primaryimage"},"image":{"@id":"https:\/\/www.copealcoy.es\/es\/estas-son-las-bandas-que-participaran-en-el-certamen-de-musica-festera-de-cocentaina\/#primaryimage"},"thumbnailUrl":"https:\/\/www.copealcoy.es\/wp-content\/uploads\/2022\/05\/278969204_5216292091796234_6778897939409724940_n.jpg","datePublished":"2024-02-21T07:00:57+00:00","dateModified":"2024-02-21T12:14:50+00:00","author":{"@id":"https:\/\/www.copealcoy.es\/es\/#\/schema\/person\/e777c87fa024e57d40170af9df39882c"},"description":"La Federaci\u00f3n Junta de Fiestas de Moros y Cristianos de Cocentaina ha convocado la III edici\u00f3n del Certamen de Interpretaci\u00f3n de M\u00fasica Festera del municipio","breadcrumb":{"@id":"https:\/\/www.copealcoy.es\/es\/estas-son-las-bandas-que-participaran-en-el-certamen-de-musica-festera-de-cocentaina\/#breadcrumb"},"inLanguage":"es","potentialAction":[{"@type":"ReadAction","target":["https:\/\/www.copealcoy.es\/es\/estas-son-las-bandas-que-participaran-en-el-certamen-de-musica-festera-de-cocentaina\/"]}]},{"@type":"ImageObject","inLanguage":"es","@id":"https:\/\/www.copealcoy.es\/es\/estas-son-las-bandas-que-participaran-en-el-certamen-de-musica-festera-de-cocentaina\/#primaryimage","url":"https:\/\/www.copealcoy.es\/wp-content\/uploads\/2022\/05\/278969204_5216292091796234_6778897939409724940_n.jpg","contentUrl":"https:\/\/www.copealcoy.es\/wp-content\/uploads\/2022\/05\/278969204_5216292091796234_6778897939409724940_n.jpg","width":881,"height":457},{"@type":"BreadcrumbList","@id":"https:\/\/www.copealcoy.es\/es\/estas-son-las-bandas-que-participaran-en-el-certamen-de-musica-festera-de-cocentaina\/#breadcrumb","itemListElement":[{"@type":"ListItem","position":1,"name":"Portada","item":"https:\/\/www.copealcoy.es\/es\/"},{"@type":"ListItem","position":2,"name":"Estas son las bandas que participar\u00e1n en el Certamen de M\u00fasica Festera de Cocentaina"}]},{"@type":"WebSite","@id":"https:\/\/www.copealcoy.es\/es\/#website","url":"https:\/\/www.copealcoy.es\/es\/","name":"COPE Alcoy","description":"Emisora COPE de radio local con emisi\u00f3n online. Pont de Sant Jordi 8-10 03803 Alcoy","potentialAction":[{"@type":"SearchAction","target":{"@type":"EntryPoint","urlTemplate":"https:\/\/www.copealcoy.es\/es\/?s={search_term_string}"},"query-input":{"@type":"PropertyValueSpecification","valueRequired":true,"valueName":"search_term_string"}}],"inLanguage":"es"},{"@type":"Person","@id":"https:\/\/www.copealcoy.es\/es\/#\/schema\/person\/e777c87fa024e57d40170af9df39882c","name":"Cope Alcoy","image":{"@type":"ImageObject","inLanguage":"es","@id":"https:\/\/secure.gravatar.com\/avatar\/bb65d0283347e303893ba14f0692005417c1e0e690a325a4c5d8bb2b3943ee14?s=96&d=mm&r=g","url":"https:\/\/secure.gravatar.com\/avatar\/bb65d0283347e303893ba14f0692005417c1e0e690a325a4c5d8bb2b3943ee14?s=96&d=mm&r=g","contentUrl":"https:\/\/secure.gravatar.com\/avatar\/bb65d0283347e303893ba14f0692005417c1e0e690a325a4c5d8bb2b3943ee14?s=96&d=mm&r=g","caption":"Cope Alcoy"}}]}},"_links":{"self":[{"href":"https:\/\/www.copealcoy.es\/es\/wp-json\/wp\/v2\/posts\/129612","targetHints":{"allow":["GET"]}}],"collection":[{"href":"https:\/\/www.copealcoy.es\/es\/wp-json\/wp\/v2\/posts"}],"about":[{"href":"https:\/\/www.copealcoy.es\/es\/wp-json\/wp\/v2\/types\/post"}],"author":[{"embeddable":true,"href":"https:\/\/www.copealcoy.es\/es\/wp-json\/wp\/v2\/users\/1"}],"replies":[{"embeddable":true,"href":"https:\/\/www.copealcoy.es\/es\/wp-json\/wp\/v2\/comments?post=129612"}],"version-history":[{"count":0,"href":"https:\/\/www.copealcoy.es\/es\/wp-json\/wp\/v2\/posts\/129612\/revisions"}],"wp:featuredmedia":[{"embeddable":true,"href":"https:\/\/www.copealcoy.es\/es\/wp-json\/wp\/v2\/media\/87383"}],"wp:attachment":[{"href":"https:\/\/www.copealcoy.es\/es\/wp-json\/wp\/v2\/media?parent=129612"}],"wp:term":[{"taxonomy":"category","embeddable":true,"href":"https:\/\/www.copealcoy.es\/es\/wp-json\/wp\/v2\/categories?post=129612"},{"taxonomy":"post_tag","embeddable":true,"href":"https:\/\/www.copealcoy.es\/es\/wp-json\/wp\/v2\/tags?post=129612"}],"curies":[{"name":"wp","href":"https:\/\/api.w.org\/{rel}","templated":true}]}}