{"id":12949,"date":"2015-05-12T05:21:22","date_gmt":"2015-05-12T05:21:22","guid":{"rendered":"http:\/\/copealcoi.es\/new\/?p=12949"},"modified":"2015-05-12T13:51:06","modified_gmt":"2015-05-12T13:51:06","slug":"compromis-muro-asegura-que-el-pp-hace-un-uso-partidista-de-las-instituciones","status":"publish","type":"post","link":"https:\/\/www.copealcoy.es\/es\/compromis-muro-asegura-que-el-pp-hace-un-uso-partidista-de-las-instituciones\/","title":{"rendered":"Comprom\u00eds Muro asegura que el PP hace un uso partidista de las instituciones"},"content":{"rendered":"<p style=\"text-align: justify;\">La candidata a la alcald\u00eda de Muro por Comprom\u00eds, Jacquelin Cerd\u00e0, ha lamentado que el Partido Popular se reuniera la pasada semana con el\u00a0Secretario Auton\u00f3mico de Educaci\u00f3n sin contar con representantes del AMPA del Bracal ni con el alcalde o la edil de Educaci\u00f3n.<\/p>\n<p style=\"text-align: justify;\">Cerd\u00e0 ha recordado que su partido ha intentado reunirse m\u00e1s de una vez con el Secretario y ha destacado que en reiteradas ocasiones han obtenido el silencio por respuesta. Adem\u00e1s se ha pronunciado sobre la jornada lectiva \u00fanica &#8220;nosotros siempre nos hemos mostrado a favor de que la mayor\u00eda de la ciudadan\u00eda pudiera decidir la jornada lectiva , y lo que hay que hacer desde el ayuntamiento es trabajar para que la sociedad murera pueda conciliar la vida laboral con la familiar y que los horarios vayan en sinton\u00eda entre padres e hijos para poder tener una verdadera conciliaci\u00f3n familiar&#8221;, se\u00f1ala.<\/p>\n<p style=\"text-align: justify;\">Por ultimo la candidata ha indicado que los populares hacen un uso partidista de las instituciones &#8220;lamentamos que en esta reuni\u00f3n se haya seguido vendiendo humo, prometiendo una fecha incierta en el tiempo, y que no se haya invitado a todos los actores relacionados con la educaci\u00f3n en la sociedad murera, lo que demuestra que una vez m\u00e1s el PP ha utilizado las instituciones para hacerse la foto y querer sacar r\u00e9dito pol\u00edtico&#8221;, concluye.<\/p>\n","protected":false},"excerpt":{"rendered":"<p>La candidata a la alcald\u00eda de Muro por Comprom\u00eds, Jacquelin Cerd\u00e0, ha lamentado que el Partido Popular se reuniera la&#8230;<\/p>\n","protected":false},"author":1,"featured_media":12950,"comment_status":"open","ping_status":"open","sticky":false,"template":"","format":"standard","meta":{"footnotes":""},"categories":[98,75],"tags":[998,152,423,135],"class_list":["post-12949","post","type-post","status-publish","format-standard","has-post-thumbnail","hentry","category-comarcas","category-noticias","tag-bracal","tag-compromis","tag-educacion","tag-muro"],"yoast_head":"<!-- This site is optimized with the Yoast SEO plugin v27.3 - https:\/\/yoast.com\/product\/yoast-seo-wordpress\/ -->\n<title>Comprom\u00eds Muro asegura que el PP hace un uso partidista de las instituciones - COPE Alcoy<\/title>\n<meta name=\"robots\" content=\"index, follow, max-snippet:-1, max-image-preview:large, max-video-preview:-1\" \/>\n<link rel=\"canonical\" href=\"https:\/\/www.copealcoy.es\/es\/compromis-muro-asegura-que-el-pp-hace-un-uso-partidista-de-las-instituciones\/\" \/>\n<meta property=\"og:locale\" content=\"es_ES\" \/>\n<meta property=\"og:type\" content=\"article\" \/>\n<meta property=\"og:title\" content=\"Comprom\u00eds Muro asegura que el PP hace un uso partidista de las instituciones - COPE Alcoy\" \/>\n<meta property=\"og:description\" content=\"La candidata a la alcald\u00eda de Muro por Comprom\u00eds, Jacquelin Cerd\u00e0, ha lamentado que el Partido Popular se reuniera la...\" \/>\n<meta property=\"og:url\" content=\"https:\/\/www.copealcoy.es\/es\/compromis-muro-asegura-que-el-pp-hace-un-uso-partidista-de-las-instituciones\/\" \/>\n<meta property=\"og:site_name\" content=\"COPE Alcoy\" \/>\n<meta property=\"article:published_time\" content=\"2015-05-12T05:21:22+00:00\" \/>\n<meta property=\"article:modified_time\" content=\"2015-05-12T13:51:06+00:00\" \/>\n<meta property=\"og:image\" content=\"https:\/\/www.copealcoy.es\/wp-content\/uploads\/2015\/05\/img_16691.jpg\" \/>\n\t<meta property=\"og:image:width\" content=\"670\" \/>\n\t<meta property=\"og:image:height\" content=\"377\" \/>\n\t<meta property=\"og:image:type\" content=\"image\/jpeg\" \/>\n<meta name=\"author\" content=\"Cope Alcoy\" \/>\n<meta name=\"twitter:label1\" content=\"Escrito por\" \/>\n\t<meta name=\"twitter:data1\" content=\"Cope Alcoy\" \/>\n\t<meta name=\"twitter:label2\" content=\"Tiempo de lectura\" \/>\n\t<meta name=\"twitter:data2\" content=\"1 minuto\" \/>\n<script type=\"application\/ld+json\" class=\"yoast-schema-graph\">{\"@context\":\"https:\\\/\\\/schema.org\",\"@graph\":[{\"@type\":\"Article\",\"@id\":\"https:\\\/\\\/www.copealcoy.es\\\/es\\\/compromis-muro-asegura-que-el-pp-hace-un-uso-partidista-de-las-instituciones\\\/#article\",\"isPartOf\":{\"@id\":\"https:\\\/\\\/www.copealcoy.es\\\/es\\\/compromis-muro-asegura-que-el-pp-hace-un-uso-partidista-de-las-instituciones\\\/\"},\"author\":{\"name\":\"Cope Alcoy\",\"@id\":\"https:\\\/\\\/www.copealcoy.es\\\/es\\\/#\\\/schema\\\/person\\\/e777c87fa024e57d40170af9df39882c\"},\"headline\":\"Comprom\u00eds Muro asegura que el PP hace un uso partidista de las instituciones\",\"datePublished\":\"2015-05-12T05:21:22+00:00\",\"dateModified\":\"2015-05-12T13:51:06+00:00\",\"mainEntityOfPage\":{\"@id\":\"https:\\\/\\\/www.copealcoy.es\\\/es\\\/compromis-muro-asegura-que-el-pp-hace-un-uso-partidista-de-las-instituciones\\\/\"},\"wordCount\":250,\"commentCount\":0,\"image\":{\"@id\":\"https:\\\/\\\/www.copealcoy.es\\\/es\\\/compromis-muro-asegura-que-el-pp-hace-un-uso-partidista-de-las-instituciones\\\/#primaryimage\"},\"thumbnailUrl\":\"https:\\\/\\\/www.copealcoy.es\\\/wp-content\\\/uploads\\\/2015\\\/05\\\/img_16691.jpg\",\"keywords\":[\"Bracal\",\"Comprom\u00eds\",\"Educaci\u00f3n\",\"Muro\"],\"articleSection\":[\"Comarcas\",\"Noticias\"],\"inLanguage\":\"es\"},{\"@type\":\"WebPage\",\"@id\":\"https:\\\/\\\/www.copealcoy.es\\\/es\\\/compromis-muro-asegura-que-el-pp-hace-un-uso-partidista-de-las-instituciones\\\/\",\"url\":\"https:\\\/\\\/www.copealcoy.es\\\/es\\\/compromis-muro-asegura-que-el-pp-hace-un-uso-partidista-de-las-instituciones\\\/\",\"name\":\"Comprom\u00eds Muro asegura que el PP hace un uso partidista de las instituciones - COPE Alcoy\",\"isPartOf\":{\"@id\":\"https:\\\/\\\/www.copealcoy.es\\\/es\\\/#website\"},\"primaryImageOfPage\":{\"@id\":\"https:\\\/\\\/www.copealcoy.es\\\/es\\\/compromis-muro-asegura-que-el-pp-hace-un-uso-partidista-de-las-instituciones\\\/#primaryimage\"},\"image\":{\"@id\":\"https:\\\/\\\/www.copealcoy.es\\\/es\\\/compromis-muro-asegura-que-el-pp-hace-un-uso-partidista-de-las-instituciones\\\/#primaryimage\"},\"thumbnailUrl\":\"https:\\\/\\\/www.copealcoy.es\\\/wp-content\\\/uploads\\\/2015\\\/05\\\/img_16691.jpg\",\"datePublished\":\"2015-05-12T05:21:22+00:00\",\"dateModified\":\"2015-05-12T13:51:06+00:00\",\"author\":{\"@id\":\"https:\\\/\\\/www.copealcoy.es\\\/es\\\/#\\\/schema\\\/person\\\/e777c87fa024e57d40170af9df39882c\"},\"breadcrumb\":{\"@id\":\"https:\\\/\\\/www.copealcoy.es\\\/es\\\/compromis-muro-asegura-que-el-pp-hace-un-uso-partidista-de-las-instituciones\\\/#breadcrumb\"},\"inLanguage\":\"es\",\"potentialAction\":[{\"@type\":\"ReadAction\",\"target\":[\"https:\\\/\\\/www.copealcoy.es\\\/es\\\/compromis-muro-asegura-que-el-pp-hace-un-uso-partidista-de-las-instituciones\\\/\"]}]},{\"@type\":\"ImageObject\",\"inLanguage\":\"es\",\"@id\":\"https:\\\/\\\/www.copealcoy.es\\\/es\\\/compromis-muro-asegura-que-el-pp-hace-un-uso-partidista-de-las-instituciones\\\/#primaryimage\",\"url\":\"https:\\\/\\\/www.copealcoy.es\\\/wp-content\\\/uploads\\\/2015\\\/05\\\/img_16691.jpg\",\"contentUrl\":\"https:\\\/\\\/www.copealcoy.es\\\/wp-content\\\/uploads\\\/2015\\\/05\\\/img_16691.jpg\",\"width\":670,\"height\":377,\"caption\":\"Jacqueline Cerd\u00e0 junto a Mireia Moll\u00e0 y Rafa Climent en el Bracal\"},{\"@type\":\"BreadcrumbList\",\"@id\":\"https:\\\/\\\/www.copealcoy.es\\\/es\\\/compromis-muro-asegura-que-el-pp-hace-un-uso-partidista-de-las-instituciones\\\/#breadcrumb\",\"itemListElement\":[{\"@type\":\"ListItem\",\"position\":1,\"name\":\"Portada\",\"item\":\"https:\\\/\\\/www.copealcoy.es\\\/es\\\/\"},{\"@type\":\"ListItem\",\"position\":2,\"name\":\"Comprom\u00eds Muro asegura que el PP hace un uso partidista de las instituciones\"}]},{\"@type\":\"WebSite\",\"@id\":\"https:\\\/\\\/www.copealcoy.es\\\/es\\\/#website\",\"url\":\"https:\\\/\\\/www.copealcoy.es\\\/es\\\/\",\"name\":\"COPE Alcoy\",\"description\":\"Emisora COPE de radio local con emisi\u00f3n online. Pont de Sant Jordi 8-10 03803 Alcoy\",\"potentialAction\":[{\"@type\":\"SearchAction\",\"target\":{\"@type\":\"EntryPoint\",\"urlTemplate\":\"https:\\\/\\\/www.copealcoy.es\\\/es\\\/?s={search_term_string}\"},\"query-input\":{\"@type\":\"PropertyValueSpecification\",\"valueRequired\":true,\"valueName\":\"search_term_string\"}}],\"inLanguage\":\"es\"},{\"@type\":\"Person\",\"@id\":\"https:\\\/\\\/www.copealcoy.es\\\/es\\\/#\\\/schema\\\/person\\\/e777c87fa024e57d40170af9df39882c\",\"name\":\"Cope Alcoy\",\"image\":{\"@type\":\"ImageObject\",\"inLanguage\":\"es\",\"@id\":\"https:\\\/\\\/secure.gravatar.com\\\/avatar\\\/bb65d0283347e303893ba14f0692005417c1e0e690a325a4c5d8bb2b3943ee14?s=96&d=mm&r=g\",\"url\":\"https:\\\/\\\/secure.gravatar.com\\\/avatar\\\/bb65d0283347e303893ba14f0692005417c1e0e690a325a4c5d8bb2b3943ee14?s=96&d=mm&r=g\",\"contentUrl\":\"https:\\\/\\\/secure.gravatar.com\\\/avatar\\\/bb65d0283347e303893ba14f0692005417c1e0e690a325a4c5d8bb2b3943ee14?s=96&d=mm&r=g\",\"caption\":\"Cope Alcoy\"}}]}<\/script>\n<!-- \/ Yoast SEO plugin. -->","yoast_head_json":{"title":"Comprom\u00eds Muro asegura que el PP hace un uso partidista de las instituciones - COPE Alcoy","robots":{"index":"index","follow":"follow","max-snippet":"max-snippet:-1","max-image-preview":"max-image-preview:large","max-video-preview":"max-video-preview:-1"},"canonical":"https:\/\/www.copealcoy.es\/es\/compromis-muro-asegura-que-el-pp-hace-un-uso-partidista-de-las-instituciones\/","og_locale":"es_ES","og_type":"article","og_title":"Comprom\u00eds Muro asegura que el PP hace un uso partidista de las instituciones - COPE Alcoy","og_description":"La candidata a la alcald\u00eda de Muro por Comprom\u00eds, Jacquelin Cerd\u00e0, ha lamentado que el Partido Popular se reuniera la...","og_url":"https:\/\/www.copealcoy.es\/es\/compromis-muro-asegura-que-el-pp-hace-un-uso-partidista-de-las-instituciones\/","og_site_name":"COPE Alcoy","article_published_time":"2015-05-12T05:21:22+00:00","article_modified_time":"2015-05-12T13:51:06+00:00","og_image":[{"width":670,"height":377,"url":"https:\/\/www.copealcoy.es\/wp-content\/uploads\/2015\/05\/img_16691.jpg","type":"image\/jpeg"}],"author":"Cope Alcoy","twitter_misc":{"Escrito por":"Cope Alcoy","Tiempo de lectura":"1 minuto"},"schema":{"@context":"https:\/\/schema.org","@graph":[{"@type":"Article","@id":"https:\/\/www.copealcoy.es\/es\/compromis-muro-asegura-que-el-pp-hace-un-uso-partidista-de-las-instituciones\/#article","isPartOf":{"@id":"https:\/\/www.copealcoy.es\/es\/compromis-muro-asegura-que-el-pp-hace-un-uso-partidista-de-las-instituciones\/"},"author":{"name":"Cope Alcoy","@id":"https:\/\/www.copealcoy.es\/es\/#\/schema\/person\/e777c87fa024e57d40170af9df39882c"},"headline":"Comprom\u00eds Muro asegura que el PP hace un uso partidista de las instituciones","datePublished":"2015-05-12T05:21:22+00:00","dateModified":"2015-05-12T13:51:06+00:00","mainEntityOfPage":{"@id":"https:\/\/www.copealcoy.es\/es\/compromis-muro-asegura-que-el-pp-hace-un-uso-partidista-de-las-instituciones\/"},"wordCount":250,"commentCount":0,"image":{"@id":"https:\/\/www.copealcoy.es\/es\/compromis-muro-asegura-que-el-pp-hace-un-uso-partidista-de-las-instituciones\/#primaryimage"},"thumbnailUrl":"https:\/\/www.copealcoy.es\/wp-content\/uploads\/2015\/05\/img_16691.jpg","keywords":["Bracal","Comprom\u00eds","Educaci\u00f3n","Muro"],"articleSection":["Comarcas","Noticias"],"inLanguage":"es"},{"@type":"WebPage","@id":"https:\/\/www.copealcoy.es\/es\/compromis-muro-asegura-que-el-pp-hace-un-uso-partidista-de-las-instituciones\/","url":"https:\/\/www.copealcoy.es\/es\/compromis-muro-asegura-que-el-pp-hace-un-uso-partidista-de-las-instituciones\/","name":"Comprom\u00eds Muro asegura que el PP hace un uso partidista de las instituciones - COPE Alcoy","isPartOf":{"@id":"https:\/\/www.copealcoy.es\/es\/#website"},"primaryImageOfPage":{"@id":"https:\/\/www.copealcoy.es\/es\/compromis-muro-asegura-que-el-pp-hace-un-uso-partidista-de-las-instituciones\/#primaryimage"},"image":{"@id":"https:\/\/www.copealcoy.es\/es\/compromis-muro-asegura-que-el-pp-hace-un-uso-partidista-de-las-instituciones\/#primaryimage"},"thumbnailUrl":"https:\/\/www.copealcoy.es\/wp-content\/uploads\/2015\/05\/img_16691.jpg","datePublished":"2015-05-12T05:21:22+00:00","dateModified":"2015-05-12T13:51:06+00:00","author":{"@id":"https:\/\/www.copealcoy.es\/es\/#\/schema\/person\/e777c87fa024e57d40170af9df39882c"},"breadcrumb":{"@id":"https:\/\/www.copealcoy.es\/es\/compromis-muro-asegura-que-el-pp-hace-un-uso-partidista-de-las-instituciones\/#breadcrumb"},"inLanguage":"es","potentialAction":[{"@type":"ReadAction","target":["https:\/\/www.copealcoy.es\/es\/compromis-muro-asegura-que-el-pp-hace-un-uso-partidista-de-las-instituciones\/"]}]},{"@type":"ImageObject","inLanguage":"es","@id":"https:\/\/www.copealcoy.es\/es\/compromis-muro-asegura-que-el-pp-hace-un-uso-partidista-de-las-instituciones\/#primaryimage","url":"https:\/\/www.copealcoy.es\/wp-content\/uploads\/2015\/05\/img_16691.jpg","contentUrl":"https:\/\/www.copealcoy.es\/wp-content\/uploads\/2015\/05\/img_16691.jpg","width":670,"height":377,"caption":"Jacqueline Cerd\u00e0 junto a Mireia Moll\u00e0 y Rafa Climent en el Bracal"},{"@type":"BreadcrumbList","@id":"https:\/\/www.copealcoy.es\/es\/compromis-muro-asegura-que-el-pp-hace-un-uso-partidista-de-las-instituciones\/#breadcrumb","itemListElement":[{"@type":"ListItem","position":1,"name":"Portada","item":"https:\/\/www.copealcoy.es\/es\/"},{"@type":"ListItem","position":2,"name":"Comprom\u00eds Muro asegura que el PP hace un uso partidista de las instituciones"}]},{"@type":"WebSite","@id":"https:\/\/www.copealcoy.es\/es\/#website","url":"https:\/\/www.copealcoy.es\/es\/","name":"COPE Alcoy","description":"Emisora COPE de radio local con emisi\u00f3n online. Pont de Sant Jordi 8-10 03803 Alcoy","potentialAction":[{"@type":"SearchAction","target":{"@type":"EntryPoint","urlTemplate":"https:\/\/www.copealcoy.es\/es\/?s={search_term_string}"},"query-input":{"@type":"PropertyValueSpecification","valueRequired":true,"valueName":"search_term_string"}}],"inLanguage":"es"},{"@type":"Person","@id":"https:\/\/www.copealcoy.es\/es\/#\/schema\/person\/e777c87fa024e57d40170af9df39882c","name":"Cope Alcoy","image":{"@type":"ImageObject","inLanguage":"es","@id":"https:\/\/secure.gravatar.com\/avatar\/bb65d0283347e303893ba14f0692005417c1e0e690a325a4c5d8bb2b3943ee14?s=96&d=mm&r=g","url":"https:\/\/secure.gravatar.com\/avatar\/bb65d0283347e303893ba14f0692005417c1e0e690a325a4c5d8bb2b3943ee14?s=96&d=mm&r=g","contentUrl":"https:\/\/secure.gravatar.com\/avatar\/bb65d0283347e303893ba14f0692005417c1e0e690a325a4c5d8bb2b3943ee14?s=96&d=mm&r=g","caption":"Cope Alcoy"}}]}},"_links":{"self":[{"href":"https:\/\/www.copealcoy.es\/es\/wp-json\/wp\/v2\/posts\/12949","targetHints":{"allow":["GET"]}}],"collection":[{"href":"https:\/\/www.copealcoy.es\/es\/wp-json\/wp\/v2\/posts"}],"about":[{"href":"https:\/\/www.copealcoy.es\/es\/wp-json\/wp\/v2\/types\/post"}],"author":[{"embeddable":true,"href":"https:\/\/www.copealcoy.es\/es\/wp-json\/wp\/v2\/users\/1"}],"replies":[{"embeddable":true,"href":"https:\/\/www.copealcoy.es\/es\/wp-json\/wp\/v2\/comments?post=12949"}],"version-history":[{"count":0,"href":"https:\/\/www.copealcoy.es\/es\/wp-json\/wp\/v2\/posts\/12949\/revisions"}],"wp:featuredmedia":[{"embeddable":true,"href":"https:\/\/www.copealcoy.es\/es\/wp-json\/wp\/v2\/media\/12950"}],"wp:attachment":[{"href":"https:\/\/www.copealcoy.es\/es\/wp-json\/wp\/v2\/media?parent=12949"}],"wp:term":[{"taxonomy":"category","embeddable":true,"href":"https:\/\/www.copealcoy.es\/es\/wp-json\/wp\/v2\/categories?post=12949"},{"taxonomy":"post_tag","embeddable":true,"href":"https:\/\/www.copealcoy.es\/es\/wp-json\/wp\/v2\/tags?post=12949"}],"curies":[{"name":"wp","href":"https:\/\/api.w.org\/{rel}","templated":true}]}}