{"id":129479,"date":"2024-02-19T10:42:43","date_gmt":"2024-02-19T09:42:43","guid":{"rendered":"https:\/\/www.copealcoy.es\/?p=129479"},"modified":"2024-02-19T11:21:29","modified_gmt":"2024-02-19T10:21:29","slug":"estacionar-en-el-centro-de-alcoy-ya-es-mas-facil-abierto-el-aparcamiento-de-la-riba","status":"publish","type":"post","link":"https:\/\/www.copealcoy.es\/es\/estacionar-en-el-centro-de-alcoy-ya-es-mas-facil-abierto-el-aparcamiento-de-la-riba\/","title":{"rendered":"Estacionar en el Centro de Alcoy ya es m\u00e1s f\u00e1cil: abierto el aparcamiento de la Riba"},"content":{"rendered":"<p style=\"text-align: justify;\">El pasado viernes entr\u00f3 en funcionamiento <strong>el aparcamiento disuasorio de la Riba<\/strong>, un proyecto que contribuir\u00e1 a <strong>mejorar el estacionamiento en la zona del Centro de Alcoy<\/strong>. La<strong> primera fase<\/strong> ha permitido habilitar un centenar de plazas y se contempla ahora <strong>una segunda<\/strong> que aumentar\u00eda considerablemente el n\u00famero de estas \u00faltimas.<\/p>\n<p style=\"text-align: justify;\">La intervenci\u00f3n <strong>fue adjudicada por un importe de 444.880,55 euros<\/strong> y ha contado con <strong>una financiaci\u00f3n al 90% de Fondos Europeos Next Generation<\/strong> dentro del marco de ayudas a municipios para la implantaci\u00f3n de zonas de bajas emisiones y la transformaci\u00f3n digital y sostenible del transporte urbano. El proyecto <strong>ha contemplado<\/strong> la adecuaci\u00f3n de la zona para habilitar el aparcamiento pero tambi\u00e9n se han instalado farolas o c\u00e1maras e incluso se han habilitado puntos de alcantarillado o nueva zona verde. Por otra parte, se ha habilitado el tramo de la calle de Sor Elena Picurelli, que va desde el cruce con Torre de las Ma\u00e7anes, con el fin de crear una plataforma \u00fanica para facilitar el acceso y salida de los veh\u00edculos &#8220;<em>esta actuaci\u00f3n es muy necesaria y demandada y la hemos llevado a cabo gracias a los fondos europeos para las zonas de bajas emisiones con los cuales solo en ayudas hemos conseguido m\u00e1s de 4,7 millones de euros para once grandes proyectos. Esta obra mejorar\u00e1 la movilidad y nos permitir\u00e1 complementar y potenciar la zona de bajas emisiones en el Centro<\/em>&#8220;, explicaba el concejal de Movilidad en el <a href=\"https:\/\/www.alcoi.org\/ca\/portal\/index.html\" target=\"_blank\" rel=\"noopener\"><strong><span style=\"color: #0000ff;\">Ayuntamiento de Alcoy<\/span><\/strong><\/a>; <strong>Jordi Mart\u00ednez<\/strong>.<\/p>\n<p style=\"text-align: justify;\">La nueva infraestructura <strong>permitir\u00e1<\/strong> dotar de aparcamiento al vecindario en una zona de la ciudad en la cual la mayor\u00eda de viviendas no tienen garajes propios. Tambi\u00e9n dotar\u00e1 de aparcamiento p\u00fablico para ir tanto a los comercios como a los numerosos servicios que hay en el centro de la ciudad y adem\u00e1s servir como aparcamiento disuasivo para evitar que los veh\u00edculos accedan al casco hist\u00f3rico.<\/p>\n","protected":false},"excerpt":{"rendered":"<p>El pasado viernes entr\u00f3 en funcionamiento el aparcamiento disuasorio de la Riba, un proyecto que contribuir\u00e1 a mejorar el estacionamiento&#8230;<\/p>\n","protected":false},"author":1,"featured_media":129490,"comment_status":"open","ping_status":"open","sticky":false,"template":"","format":"standard","meta":{"footnotes":""},"categories":[6909,97,75,125],"tags":[1494,146,4702,8125,145],"class_list":["post-129479","post","type-post","status-publish","format-standard","has-post-thumbnail","hentry","category-actualidad","category-alcoy","category-noticias","category-portada","tag-alcoy","tag-aparcamiento","tag-final","tag-la-riba","tag-obras"],"yoast_head":"<!-- This site is optimized with the Yoast SEO plugin v27.3 - https:\/\/yoast.com\/product\/yoast-seo-wordpress\/ -->\n<title>Estacionar en el Centro de Alcoy ya es m\u00e1s f\u00e1cil: abierto el aparcamiento de la Riba - COPE Alcoy<\/title>\n<meta name=\"description\" content=\"El pasado viernes entr\u00f3 en funcionamiento el aparcamiento disuasorio de la Riba, un proyecto que contribuir\u00e1 a mejorar el estacionamiento en la zona del Centro de Alcoy\" \/>\n<meta name=\"robots\" content=\"index, follow, max-snippet:-1, max-image-preview:large, max-video-preview:-1\" \/>\n<link rel=\"canonical\" href=\"https:\/\/www.copealcoy.es\/es\/estacionar-en-el-centro-de-alcoy-ya-es-mas-facil-abierto-el-aparcamiento-de-la-riba\/\" \/>\n<meta property=\"og:locale\" content=\"es_ES\" \/>\n<meta property=\"og:type\" content=\"article\" \/>\n<meta property=\"og:title\" content=\"Estacionar en el Centro de Alcoy ya es m\u00e1s f\u00e1cil: abierto el aparcamiento de la Riba - COPE Alcoy\" \/>\n<meta property=\"og:description\" content=\"El pasado viernes entr\u00f3 en funcionamiento el aparcamiento disuasorio de la Riba, un proyecto que contribuir\u00e1 a mejorar el estacionamiento en la zona del Centro de Alcoy\" \/>\n<meta property=\"og:url\" content=\"https:\/\/www.copealcoy.es\/es\/estacionar-en-el-centro-de-alcoy-ya-es-mas-facil-abierto-el-aparcamiento-de-la-riba\/\" \/>\n<meta property=\"og:site_name\" content=\"COPE Alcoy\" \/>\n<meta property=\"article:published_time\" content=\"2024-02-19T09:42:43+00:00\" \/>\n<meta property=\"article:modified_time\" content=\"2024-02-19T10:21:29+00:00\" \/>\n<meta property=\"og:image\" content=\"https:\/\/www.copealcoy.es\/wp-content\/uploads\/2024\/02\/Parking-La-Riba.jpg_1848725059-1.jpg\" \/>\n\t<meta property=\"og:image:width\" content=\"619\" \/>\n\t<meta property=\"og:image:height\" content=\"345\" \/>\n\t<meta property=\"og:image:type\" content=\"image\/jpeg\" \/>\n<meta name=\"author\" content=\"Cope Alcoy\" \/>\n<meta name=\"twitter:label1\" content=\"Escrito por\" \/>\n\t<meta name=\"twitter:data1\" content=\"Cope Alcoy\" \/>\n\t<meta name=\"twitter:label2\" content=\"Tiempo de lectura\" \/>\n\t<meta name=\"twitter:data2\" content=\"2 minutos\" \/>\n<script type=\"application\/ld+json\" class=\"yoast-schema-graph\">{\"@context\":\"https:\\\/\\\/schema.org\",\"@graph\":[{\"@type\":\"Article\",\"@id\":\"https:\\\/\\\/www.copealcoy.es\\\/es\\\/estacionar-en-el-centro-de-alcoy-ya-es-mas-facil-abierto-el-aparcamiento-de-la-riba\\\/#article\",\"isPartOf\":{\"@id\":\"https:\\\/\\\/www.copealcoy.es\\\/es\\\/estacionar-en-el-centro-de-alcoy-ya-es-mas-facil-abierto-el-aparcamiento-de-la-riba\\\/\"},\"author\":{\"name\":\"Cope Alcoy\",\"@id\":\"https:\\\/\\\/www.copealcoy.es\\\/es\\\/#\\\/schema\\\/person\\\/e777c87fa024e57d40170af9df39882c\"},\"headline\":\"Estacionar en el Centro de Alcoy ya es m\u00e1s f\u00e1cil: abierto el aparcamiento de la Riba\",\"datePublished\":\"2024-02-19T09:42:43+00:00\",\"dateModified\":\"2024-02-19T10:21:29+00:00\",\"mainEntityOfPage\":{\"@id\":\"https:\\\/\\\/www.copealcoy.es\\\/es\\\/estacionar-en-el-centro-de-alcoy-ya-es-mas-facil-abierto-el-aparcamiento-de-la-riba\\\/\"},\"wordCount\":346,\"commentCount\":0,\"image\":{\"@id\":\"https:\\\/\\\/www.copealcoy.es\\\/es\\\/estacionar-en-el-centro-de-alcoy-ya-es-mas-facil-abierto-el-aparcamiento-de-la-riba\\\/#primaryimage\"},\"thumbnailUrl\":\"https:\\\/\\\/www.copealcoy.es\\\/wp-content\\\/uploads\\\/2024\\\/02\\\/Parking-La-Riba.jpg_1848725059-1.jpg\",\"keywords\":[\"Alcoy\",\"Aparcamiento\",\"final\",\"La Riba\",\"Obras\"],\"articleSection\":[\"Actualidad\",\"Alcoy\",\"Noticias\",\"Portada\"],\"inLanguage\":\"es\"},{\"@type\":\"WebPage\",\"@id\":\"https:\\\/\\\/www.copealcoy.es\\\/es\\\/estacionar-en-el-centro-de-alcoy-ya-es-mas-facil-abierto-el-aparcamiento-de-la-riba\\\/\",\"url\":\"https:\\\/\\\/www.copealcoy.es\\\/es\\\/estacionar-en-el-centro-de-alcoy-ya-es-mas-facil-abierto-el-aparcamiento-de-la-riba\\\/\",\"name\":\"Estacionar en el Centro de Alcoy ya es m\u00e1s f\u00e1cil: abierto el aparcamiento de la Riba - COPE Alcoy\",\"isPartOf\":{\"@id\":\"https:\\\/\\\/www.copealcoy.es\\\/es\\\/#website\"},\"primaryImageOfPage\":{\"@id\":\"https:\\\/\\\/www.copealcoy.es\\\/es\\\/estacionar-en-el-centro-de-alcoy-ya-es-mas-facil-abierto-el-aparcamiento-de-la-riba\\\/#primaryimage\"},\"image\":{\"@id\":\"https:\\\/\\\/www.copealcoy.es\\\/es\\\/estacionar-en-el-centro-de-alcoy-ya-es-mas-facil-abierto-el-aparcamiento-de-la-riba\\\/#primaryimage\"},\"thumbnailUrl\":\"https:\\\/\\\/www.copealcoy.es\\\/wp-content\\\/uploads\\\/2024\\\/02\\\/Parking-La-Riba.jpg_1848725059-1.jpg\",\"datePublished\":\"2024-02-19T09:42:43+00:00\",\"dateModified\":\"2024-02-19T10:21:29+00:00\",\"author\":{\"@id\":\"https:\\\/\\\/www.copealcoy.es\\\/es\\\/#\\\/schema\\\/person\\\/e777c87fa024e57d40170af9df39882c\"},\"description\":\"El pasado viernes entr\u00f3 en funcionamiento el aparcamiento disuasorio de la Riba, un proyecto que contribuir\u00e1 a mejorar el estacionamiento en la zona del Centro de Alcoy\",\"breadcrumb\":{\"@id\":\"https:\\\/\\\/www.copealcoy.es\\\/es\\\/estacionar-en-el-centro-de-alcoy-ya-es-mas-facil-abierto-el-aparcamiento-de-la-riba\\\/#breadcrumb\"},\"inLanguage\":\"es\",\"potentialAction\":[{\"@type\":\"ReadAction\",\"target\":[\"https:\\\/\\\/www.copealcoy.es\\\/es\\\/estacionar-en-el-centro-de-alcoy-ya-es-mas-facil-abierto-el-aparcamiento-de-la-riba\\\/\"]}]},{\"@type\":\"ImageObject\",\"inLanguage\":\"es\",\"@id\":\"https:\\\/\\\/www.copealcoy.es\\\/es\\\/estacionar-en-el-centro-de-alcoy-ya-es-mas-facil-abierto-el-aparcamiento-de-la-riba\\\/#primaryimage\",\"url\":\"https:\\\/\\\/www.copealcoy.es\\\/wp-content\\\/uploads\\\/2024\\\/02\\\/Parking-La-Riba.jpg_1848725059-1.jpg\",\"contentUrl\":\"https:\\\/\\\/www.copealcoy.es\\\/wp-content\\\/uploads\\\/2024\\\/02\\\/Parking-La-Riba.jpg_1848725059-1.jpg\",\"width\":619,\"height\":345},{\"@type\":\"BreadcrumbList\",\"@id\":\"https:\\\/\\\/www.copealcoy.es\\\/es\\\/estacionar-en-el-centro-de-alcoy-ya-es-mas-facil-abierto-el-aparcamiento-de-la-riba\\\/#breadcrumb\",\"itemListElement\":[{\"@type\":\"ListItem\",\"position\":1,\"name\":\"Portada\",\"item\":\"https:\\\/\\\/www.copealcoy.es\\\/es\\\/\"},{\"@type\":\"ListItem\",\"position\":2,\"name\":\"Estacionar en el Centro de Alcoy ya es m\u00e1s f\u00e1cil: abierto el aparcamiento de la Riba\"}]},{\"@type\":\"WebSite\",\"@id\":\"https:\\\/\\\/www.copealcoy.es\\\/es\\\/#website\",\"url\":\"https:\\\/\\\/www.copealcoy.es\\\/es\\\/\",\"name\":\"COPE Alcoy\",\"description\":\"Emisora COPE de radio local con emisi\u00f3n online. Pont de Sant Jordi 8-10 03803 Alcoy\",\"potentialAction\":[{\"@type\":\"SearchAction\",\"target\":{\"@type\":\"EntryPoint\",\"urlTemplate\":\"https:\\\/\\\/www.copealcoy.es\\\/es\\\/?s={search_term_string}\"},\"query-input\":{\"@type\":\"PropertyValueSpecification\",\"valueRequired\":true,\"valueName\":\"search_term_string\"}}],\"inLanguage\":\"es\"},{\"@type\":\"Person\",\"@id\":\"https:\\\/\\\/www.copealcoy.es\\\/es\\\/#\\\/schema\\\/person\\\/e777c87fa024e57d40170af9df39882c\",\"name\":\"Cope Alcoy\",\"image\":{\"@type\":\"ImageObject\",\"inLanguage\":\"es\",\"@id\":\"https:\\\/\\\/secure.gravatar.com\\\/avatar\\\/bb65d0283347e303893ba14f0692005417c1e0e690a325a4c5d8bb2b3943ee14?s=96&d=mm&r=g\",\"url\":\"https:\\\/\\\/secure.gravatar.com\\\/avatar\\\/bb65d0283347e303893ba14f0692005417c1e0e690a325a4c5d8bb2b3943ee14?s=96&d=mm&r=g\",\"contentUrl\":\"https:\\\/\\\/secure.gravatar.com\\\/avatar\\\/bb65d0283347e303893ba14f0692005417c1e0e690a325a4c5d8bb2b3943ee14?s=96&d=mm&r=g\",\"caption\":\"Cope Alcoy\"}}]}<\/script>\n<!-- \/ Yoast SEO plugin. -->","yoast_head_json":{"title":"Estacionar en el Centro de Alcoy ya es m\u00e1s f\u00e1cil: abierto el aparcamiento de la Riba - COPE Alcoy","description":"El pasado viernes entr\u00f3 en funcionamiento el aparcamiento disuasorio de la Riba, un proyecto que contribuir\u00e1 a mejorar el estacionamiento en la zona del Centro de Alcoy","robots":{"index":"index","follow":"follow","max-snippet":"max-snippet:-1","max-image-preview":"max-image-preview:large","max-video-preview":"max-video-preview:-1"},"canonical":"https:\/\/www.copealcoy.es\/es\/estacionar-en-el-centro-de-alcoy-ya-es-mas-facil-abierto-el-aparcamiento-de-la-riba\/","og_locale":"es_ES","og_type":"article","og_title":"Estacionar en el Centro de Alcoy ya es m\u00e1s f\u00e1cil: abierto el aparcamiento de la Riba - COPE Alcoy","og_description":"El pasado viernes entr\u00f3 en funcionamiento el aparcamiento disuasorio de la Riba, un proyecto que contribuir\u00e1 a mejorar el estacionamiento en la zona del Centro de Alcoy","og_url":"https:\/\/www.copealcoy.es\/es\/estacionar-en-el-centro-de-alcoy-ya-es-mas-facil-abierto-el-aparcamiento-de-la-riba\/","og_site_name":"COPE Alcoy","article_published_time":"2024-02-19T09:42:43+00:00","article_modified_time":"2024-02-19T10:21:29+00:00","og_image":[{"width":619,"height":345,"url":"https:\/\/www.copealcoy.es\/wp-content\/uploads\/2024\/02\/Parking-La-Riba.jpg_1848725059-1.jpg","type":"image\/jpeg"}],"author":"Cope Alcoy","twitter_misc":{"Escrito por":"Cope Alcoy","Tiempo de lectura":"2 minutos"},"schema":{"@context":"https:\/\/schema.org","@graph":[{"@type":"Article","@id":"https:\/\/www.copealcoy.es\/es\/estacionar-en-el-centro-de-alcoy-ya-es-mas-facil-abierto-el-aparcamiento-de-la-riba\/#article","isPartOf":{"@id":"https:\/\/www.copealcoy.es\/es\/estacionar-en-el-centro-de-alcoy-ya-es-mas-facil-abierto-el-aparcamiento-de-la-riba\/"},"author":{"name":"Cope Alcoy","@id":"https:\/\/www.copealcoy.es\/es\/#\/schema\/person\/e777c87fa024e57d40170af9df39882c"},"headline":"Estacionar en el Centro de Alcoy ya es m\u00e1s f\u00e1cil: abierto el aparcamiento de la Riba","datePublished":"2024-02-19T09:42:43+00:00","dateModified":"2024-02-19T10:21:29+00:00","mainEntityOfPage":{"@id":"https:\/\/www.copealcoy.es\/es\/estacionar-en-el-centro-de-alcoy-ya-es-mas-facil-abierto-el-aparcamiento-de-la-riba\/"},"wordCount":346,"commentCount":0,"image":{"@id":"https:\/\/www.copealcoy.es\/es\/estacionar-en-el-centro-de-alcoy-ya-es-mas-facil-abierto-el-aparcamiento-de-la-riba\/#primaryimage"},"thumbnailUrl":"https:\/\/www.copealcoy.es\/wp-content\/uploads\/2024\/02\/Parking-La-Riba.jpg_1848725059-1.jpg","keywords":["Alcoy","Aparcamiento","final","La Riba","Obras"],"articleSection":["Actualidad","Alcoy","Noticias","Portada"],"inLanguage":"es"},{"@type":"WebPage","@id":"https:\/\/www.copealcoy.es\/es\/estacionar-en-el-centro-de-alcoy-ya-es-mas-facil-abierto-el-aparcamiento-de-la-riba\/","url":"https:\/\/www.copealcoy.es\/es\/estacionar-en-el-centro-de-alcoy-ya-es-mas-facil-abierto-el-aparcamiento-de-la-riba\/","name":"Estacionar en el Centro de Alcoy ya es m\u00e1s f\u00e1cil: abierto el aparcamiento de la Riba - COPE Alcoy","isPartOf":{"@id":"https:\/\/www.copealcoy.es\/es\/#website"},"primaryImageOfPage":{"@id":"https:\/\/www.copealcoy.es\/es\/estacionar-en-el-centro-de-alcoy-ya-es-mas-facil-abierto-el-aparcamiento-de-la-riba\/#primaryimage"},"image":{"@id":"https:\/\/www.copealcoy.es\/es\/estacionar-en-el-centro-de-alcoy-ya-es-mas-facil-abierto-el-aparcamiento-de-la-riba\/#primaryimage"},"thumbnailUrl":"https:\/\/www.copealcoy.es\/wp-content\/uploads\/2024\/02\/Parking-La-Riba.jpg_1848725059-1.jpg","datePublished":"2024-02-19T09:42:43+00:00","dateModified":"2024-02-19T10:21:29+00:00","author":{"@id":"https:\/\/www.copealcoy.es\/es\/#\/schema\/person\/e777c87fa024e57d40170af9df39882c"},"description":"El pasado viernes entr\u00f3 en funcionamiento el aparcamiento disuasorio de la Riba, un proyecto que contribuir\u00e1 a mejorar el estacionamiento en la zona del Centro de Alcoy","breadcrumb":{"@id":"https:\/\/www.copealcoy.es\/es\/estacionar-en-el-centro-de-alcoy-ya-es-mas-facil-abierto-el-aparcamiento-de-la-riba\/#breadcrumb"},"inLanguage":"es","potentialAction":[{"@type":"ReadAction","target":["https:\/\/www.copealcoy.es\/es\/estacionar-en-el-centro-de-alcoy-ya-es-mas-facil-abierto-el-aparcamiento-de-la-riba\/"]}]},{"@type":"ImageObject","inLanguage":"es","@id":"https:\/\/www.copealcoy.es\/es\/estacionar-en-el-centro-de-alcoy-ya-es-mas-facil-abierto-el-aparcamiento-de-la-riba\/#primaryimage","url":"https:\/\/www.copealcoy.es\/wp-content\/uploads\/2024\/02\/Parking-La-Riba.jpg_1848725059-1.jpg","contentUrl":"https:\/\/www.copealcoy.es\/wp-content\/uploads\/2024\/02\/Parking-La-Riba.jpg_1848725059-1.jpg","width":619,"height":345},{"@type":"BreadcrumbList","@id":"https:\/\/www.copealcoy.es\/es\/estacionar-en-el-centro-de-alcoy-ya-es-mas-facil-abierto-el-aparcamiento-de-la-riba\/#breadcrumb","itemListElement":[{"@type":"ListItem","position":1,"name":"Portada","item":"https:\/\/www.copealcoy.es\/es\/"},{"@type":"ListItem","position":2,"name":"Estacionar en el Centro de Alcoy ya es m\u00e1s f\u00e1cil: abierto el aparcamiento de la Riba"}]},{"@type":"WebSite","@id":"https:\/\/www.copealcoy.es\/es\/#website","url":"https:\/\/www.copealcoy.es\/es\/","name":"COPE Alcoy","description":"Emisora COPE de radio local con emisi\u00f3n online. Pont de Sant Jordi 8-10 03803 Alcoy","potentialAction":[{"@type":"SearchAction","target":{"@type":"EntryPoint","urlTemplate":"https:\/\/www.copealcoy.es\/es\/?s={search_term_string}"},"query-input":{"@type":"PropertyValueSpecification","valueRequired":true,"valueName":"search_term_string"}}],"inLanguage":"es"},{"@type":"Person","@id":"https:\/\/www.copealcoy.es\/es\/#\/schema\/person\/e777c87fa024e57d40170af9df39882c","name":"Cope Alcoy","image":{"@type":"ImageObject","inLanguage":"es","@id":"https:\/\/secure.gravatar.com\/avatar\/bb65d0283347e303893ba14f0692005417c1e0e690a325a4c5d8bb2b3943ee14?s=96&d=mm&r=g","url":"https:\/\/secure.gravatar.com\/avatar\/bb65d0283347e303893ba14f0692005417c1e0e690a325a4c5d8bb2b3943ee14?s=96&d=mm&r=g","contentUrl":"https:\/\/secure.gravatar.com\/avatar\/bb65d0283347e303893ba14f0692005417c1e0e690a325a4c5d8bb2b3943ee14?s=96&d=mm&r=g","caption":"Cope Alcoy"}}]}},"_links":{"self":[{"href":"https:\/\/www.copealcoy.es\/es\/wp-json\/wp\/v2\/posts\/129479","targetHints":{"allow":["GET"]}}],"collection":[{"href":"https:\/\/www.copealcoy.es\/es\/wp-json\/wp\/v2\/posts"}],"about":[{"href":"https:\/\/www.copealcoy.es\/es\/wp-json\/wp\/v2\/types\/post"}],"author":[{"embeddable":true,"href":"https:\/\/www.copealcoy.es\/es\/wp-json\/wp\/v2\/users\/1"}],"replies":[{"embeddable":true,"href":"https:\/\/www.copealcoy.es\/es\/wp-json\/wp\/v2\/comments?post=129479"}],"version-history":[{"count":0,"href":"https:\/\/www.copealcoy.es\/es\/wp-json\/wp\/v2\/posts\/129479\/revisions"}],"wp:featuredmedia":[{"embeddable":true,"href":"https:\/\/www.copealcoy.es\/es\/wp-json\/wp\/v2\/media\/129490"}],"wp:attachment":[{"href":"https:\/\/www.copealcoy.es\/es\/wp-json\/wp\/v2\/media?parent=129479"}],"wp:term":[{"taxonomy":"category","embeddable":true,"href":"https:\/\/www.copealcoy.es\/es\/wp-json\/wp\/v2\/categories?post=129479"},{"taxonomy":"post_tag","embeddable":true,"href":"https:\/\/www.copealcoy.es\/es\/wp-json\/wp\/v2\/tags?post=129479"}],"curies":[{"name":"wp","href":"https:\/\/api.w.org\/{rel}","templated":true}]}}