{"id":129420,"date":"2024-02-16T07:30:43","date_gmt":"2024-02-16T06:30:43","guid":{"rendered":"https:\/\/www.copealcoy.es\/?p=129420"},"modified":"2024-02-16T10:54:23","modified_gmt":"2024-02-16T09:54:23","slug":"informativo-matinal-viernes-16-de-febrero-2024-0720h","status":"publish","type":"post","link":"https:\/\/www.copealcoy.es\/es\/informativo-matinal-viernes-16-de-febrero-2024-0720h\/","title":{"rendered":"Informativo matinal viernes 16 de febrero 2024 (07:20h)"},"content":{"rendered":"<p><iframe loading=\"lazy\" title=\"Informatiu Matinal Divendres 16 De Febrer 2024 (07:20h)\" width=\"100%\" height=\"120\" src=\"https:\/\/www.mixcloud.com\/widget\/iframe\/?feed=https%3A%2F%2Fwww.mixcloud.com%2FCOPEAlcoy%2Finformatiu-matinal-divendres-16-de-febrer-2024-0720h%2F&amp;hide_cover=1\" frameborder=\"0\"><\/iframe><\/p>\n<p style=\"text-align: justify;\">Hoy viernes te hemos recordado que <strong>los Ayuntamientos de Alcoy, Cocentaina, Muro e Ibi se unen para reivindicar mejoras en la l\u00ednea de bus que conecta estas comarcas con Val\u00e8ncia<\/strong>. Tambi\u00e9n hemos hablado de<strong> la ca\u00edda ayer de un \u00e1rbol<\/strong> en El Parterre de Alcoy.<\/p>\n<p style=\"text-align: justify;\">Ayer por la tarde\u00a0<strong>saltaron las alarmas en un tramo del Parterre de Alcoy<\/strong>. Un \u00e1rbol de grandes dimensiones del parque, en la parte que recae a la Avinguda del Pa\u00eds Valenci\u00e0,\u00a0<strong>se vino abajo<\/strong>\u00a0sin causa aparente y sin provocar ning\u00fan da\u00f1o personal. Tan solo\u00a0<strong>se produjo levantamiento del pavimento<\/strong>\u00a0junto a la zona en la que se encontraba el mencionado \u00e1rbol.<\/p>\n<p style=\"text-align: justify;\">Los hechos\u00a0<strong>ocurrieron pasadas las cinco de la tarde<\/strong>\u00a0en un momento del d\u00eda en el que la zona suele estar concurrida, especialmente de ni\u00f1os. Tampoco se produjeron\u00a0<strong>desperfectos en veh\u00edculos<\/strong>\u00a0estacionados cerca de la misma Plaza Pintor Gisbert. Desde el\u00a0<span style=\"color: #0000ff;\"><a style=\"color: #0000ff;\" href=\"https:\/\/www.alcoi.org\/ca\/portal\/index.html\" target=\"_blank\" rel=\"noopener\"><strong>Ayuntamiento de Alcoy<\/strong><\/a><\/span>\u00a0destacaron que\u00a0<strong>la Polic\u00eda Local hab\u00eda acordonado la zona<\/strong>\u00a0\u00ab<em>se ha consultado con los Bomberos y estos proceder\u00e1n a talar el \u00e1rbol y retirar la pieza durante la ma\u00f1ana de este viernes<\/em>\u00ab, informaba a COPE ALCOY el edil de Seguridad;\u00a0<strong>Ra\u00fcl Llopis<\/strong>.<\/p>\n<p style=\"text-align: justify;\">Al parecer la sequedad del tronco y el peso del propio \u00e1rbol\u00a0<strong>han propiciado la ca\u00edda<\/strong>\u00a0puesto que no ayer no hac\u00eda fuerte viento ni tampoco se encontraba el suelo inestable por la abundancia de lluvias. Los Bomberos han insistido en que<strong>\u00a0la zona no reviste peligro<\/strong>\u00a0y la ca\u00edda de este \u00e1rbol de m\u00e1s de veinte metros de altura\u00a0<strong>despert\u00f3 cierta expectaci\u00f3n<\/strong>\u00a0durante buena parte de la tarde del jueves en esta c\u00e9ntrica zona de nuestra ciudad.<\/p>\n","protected":false},"excerpt":{"rendered":"<p>Hoy viernes te hemos recordado que los Ayuntamientos de Alcoy, Cocentaina, Muro e Ibi se unen para reivindicar mejoras en&#8230;<\/p>\n","protected":false},"author":1,"featured_media":110612,"comment_status":"open","ping_status":"open","sticky":false,"template":"","format":"standard","meta":{"footnotes":""},"categories":[6909,97,89,75],"tags":[],"class_list":["post-129420","post","type-post","status-publish","format-standard","has-post-thumbnail","hentry","category-actualidad","category-alcoy","category-audiosdelosprogramas","category-noticias"],"yoast_head":"<!-- This site is optimized with the Yoast SEO plugin v27.3 - https:\/\/yoast.com\/product\/yoast-seo-wordpress\/ -->\n<title>Informativo matinal viernes 16 de febrero 2024 (07:20h) - COPE Alcoy<\/title>\n<meta name=\"robots\" content=\"index, follow, max-snippet:-1, max-image-preview:large, max-video-preview:-1\" \/>\n<link rel=\"canonical\" href=\"https:\/\/www.copealcoy.es\/es\/informativo-matinal-viernes-16-de-febrero-2024-0720h\/\" \/>\n<meta property=\"og:locale\" content=\"es_ES\" \/>\n<meta property=\"og:type\" content=\"article\" \/>\n<meta property=\"og:title\" content=\"Informativo matinal viernes 16 de febrero 2024 (07:20h) - COPE Alcoy\" \/>\n<meta property=\"og:description\" content=\"Hoy viernes te hemos recordado que los Ayuntamientos de Alcoy, Cocentaina, Muro e Ibi se unen para reivindicar mejoras en...\" \/>\n<meta property=\"og:url\" content=\"https:\/\/www.copealcoy.es\/es\/informativo-matinal-viernes-16-de-febrero-2024-0720h\/\" \/>\n<meta property=\"og:site_name\" content=\"COPE Alcoy\" \/>\n<meta property=\"article:published_time\" content=\"2024-02-16T06:30:43+00:00\" \/>\n<meta property=\"article:modified_time\" content=\"2024-02-16T09:54:23+00:00\" \/>\n<meta property=\"og:image\" content=\"https:\/\/www.copealcoy.es\/wp-content\/uploads\/2023\/02\/Herrera-en-COPE-Alcoy-4.png\" \/>\n\t<meta property=\"og:image:width\" content=\"357\" \/>\n\t<meta property=\"og:image:height\" content=\"290\" \/>\n\t<meta property=\"og:image:type\" content=\"image\/png\" \/>\n<meta name=\"author\" content=\"Cope Alcoy\" \/>\n<meta name=\"twitter:label1\" content=\"Escrito por\" \/>\n\t<meta name=\"twitter:data1\" content=\"Cope Alcoy\" \/>\n\t<meta name=\"twitter:label2\" content=\"Tiempo de lectura\" \/>\n\t<meta name=\"twitter:data2\" content=\"2 minutos\" \/>\n<script type=\"application\/ld+json\" class=\"yoast-schema-graph\">{\"@context\":\"https:\\\/\\\/schema.org\",\"@graph\":[{\"@type\":\"Article\",\"@id\":\"https:\\\/\\\/www.copealcoy.es\\\/es\\\/informativo-matinal-viernes-16-de-febrero-2024-0720h\\\/#article\",\"isPartOf\":{\"@id\":\"https:\\\/\\\/www.copealcoy.es\\\/es\\\/informativo-matinal-viernes-16-de-febrero-2024-0720h\\\/\"},\"author\":{\"name\":\"Cope Alcoy\",\"@id\":\"https:\\\/\\\/www.copealcoy.es\\\/es\\\/#\\\/schema\\\/person\\\/e777c87fa024e57d40170af9df39882c\"},\"headline\":\"Informativo matinal viernes 16 de febrero 2024 (07:20h)\",\"datePublished\":\"2024-02-16T06:30:43+00:00\",\"dateModified\":\"2024-02-16T09:54:23+00:00\",\"mainEntityOfPage\":{\"@id\":\"https:\\\/\\\/www.copealcoy.es\\\/es\\\/informativo-matinal-viernes-16-de-febrero-2024-0720h\\\/\"},\"wordCount\":308,\"commentCount\":0,\"image\":{\"@id\":\"https:\\\/\\\/www.copealcoy.es\\\/es\\\/informativo-matinal-viernes-16-de-febrero-2024-0720h\\\/#primaryimage\"},\"thumbnailUrl\":\"https:\\\/\\\/www.copealcoy.es\\\/wp-content\\\/uploads\\\/2023\\\/02\\\/Herrera-en-COPE-Alcoy-4.png\",\"articleSection\":[\"Actualidad\",\"Alcoy\",\"Audios de los programas\",\"Noticias\"],\"inLanguage\":\"es\"},{\"@type\":\"WebPage\",\"@id\":\"https:\\\/\\\/www.copealcoy.es\\\/es\\\/informativo-matinal-viernes-16-de-febrero-2024-0720h\\\/\",\"url\":\"https:\\\/\\\/www.copealcoy.es\\\/es\\\/informativo-matinal-viernes-16-de-febrero-2024-0720h\\\/\",\"name\":\"Informativo matinal viernes 16 de febrero 2024 (07:20h) - COPE Alcoy\",\"isPartOf\":{\"@id\":\"https:\\\/\\\/www.copealcoy.es\\\/es\\\/#website\"},\"primaryImageOfPage\":{\"@id\":\"https:\\\/\\\/www.copealcoy.es\\\/es\\\/informativo-matinal-viernes-16-de-febrero-2024-0720h\\\/#primaryimage\"},\"image\":{\"@id\":\"https:\\\/\\\/www.copealcoy.es\\\/es\\\/informativo-matinal-viernes-16-de-febrero-2024-0720h\\\/#primaryimage\"},\"thumbnailUrl\":\"https:\\\/\\\/www.copealcoy.es\\\/wp-content\\\/uploads\\\/2023\\\/02\\\/Herrera-en-COPE-Alcoy-4.png\",\"datePublished\":\"2024-02-16T06:30:43+00:00\",\"dateModified\":\"2024-02-16T09:54:23+00:00\",\"author\":{\"@id\":\"https:\\\/\\\/www.copealcoy.es\\\/es\\\/#\\\/schema\\\/person\\\/e777c87fa024e57d40170af9df39882c\"},\"breadcrumb\":{\"@id\":\"https:\\\/\\\/www.copealcoy.es\\\/es\\\/informativo-matinal-viernes-16-de-febrero-2024-0720h\\\/#breadcrumb\"},\"inLanguage\":\"es\",\"potentialAction\":[{\"@type\":\"ReadAction\",\"target\":[\"https:\\\/\\\/www.copealcoy.es\\\/es\\\/informativo-matinal-viernes-16-de-febrero-2024-0720h\\\/\"]}]},{\"@type\":\"ImageObject\",\"inLanguage\":\"es\",\"@id\":\"https:\\\/\\\/www.copealcoy.es\\\/es\\\/informativo-matinal-viernes-16-de-febrero-2024-0720h\\\/#primaryimage\",\"url\":\"https:\\\/\\\/www.copealcoy.es\\\/wp-content\\\/uploads\\\/2023\\\/02\\\/Herrera-en-COPE-Alcoy-4.png\",\"contentUrl\":\"https:\\\/\\\/www.copealcoy.es\\\/wp-content\\\/uploads\\\/2023\\\/02\\\/Herrera-en-COPE-Alcoy-4.png\",\"width\":357,\"height\":290},{\"@type\":\"BreadcrumbList\",\"@id\":\"https:\\\/\\\/www.copealcoy.es\\\/es\\\/informativo-matinal-viernes-16-de-febrero-2024-0720h\\\/#breadcrumb\",\"itemListElement\":[{\"@type\":\"ListItem\",\"position\":1,\"name\":\"Portada\",\"item\":\"https:\\\/\\\/www.copealcoy.es\\\/es\\\/\"},{\"@type\":\"ListItem\",\"position\":2,\"name\":\"Informativo matinal viernes 16 de febrero 2024 (07:20h)\"}]},{\"@type\":\"WebSite\",\"@id\":\"https:\\\/\\\/www.copealcoy.es\\\/es\\\/#website\",\"url\":\"https:\\\/\\\/www.copealcoy.es\\\/es\\\/\",\"name\":\"COPE Alcoy\",\"description\":\"Emisora COPE de radio local con emisi\u00f3n online. Pont de Sant Jordi 8-10 03803 Alcoy\",\"potentialAction\":[{\"@type\":\"SearchAction\",\"target\":{\"@type\":\"EntryPoint\",\"urlTemplate\":\"https:\\\/\\\/www.copealcoy.es\\\/es\\\/?s={search_term_string}\"},\"query-input\":{\"@type\":\"PropertyValueSpecification\",\"valueRequired\":true,\"valueName\":\"search_term_string\"}}],\"inLanguage\":\"es\"},{\"@type\":\"Person\",\"@id\":\"https:\\\/\\\/www.copealcoy.es\\\/es\\\/#\\\/schema\\\/person\\\/e777c87fa024e57d40170af9df39882c\",\"name\":\"Cope Alcoy\",\"image\":{\"@type\":\"ImageObject\",\"inLanguage\":\"es\",\"@id\":\"https:\\\/\\\/secure.gravatar.com\\\/avatar\\\/bb65d0283347e303893ba14f0692005417c1e0e690a325a4c5d8bb2b3943ee14?s=96&d=mm&r=g\",\"url\":\"https:\\\/\\\/secure.gravatar.com\\\/avatar\\\/bb65d0283347e303893ba14f0692005417c1e0e690a325a4c5d8bb2b3943ee14?s=96&d=mm&r=g\",\"contentUrl\":\"https:\\\/\\\/secure.gravatar.com\\\/avatar\\\/bb65d0283347e303893ba14f0692005417c1e0e690a325a4c5d8bb2b3943ee14?s=96&d=mm&r=g\",\"caption\":\"Cope Alcoy\"}}]}<\/script>\n<!-- \/ Yoast SEO plugin. -->","yoast_head_json":{"title":"Informativo matinal viernes 16 de febrero 2024 (07:20h) - COPE Alcoy","robots":{"index":"index","follow":"follow","max-snippet":"max-snippet:-1","max-image-preview":"max-image-preview:large","max-video-preview":"max-video-preview:-1"},"canonical":"https:\/\/www.copealcoy.es\/es\/informativo-matinal-viernes-16-de-febrero-2024-0720h\/","og_locale":"es_ES","og_type":"article","og_title":"Informativo matinal viernes 16 de febrero 2024 (07:20h) - COPE Alcoy","og_description":"Hoy viernes te hemos recordado que los Ayuntamientos de Alcoy, Cocentaina, Muro e Ibi se unen para reivindicar mejoras en...","og_url":"https:\/\/www.copealcoy.es\/es\/informativo-matinal-viernes-16-de-febrero-2024-0720h\/","og_site_name":"COPE Alcoy","article_published_time":"2024-02-16T06:30:43+00:00","article_modified_time":"2024-02-16T09:54:23+00:00","og_image":[{"width":357,"height":290,"url":"https:\/\/www.copealcoy.es\/wp-content\/uploads\/2023\/02\/Herrera-en-COPE-Alcoy-4.png","type":"image\/png"}],"author":"Cope Alcoy","twitter_misc":{"Escrito por":"Cope Alcoy","Tiempo de lectura":"2 minutos"},"schema":{"@context":"https:\/\/schema.org","@graph":[{"@type":"Article","@id":"https:\/\/www.copealcoy.es\/es\/informativo-matinal-viernes-16-de-febrero-2024-0720h\/#article","isPartOf":{"@id":"https:\/\/www.copealcoy.es\/es\/informativo-matinal-viernes-16-de-febrero-2024-0720h\/"},"author":{"name":"Cope Alcoy","@id":"https:\/\/www.copealcoy.es\/es\/#\/schema\/person\/e777c87fa024e57d40170af9df39882c"},"headline":"Informativo matinal viernes 16 de febrero 2024 (07:20h)","datePublished":"2024-02-16T06:30:43+00:00","dateModified":"2024-02-16T09:54:23+00:00","mainEntityOfPage":{"@id":"https:\/\/www.copealcoy.es\/es\/informativo-matinal-viernes-16-de-febrero-2024-0720h\/"},"wordCount":308,"commentCount":0,"image":{"@id":"https:\/\/www.copealcoy.es\/es\/informativo-matinal-viernes-16-de-febrero-2024-0720h\/#primaryimage"},"thumbnailUrl":"https:\/\/www.copealcoy.es\/wp-content\/uploads\/2023\/02\/Herrera-en-COPE-Alcoy-4.png","articleSection":["Actualidad","Alcoy","Audios de los programas","Noticias"],"inLanguage":"es"},{"@type":"WebPage","@id":"https:\/\/www.copealcoy.es\/es\/informativo-matinal-viernes-16-de-febrero-2024-0720h\/","url":"https:\/\/www.copealcoy.es\/es\/informativo-matinal-viernes-16-de-febrero-2024-0720h\/","name":"Informativo matinal viernes 16 de febrero 2024 (07:20h) - COPE Alcoy","isPartOf":{"@id":"https:\/\/www.copealcoy.es\/es\/#website"},"primaryImageOfPage":{"@id":"https:\/\/www.copealcoy.es\/es\/informativo-matinal-viernes-16-de-febrero-2024-0720h\/#primaryimage"},"image":{"@id":"https:\/\/www.copealcoy.es\/es\/informativo-matinal-viernes-16-de-febrero-2024-0720h\/#primaryimage"},"thumbnailUrl":"https:\/\/www.copealcoy.es\/wp-content\/uploads\/2023\/02\/Herrera-en-COPE-Alcoy-4.png","datePublished":"2024-02-16T06:30:43+00:00","dateModified":"2024-02-16T09:54:23+00:00","author":{"@id":"https:\/\/www.copealcoy.es\/es\/#\/schema\/person\/e777c87fa024e57d40170af9df39882c"},"breadcrumb":{"@id":"https:\/\/www.copealcoy.es\/es\/informativo-matinal-viernes-16-de-febrero-2024-0720h\/#breadcrumb"},"inLanguage":"es","potentialAction":[{"@type":"ReadAction","target":["https:\/\/www.copealcoy.es\/es\/informativo-matinal-viernes-16-de-febrero-2024-0720h\/"]}]},{"@type":"ImageObject","inLanguage":"es","@id":"https:\/\/www.copealcoy.es\/es\/informativo-matinal-viernes-16-de-febrero-2024-0720h\/#primaryimage","url":"https:\/\/www.copealcoy.es\/wp-content\/uploads\/2023\/02\/Herrera-en-COPE-Alcoy-4.png","contentUrl":"https:\/\/www.copealcoy.es\/wp-content\/uploads\/2023\/02\/Herrera-en-COPE-Alcoy-4.png","width":357,"height":290},{"@type":"BreadcrumbList","@id":"https:\/\/www.copealcoy.es\/es\/informativo-matinal-viernes-16-de-febrero-2024-0720h\/#breadcrumb","itemListElement":[{"@type":"ListItem","position":1,"name":"Portada","item":"https:\/\/www.copealcoy.es\/es\/"},{"@type":"ListItem","position":2,"name":"Informativo matinal viernes 16 de febrero 2024 (07:20h)"}]},{"@type":"WebSite","@id":"https:\/\/www.copealcoy.es\/es\/#website","url":"https:\/\/www.copealcoy.es\/es\/","name":"COPE Alcoy","description":"Emisora COPE de radio local con emisi\u00f3n online. Pont de Sant Jordi 8-10 03803 Alcoy","potentialAction":[{"@type":"SearchAction","target":{"@type":"EntryPoint","urlTemplate":"https:\/\/www.copealcoy.es\/es\/?s={search_term_string}"},"query-input":{"@type":"PropertyValueSpecification","valueRequired":true,"valueName":"search_term_string"}}],"inLanguage":"es"},{"@type":"Person","@id":"https:\/\/www.copealcoy.es\/es\/#\/schema\/person\/e777c87fa024e57d40170af9df39882c","name":"Cope Alcoy","image":{"@type":"ImageObject","inLanguage":"es","@id":"https:\/\/secure.gravatar.com\/avatar\/bb65d0283347e303893ba14f0692005417c1e0e690a325a4c5d8bb2b3943ee14?s=96&d=mm&r=g","url":"https:\/\/secure.gravatar.com\/avatar\/bb65d0283347e303893ba14f0692005417c1e0e690a325a4c5d8bb2b3943ee14?s=96&d=mm&r=g","contentUrl":"https:\/\/secure.gravatar.com\/avatar\/bb65d0283347e303893ba14f0692005417c1e0e690a325a4c5d8bb2b3943ee14?s=96&d=mm&r=g","caption":"Cope Alcoy"}}]}},"_links":{"self":[{"href":"https:\/\/www.copealcoy.es\/es\/wp-json\/wp\/v2\/posts\/129420","targetHints":{"allow":["GET"]}}],"collection":[{"href":"https:\/\/www.copealcoy.es\/es\/wp-json\/wp\/v2\/posts"}],"about":[{"href":"https:\/\/www.copealcoy.es\/es\/wp-json\/wp\/v2\/types\/post"}],"author":[{"embeddable":true,"href":"https:\/\/www.copealcoy.es\/es\/wp-json\/wp\/v2\/users\/1"}],"replies":[{"embeddable":true,"href":"https:\/\/www.copealcoy.es\/es\/wp-json\/wp\/v2\/comments?post=129420"}],"version-history":[{"count":0,"href":"https:\/\/www.copealcoy.es\/es\/wp-json\/wp\/v2\/posts\/129420\/revisions"}],"wp:featuredmedia":[{"embeddable":true,"href":"https:\/\/www.copealcoy.es\/es\/wp-json\/wp\/v2\/media\/110612"}],"wp:attachment":[{"href":"https:\/\/www.copealcoy.es\/es\/wp-json\/wp\/v2\/media?parent=129420"}],"wp:term":[{"taxonomy":"category","embeddable":true,"href":"https:\/\/www.copealcoy.es\/es\/wp-json\/wp\/v2\/categories?post=129420"},{"taxonomy":"post_tag","embeddable":true,"href":"https:\/\/www.copealcoy.es\/es\/wp-json\/wp\/v2\/tags?post=129420"}],"curies":[{"name":"wp","href":"https:\/\/api.w.org\/{rel}","templated":true}]}}